{"id":6471,"date":"2025-12-08T11:05:02","date_gmt":"2025-12-08T10:05:02","guid":{"rendered":"https:\/\/www.explora-project.com\/blog\/?p=6471"},"modified":"2025-12-08T11:05:03","modified_gmt":"2025-12-08T10:05:03","slug":"top-10-des-refuges-hivernaux-a-absolument-decouvrir","status":"publish","type":"post","link":"https:\/\/www.explora-project.com\/blog\/articles\/top-10-des-refuges-hivernaux-a-absolument-decouvrir","title":{"rendered":"Top 10 des refuges hivernaux \u00e0 absolument d\u00e9couvrir"},"content":{"rendered":"\n<p class=\"has-normal-font-size\">Si tu cherches une&nbsp;<strong>exp\u00e9rience hivernale en montagne<\/strong>, passer la nuit dans un&nbsp;<strong>refuge<\/strong>&nbsp;est une aventure \u00e0 part enti\u00e8re. En plus de t\u2019offrir une belle vue sur des&nbsp;<strong>sommet<\/strong>s, un refuge de montagne te permet de vivre le ski de randonn\u00e9e ou l\u2019<strong>alpinisme<\/strong>. Que tu sois un passionn\u00e9 de raquettes, alpiniste exp\u00e9riment\u00e9  ou amateur de ski de randonn\u00e9e, il y a un refuge fait pour toi cet hiver.<\/p>\n\n\n\n<p class=\"has-normal-font-size\">Voici notre\u00a0<strong>s\u00e9lection de refuges en montagne<\/strong>\u00a0pr\u00e9f\u00e9r\u00e9s !<\/p>\n\n\n\n<h2 class=\"has-gold-color has-text-color\"><strong>1. Refuge de Gramusset \u2013 Aravis<\/strong><\/h2>\n\n\n\n<div class=\"wp-block-media-text is-stacked-on-mobile has-normal-font-size\" style=\"grid-template-columns:30% auto\"><figure class=\"wp-block-media-text__media\"><img decoding=\"async\" loading=\"lazy\" width=\"1024\" height=\"1024\" src=\"https:\/\/www.explora-project.com\/blog\/wp-content\/uploads\/2025\/12\/IMG_2331-1024x1024.jpg\" alt=\"\" class=\"wp-image-6473 size-full\" srcset=\"https:\/\/www.explora-project.com\/blog\/wp-content\/uploads\/2025\/12\/IMG_2331-1024x1024.jpg 1024w, https:\/\/www.explora-project.com\/blog\/wp-content\/uploads\/2025\/12\/IMG_2331-300x300.jpg 300w, https:\/\/www.explora-project.com\/blog\/wp-content\/uploads\/2025\/12\/IMG_2331-150x150.jpg 150w, https:\/\/www.explora-project.com\/blog\/wp-content\/uploads\/2025\/12\/IMG_2331-768x768.jpg 768w, https:\/\/www.explora-project.com\/blog\/wp-content\/uploads\/2025\/12\/IMG_2331-640x640.jpg 640w, https:\/\/www.explora-project.com\/blog\/wp-content\/uploads\/2025\/12\/IMG_2331-180x180.jpg 180w, https:\/\/www.explora-project.com\/blog\/wp-content\/uploads\/2025\/12\/IMG_2331.jpg 1080w\" sizes=\"(max-width: 1024px) 100vw, 1024px\" \/><\/figure><div class=\"wp-block-media-text__content\">\n<p class=\"has-normal-font-size\">Situ\u00e9 \u00e0 2 164 m\u00e8tres d\u2019altitude, au pied de la Pointe Perc\u00e9e, le&nbsp;Refuge de Gramusset&nbsp;est un camp de base de choix pour explorer les&nbsp;Aravis, \u00e9t\u00e9 comme hiver. Situ\u00e9 face au&nbsp;Mont Blanc, il est le point de d\u00e9part id\u00e9ale pour l\u2019ascension de la pointe Perc\u00e9e mais aussi pour des itin\u00e9raires en&nbsp;splitboard&nbsp;ou en&nbsp;ski de randonn\u00e9e.&nbsp;Si tu cherches un refuge au c\u0153ur d\u2019une r\u00e9gion embl\u00e9matique des Alpes fran\u00e7aises, c\u2019est l\u2019endroit parfait.<\/p>\n\n\n\n<p><em><em>Retrouve-le sur nos aventures <\/em><\/em><a href=\"https:\/\/www.explora-project.com\/expeditions\/ski-de-randonnee-dans-le-massif-des-aravis\/#discussion_anchor\" target=\"_blank\" rel=\"noreferrer noopener\"><em><em>Ski de randonn\u00e9e dans le paradis blanc des Aravis<\/em><\/em> <\/a>et<em><em>  <a href=\"https:\/\/www.explora-project.com\/expeditions\/splitboard-dans-le-paradis-blanc-des-aravis\" target=\"_blank\" rel=\"noreferrer noopener\">Splitboard et ski de rando dans les Aravis<\/a><\/em><\/em><\/p>\n<\/div><\/div>\n\n\n\n<h2 class=\"has-gold-color has-text-color\"><strong>2. Refuge du Pic du Mas de la Grave \u2013 La Grave<\/strong><\/h2>\n\n\n\n<div class=\"wp-block-media-text is-stacked-on-mobile has-normal-font-size\" style=\"grid-template-columns:42% auto\"><figure class=\"wp-block-media-text__media\"><img decoding=\"async\" loading=\"lazy\" width=\"1024\" height=\"683\" src=\"https:\/\/www.explora-project.com\/blog\/wp-content\/uploads\/2025\/12\/refuge-grave-1024x683.jpg\" alt=\"\" class=\"wp-image-6479 size-full\" srcset=\"https:\/\/www.explora-project.com\/blog\/wp-content\/uploads\/2025\/12\/refuge-grave-1024x683.jpg 1024w, https:\/\/www.explora-project.com\/blog\/wp-content\/uploads\/2025\/12\/refuge-grave-300x200.jpg 300w, https:\/\/www.explora-project.com\/blog\/wp-content\/uploads\/2025\/12\/refuge-grave-768x512.jpg 768w, https:\/\/www.explora-project.com\/blog\/wp-content\/uploads\/2025\/12\/refuge-grave-1536x1024.jpg 1536w, https:\/\/www.explora-project.com\/blog\/wp-content\/uploads\/2025\/12\/refuge-grave-2048x1366.jpg 2048w\" sizes=\"(max-width: 1024px) 100vw, 1024px\" \/><\/figure><div class=\"wp-block-media-text__content\">\n<p class=\"has-normal-font-size\">Ce refuge se trouve \u00e0 1 940 m\u00e8tres d\u2019altitude, au-dessus du village de Chazelet, face \u00e0 la Meije. Id\u00e9al pour une&nbsp;initiation au ski de randonn\u00e9e, avec des itin\u00e9raires accessibles, et bonus non n\u00e9gligeable : un&nbsp;sauna finlandais&nbsp;avec vue sur les sommets. Le combo parfait entre effort et r\u00e9confort.<\/p>\n\n\n\n<p><em><em>Retrouve-le sur notre aventure <a href=\"https:\/\/www.explora-project.com\/expeditions\/une-decouverte-du-ski-de-rando-protegee-par-la-reine-meije\" target=\"_blank\" rel=\"noreferrer noopener\">Ma premi\u00e8re trace en ski de rando \u00e0 La Grave<\/a><\/em><\/em><\/p>\n<\/div><\/div>\n\n\n\n<h2 class=\"has-gold-color has-text-color\"><strong>3. Cabane des Bouquetins \u2013 Alpes suisses<\/strong><\/h2>\n\n\n\n<div class=\"wp-block-media-text has-media-on-the-right is-stacked-on-mobile has-normal-font-size\" style=\"grid-template-columns:auto 30%\"><div class=\"wp-block-media-text__content\">\n<p class=\"has-normal-font-size\">Accessible depuis Arolla, la cabane des Bouquetins se trouve \u00e0 2 980 m\u00e8tres d\u2019altitude, au-dessus du glacier de Tsijiore Nouve. Elle est non gard\u00e9e en hiver mais ouverte. L\u2019approche se fait en raquettes ou ski de rando avec un guide. Pos\u00e9e sur un promontoire rocheux au-dessus du&nbsp;glacier d\u2019Arolla, la&nbsp;Cabane des Bouquetins&nbsp;est id\u00e9ale pour une premi\u00e8re exp\u00e9rience en&nbsp;alpinisme&nbsp;ou sur glacier. <\/p>\n\n\n\n<p><\/p>\n\n\n\n<p><\/p>\n\n\n\n<p><em><em>Retrouve-le sur notre aventure<\/em> <a href=\"https:\/\/www.explora-project.com\/expeditions\/mon-premier-glacier-autonomie\" target=\"_blank\" rel=\"noreferrer noopener\">Mon premier glacier en cabane perch\u00e9e<\/a><\/em><\/p>\n<\/div><figure class=\"wp-block-media-text__media\"><img decoding=\"async\" loading=\"lazy\" width=\"697\" height=\"1024\" src=\"https:\/\/www.explora-project.com\/blog\/wp-content\/uploads\/2025\/05\/bouquetins-697x1024.png\" alt=\"\" class=\"wp-image-6078 size-full\" srcset=\"https:\/\/www.explora-project.com\/blog\/wp-content\/uploads\/2025\/05\/bouquetins-697x1024.png 697w, https:\/\/www.explora-project.com\/blog\/wp-content\/uploads\/2025\/05\/bouquetins-204x300.png 204w, https:\/\/www.explora-project.com\/blog\/wp-content\/uploads\/2025\/05\/bouquetins.png 732w\" sizes=\"(max-width: 697px) 100vw, 697px\" \/><\/figure><\/div>\n\n\n\n<h2 class=\"has-gold-color has-text-color\"><strong>4. Refuge des Pr\u00e9s <\/strong><\/h2>\n\n\n\n<div class=\"wp-block-media-text is-stacked-on-mobile has-normal-font-size\" style=\"grid-template-columns:48% auto\"><figure class=\"wp-block-media-text__media\"><img decoding=\"async\" loading=\"lazy\" width=\"1024\" height=\"681\" src=\"https:\/\/www.explora-project.com\/blog\/wp-content\/uploads\/2025\/12\/refuge-des-pres-matin-scaled-1-1024x681.jpg\" alt=\"\" class=\"wp-image-6474 size-full\" srcset=\"https:\/\/www.explora-project.com\/blog\/wp-content\/uploads\/2025\/12\/refuge-des-pres-matin-scaled-1-1024x681.jpg 1024w, https:\/\/www.explora-project.com\/blog\/wp-content\/uploads\/2025\/12\/refuge-des-pres-matin-scaled-1-300x200.jpg 300w, https:\/\/www.explora-project.com\/blog\/wp-content\/uploads\/2025\/12\/refuge-des-pres-matin-scaled-1-768x511.jpg 768w, https:\/\/www.explora-project.com\/blog\/wp-content\/uploads\/2025\/12\/refuge-des-pres-matin-scaled-1-1536x1022.jpg 1536w, https:\/\/www.explora-project.com\/blog\/wp-content\/uploads\/2025\/12\/refuge-des-pres-matin-scaled-1-2048x1362.jpg 2048w\" sizes=\"(max-width: 1024px) 100vw, 1024px\" \/><\/figure><div class=\"wp-block-media-text__content\">\n<p>Ce refuge est situ\u00e9 \u00e0 1 925 m\u00e8tres, au pied du mont Joly, dans le massif du Mont-Blanc. Il est gard\u00e9 l\u2019hiver et accessible en raquettes ou ski de rando. Il offre une belle vue sur la vall\u00e9e et permet de partir sur plusieurs itin\u00e9raires adapt\u00e9s \u00e0 diff\u00e9rents niveaux.\u00a0.<\/p>\n\n\n\n<p>Retrouve-le sur notre aventure : <a href=\"https:\/\/www.explora-project.com\/expeditions\/immersion-hivernale-face-au-massif-du-mont-blanc\" target=\"_blank\" rel=\"noreferrer noopener\">Immersion hivernale en raquettes face au massif du Mont Blanc<\/a><\/p>\n<\/div><\/div>\n\n\n\n<h2 class=\"has-gold-color has-text-color\"><strong>5. Refuge du Prariond&nbsp;<\/strong><\/h2>\n\n\n\n<p class=\"has-normal-font-size\">Le Refuge de Prariond appartient au Parc national de la Vanoise. Il a \u00e9t\u00e9 enti\u00e8rement r\u00e9habilit\u00e9 en 2019 et offre un confort optimal dans un paysage authentique au pied des glaciers des sources de l&rsquo;Is\u00e8re. Perch\u00e9 au fond d\u2019un vallon offre une vraie sensation de bout du monde. L\u2019itin\u00e9raire jusqu\u2019\u00e0 lui est d\u00e9j\u00e0 une aventure en soi, et c\u2019est aussi un point de passage sur notre itin\u00e9rance hivernale entre France et Italie. <\/p>\n\n\n\n<p><em>Retrouve-le sur notre aventure<\/em> <a href=\"https:\/\/www.explora-project.com\/expeditions\/decouverte-du-ski-de-randonnee-en-plein-coeur-des-montagnes-a-l-hospice-du-grand-saint-bernard\" target=\"_blank\" rel=\"noreferrer noopener\">Ski de randonn\u00e9e en itin\u00e9rance sur les cr\u00eates franco-italiennes<\/a><\/p>\n\n\n\n<figure class=\"wp-block-image size-large\"><img decoding=\"async\" loading=\"lazy\" width=\"1024\" height=\"768\" src=\"https:\/\/www.explora-project.com\/blog\/wp-content\/uploads\/2025\/12\/image-2-1024x768.png\" alt=\"\" class=\"wp-image-6478\" srcset=\"https:\/\/www.explora-project.com\/blog\/wp-content\/uploads\/2025\/12\/image-2-1024x768.png 1024w, https:\/\/www.explora-project.com\/blog\/wp-content\/uploads\/2025\/12\/image-2-300x225.png 300w, https:\/\/www.explora-project.com\/blog\/wp-content\/uploads\/2025\/12\/image-2-768x576.png 768w, https:\/\/www.explora-project.com\/blog\/wp-content\/uploads\/2025\/12\/image-2-1536x1152.png 1536w, https:\/\/www.explora-project.com\/blog\/wp-content\/uploads\/2025\/12\/image-2-2048x1536.png 2048w, https:\/\/www.explora-project.com\/blog\/wp-content\/uploads\/2025\/12\/image-2-960x720.png 960w, https:\/\/www.explora-project.com\/blog\/wp-content\/uploads\/2025\/12\/image-2-640x480.png 640w\" sizes=\"(max-width: 1024px) 100vw, 1024px\" \/><\/figure>\n\n\n\n<h2 class=\"has-gold-color has-text-color\"><strong>6. Refuge d&rsquo;Argenti\u00e8re&nbsp;<\/strong><\/h2>\n\n\n\n<div class=\"wp-block-media-text is-stacked-on-mobile has-normal-font-size\" style=\"grid-template-columns:42% auto\"><figure class=\"wp-block-media-text__media\"><img decoding=\"async\" loading=\"lazy\" width=\"1000\" height=\"500\" src=\"https:\/\/www.explora-project.com\/blog\/wp-content\/uploads\/2025\/12\/refuge-argentier.jpg\" alt=\"\" class=\"wp-image-6481 size-full\" srcset=\"https:\/\/www.explora-project.com\/blog\/wp-content\/uploads\/2025\/12\/refuge-argentier.jpg 1000w, https:\/\/www.explora-project.com\/blog\/wp-content\/uploads\/2025\/12\/refuge-argentier-300x150.jpg 300w, https:\/\/www.explora-project.com\/blog\/wp-content\/uploads\/2025\/12\/refuge-argentier-768x384.jpg 768w\" sizes=\"(max-width: 1000px) 100vw, 1000px\" \/><\/figure><div class=\"wp-block-media-text__content\">\n<p>Un grand classique pour ceux qui veulent d\u00e9couvrir l\u2019alpinisme hivernal dans les Alpes. Situ\u00e9 au pied du glacier d\u2019Argenti\u00e8re, ce refuge d\u2019altitude est le point de d\u00e9part de nombreux itin\u00e9raires..<\/p>\n\n\n\n<p>Retrouve-le sur notre aventure : <a href=\"https:\/\/www.explora-project.com\/expeditions\/alpinisme-d%C3%A9couverte-du-glacier-argenti%C3%A8re-en-raquettes\" target=\"_blank\" rel=\"noreferrer noopener\">Glacier d\u2019Argenti\u00e8re : alpinisme hivernal<\/a><\/p>\n<\/div><\/div>\n\n\n\n<h2 class=\"has-gold-color has-text-color\"><strong>7. Refuge de l\u2019Arpettaz \u2013 Aravis<\/strong><\/h2>\n\n\n\n<div class=\"wp-block-media-text has-media-on-the-right is-stacked-on-mobile has-normal-font-size\" style=\"grid-template-columns:auto 49%\"><div class=\"wp-block-media-text__content\">\n<p class=\"has-normal-font-size\">Perch\u00e9 \u00e0 1 580 m d\u2019altitude, le refuge du col de l\u2019Arpettaz, est un point de passage de nombreux itin\u00e9raires dans les Aravis. Accessible uniquement en raquettes ou en ski de rando l\u2019hiver, c\u2019est un petit bijou perch\u00e9 au c\u0153ur des Aravis.<\/p>\n\n\n\n<p><em><em>Retrouve-le sur l&rsquo;aventure <a href=\"https:\/\/www.explora-project.com\/expeditions\/renforcement-physique-et-mental-en-altitude\" target=\"_blank\" rel=\"noreferrer noopener\">Renforcement physique et mental par le froid<\/a><\/em><\/em><\/p>\n<\/div><figure class=\"wp-block-media-text__media\"><img decoding=\"async\" loading=\"lazy\" width=\"1024\" height=\"805\" src=\"https:\/\/www.explora-project.com\/blog\/wp-content\/uploads\/2025\/12\/pour-rejoindre-le-refuge-dans-son-ecrin-de-nature-la-balade-est-sans-danger-1453053403-1024x805.jpg\" alt=\"\" class=\"wp-image-6480 size-full\" srcset=\"https:\/\/www.explora-project.com\/blog\/wp-content\/uploads\/2025\/12\/pour-rejoindre-le-refuge-dans-son-ecrin-de-nature-la-balade-est-sans-danger-1453053403-1024x805.jpg 1024w, https:\/\/www.explora-project.com\/blog\/wp-content\/uploads\/2025\/12\/pour-rejoindre-le-refuge-dans-son-ecrin-de-nature-la-balade-est-sans-danger-1453053403-300x236.jpg 300w, https:\/\/www.explora-project.com\/blog\/wp-content\/uploads\/2025\/12\/pour-rejoindre-le-refuge-dans-son-ecrin-de-nature-la-balade-est-sans-danger-1453053403-768x604.jpg 768w, https:\/\/www.explora-project.com\/blog\/wp-content\/uploads\/2025\/12\/pour-rejoindre-le-refuge-dans-son-ecrin-de-nature-la-balade-est-sans-danger-1453053403.jpg 1429w\" sizes=\"(max-width: 1024px) 100vw, 1024px\" \/><\/figure><\/div>\n\n\n\n<h2 class=\"has-gold-color has-text-color\"><strong>8. Refuge de Terre Rouge \u2013 Maurienne<\/strong><\/h2>\n\n\n\n<div class=\"is-layout-flex wp-container-3 wp-block-columns\">\n<div class=\"is-layout-flow wp-block-column\" style=\"flex-basis:50%\">\n<figure class=\"wp-block-image size-full\"><img decoding=\"async\" loading=\"lazy\" width=\"1000\" height=\"749\" src=\"https:\/\/www.explora-project.com\/blog\/wp-content\/uploads\/2025\/12\/image-1.png\" alt=\"\" class=\"wp-image-6476\" srcset=\"https:\/\/www.explora-project.com\/blog\/wp-content\/uploads\/2025\/12\/image-1.png 1000w, https:\/\/www.explora-project.com\/blog\/wp-content\/uploads\/2025\/12\/image-1-300x225.png 300w, https:\/\/www.explora-project.com\/blog\/wp-content\/uploads\/2025\/12\/image-1-768x575.png 768w, https:\/\/www.explora-project.com\/blog\/wp-content\/uploads\/2025\/12\/image-1-960x720.png 960w, https:\/\/www.explora-project.com\/blog\/wp-content\/uploads\/2025\/12\/image-1-640x480.png 640w\" sizes=\"(max-width: 1000px) 100vw, 1000px\" \/><\/figure>\n<\/div>\n\n\n\n<div class=\"is-layout-flow wp-block-column\" style=\"flex-basis:50%\">\n<p class=\"has-normal-font-size\"><\/p>\n\n\n\n<p class=\"has-normal-font-size\">Un spot nich\u00e9 au fond de la vall\u00e9e de Neuvache \u00e0 2180m. L\u2019itin\u00e9raire pour y acc\u00e9der est vari\u00e9, progressif, et s\u2019adapte \u00e0 tous les niveaux en ski de rando. Il offre une bonne base pour explorer les pentes douces de ce secteur isol\u00e9, avec plusieurs options d\u2019itin\u00e9raires selon les conditions.<\/p>\n\n\n\n<p><em>Retrouve-le sur notre aventure<\/em> : <a href=\"https:\/\/www.explora-project.com\/expeditions\/initiation-ski-de-rando-en-maurienne\" target=\"_blank\" rel=\"noreferrer noopener\">Ski de rando et nuit en refuge en Maurienne<\/a><\/p>\n<\/div>\n<\/div>\n\n\n\n<h2 class=\"has-gold-color has-text-color\">9. <strong>Refuge de la Cime &#8211; Queyras<\/strong><\/h2>\n\n\n\n<div class=\"wp-block-media-text has-media-on-the-right is-stacked-on-mobile has-normal-font-size\" style=\"grid-template-columns:auto 49%\"><div class=\"wp-block-media-text__content\">\n<p class=\"has-normal-font-size\">Dans ce coin des Alpes du Sud, le refuge de la Cime est un point d\u2019\u00e9tape id\u00e9al. On y acc\u00e8de \u00e0 ski de rando ou en raquettes depuis le hameau de Souliers notamment. Il permet de rayonner sur plusieurs sommets accessibles dans ce massif.<\/p>\n\n\n\n<p><em><em>Retrouve-le sur l&rsquo;aventure <a href=\"https:\/\/www.explora-project.com\/expeditions\/ski-de-rando-a-la-decouverte-des-pentes-du-queyras\" target=\"_blank\" rel=\"noreferrer noopener\">Ski de rando \u00e0 la d\u00e9couverte des pentes du Queyras<\/a><\/em><\/em><\/p>\n<\/div><figure class=\"wp-block-media-text__media\"><img decoding=\"async\" loading=\"lazy\" width=\"1024\" height=\"576\" src=\"https:\/\/www.explora-project.com\/blog\/wp-content\/uploads\/2025\/12\/refuge-cime-queyras-1024x576.jpeg\" alt=\"\" class=\"wp-image-6477 size-full\" srcset=\"https:\/\/www.explora-project.com\/blog\/wp-content\/uploads\/2025\/12\/refuge-cime-queyras-1024x576.jpeg 1024w, https:\/\/www.explora-project.com\/blog\/wp-content\/uploads\/2025\/12\/refuge-cime-queyras-300x169.jpeg 300w, https:\/\/www.explora-project.com\/blog\/wp-content\/uploads\/2025\/12\/refuge-cime-queyras-768x432.jpeg 768w, https:\/\/www.explora-project.com\/blog\/wp-content\/uploads\/2025\/12\/refuge-cime-queyras-990x556.jpeg 990w, https:\/\/www.explora-project.com\/blog\/wp-content\/uploads\/2025\/12\/refuge-cime-queyras.jpeg 1200w\" sizes=\"(max-width: 1024px) 100vw, 1024px\" \/><\/figure><\/div>\n\n\n\n<h2 class=\"has-gold-color has-text-color\"><strong> 10. Hospice du Grand Saint-Bernard<\/strong><\/h2>\n\n\n\n<div class=\"wp-block-media-text has-media-on-the-right is-stacked-on-mobile has-normal-font-size\" style=\"grid-template-columns:auto 30%\"><div class=\"wp-block-media-text__content\">\n<p class=\"has-normal-font-size\">\u00c0 2 472 m\u00e8tres d\u2019altitude, cet ancien hospice du XIe si\u00e8cle, situ\u00e9 \u00e0 la fronti\u00e8re entre Suisse et Italie, est ouvert toute l\u2019ann\u00e9e. On y acc\u00e8de en raquettes ou \u00e0 ski par le versant suisse. Il propose une exp\u00e9rience atypique entre spiritualit\u00e9 et montagne hivernale. Les itin\u00e9raires autour sont vari\u00e9s et permettent de belles sorties.<\/p>\n\n\n\n<p class=\"has-normal-font-size\">Que tu sois en qu\u00eate de ta&nbsp;premi\u00e8re nuit en altitude, d\u2019un&nbsp;4000 accessible, d\u2019une&nbsp;aventure sauvage&nbsp;ou d\u2019un moment de&nbsp;reconnexion&nbsp;: il y a forc\u00e9ment un refuge qui t\u2019attend l\u00e0-haut.<\/p>\n\n\n\n<p><em><em>Retrouve-le sur notre aventure <a href=\"https:\/\/www.explora-project.com\/expeditions\/decouverte-du-ski-de-randonnee-en-plein-coeur-des-montagnes-a-l-hospice-du-grand-saint-bernard\" target=\"_blank\" rel=\"noreferrer noopener\">Les cr\u00eates et lacs italo-suisses en ski de rando<\/a><\/em><\/em><\/p>\n<\/div><figure class=\"wp-block-media-text__media\"><img decoding=\"async\" loading=\"lazy\" width=\"697\" height=\"1024\" src=\"https:\/\/www.explora-project.com\/blog\/wp-content\/uploads\/2025\/05\/hospice-du-grand-saint-bernard-697x1024.png\" alt=\"\" class=\"wp-image-6079 size-full\" srcset=\"https:\/\/www.explora-project.com\/blog\/wp-content\/uploads\/2025\/05\/hospice-du-grand-saint-bernard-697x1024.png 697w, https:\/\/www.explora-project.com\/blog\/wp-content\/uploads\/2025\/05\/hospice-du-grand-saint-bernard-204x300.png 204w, https:\/\/www.explora-project.com\/blog\/wp-content\/uploads\/2025\/05\/hospice-du-grand-saint-bernard.png 732w\" sizes=\"(max-width: 697px) 100vw, 697px\" \/><\/figure><\/div>\n\n\n\n<p class=\"has-normal-font-size\">\ud83d\udc49 Et toi, o\u00f9 sera ta prochaine nuit au sommet ?<\/p>\n\n\n\n<div class=\"is-content-justification-center is-layout-flex wp-container-4 wp-block-buttons\">\n<div class=\"wp-block-button has-custom-font-size has-normal-font-size\"><a class=\"wp-block-button__link has-white-color has-gold-background-color has-text-color has-background wp-element-button\" href=\"https:\/\/www.explora-project.com\/expeditions?refinementList%5Bseason%5D%5B0%5D=Hiver&amp;query=refuge\" style=\"border-radius:5px\" target=\"_blank\" rel=\"noreferrer noopener\">D\u00c9COUVRE NOS AVENTURES d&rsquo;hiver en REFUGE<\/a><\/div>\n<\/div>\n","protected":false},"excerpt":{"rendered":"<p>Si tu cherches une&nbsp;exp\u00e9rience hivernale en montagne, passer la nuit dans un&nbsp;refuge&nbsp;est une aventure \u00e0 part enti\u00e8re. En plus de t\u2019offrir une belle vue sur des&nbsp;sommets, un refuge de montagne<a href=\"https:\/\/www.explora-project.com\/blog\/articles\/top-10-des-refuges-hivernaux-a-absolument-decouvrir\" class=\"more-link\"><span class=\"readmore\">Continuer \u00e0 lire&#8230;<span class=\"screen-reader-text\">Top 10 des refuges hivernaux \u00e0 absolument d\u00e9couvrir<\/span><\/span><\/a><\/p>\n","protected":false},"author":22,"featured_media":6472,"comment_status":"closed","ping_status":"closed","sticky":false,"template":"","format":"standard","meta":[],"categories":[1],"tags":[],"yoast_head":"<!-- This site is optimized with the Yoast SEO plugin v19.10 - https:\/\/yoast.com\/wordpress\/plugins\/seo\/ -->\n<title>Top 10 des refuges hivernaux \u00e0 absolument d\u00e9couvrir - Journal d&#039;Explora Project<\/title>\n<meta name=\"robots\" content=\"index, follow, max-snippet:-1, max-image-preview:large, max-video-preview:-1\" \/>\n<link rel=\"canonical\" href=\"https:\/\/www.explora-project.com\/blog\/articles\/top-10-des-refuges-hivernaux-a-absolument-decouvrir\" \/>\n<meta property=\"og:locale\" content=\"fr_FR\" \/>\n<meta property=\"og:type\" content=\"article\" \/>\n<meta property=\"og:title\" content=\"Top 10 des refuges hivernaux \u00e0 absolument d\u00e9couvrir - Journal d&#039;Explora Project\" \/>\n<meta property=\"og:description\" content=\"Si tu cherches une&nbsp;exp\u00e9rience hivernale en montagne, passer la nuit dans un&nbsp;refuge&nbsp;est une aventure \u00e0 part enti\u00e8re. En plus de t\u2019offrir une belle vue sur des&nbsp;sommets, un refuge de montagneContinuer \u00e0 lire...Top 10 des refuges hivernaux \u00e0 absolument d\u00e9couvrir\" \/>\n<meta property=\"og:url\" content=\"https:\/\/www.explora-project.com\/blog\/articles\/top-10-des-refuges-hivernaux-a-absolument-decouvrir\" \/>\n<meta property=\"og:site_name\" content=\"Journal d&#039;Explora Project\" \/>\n<meta property=\"article:published_time\" content=\"2025-12-08T10:05:02+00:00\" \/>\n<meta property=\"article:modified_time\" content=\"2025-12-08T10:05:03+00:00\" \/>\n<meta property=\"og:image\" content=\"https:\/\/www.explora-project.com\/blog\/wp-content\/uploads\/2025\/12\/image.png\" \/>\n\t<meta property=\"og:image:width\" content=\"1600\" \/>\n\t<meta property=\"og:image:height\" content=\"900\" \/>\n\t<meta property=\"og:image:type\" content=\"image\/png\" \/>\n<meta name=\"author\" content=\"anna@explora-project.com\" \/>\n<meta name=\"twitter:card\" content=\"summary_large_image\" \/>\n<meta name=\"twitter:label1\" content=\"Written by\" \/>\n\t<meta name=\"twitter:data1\" content=\"anna@explora-project.com\" \/>\n\t<meta name=\"twitter:label2\" content=\"Est. reading time\" \/>\n\t<meta name=\"twitter:data2\" content=\"7 minutes\" \/>\n<script type=\"application\/ld+json\" class=\"yoast-schema-graph\">{\"@context\":\"https:\/\/schema.org\",\"@graph\":[{\"@type\":\"WebPage\",\"@id\":\"https:\/\/www.explora-project.com\/blog\/articles\/top-10-des-refuges-hivernaux-a-absolument-decouvrir\",\"url\":\"https:\/\/www.explora-project.com\/blog\/articles\/top-10-des-refuges-hivernaux-a-absolument-decouvrir\",\"name\":\"Top 10 des refuges hivernaux \u00e0 absolument d\u00e9couvrir - Journal d&#039;Explora Project\",\"isPartOf\":{\"@id\":\"https:\/\/www.explora-project.com\/blog\/#website\"},\"datePublished\":\"2025-12-08T10:05:02+00:00\",\"dateModified\":\"2025-12-08T10:05:03+00:00\",\"author\":{\"@id\":\"https:\/\/www.explora-project.com\/blog\/#\/schema\/person\/a773aad3591c772047e03c17fd28d501\"},\"breadcrumb\":{\"@id\":\"https:\/\/www.explora-project.com\/blog\/articles\/top-10-des-refuges-hivernaux-a-absolument-decouvrir#breadcrumb\"},\"inLanguage\":\"fr-FR\",\"potentialAction\":[{\"@type\":\"ReadAction\",\"target\":[\"https:\/\/www.explora-project.com\/blog\/articles\/top-10-des-refuges-hivernaux-a-absolument-decouvrir\"]}]},{\"@type\":\"BreadcrumbList\",\"@id\":\"https:\/\/www.explora-project.com\/blog\/articles\/top-10-des-refuges-hivernaux-a-absolument-decouvrir#breadcrumb\",\"itemListElement\":[{\"@type\":\"ListItem\",\"position\":1,\"name\":\"Home\",\"item\":\"https:\/\/www.explora-project.com\/blog\"},{\"@type\":\"ListItem\",\"position\":2,\"name\":\"Top 10 des refuges hivernaux \u00e0 absolument d\u00e9couvrir\"}]},{\"@type\":\"WebSite\",\"@id\":\"https:\/\/www.explora-project.com\/blog\/#website\",\"url\":\"https:\/\/www.explora-project.com\/blog\/\",\"name\":\"Journal d&#039;Explora Project\",\"description\":\"Actualit\u00e9s \u00e0 la une\",\"potentialAction\":[{\"@type\":\"SearchAction\",\"target\":{\"@type\":\"EntryPoint\",\"urlTemplate\":\"https:\/\/www.explora-project.com\/blog\/?s={search_term_string}\"},\"query-input\":\"required name=search_term_string\"}],\"inLanguage\":\"fr-FR\"},{\"@type\":\"Person\",\"@id\":\"https:\/\/www.explora-project.com\/blog\/#\/schema\/person\/a773aad3591c772047e03c17fd28d501\",\"name\":\"anna@explora-project.com\",\"image\":{\"@type\":\"ImageObject\",\"inLanguage\":\"fr-FR\",\"@id\":\"https:\/\/www.explora-project.com\/blog\/#\/schema\/person\/image\/\",\"url\":\"https:\/\/www.explora-project.com\/blog\/wp-content\/uploads\/2023\/10\/MOI-96x96.jpg\",\"contentUrl\":\"https:\/\/www.explora-project.com\/blog\/wp-content\/uploads\/2023\/10\/MOI-96x96.jpg\",\"caption\":\"anna@explora-project.com\"},\"url\":\"https:\/\/www.explora-project.com\/blog\/articles\/author\/annaexplora-project-com\"}]}<\/script>\n<!-- \/ Yoast SEO plugin. -->","yoast_head_json":{"title":"Top 10 des refuges hivernaux \u00e0 absolument d\u00e9couvrir - Journal d&#039;Explora Project","robots":{"index":"index","follow":"follow","max-snippet":"max-snippet:-1","max-image-preview":"max-image-preview:large","max-video-preview":"max-video-preview:-1"},"canonical":"https:\/\/www.explora-project.com\/blog\/articles\/top-10-des-refuges-hivernaux-a-absolument-decouvrir","og_locale":"fr_FR","og_type":"article","og_title":"Top 10 des refuges hivernaux \u00e0 absolument d\u00e9couvrir - Journal d&#039;Explora Project","og_description":"Si tu cherches une&nbsp;exp\u00e9rience hivernale en montagne, passer la nuit dans un&nbsp;refuge&nbsp;est une aventure \u00e0 part enti\u00e8re. En plus de t\u2019offrir une belle vue sur des&nbsp;sommets, un refuge de montagneContinuer \u00e0 lire...Top 10 des refuges hivernaux \u00e0 absolument d\u00e9couvrir","og_url":"https:\/\/www.explora-project.com\/blog\/articles\/top-10-des-refuges-hivernaux-a-absolument-decouvrir","og_site_name":"Journal d&#039;Explora Project","article_published_time":"2025-12-08T10:05:02+00:00","article_modified_time":"2025-12-08T10:05:03+00:00","og_image":[{"width":1600,"height":900,"url":"https:\/\/www.explora-project.com\/blog\/wp-content\/uploads\/2025\/12\/image.png","type":"image\/png"}],"author":"anna@explora-project.com","twitter_card":"summary_large_image","twitter_misc":{"Written by":"anna@explora-project.com","Est. reading time":"7 minutes"},"schema":{"@context":"https:\/\/schema.org","@graph":[{"@type":"WebPage","@id":"https:\/\/www.explora-project.com\/blog\/articles\/top-10-des-refuges-hivernaux-a-absolument-decouvrir","url":"https:\/\/www.explora-project.com\/blog\/articles\/top-10-des-refuges-hivernaux-a-absolument-decouvrir","name":"Top 10 des refuges hivernaux \u00e0 absolument d\u00e9couvrir - Journal d&#039;Explora Project","isPartOf":{"@id":"https:\/\/www.explora-project.com\/blog\/#website"},"datePublished":"2025-12-08T10:05:02+00:00","dateModified":"2025-12-08T10:05:03+00:00","author":{"@id":"https:\/\/www.explora-project.com\/blog\/#\/schema\/person\/a773aad3591c772047e03c17fd28d501"},"breadcrumb":{"@id":"https:\/\/www.explora-project.com\/blog\/articles\/top-10-des-refuges-hivernaux-a-absolument-decouvrir#breadcrumb"},"inLanguage":"fr-FR","potentialAction":[{"@type":"ReadAction","target":["https:\/\/www.explora-project.com\/blog\/articles\/top-10-des-refuges-hivernaux-a-absolument-decouvrir"]}]},{"@type":"BreadcrumbList","@id":"https:\/\/www.explora-project.com\/blog\/articles\/top-10-des-refuges-hivernaux-a-absolument-decouvrir#breadcrumb","itemListElement":[{"@type":"ListItem","position":1,"name":"Home","item":"https:\/\/www.explora-project.com\/blog"},{"@type":"ListItem","position":2,"name":"Top 10 des refuges hivernaux \u00e0 absolument d\u00e9couvrir"}]},{"@type":"WebSite","@id":"https:\/\/www.explora-project.com\/blog\/#website","url":"https:\/\/www.explora-project.com\/blog\/","name":"Journal d&#039;Explora Project","description":"Actualit\u00e9s \u00e0 la une","potentialAction":[{"@type":"SearchAction","target":{"@type":"EntryPoint","urlTemplate":"https:\/\/www.explora-project.com\/blog\/?s={search_term_string}"},"query-input":"required name=search_term_string"}],"inLanguage":"fr-FR"},{"@type":"Person","@id":"https:\/\/www.explora-project.com\/blog\/#\/schema\/person\/a773aad3591c772047e03c17fd28d501","name":"anna@explora-project.com","image":{"@type":"ImageObject","inLanguage":"fr-FR","@id":"https:\/\/www.explora-project.com\/blog\/#\/schema\/person\/image\/","url":"https:\/\/www.explora-project.com\/blog\/wp-content\/uploads\/2023\/10\/MOI-96x96.jpg","contentUrl":"https:\/\/www.explora-project.com\/blog\/wp-content\/uploads\/2023\/10\/MOI-96x96.jpg","caption":"anna@explora-project.com"},"url":"https:\/\/www.explora-project.com\/blog\/articles\/author\/annaexplora-project-com"}]}},"_links":{"self":[{"href":"https:\/\/www.explora-project.com\/blog\/wp-json\/wp\/v2\/posts\/6471"}],"collection":[{"href":"https:\/\/www.explora-project.com\/blog\/wp-json\/wp\/v2\/posts"}],"about":[{"href":"https:\/\/www.explora-project.com\/blog\/wp-json\/wp\/v2\/types\/post"}],"author":[{"embeddable":true,"href":"https:\/\/www.explora-project.com\/blog\/wp-json\/wp\/v2\/users\/22"}],"replies":[{"embeddable":true,"href":"https:\/\/www.explora-project.com\/blog\/wp-json\/wp\/v2\/comments?post=6471"}],"version-history":[{"count":4,"href":"https:\/\/www.explora-project.com\/blog\/wp-json\/wp\/v2\/posts\/6471\/revisions"}],"predecessor-version":[{"id":6484,"href":"https:\/\/www.explora-project.com\/blog\/wp-json\/wp\/v2\/posts\/6471\/revisions\/6484"}],"wp:featuredmedia":[{"embeddable":true,"href":"https:\/\/www.explora-project.com\/blog\/wp-json\/wp\/v2\/media\/6472"}],"wp:attachment":[{"href":"https:\/\/www.explora-project.com\/blog\/wp-json\/wp\/v2\/media?parent=6471"}],"wp:term":[{"taxonomy":"category","embeddable":true,"href":"https:\/\/www.explora-project.com\/blog\/wp-json\/wp\/v2\/categories?post=6471"},{"taxonomy":"post_tag","embeddable":true,"href":"https:\/\/www.explora-project.com\/blog\/wp-json\/wp\/v2\/tags?post=6471"}],"curies":[{"name":"wp","href":"https:\/\/api.w.org\/{rel}","templated":true}]}}