{"id":62,"date":"2019-10-30T10:59:35","date_gmt":"2019-10-30T09:59:35","guid":{"rendered":"https:\/\/staging.explora-project.com\/blog\/articles\/montenegro-a-velo-10-jours-pour-decouvrir-un-pays-autrement"},"modified":"2023-03-28T09:56:01","modified_gmt":"2023-03-28T07:56:01","slug":"montenegro-a-velo-10-jours-pour-decouvrir-un-pays-autrement","status":"publish","type":"post","link":"https:\/\/www.explora-project.com\/blog\/articles\/montenegro-a-velo-10-jours-pour-decouvrir-un-pays-autrement","title":{"rendered":"Mont\u00e9n\u00e9gro \u00e0 v\u00e9lo, 10 jours pour d\u00e9couvrir un pays autrement"},"content":{"rendered":"<div><strong>Nous sommes partis en septembre 2019 pour vivre une nouvelle exp\u00e9rience, un nouveau type de voyage que nous n\u2019avions jamais essay\u00e9 : le voyage en autonomie totale \u00e0 v\u00e9lo. Nous sommes partis vivre cette exp\u00e9dition en partenariat avec Explora Project pour d\u00e9couvrir le Mont\u00e9n\u00e9gro, 10 jours pour d\u00e9couvrir le pays autrement. Vous trouvez dans cet article toutes les informations concernant notre voyage, le voyage \u00e0 v\u00e9lo, notre ressenti et notre itin\u00e9raire.<\/strong><\/div>\n<div><\/div>\n<div><strong>UN VOYAGE \u00c0 V\u00c9LO EN AUTONOMIE TOTALE<\/strong><\/div>\n<div><\/div>\n<div>Le voyage a v\u00e9lo, on l\u2019a toujours vu en voyageant en van et en se disant en croisant de voyageurs \u00e0 v\u00e9lo sur la route \u201colalala ils sont quand m\u00eame bien courageux ceux-ci\u201d ! Alors cette fois, c\u2019\u00e9tait \u00e0 notre tour de vivre l\u2019exp\u00e9rience et de se lancer dans le voyage \u00e0 v\u00e9lo en autonomie totale gr\u00e2ce aux sacoches que l\u2019on accroche sur le v\u00e9lo. Nous sommes partis avec l\u2019agence de voyage Explora Project dans le but de filmer et de documenter leur exp\u00e9dition. C\u2019est donc Camille, notre de guide de chez Explora qui a \u00e9labor\u00e9 le trac\u00e9 que nous avons suivi et qui nous a aiguill\u00e9 tout au long du voyage.<\/p>\n<\/div>\n<div>En autonomie totale \u00e0 v\u00e9lo, cela veut dire que tout ce que tu emportes, tu vas de voir le ranger dans tes sacoches et le porter avec toi durant toute la progression. Donc le gros point c\u2019est le poids et la gestion de ce que tu emportes avec toi. Un peu plus bas dans l\u2019article tu retrouves le listing de tout ce que nous avons pris avec nous.<\/div>\n<div><\/div>\n<div>LOGISTIQUE POUR LE MONT\u00c9N\u00c9GRO \u00c0 V\u00c9LO<\/p>\n<\/div>\n<div>Comme nous avons l\u2019habitude en g\u00e9n\u00e9ral de voyager en van et donc d\u2019emporter tout ce dont nous avons envie, il a fallu un peu se restreindre \u00e0 v\u00e9lo. Il faut bien garder \u00e0 l\u2019esprit que tout ce que tu emportes, tu vas devoir le porter ensuite, c\u2019est donc bien le minimum que nous avons emport\u00e9 avec nous en sachant que nous devions r\u00e9aliser aussi les photos et vid\u00e9os pour Explora project et donc porter notre mat\u00e9riel de tournage avec nous. Nous sommes tr\u00e8s contents de ce listing car nous avons tout utilis\u00e9 !<\/div>\n<div><\/div>\n<div>Mat\u00e9riel par personne :<\/div>\n<ul>\n<li>1 paire de basket<\/li>\n<li>1 paire de tong\/crocs<\/li>\n<li>3 paires de chaussettes<\/li>\n<li>3 sous v\u00eatements<\/li>\n<li>1 paire de gant de v\u00e9lo<\/li>\n<li>1 casque<\/li>\n<li>1 casquette<\/li>\n<li>1 paire de lunette<\/li>\n<li>1 cache cou<\/li>\n<li>2 cuissards courts<\/li>\n<li>1 pantalon imperm\u00e9able<\/li>\n<li>1 short<\/li>\n<li>3 t-shirts<\/li>\n<li>1 veste ou pull<\/li>\n<li>1 veste imperm\u00e9able<\/li>\n<li>1 doudoune leg\u00e8re<\/li>\n<li><\/li>\n<\/ul>\n<div>Mat\u00e9riel de campement :<\/div>\n<ul>\n<li>1 tente<\/li>\n<li>1 sac de couchage 0\u00b0<\/li>\n<li>1 kit de rechange pour la nuit<\/li>\n<li>1 matelas de sol<\/li>\n<li>1 tasse<\/li>\n<li>1 assiette de camping<\/li>\n<li>1 cuill\u00e8re<\/li>\n<li>1 briquet<\/li>\n<li>1 lampe frontale<\/li>\n<li>1 poche \u00e0 eau<\/li>\n<li>2 gourdes de v\u00e9lo\n<ul>\n<li><\/li>\n<\/ul>\n<\/li>\n<\/ul>\n<div>Mat\u00e9riel photo\/vid\u00e9o :<\/div>\n<ul>\n<li>2 GoPro + supports<\/li>\n<li>1 drone Mavic 2 + filtres + batteries<\/li>\n<li>1 Sony A7III<\/li>\n<li>\u00a01 stabilisateur Osmo Pocket<\/li>\n<li>1 GorrilaPod<\/li>\n<li>1 lightening pour iPhone<\/li>\n<li>1 peach design (fixation sur sac \u00e0 dos)<\/li>\n<li><\/li>\n<\/ul>\n<div>Autres :<\/div>\n<ul>\n<li>1 baume \u00e0 l\u00e8vre<\/li>\n<li>Cr\u00e9me solaire<\/li>\n<li>1 serviette microfibre<\/li>\n<li>1 rouleau de papier toilette<\/li>\n<li>1 mini trousse de toilette (savon solide, brosse \u00e0 dent, dentifrice, brosse\u2026)<\/li>\n<li>1 livre de poche<\/li>\n<li>1 maillot de bain<\/li>\n<li><\/li>\n<\/ul>\n<div>Gardez \u00e0 l\u2019esprit que plus on est charg\u00e9, plus la progression et les mont\u00e9es seront difficiles !<\/p>\n<\/div>\n<div><strong>R\u00c9CIT DE 10 JOURS POUR D\u00c9COUVRIR LE MONT\u00c9N\u00c9GRO \u00c0 V\u00c9LO<\/strong><\/p>\n<\/div>\n<div>JOUR 1 : Arriv\u00e9e \u00e0 Dubrovnik &#8211; Croatie<\/p>\n<\/div>\n<div>Vol jusqu\u2019\u00e0 Dubrovnik. Transfert en bus entre l\u2019a\u00e9roport et la guesthouse. Pr\u00e9voyez un vol t\u00f4t si vous souhaitez visiter un peu la ville (qui vaut le d\u00e9tour).<br \/>\nRencontre avec le groupe vers 16h, pr\u00e9sentation de l\u2019exp\u00e9dition et de l\u2019itin\u00e9raire. Pr\u00e9paration des v\u00e9los.<\/p>\n<p>Balade dans la ville et diner en bord de mer. Nuit en guesthouse.<\/p>\n<\/div>\n<div><\/div>\n<div>\n<figure class=\"attachment attachment--preview\" data-trix-attachment=\"{&quot;contentType&quot;:&quot;image&quot;,&quot;height&quot;:682,&quot;url&quot;:&quot;https:\/\/staging.explora-project.com\/blog\/wp-content\/uploads\/2021\/11\/Montenegro42-1024x682.jpg&quot;,&quot;width&quot;:1024}\" data-trix-content-type=\"image\"><img decoding=\"async\" loading=\"lazy\" src=\"https:\/\/staging.explora-project.com\/blog\/wp-content\/uploads\/2021\/11\/Montenegro42-1024x682.jpg\" width=\"1024\" height=\"682\" \/><figcaption class=\"attachment__caption\"><\/figcaption><\/figure>\n<\/div>\n<div><\/div>\n<div>JOUR 2 :<\/p>\n<\/div>\n<div>Pour une premi\u00e8re \u00e9tape en v\u00e9lo sacoches, rien de mieux que de parcourir 95 km entre Dubrovnik et Kotor !\u00a0 Une fois sortis de la circulation autour de Dubrovnik, on se retrouve vite dans la campagne croate, pour attaquer notre premier col, bien physique, surtout avec la chaleur du bord de mer. Nous redescendons ensuite en direction du Montenegro, ou nous passons la fronti\u00e8re. Nous arrivons ensuite en bord de mer \u00e0 nouveau, et apr\u00e8s un passage en ferry, rentrons dans la baie de Kotor. Un beau cadeau d\u2019arriv\u00e9e !<\/p>\n<\/div>\n<div><\/div>\n<div>\n<figure class=\"attachment attachment--preview\" data-trix-attachment=\"{&quot;contentType&quot;:&quot;image&quot;,&quot;height&quot;:682,&quot;url&quot;:&quot;https:\/\/staging.explora-project.com\/blog\/wp-content\/uploads\/2021\/11\/Montenegro1-1024x682.jpg&quot;,&quot;width&quot;:1024}\" data-trix-content-type=\"image\"><img decoding=\"async\" loading=\"lazy\" src=\"https:\/\/staging.explora-project.com\/blog\/wp-content\/uploads\/2021\/11\/Montenegro1-1024x682.jpg\" width=\"1024\" height=\"682\" \/><figcaption class=\"attachment__caption\"><\/figcaption><\/figure>\n<\/div>\n<div><\/div>\n<div>JOUR 3 :<\/p>\n<\/div>\n<div>Visite de Kotor, ville class\u00e9e au patrimoine de l\u2019UNESCO en matin\u00e9e puis d\u00e9part pour le Parc National de Lov\u0107en. Une seconde mont\u00e9e longue et sportive, r\u00e9compens\u00e9e par une vue imprenable sur la Baie de Kotor. Une fois dans le parc, nous redescendons pour dormir dans un camping au plein coeur des montagnes.<\/p>\n<\/div>\n<div>\n<figure class=\"attachment attachment--preview\" data-trix-attachment=\"{&quot;contentType&quot;:&quot;image&quot;,&quot;height&quot;:682,&quot;url&quot;:&quot;https:\/\/staging.explora-project.com\/blog\/wp-content\/uploads\/2021\/11\/Montenegro89-1024x682.jpg&quot;,&quot;width&quot;:1024}\" data-trix-content-type=\"image\"><img decoding=\"async\" loading=\"lazy\" src=\"https:\/\/staging.explora-project.com\/blog\/wp-content\/uploads\/2021\/11\/Montenegro89-1024x682.jpg\" width=\"1024\" height=\"682\" \/><figcaption class=\"attachment__caption\"><\/figcaption><\/figure>\n<\/div>\n<div>JOUR 4 :<\/p>\n<\/div>\n<div>Apr\u00e8s un petit d\u00e9jeuner savoureux, nous continuons notre route vers les c\u00e9l\u00e8bres lacs de Skadar. Nous commen\u00e7ons par une magnifique descente dans la for\u00eat, entre ombre et soleil, avant d\u2019arriver vers les lacs. Puis nous reprenons les routes de campagne, avec un d\u00e9paysement total, pour arriver \u00e0 la fronti\u00e8re Albanaise. Ce soir la, n\u2019ayant pas de camping pr\u00e9vu, nous nous arr\u00eatons dans un petit village, et demandons aux habitants du village ou nous pouvons planter notre tente. Nous camperons finalement \u00e0 c\u00f4t\u00e9 du terrain de foot, pour une nuit inoubliable en Albanie.<\/p>\n<\/div>\n<div>\n<figure class=\"attachment attachment--preview\" data-trix-attachment=\"{&quot;contentType&quot;:&quot;image&quot;,&quot;height&quot;:682,&quot;url&quot;:&quot;https:\/\/staging.explora-project.com\/blog\/wp-content\/uploads\/2021\/11\/Montenegro97-1024x682.jpg&quot;,&quot;width&quot;:1024}\" data-trix-content-type=\"image\"><img decoding=\"async\" loading=\"lazy\" src=\"https:\/\/staging.explora-project.com\/blog\/wp-content\/uploads\/2021\/11\/Montenegro97-1024x682.jpg\" width=\"1024\" height=\"682\" \/><figcaption class=\"attachment__caption\"><\/figcaption><\/figure>\n<\/div>\n<div><\/div>\n<div><\/div>\n<div>JOUR 5 :<\/p>\n<\/div>\n<div>Nous nous mettons en route en direction du parc national de Prokletije. Aujourd\u2019hui, c\u2019est l\u2019\u00e9tape avec le plus gros d\u00e9nivel\u00e9 : Pas loin de 2000 m\u00e8tres de mont\u00e9e nous attendent, sur une route r\u00e9cente et peu fr\u00e9quent\u00e9e. Quel plaisir de rouler sur les routes albanaises. Les locaux sont accueillants, curieux, et nous encouragent \u00e0 coeur joie. Apr\u00e8s une journ\u00e9e \u00e9prouvante, nous passons la nuit en camping, pr\u00e8s de la fronti\u00e8re.<\/p>\n<\/div>\n<div><\/div>\n<div>\n<figure class=\"attachment attachment--preview\" data-trix-attachment=\"{&quot;contentType&quot;:&quot;image&quot;,&quot;height&quot;:682,&quot;url&quot;:&quot;https:\/\/staging.explora-project.com\/blog\/wp-content\/uploads\/2021\/11\/Montenegro15-1-1024x682.jpg&quot;,&quot;width&quot;:1024}\" data-trix-content-type=\"image\"><img decoding=\"async\" loading=\"lazy\" src=\"https:\/\/staging.explora-project.com\/blog\/wp-content\/uploads\/2021\/11\/Montenegro15-1-1024x682.jpg\" width=\"1024\" height=\"682\" \/><figcaption class=\"attachment__caption\"><\/figcaption><\/figure>\n<\/div>\n<div>\n<figure class=\"attachment attachment--preview\" data-trix-attachment=\"{&quot;contentType&quot;:&quot;image&quot;,&quot;height&quot;:800,&quot;url&quot;:&quot;https:\/\/staging.explora-project.com\/blog\/wp-content\/uploads\/2021\/11\/Montenegro136.jpg&quot;,&quot;width&quot;:533}\" data-trix-content-type=\"image\"><img decoding=\"async\" loading=\"lazy\" src=\"https:\/\/staging.explora-project.com\/blog\/wp-content\/uploads\/2021\/11\/Montenegro136.jpg\" width=\"533\" height=\"800\" \/><figcaption class=\"attachment__caption\"><\/figcaption><\/figure>\n<\/div>\n<div>\n<figure class=\"attachment attachment--preview\" data-trix-attachment=\"{&quot;contentType&quot;:&quot;image&quot;,&quot;height&quot;:682,&quot;url&quot;:&quot;https:\/\/staging.explora-project.com\/blog\/wp-content\/uploads\/2021\/11\/Montenegro135-1024x682.jpg&quot;,&quot;width&quot;:1024}\" data-trix-content-type=\"image\"><img decoding=\"async\" loading=\"lazy\" src=\"https:\/\/staging.explora-project.com\/blog\/wp-content\/uploads\/2021\/11\/Montenegro135-1024x682.jpg\" width=\"1024\" height=\"682\" \/><figcaption class=\"attachment__caption\"><\/figcaption><\/figure>\n<\/div>\n<div>JOUR 6 :<\/p>\n<\/div>\n<div>Nous passons de nouveau au Mont\u00e9n\u00e9gro et nous rendons au parc de Prokletije, ou nous en profitons pour explorer les environs, et se reposer pour l\u2019\u00e9tape de lendemain, qui sera la plus longue de l\u2019\u00e9xpedition.<\/p>\n<\/div>\n<div>JOUR 7 :<\/p>\n<\/div>\n<div>Grosse journ\u00e9e de v\u00e9lo aujourd\u2019hui, pour rejoindre le d\u00e9but de la rivi\u00e8re Tara. Nous partons pour 120 kilom\u00e8tres de route, sur un parcours plut\u00f4t plat, avant de finir par une derni\u00e8re mont\u00e9e \u00e0 la tomb\u00e9e du jour. La douche du soir au camping \u00e9tait bien appr\u00e9ci\u00e9e !<\/p>\n<\/div>\n<div>\n<figure class=\"attachment attachment--preview\" data-trix-attachment=\"{&quot;contentType&quot;:&quot;image&quot;,&quot;height&quot;:682,&quot;url&quot;:&quot;https:\/\/staging.explora-project.com\/blog\/wp-content\/uploads\/2021\/11\/Montenegro179-1024x682.jpg&quot;,&quot;width&quot;:1024}\" data-trix-content-type=\"image\"><img decoding=\"async\" loading=\"lazy\" src=\"https:\/\/staging.explora-project.com\/blog\/wp-content\/uploads\/2021\/11\/Montenegro179-1024x682.jpg\" width=\"1024\" height=\"682\" \/><figcaption class=\"attachment__caption\"><\/figcaption><\/figure>\n<\/div>\n<div>JOUR 8 :<\/p>\n<\/div>\n<div>Nous longerons la rivi\u00e8re Tara, qui serpente dans le canyon le plus profond d\u2019Europe (1300 m\u00e8tres),avec ses points vues saisissants, durant 60 km. Nous arrivons enfin au c\u00e9l\u00e8bre pont de Durdevica, ou nous passons la nuit.<\/p>\n<\/div>\n<div>JOUR 9:<\/p>\n<\/div>\n<div>Une derni\u00e8re mont\u00e9e nous attend avant d\u2019arriver au Durmitor. Inscrit au patrimoine mondial de l\u2019Unesco, le parc national de Durmitor offre une vari\u00e9t\u00e9 de paysages \u00e0 couper \u00e0 souffle. Nous partons explorer le Black Lake, un lac accessible mais magnifique, pr\u00e8s du village de Durmitor.<\/div>\n<div>Nous profitons d\u2019une nuit en Eco Lodge, dans des petits chalets tr\u00e8s confortables. Un bonheur apr\u00e8s plusieurs nuits en tente !<\/p>\n<\/div>\n<div>\n<figure class=\"attachment attachment--preview\" data-trix-attachment=\"{&quot;contentType&quot;:&quot;image&quot;,&quot;height&quot;:682,&quot;url&quot;:&quot;https:\/\/staging.explora-project.com\/blog\/wp-content\/uploads\/2021\/11\/Montenegro24-1-1024x682.jpg&quot;,&quot;width&quot;:1024}\" data-trix-content-type=\"image\"><img decoding=\"async\" loading=\"lazy\" src=\"https:\/\/staging.explora-project.com\/blog\/wp-content\/uploads\/2021\/11\/Montenegro24-1-1024x682.jpg\" width=\"1024\" height=\"682\" \/><figcaption class=\"attachment__caption\"><\/figcaption><\/figure>\n<\/div>\n<div>\n<figure class=\"attachment attachment--preview\" data-trix-attachment=\"{&quot;contentType&quot;:&quot;image&quot;,&quot;height&quot;:800,&quot;url&quot;:&quot;https:\/\/staging.explora-project.com\/blog\/wp-content\/uploads\/2021\/11\/Montenegro204.jpg&quot;,&quot;width&quot;:533}\" data-trix-content-type=\"image\"><img decoding=\"async\" loading=\"lazy\" src=\"https:\/\/staging.explora-project.com\/blog\/wp-content\/uploads\/2021\/11\/Montenegro204.jpg\" width=\"533\" height=\"800\" \/><figcaption class=\"attachment__caption\"><\/figcaption><\/figure>\n<\/div>\n<div><\/div>\n<div>JOUR 10 :<\/p>\n<\/div>\n<div>Qu\u2019est ce que \u00e7a fait du bien de dormir dans un vrai lit ! On se r\u00e9veille dans notre petite cabane ressourc\u00e9s et pr\u00eats \u00e0 attaquer une nouvelle et derni\u00e8re journ\u00e9e de v\u00e9lo. On profite de ces derniers instants, les paysages sont reposants\u2026<\/p>\n<\/div>\n<div><\/div>\n<div>\n<figure class=\"attachment attachment--preview\" data-trix-attachment=\"{&quot;contentType&quot;:&quot;image&quot;,&quot;height&quot;:682,&quot;url&quot;:&quot;https:\/\/staging.explora-project.com\/blog\/wp-content\/uploads\/2021\/11\/Montenegro211-1024x682.jpg&quot;,&quot;width&quot;:1024}\" data-trix-content-type=\"image\"><img decoding=\"async\" loading=\"lazy\" src=\"https:\/\/staging.explora-project.com\/blog\/wp-content\/uploads\/2021\/11\/Montenegro211-1024x682.jpg\" width=\"1024\" height=\"682\" \/><figcaption class=\"attachment__caption\"><\/figcaption><\/figure>\n<\/div>\n<div>JOUR 11 : Retour en navette jusqu&rsquo;\u00e0 Dubrovnik<\/p>\n<\/div>\n<div>C\u2019est avec un peu de nostalgie que l\u2019on charge nos v\u00e9los sur la navette pour retourner \u00e0 l\u2019a\u00e9roport de Dubrovnik o\u00f9 l\u2019on d\u00e9collera pour la France. Un tr\u00e8s beau voyage qui se termine, le sourire sur les l\u00e8vres d\u2019une belle d\u00e9couverte et de belles rencontres !<\/div>\n","protected":false},"excerpt":{"rendered":"<p>Nous sommes partis en septembre 2019 pour vivre une nouvelle exp\u00e9rience, un nouveau type de voyage que nous n\u2019avions jamais essay\u00e9 : le voyage en autonomie totale \u00e0 v\u00e9lo. Nous<a href=\"https:\/\/www.explora-project.com\/blog\/articles\/montenegro-a-velo-10-jours-pour-decouvrir-un-pays-autrement\" class=\"more-link\"><span class=\"readmore\">Continuer \u00e0 lire&#8230;<span class=\"screen-reader-text\">Mont\u00e9n\u00e9gro \u00e0 v\u00e9lo, 10 jours pour d\u00e9couvrir un pays autrement<\/span><\/span><\/a><\/p>\n","protected":false},"author":2,"featured_media":74,"comment_status":"closed","ping_status":"open","sticky":false,"template":"","format":"standard","meta":[],"categories":[3],"tags":[],"yoast_head":"<!-- This site is optimized with the Yoast SEO plugin v19.10 - https:\/\/yoast.com\/wordpress\/plugins\/seo\/ -->\n<title>Mont\u00e9n\u00e9gro \u00e0 v\u00e9lo, 10 jours pour d\u00e9couvrir un pays autrement - Journal d&#039;Explora Project<\/title>\n<meta name=\"description\" content=\"Un voyage en autonomie totale \u00e0 v\u00e9lo pour d\u00e9couvrir le Mont\u00e9n\u00e9gro, 10 jours pour d\u00e9couvrir le pays autrement. Vous trouvez dans cet article toutes les informations concernant notre voyage, le voyage \u00e0 v\u00e9lo, notre ressenti et notre itin\u00e9raire.\" \/>\n<meta name=\"robots\" content=\"index, follow, max-snippet:-1, max-image-preview:large, max-video-preview:-1\" \/>\n<link rel=\"canonical\" href=\"https:\/\/www.explora-project.com\/blog\/articles\/montenegro-a-velo-10-jours-pour-decouvrir-un-pays-autrement\" \/>\n<meta property=\"og:locale\" content=\"fr_FR\" \/>\n<meta property=\"og:type\" content=\"article\" \/>\n<meta property=\"og:title\" content=\"Mont\u00e9n\u00e9gro \u00e0 v\u00e9lo, 10 jours pour d\u00e9couvrir un pays autrement - Journal d&#039;Explora Project\" \/>\n<meta property=\"og:description\" content=\"Un voyage en autonomie totale \u00e0 v\u00e9lo pour d\u00e9couvrir le Mont\u00e9n\u00e9gro, 10 jours pour d\u00e9couvrir le pays autrement. Vous trouvez dans cet article toutes les informations concernant notre voyage, le voyage \u00e0 v\u00e9lo, notre ressenti et notre itin\u00e9raire.\" \/>\n<meta property=\"og:url\" content=\"https:\/\/www.explora-project.com\/blog\/articles\/montenegro-a-velo-10-jours-pour-decouvrir-un-pays-autrement\" \/>\n<meta property=\"og:site_name\" content=\"Journal d&#039;Explora Project\" \/>\n<meta property=\"article:published_time\" content=\"2019-10-30T09:59:35+00:00\" \/>\n<meta property=\"article:modified_time\" content=\"2023-03-28T07:56:01+00:00\" \/>\n<meta property=\"og:image\" content=\"https:\/\/www.explora-project.com\/blog\/wp-content\/uploads\/2021\/11\/5YUvxEVVMMzZUT56vhVoRB28-scaled.jpg\" \/>\n\t<meta property=\"og:image:width\" content=\"2560\" \/>\n\t<meta property=\"og:image:height\" content=\"1705\" \/>\n\t<meta property=\"og:image:type\" content=\"image\/jpeg\" \/>\n<meta name=\"author\" content=\"espritsoutdoor@gmail.com\" \/>\n<meta name=\"twitter:card\" content=\"summary_large_image\" \/>\n<meta name=\"twitter:label1\" content=\"Written by\" \/>\n\t<meta name=\"twitter:data1\" content=\"espritsoutdoor@gmail.com\" \/>\n\t<meta name=\"twitter:label2\" content=\"Est. reading time\" \/>\n\t<meta name=\"twitter:data2\" content=\"9 minutes\" \/>\n<script type=\"application\/ld+json\" class=\"yoast-schema-graph\">{\"@context\":\"https:\/\/schema.org\",\"@graph\":[{\"@type\":\"WebPage\",\"@id\":\"https:\/\/www.explora-project.com\/blog\/articles\/montenegro-a-velo-10-jours-pour-decouvrir-un-pays-autrement\",\"url\":\"https:\/\/www.explora-project.com\/blog\/articles\/montenegro-a-velo-10-jours-pour-decouvrir-un-pays-autrement\",\"name\":\"Mont\u00e9n\u00e9gro \u00e0 v\u00e9lo, 10 jours pour d\u00e9couvrir un pays autrement - Journal d&#039;Explora Project\",\"isPartOf\":{\"@id\":\"https:\/\/www.explora-project.com\/blog\/#website\"},\"datePublished\":\"2019-10-30T09:59:35+00:00\",\"dateModified\":\"2023-03-28T07:56:01+00:00\",\"author\":{\"@id\":\"https:\/\/www.explora-project.com\/blog\/#\/schema\/person\/10ac9e374f53f326446db9684c098d3b\"},\"description\":\"Un voyage en autonomie totale \u00e0 v\u00e9lo pour d\u00e9couvrir le Mont\u00e9n\u00e9gro, 10 jours pour d\u00e9couvrir le pays autrement. Vous trouvez dans cet article toutes les informations concernant notre voyage, le voyage \u00e0 v\u00e9lo, notre ressenti et notre itin\u00e9raire.\",\"breadcrumb\":{\"@id\":\"https:\/\/www.explora-project.com\/blog\/articles\/montenegro-a-velo-10-jours-pour-decouvrir-un-pays-autrement#breadcrumb\"},\"inLanguage\":\"fr-FR\",\"potentialAction\":[{\"@type\":\"ReadAction\",\"target\":[\"https:\/\/www.explora-project.com\/blog\/articles\/montenegro-a-velo-10-jours-pour-decouvrir-un-pays-autrement\"]}]},{\"@type\":\"BreadcrumbList\",\"@id\":\"https:\/\/www.explora-project.com\/blog\/articles\/montenegro-a-velo-10-jours-pour-decouvrir-un-pays-autrement#breadcrumb\",\"itemListElement\":[{\"@type\":\"ListItem\",\"position\":1,\"name\":\"Home\",\"item\":\"https:\/\/www.explora-project.com\/blog\"},{\"@type\":\"ListItem\",\"position\":2,\"name\":\"Mont\u00e9n\u00e9gro \u00e0 v\u00e9lo, 10 jours pour d\u00e9couvrir un pays autrement\"}]},{\"@type\":\"WebSite\",\"@id\":\"https:\/\/www.explora-project.com\/blog\/#website\",\"url\":\"https:\/\/www.explora-project.com\/blog\/\",\"name\":\"Journal d&#039;Explora Project\",\"description\":\"Actualit\u00e9s \u00e0 la une\",\"potentialAction\":[{\"@type\":\"SearchAction\",\"target\":{\"@type\":\"EntryPoint\",\"urlTemplate\":\"https:\/\/www.explora-project.com\/blog\/?s={search_term_string}\"},\"query-input\":\"required name=search_term_string\"}],\"inLanguage\":\"fr-FR\"},{\"@type\":\"Person\",\"@id\":\"https:\/\/www.explora-project.com\/blog\/#\/schema\/person\/10ac9e374f53f326446db9684c098d3b\",\"name\":\"espritsoutdoor@gmail.com\",\"image\":{\"@type\":\"ImageObject\",\"inLanguage\":\"fr-FR\",\"@id\":\"https:\/\/www.explora-project.com\/blog\/#\/schema\/person\/image\/\",\"url\":\"https:\/\/www.explora-project.com\/blog\/wp-content\/uploads\/2022\/11\/cropped-espritoutdoor-96x96.jpeg\",\"contentUrl\":\"https:\/\/www.explora-project.com\/blog\/wp-content\/uploads\/2022\/11\/cropped-espritoutdoor-96x96.jpeg\",\"caption\":\"espritsoutdoor@gmail.com\"},\"url\":\"https:\/\/www.explora-project.com\/blog\/articles\/author\/espritsoutdoorgmail-com\"}]}<\/script>\n<!-- \/ Yoast SEO plugin. -->","yoast_head_json":{"title":"Mont\u00e9n\u00e9gro \u00e0 v\u00e9lo, 10 jours pour d\u00e9couvrir un pays autrement - Journal d&#039;Explora Project","description":"Un voyage en autonomie totale \u00e0 v\u00e9lo pour d\u00e9couvrir le Mont\u00e9n\u00e9gro, 10 jours pour d\u00e9couvrir le pays autrement. Vous trouvez dans cet article toutes les informations concernant notre voyage, le voyage \u00e0 v\u00e9lo, notre ressenti et notre itin\u00e9raire.","robots":{"index":"index","follow":"follow","max-snippet":"max-snippet:-1","max-image-preview":"max-image-preview:large","max-video-preview":"max-video-preview:-1"},"canonical":"https:\/\/www.explora-project.com\/blog\/articles\/montenegro-a-velo-10-jours-pour-decouvrir-un-pays-autrement","og_locale":"fr_FR","og_type":"article","og_title":"Mont\u00e9n\u00e9gro \u00e0 v\u00e9lo, 10 jours pour d\u00e9couvrir un pays autrement - Journal d&#039;Explora Project","og_description":"Un voyage en autonomie totale \u00e0 v\u00e9lo pour d\u00e9couvrir le Mont\u00e9n\u00e9gro, 10 jours pour d\u00e9couvrir le pays autrement. Vous trouvez dans cet article toutes les informations concernant notre voyage, le voyage \u00e0 v\u00e9lo, notre ressenti et notre itin\u00e9raire.","og_url":"https:\/\/www.explora-project.com\/blog\/articles\/montenegro-a-velo-10-jours-pour-decouvrir-un-pays-autrement","og_site_name":"Journal d&#039;Explora Project","article_published_time":"2019-10-30T09:59:35+00:00","article_modified_time":"2023-03-28T07:56:01+00:00","og_image":[{"width":2560,"height":1705,"url":"https:\/\/www.explora-project.com\/blog\/wp-content\/uploads\/2021\/11\/5YUvxEVVMMzZUT56vhVoRB28-scaled.jpg","type":"image\/jpeg"}],"author":"espritsoutdoor@gmail.com","twitter_card":"summary_large_image","twitter_misc":{"Written by":"espritsoutdoor@gmail.com","Est. reading time":"9 minutes"},"schema":{"@context":"https:\/\/schema.org","@graph":[{"@type":"WebPage","@id":"https:\/\/www.explora-project.com\/blog\/articles\/montenegro-a-velo-10-jours-pour-decouvrir-un-pays-autrement","url":"https:\/\/www.explora-project.com\/blog\/articles\/montenegro-a-velo-10-jours-pour-decouvrir-un-pays-autrement","name":"Mont\u00e9n\u00e9gro \u00e0 v\u00e9lo, 10 jours pour d\u00e9couvrir un pays autrement - Journal d&#039;Explora Project","isPartOf":{"@id":"https:\/\/www.explora-project.com\/blog\/#website"},"datePublished":"2019-10-30T09:59:35+00:00","dateModified":"2023-03-28T07:56:01+00:00","author":{"@id":"https:\/\/www.explora-project.com\/blog\/#\/schema\/person\/10ac9e374f53f326446db9684c098d3b"},"description":"Un voyage en autonomie totale \u00e0 v\u00e9lo pour d\u00e9couvrir le Mont\u00e9n\u00e9gro, 10 jours pour d\u00e9couvrir le pays autrement. Vous trouvez dans cet article toutes les informations concernant notre voyage, le voyage \u00e0 v\u00e9lo, notre ressenti et notre itin\u00e9raire.","breadcrumb":{"@id":"https:\/\/www.explora-project.com\/blog\/articles\/montenegro-a-velo-10-jours-pour-decouvrir-un-pays-autrement#breadcrumb"},"inLanguage":"fr-FR","potentialAction":[{"@type":"ReadAction","target":["https:\/\/www.explora-project.com\/blog\/articles\/montenegro-a-velo-10-jours-pour-decouvrir-un-pays-autrement"]}]},{"@type":"BreadcrumbList","@id":"https:\/\/www.explora-project.com\/blog\/articles\/montenegro-a-velo-10-jours-pour-decouvrir-un-pays-autrement#breadcrumb","itemListElement":[{"@type":"ListItem","position":1,"name":"Home","item":"https:\/\/www.explora-project.com\/blog"},{"@type":"ListItem","position":2,"name":"Mont\u00e9n\u00e9gro \u00e0 v\u00e9lo, 10 jours pour d\u00e9couvrir un pays autrement"}]},{"@type":"WebSite","@id":"https:\/\/www.explora-project.com\/blog\/#website","url":"https:\/\/www.explora-project.com\/blog\/","name":"Journal d&#039;Explora Project","description":"Actualit\u00e9s \u00e0 la une","potentialAction":[{"@type":"SearchAction","target":{"@type":"EntryPoint","urlTemplate":"https:\/\/www.explora-project.com\/blog\/?s={search_term_string}"},"query-input":"required name=search_term_string"}],"inLanguage":"fr-FR"},{"@type":"Person","@id":"https:\/\/www.explora-project.com\/blog\/#\/schema\/person\/10ac9e374f53f326446db9684c098d3b","name":"espritsoutdoor@gmail.com","image":{"@type":"ImageObject","inLanguage":"fr-FR","@id":"https:\/\/www.explora-project.com\/blog\/#\/schema\/person\/image\/","url":"https:\/\/www.explora-project.com\/blog\/wp-content\/uploads\/2022\/11\/cropped-espritoutdoor-96x96.jpeg","contentUrl":"https:\/\/www.explora-project.com\/blog\/wp-content\/uploads\/2022\/11\/cropped-espritoutdoor-96x96.jpeg","caption":"espritsoutdoor@gmail.com"},"url":"https:\/\/www.explora-project.com\/blog\/articles\/author\/espritsoutdoorgmail-com"}]}},"_links":{"self":[{"href":"https:\/\/www.explora-project.com\/blog\/wp-json\/wp\/v2\/posts\/62"}],"collection":[{"href":"https:\/\/www.explora-project.com\/blog\/wp-json\/wp\/v2\/posts"}],"about":[{"href":"https:\/\/www.explora-project.com\/blog\/wp-json\/wp\/v2\/types\/post"}],"author":[{"embeddable":true,"href":"https:\/\/www.explora-project.com\/blog\/wp-json\/wp\/v2\/users\/2"}],"replies":[{"embeddable":true,"href":"https:\/\/www.explora-project.com\/blog\/wp-json\/wp\/v2\/comments?post=62"}],"version-history":[{"count":1,"href":"https:\/\/www.explora-project.com\/blog\/wp-json\/wp\/v2\/posts\/62\/revisions"}],"predecessor-version":[{"id":2072,"href":"https:\/\/www.explora-project.com\/blog\/wp-json\/wp\/v2\/posts\/62\/revisions\/2072"}],"wp:featuredmedia":[{"embeddable":true,"href":"https:\/\/www.explora-project.com\/blog\/wp-json\/wp\/v2\/media\/74"}],"wp:attachment":[{"href":"https:\/\/www.explora-project.com\/blog\/wp-json\/wp\/v2\/media?parent=62"}],"wp:term":[{"taxonomy":"category","embeddable":true,"href":"https:\/\/www.explora-project.com\/blog\/wp-json\/wp\/v2\/categories?post=62"},{"taxonomy":"post_tag","embeddable":true,"href":"https:\/\/www.explora-project.com\/blog\/wp-json\/wp\/v2\/tags?post=62"}],"curies":[{"name":"wp","href":"https:\/\/api.w.org\/{rel}","templated":true}]}}