{"id":6085,"date":"2025-05-26T16:07:42","date_gmt":"2025-05-26T14:07:42","guid":{"rendered":"https:\/\/www.explora-project.com\/blog\/?p=6085"},"modified":"2025-07-07T08:37:06","modified_gmt":"2025-07-07T06:37:06","slug":"explorer-la-norvege-en-ete-6-treks-nordiques-a-vivre-absolument","status":"publish","type":"post","link":"https:\/\/www.explora-project.com\/blog\/articles\/explorer-la-norvege-en-ete-6-treks-nordiques-a-vivre-absolument","title":{"rendered":"Explorer la Norv\u00e8ge en \u00e9t\u00e9 : 6 treks nordiques \u00e0 vivre absolument"},"content":{"rendered":"\n<p class=\"has-normal-font-size\">Faire un trek en Norv\u00e8ge l\u2019\u00e9t\u00e9, c\u2019est marcher au c\u0153ur d\u2019une nature sauvage, baign\u00e9e par une lumi\u00e8re qui ne s\u2019\u00e9teint jamais vraiment. Les journ\u00e9es semblent sans fin, offrant une exp\u00e9rience unique au monde. Les paysages alternent entre fjords, vall\u00e9es verdoyantes et lacs d\u2019un bleu saisissant. Ajoute \u00e0 cela une fra\u00eecheur estivale id\u00e9ale pour la marche, et tu obtiens un d\u00e9cor parfait pour un trek nordique inoubliable.<\/p>\n\n\n\n<p class=\"has-normal-font-size\">La Norv\u00e8ge en \u00e9t\u00e9 est un v\u00e9ritable paradis pour les passionn\u00e9s de nature et d\u2019aventure. Gr\u00e2ce \u00e0 ses vastes \u00e9tendues pr\u00e9serv\u00e9es et ses sentiers bien balis\u00e9s le pays s\u2019impose comme une destination de r\u00eave. Si tu cherches une aventure en Norv\u00e8ge m\u00ealant efforts physiques, calme absolu et beaut\u00e9 sauvage, tu es au bon endroit. Dans cet article, d\u00e9couvre 6 treks nordiques \u00e0 vivre absolument cet \u00e9t\u00e9, pour explorer le pays autrement, au plus pr\u00e8s de l\u2019essentiel.<\/p>\n\n\n\n<pre class=\"wp-block-preformatted has-normal-font-size\"><strong>Sommaire<\/strong>\n\ud83c\udfd4\ufe0f I. Les 6 treks nordiques \u00e0 vivre absolument en Norv\u00e8ge cet \u00e9t\u00e9\n\u2600\ufe0f II. Pourquoi choisir la Norv\u00e8ge pour un trek nordique en \u00e9t\u00e9 ?\n\ud83e\udd7e III. Conseils pratiques pour un trek nordique en Norv\u00e8ge en \u00e9t\u00e9<\/pre>\n\n\n\n<figure class=\"wp-block-image size-large\"><img decoding=\"async\" loading=\"lazy\" width=\"1024\" height=\"273\" src=\"https:\/\/www.explora-project.com\/blog\/wp-content\/uploads\/2025\/05\/I.-Les-6-treks-nordiques-a-vivre-absolument-en-Norvege-cet-ete-1024x273.png\" alt=\"\" class=\"wp-image-6090\" srcset=\"https:\/\/www.explora-project.com\/blog\/wp-content\/uploads\/2025\/05\/I.-Les-6-treks-nordiques-a-vivre-absolument-en-Norvege-cet-ete-1024x273.png 1024w, https:\/\/www.explora-project.com\/blog\/wp-content\/uploads\/2025\/05\/I.-Les-6-treks-nordiques-a-vivre-absolument-en-Norvege-cet-ete-300x80.png 300w, https:\/\/www.explora-project.com\/blog\/wp-content\/uploads\/2025\/05\/I.-Les-6-treks-nordiques-a-vivre-absolument-en-Norvege-cet-ete-768x205.png 768w, https:\/\/www.explora-project.com\/blog\/wp-content\/uploads\/2025\/05\/I.-Les-6-treks-nordiques-a-vivre-absolument-en-Norvege-cet-ete-1536x409.png 1536w, https:\/\/www.explora-project.com\/blog\/wp-content\/uploads\/2025\/05\/I.-Les-6-treks-nordiques-a-vivre-absolument-en-Norvege-cet-ete.png 1990w\" sizes=\"(max-width: 1024px) 100vw, 1024px\" \/><\/figure>\n\n\n\n<h2 class=\"has-gold-color has-text-color\"><strong>I. Les 6 treks nordiques \u00e0 vivre absolument en Norv\u00e8ge cet \u00e9t\u00e9<\/strong><\/h2>\n\n\n\n<div class=\"wp-block-media-text has-media-on-the-right is-stacked-on-mobile has-normal-font-size\"><div class=\"wp-block-media-text__content\">\n<h3 class=\"has-gold-color has-text-color\">Trek 1 : \u00celes Lofoten \u2013 Randonn\u00e9e c\u00f4ti\u00e8re et montagnes<\/h3>\n\n\n\n<p class=\"has-normal-font-size\">Situ\u00e9 au-dessus du cercle polaire arctique, l&rsquo;archipel des Lofoten offre un cadre spectaculaire pour les amateurs de randonn\u00e9e c\u00f4ti\u00e8re. Les sentiers serpentent entre fjords, plages de sable blanc et sommets escarp\u00e9s, offrant des panoramas \u00e0 couper le souffle.<\/p>\n\n\n\n<p class=\"has-normal-font-size\">Parmi les randonn\u00e9es embl\u00e9matiques, le Reinebringen (448 m) est c\u00e9l\u00e8bre pour sa vue imprenable sur le village de Reine et ses fjords environnants. D&rsquo;autres itin\u00e9raires, comme Ryten &amp; Kvalvika Beach, combinent montagnes et plages isol\u00e9es, offrant une exp\u00e9rience unique de trek nordique en \u00e9t\u00e9. La faune locale est riche : aigles de mer et phoques peuvent \u00eatre observ\u00e9s le long des c\u00f4tes. Les villages de p\u00eacheurs traditionnels, avec leurs cabanes rouges appel\u00e9es \u00ab\u00a0rorbuer\u00a0\u00bb, ajoutent au charme authentique de la r\u00e9gion.<\/p>\n\n\n\n<p class=\"has-normal-font-size\">\ud83d\udc49 <a href=\"https:\/\/www.explora-project.com\/expeditions?refinementList%5Bcountries%5D%5B0%5D=Norv%C3%A8ge&amp;refinementList%5Bseason%5D%5B0%5D=%C3%89t%C3%A9&amp;query=lofoten\" target=\"_blank\" rel=\"noreferrer noopener\">D\u00e9couvre nos aventures dans les \u00eeles Lofoten<\/a><\/p>\n<\/div><figure class=\"wp-block-media-text__media\"><img decoding=\"async\" loading=\"lazy\" width=\"714\" height=\"1024\" src=\"https:\/\/www.explora-project.com\/blog\/wp-content\/uploads\/2025\/05\/Trek-1-714x1024.png\" alt=\"\" class=\"wp-image-6091 size-full\" srcset=\"https:\/\/www.explora-project.com\/blog\/wp-content\/uploads\/2025\/05\/Trek-1-714x1024.png 714w, https:\/\/www.explora-project.com\/blog\/wp-content\/uploads\/2025\/05\/Trek-1-209x300.png 209w, https:\/\/www.explora-project.com\/blog\/wp-content\/uploads\/2025\/05\/Trek-1-768x1102.png 768w, https:\/\/www.explora-project.com\/blog\/wp-content\/uploads\/2025\/05\/Trek-1.png 976w\" sizes=\"(max-width: 714px) 100vw, 714px\" \/><\/figure><\/div>\n\n\n\n<div class=\"wp-block-media-text is-stacked-on-mobile has-normal-font-size\"><figure class=\"wp-block-media-text__media\"><img decoding=\"async\" loading=\"lazy\" width=\"714\" height=\"1024\" src=\"https:\/\/www.explora-project.com\/blog\/wp-content\/uploads\/2025\/05\/Trek-2-714x1024.png\" alt=\"\" class=\"wp-image-6092 size-full\" srcset=\"https:\/\/www.explora-project.com\/blog\/wp-content\/uploads\/2025\/05\/Trek-2-714x1024.png 714w, https:\/\/www.explora-project.com\/blog\/wp-content\/uploads\/2025\/05\/Trek-2-209x300.png 209w, https:\/\/www.explora-project.com\/blog\/wp-content\/uploads\/2025\/05\/Trek-2-768x1102.png 768w, https:\/\/www.explora-project.com\/blog\/wp-content\/uploads\/2025\/05\/Trek-2.png 976w\" sizes=\"(max-width: 714px) 100vw, 714px\" \/><\/figure><div class=\"wp-block-media-text__content\">\n<h3 class=\"has-gold-color has-text-color\">Trek 2 : Sentier de Romsdalseggen \u2013 Panorama spectaculaire<\/h3>\n\n\n\n<p class=\"has-normal-font-size\">Le Romsdalseggen est souvent consid\u00e9r\u00e9 comme l&rsquo;une des plus belles randonn\u00e9es de Norv\u00e8ge. Ce sentier de cr\u00eate de 10 km relie Vengedalen \u00e0 \u00c5ndalsnes, avec un d\u00e9nivel\u00e9 positif d&rsquo;environ 970 m\u00e8tres. Le parcours offre des vues spectaculaires sur les montagnes environnantes, les fjords et la vall\u00e9e de Romsdal.<\/p>\n\n\n\n<p class=\"has-normal-font-size\">La randonn\u00e9e est g\u00e9n\u00e9ralement praticable de juillet \u00e0 septembre, lorsque les conditions m\u00e9t\u00e9orologiques sont favorables. Il est recommand\u00e9 de commencer t\u00f4t le matin pour \u00e9viter les nuages et profiter pleinement des panoramas. Des services de navette sont disponibles pour faciliter l&rsquo;acc\u00e8s au point de d\u00e9part. Ce trek estival est id\u00e9al pour les randonneurs exp\u00e9riment\u00e9s \u00e0 la recherche de d\u00e9fis et de paysages \u00e9poustouflants.<\/p>\n<\/div><\/div>\n\n\n\n<div class=\"wp-block-media-text has-media-on-the-right is-stacked-on-mobile has-normal-font-size\"><div class=\"wp-block-media-text__content\">\n<h3 class=\"has-gold-color has-text-color\">Trek 3 : Trek de Hardangervidda \u2013 Le plus grand plateau montagneux d\u2019Europe<\/h3>\n\n\n\n<p class=\"has-normal-font-size\">Le Hardangervidda est le plus vaste plateau montagneux d&rsquo;Europe, offrant une exp\u00e9rience de trek nordique unique. Situ\u00e9 principalement au-dessus de la ligne des arbres, le paysage est caract\u00e9ris\u00e9 par des \u00e9tendues de toundra (aussi appel\u00e9 \u201cterre sans arbres\u201d), des lacs glaciaires et une ambiance arctique.<\/p>\n\n\n\n<p class=\"has-normal-font-size\">Accessible depuis des localit\u00e9s comme Finse, ce plateau propose de nombreux itin\u00e9raires adapt\u00e9s \u00e0 diff\u00e9rents niveaux. Le r\u00e9seau de refuges g\u00e9r\u00e9s par le DNT (Den Norske Turistforening) permet de planifier des randonn\u00e9es de plusieurs jours en toute s\u00e9curit\u00e9. La r\u00e9gion abrite l&rsquo;une des plus grandes populations de rennes sauvages en Europe, offrant aux randonneurs la chance d&rsquo;observer ces animaux embl\u00e9matiques dans leur habitat naturel.<\/p>\n<\/div><figure class=\"wp-block-media-text__media\"><img decoding=\"async\" loading=\"lazy\" width=\"714\" height=\"1024\" src=\"https:\/\/www.explora-project.com\/blog\/wp-content\/uploads\/2025\/05\/Trek-3-714x1024.png\" alt=\"\" class=\"wp-image-6093 size-full\" srcset=\"https:\/\/www.explora-project.com\/blog\/wp-content\/uploads\/2025\/05\/Trek-3-714x1024.png 714w, https:\/\/www.explora-project.com\/blog\/wp-content\/uploads\/2025\/05\/Trek-3-209x300.png 209w, https:\/\/www.explora-project.com\/blog\/wp-content\/uploads\/2025\/05\/Trek-3-768x1102.png 768w, https:\/\/www.explora-project.com\/blog\/wp-content\/uploads\/2025\/05\/Trek-3.png 976w\" sizes=\"(max-width: 714px) 100vw, 714px\" \/><\/figure><\/div>\n\n\n\n<div class=\"wp-block-media-text is-stacked-on-mobile has-normal-font-size\"><figure class=\"wp-block-media-text__media\"><img decoding=\"async\" loading=\"lazy\" width=\"714\" height=\"1024\" src=\"https:\/\/www.explora-project.com\/blog\/wp-content\/uploads\/2025\/05\/Trek-4-714x1024.png\" alt=\"\" class=\"wp-image-6096 size-full\" srcset=\"https:\/\/www.explora-project.com\/blog\/wp-content\/uploads\/2025\/05\/Trek-4-714x1024.png 714w, https:\/\/www.explora-project.com\/blog\/wp-content\/uploads\/2025\/05\/Trek-4-209x300.png 209w, https:\/\/www.explora-project.com\/blog\/wp-content\/uploads\/2025\/05\/Trek-4.png 732w\" sizes=\"(max-width: 714px) 100vw, 714px\" \/><\/figure><div class=\"wp-block-media-text__content\">\n<h3 class=\"has-gold-color has-text-color\">Trek 4 : Trolltunga \u2013 La randonn\u00e9e mythique<\/h3>\n\n\n\n<p class=\"has-normal-font-size\">Le Trolltunga, ou \u00ab\u00a0langue du troll\u00a0\u00bb, est une avanc\u00e9e rocheuse suspendue \u00e0 700 m\u00e8tres au-dessus du lac Ringedalsvatnet et offre une vue spectaculaire, attirant des randonneurs du monde entier. La randonn\u00e9e est exigeante. Depuis le parking de Skjeggedal, le trajet aller-retour est d&rsquo;environ 27 km avec un d\u00e9nivel\u00e9 positif de 800 m\u00e8tres, n\u00e9cessitant entre 8 et 12 heures de marche. Une option plus courte est possible depuis M\u00e5gelitopp, r\u00e9duisant la distance \u00e0 environ 20 km avec un d\u00e9nivel\u00e9 de 320 m\u00e8tres, pour une dur\u00e9e estim\u00e9e de 7 \u00e0 10 heures.<\/p>\n\n\n\n<p class=\"has-normal-font-size\">La p\u00e9riode id\u00e9ale pour entreprendre cette randonn\u00e9e s&rsquo;\u00e9tend de juin \u00e0 septembre, lorsque les conditions m\u00e9t\u00e9orologiques sont les plus favorables. Il est recommand\u00e9 de partir t\u00f4t le matin et de v\u00e9rifier les pr\u00e9visions m\u00e9t\u00e9o avant le d\u00e9part.<\/p>\n<\/div><\/div>\n\n\n\n<div class=\"wp-block-media-text has-media-on-the-right is-stacked-on-mobile has-normal-font-size\"><div class=\"wp-block-media-text__content\">\n<h3 class=\"has-gold-color has-text-color\">Trek 5 : Parc national de Jotunheimen \u2013 Les plus hauts sommets<\/h3>\n\n\n\n<p class=\"has-normal-font-size\">Le Parc national de Jotunheimen abrite les plus hauts sommets de Norv\u00e8ge, dont le Galdh\u00f8piggen (2 469 m) et le Glittertind (2 465 m). C&rsquo;est un paradis pour les randonneurs en qu\u00eate de d\u00e9fis et de paysages alpins majestueux.<\/p>\n\n\n\n<p class=\"has-normal-font-size\">Le parc offre une multitude de sentiers balis\u00e9s, totalisant environ 300 km, adapt\u00e9s \u00e0 tous les niveaux. Parmi les itin\u00e9raires populaires, la cr\u00eate de Besseggen offre une vue imprenable sur les lacs Gjende et Bessvatnet. De plus, la r\u00e9gion est riche en faune et en flore. En terme de difficult\u00e9, les randonn\u00e9es peuvent varier de courtes balades \u00e0 des treks de plusieurs jours. La meilleure p\u00e9riode pour randonner dans le parc s&rsquo;\u00e9tend de fin juin \u00e0 d\u00e9but septembre, lorsque les conditions m\u00e9t\u00e9orologiques sont les plus favorables.<\/p>\n\n\n\n<p class=\"has-normal-font-size\">\ud83d\udc49 D\u00e9couvre notre aventure <a href=\"https:\/\/www.explora-project.com\/expeditions\/jotunheimen-trek-au-royaume-des-geants-de-norvege\" target=\"_blank\" rel=\"noreferrer noopener\">Jotunheimen, trek au royaume des g\u00e9ants de Norv\u00e8ge<\/a><\/p>\n<\/div><figure class=\"wp-block-media-text__media\"><img decoding=\"async\" loading=\"lazy\" width=\"714\" height=\"1024\" src=\"https:\/\/www.explora-project.com\/blog\/wp-content\/uploads\/2025\/05\/Trek-5-714x1024.png\" alt=\"\" class=\"wp-image-6094 size-full\" srcset=\"https:\/\/www.explora-project.com\/blog\/wp-content\/uploads\/2025\/05\/Trek-5-714x1024.png 714w, https:\/\/www.explora-project.com\/blog\/wp-content\/uploads\/2025\/05\/Trek-5-209x300.png 209w, https:\/\/www.explora-project.com\/blog\/wp-content\/uploads\/2025\/05\/Trek-5-768x1102.png 768w, https:\/\/www.explora-project.com\/blog\/wp-content\/uploads\/2025\/05\/Trek-5.png 976w\" sizes=\"(max-width: 714px) 100vw, 714px\" \/><\/figure><\/div>\n\n\n\n<div class=\"wp-block-media-text is-stacked-on-mobile has-normal-font-size\"><figure class=\"wp-block-media-text__media\"><img decoding=\"async\" loading=\"lazy\" width=\"714\" height=\"1024\" src=\"https:\/\/www.explora-project.com\/blog\/wp-content\/uploads\/2025\/05\/Trek-6-714x1024.png\" alt=\"\" class=\"wp-image-6095 size-full\" srcset=\"https:\/\/www.explora-project.com\/blog\/wp-content\/uploads\/2025\/05\/Trek-6-714x1024.png 714w, https:\/\/www.explora-project.com\/blog\/wp-content\/uploads\/2025\/05\/Trek-6-209x300.png 209w, https:\/\/www.explora-project.com\/blog\/wp-content\/uploads\/2025\/05\/Trek-6-768x1102.png 768w, https:\/\/www.explora-project.com\/blog\/wp-content\/uploads\/2025\/05\/Trek-6.png 976w\" sizes=\"(max-width: 714px) 100vw, 714px\" \/><\/figure><div class=\"wp-block-media-text__content\">\n<h3 class=\"has-gold-color has-text-color\">Trek 6 : Sentier de Aurlandsdalen \u2013 Vall\u00e9e sauvage et panoramas<\/h3>\n\n\n\n<p class=\"has-normal-font-size\">Le sentier d&rsquo;Aurlandsdalen est souvent surnomm\u00e9 le \u00ab\u00a0Grand Canyon de Norv\u00e8ge\u00a0\u00bb. Cette vall\u00e9e offre une randonn\u00e9e \u00e0 travers des paysages vari\u00e9s, des for\u00eats luxuriantes aux formations rocheuses impressionnantes. Le tron\u00e7on le plus populaire s&rsquo;\u00e9tend de \u00d8sterb\u00f8 \u00e0 Vassbygdi, sur environ 20 km, avec un d\u00e9nivel\u00e9 n\u00e9gatif de 1 100 m\u00e8tres. Le sentier est bien balis\u00e9 et traverse des cascades, des gorges et des prairies fleuries. Cette portion est consid\u00e9r\u00e9e comme mod\u00e9r\u00e9e \u00e0 difficile, en raison de sa longueur et de son terrain vari\u00e9. La randonn\u00e9e dure entre 6 et 8 heures.<\/p>\n\n\n\n<p class=\"has-normal-font-size\">La p\u00e9riode id\u00e9ale pour randonner dans la vall\u00e9e d&rsquo;Aurlandsdalen s&rsquo;\u00e9tend de fin juin \u00e0 septembre, lorsque les conditions m\u00e9t\u00e9orologiques sont les plus favorables. De plus , en \u00e9t\u00e9, la vall\u00e9e est en pleine floraison, offrant une explosion de couleurs. Les randonneurs peuvent \u00e9galement d\u00e9couvrir des fermes de montagne traditionnelles et des vestiges historiques le long du chemin.<\/p>\n<\/div><\/div>\n\n\n\n<h2 class=\"has-gold-color has-text-color\"><strong>II. Pourquoi choisir la Norv\u00e8ge pour un trek nordique en \u00e9t\u00e9 ?<\/strong><\/h2>\n\n\n\n<p class=\"has-normal-font-size\">L\u2019\u00e9t\u00e9 est une saison id\u00e9ale pour la randonn\u00e9e nordique. La m\u00e9t\u00e9o est relativement cl\u00e9mente, avec des temp\u00e9ratures fra\u00eeches et agr\u00e9ables pour marcher, peu de pr\u00e9cipitations selon les r\u00e9gions, et surtout, une lumi\u00e8re qui dure : parfait pour prolonger les \u00e9tapes ou improviser un bivouac face \u00e0 un lac glaciaire. C\u2019est aussi la saison o\u00f9 la nature est la plus vivante : les fleurs de montagne explosent en couleur, les oiseaux migrateurs reviennent et les rennes se d\u00e9placent en troupeaux dans le nord.<\/p>\n\n\n\n<p class=\"has-normal-font-size\">Mais ce qui rend un trek estival en Norv\u00e8ge vraiment \u00e0 part, c\u2019est cette sensation de solitude bienveillante. Les itin\u00e9raires sont peu fr\u00e9quent\u00e9s (hors spots tr\u00e8s connus comme Trolltunga), et la densit\u00e9 de population \u00e9tant faible, on se sent rapidement seul au monde. C\u2019est une invitation \u00e0 ralentir, \u00e0 s\u2019immerger compl\u00e8tement dans l\u2019instant, sans autre bruit que celui du vent ou d\u2019un torrent en contrebas. Enfin, la diversit\u00e9 des terrains permet \u00e0 chacun de trouver son bonheur : sentiers c\u00f4tiers dans les Lofoten, montagnes escarp\u00e9es dans le Jotunheimen, vall\u00e9es verdoyantes dans l\u2019Aurlandsdalen ou plateaux lunaires du Finnmark.<\/p>\n\n\n\n<h2 class=\"has-gold-color has-text-color\"><strong>III. Conseils pratiques pour un trek nordique en Norv\u00e8ge en \u00e9t\u00e9<\/strong><\/h2>\n\n\n\n<p class=\"has-normal-font-size\">Un trek en Norv\u00e8ge demande une bonne pr\u00e9paration pour profiter pleinement de la nature norv\u00e9gienne tout en restant en s\u00e9curit\u00e9. Voici nos conseils pratiques pour r\u00e9ussir ton trek nordique estival.<\/p>\n\n\n\n<div class=\"wp-block-media-text has-media-on-the-right is-stacked-on-mobile has-normal-font-size\"><div class=\"wp-block-media-text__content\">\n<h3 class=\"has-gold-color has-text-color\">\u00c9quipement recommand\u00e9<\/h3>\n\n\n\n<p class=\"has-normal-font-size\">Pour une randonn\u00e9e en Norv\u00e8ge en \u00e9t\u00e9, l\u2019\u00e9quipement doit \u00eatre \u00e0 la fois l\u00e9ger, fonctionnel et adapt\u00e9 aux conditions variables. M\u00eame en \u00e9t\u00e9, la m\u00e9t\u00e9o peut \u00eatre fra\u00eeche et changeante, surtout en altitude.<\/p>\n\n\n\n<ul class=\"has-normal-font-size\">\n<li><strong>V\u00eatements<\/strong> : privil\u00e9gie les couches superposables, avec une bonne veste imperm\u00e9able et respirante, un coupe-vent, des sous-v\u00eatements techniques qui s\u00e8chent rapidement, et une polaire pour les soir\u00e9es fra\u00eeches. N\u2019oublie pas un chapeau, des lunettes de soleil et de la cr\u00e8me solaire, car la lumi\u00e8re peut \u00eatre intense, notamment avec la r\u00e9verb\u00e9ration sur l\u2019eau ou la neige r\u00e9siduelle.<\/li>\n\n\n\n<li><strong>Chaussures<\/strong> : des chaussures de randonn\u00e9e robustes, \u00e9tanches et avec un bon maintien sont indispensables pour les sentiers parfois rocheux et humides.<\/li>\n\n\n\n<li><strong>Mat\u00e9riel<\/strong> : sac \u00e0 dos confortable, b\u00e2tons de marche (tr\u00e8s utiles pour l\u2019\u00e9quilibre et r\u00e9duire la fatigue), gourde ou syst\u00e8me d\u2019hydratation, trousse de premiers secours, carte ou GPS, et \u00e9ventuellement un appareil photo pour immortaliser les paysages exceptionnels<\/li>\n<\/ul>\n<\/div><figure class=\"wp-block-media-text__media\"><img decoding=\"async\" loading=\"lazy\" width=\"714\" height=\"1024\" src=\"https:\/\/www.explora-project.com\/blog\/wp-content\/uploads\/2025\/05\/Equipement-recommande-714x1024.png\" alt=\"\" class=\"wp-image-6098 size-full\" srcset=\"https:\/\/www.explora-project.com\/blog\/wp-content\/uploads\/2025\/05\/Equipement-recommande-714x1024.png 714w, https:\/\/www.explora-project.com\/blog\/wp-content\/uploads\/2025\/05\/Equipement-recommande-209x300.png 209w, https:\/\/www.explora-project.com\/blog\/wp-content\/uploads\/2025\/05\/Equipement-recommande.png 732w\" sizes=\"(max-width: 714px) 100vw, 714px\" \/><\/figure><\/div>\n\n\n\n<div class=\"wp-block-media-text is-stacked-on-mobile has-normal-font-size\"><figure class=\"wp-block-media-text__media\"><img decoding=\"async\" loading=\"lazy\" width=\"714\" height=\"1024\" src=\"https:\/\/www.explora-project.com\/blog\/wp-content\/uploads\/2025\/05\/Meilleure-periode-pour-partir-714x1024.png\" alt=\"\" class=\"wp-image-6100 size-full\" srcset=\"https:\/\/www.explora-project.com\/blog\/wp-content\/uploads\/2025\/05\/Meilleure-periode-pour-partir-714x1024.png 714w, https:\/\/www.explora-project.com\/blog\/wp-content\/uploads\/2025\/05\/Meilleure-periode-pour-partir-209x300.png 209w, https:\/\/www.explora-project.com\/blog\/wp-content\/uploads\/2025\/05\/Meilleure-periode-pour-partir.png 732w\" sizes=\"(max-width: 714px) 100vw, 714px\" \/><\/figure><div class=\"wp-block-media-text__content\">\n<h3 class=\"has-gold-color has-text-color\">Meilleure p\u00e9riode pour partir<\/h3>\n\n\n\n<p class=\"has-normal-font-size\">La meilleure p\u00e9riode pour un trek nordique en Norv\u00e8ge s\u2019\u00e9tend de juin \u00e0 septembre. C\u2019est durant ces mois que la m\u00e9t\u00e9o est la plus stable, avec des temp\u00e9ratures moyennes comprises entre 10 et 20 \u00b0C selon les r\u00e9gions, avec la possibilit\u00e9 d\u2019atteindre les 30 \u00b0C.<\/p>\n\n\n\n<ul class=\"has-normal-font-size\">\n<li><strong>Juin et juillet<\/strong> offrent des jours tr\u00e8s longs, presque sans nuit, gr\u00e2ce au soleil de minuit dans le nord. La nature est en pleine floraison, les rivi\u00e8res sont bien aliment\u00e9es par la fonte des neiges.<\/li>\n\n\n\n<li><strong>Ao\u00fbt et septembre<\/strong> sont id\u00e9aux pour \u00e9viter la foule tout en profitant encore de conditions agr\u00e9ables, avec une lumi\u00e8re plus douce et de belles couleurs automnales qui commencent \u00e0 appara\u00eetre en septembre.<\/li>\n<\/ul>\n<\/div><\/div>\n\n\n\n<div class=\"wp-block-media-text has-media-on-the-right is-stacked-on-mobile has-normal-font-size\"><div class=\"wp-block-media-text__content\">\n<h3 class=\"has-gold-color has-text-color\">H\u00e9bergements<\/h3>\n\n\n\n<p class=\"has-normal-font-size\">La Norv\u00e8ge offre une diversit\u00e9 d\u2019h\u00e9bergements pour les treks nordiques :<\/p>\n\n\n\n<ul class=\"has-normal-font-size\">\n<li><strong>Refuges<\/strong> : souvent g\u00e9r\u00e9s par l\u2019association DNT (Den Norske Turistforening), ils sont diss\u00e9min\u00e9s le long des sentiers principaux, proposent un abri s\u00fbr, parfois des repas simples et un lieu de rencontre avec d\u2019autres randonneurs. Il est conseill\u00e9 de r\u00e9server en avance pour la haute saison.<\/li>\n\n\n\n<li><strong>Camping<\/strong> : la loi du \u00ab\u00a0droit de tout un chacun\u00a0\u00bb (Allemannsretten) permet de camper librement sur les terres non cultiv\u00e9es, \u00e0 condition de respecter la nature et de ne pas s\u2019installer trop pr\u00e8s des habitations.<\/li>\n\n\n\n<li><strong>G\u00eetes et auberges<\/strong> : dans les vall\u00e9es ou villages, on trouve aussi des options plus confortables pour se reposer apr\u00e8s une journ\u00e9e de marche.<\/li>\n<\/ul>\n<\/div><figure class=\"wp-block-media-text__media\"><img decoding=\"async\" loading=\"lazy\" width=\"714\" height=\"1024\" src=\"https:\/\/www.explora-project.com\/blog\/wp-content\/uploads\/2025\/05\/Hebergements-714x1024.png\" alt=\"\" class=\"wp-image-6101 size-full\" srcset=\"https:\/\/www.explora-project.com\/blog\/wp-content\/uploads\/2025\/05\/Hebergements-714x1024.png 714w, https:\/\/www.explora-project.com\/blog\/wp-content\/uploads\/2025\/05\/Hebergements-209x300.png 209w, https:\/\/www.explora-project.com\/blog\/wp-content\/uploads\/2025\/05\/Hebergements.png 732w\" sizes=\"(max-width: 714px) 100vw, 714px\" \/><\/figure><\/div>\n\n\n\n<div class=\"wp-block-media-text is-stacked-on-mobile has-normal-font-size\"><figure class=\"wp-block-media-text__media\"><img decoding=\"async\" loading=\"lazy\" width=\"714\" height=\"1024\" src=\"https:\/\/www.explora-project.com\/blog\/wp-content\/uploads\/2025\/05\/Securite-et-respect-de-la-nature-714x1024.png\" alt=\"\" class=\"wp-image-6102 size-full\" srcset=\"https:\/\/www.explora-project.com\/blog\/wp-content\/uploads\/2025\/05\/Securite-et-respect-de-la-nature-714x1024.png 714w, https:\/\/www.explora-project.com\/blog\/wp-content\/uploads\/2025\/05\/Securite-et-respect-de-la-nature-209x300.png 209w, https:\/\/www.explora-project.com\/blog\/wp-content\/uploads\/2025\/05\/Securite-et-respect-de-la-nature.png 732w\" sizes=\"(max-width: 714px) 100vw, 714px\" \/><\/figure><div class=\"wp-block-media-text__content\">\n<h3 class=\"has-gold-color has-text-color\">S\u00e9curit\u00e9 et respect de la nature<\/h3>\n\n\n\n<p class=\"has-normal-font-size\">La s\u00e9curit\u00e9 est primordiale pour un trek en Norv\u00e8ge r\u00e9ussi :<\/p>\n\n\n\n<ul class=\"has-normal-font-size\">\n<li>Informe-toi sur la m\u00e9t\u00e9o avant chaque \u00e9tape et pr\u00e9pare-toi \u00e0 des changements rapides.<\/li>\n\n\n\n<li>Emporte une trousse de premiers secours et un moyen de communication (t\u00e9l\u00e9phone portable ou balise GPS).<\/li>\n\n\n\n<li>Reste sur les sentiers balis\u00e9s pour \u00e9viter de te perdre et prot\u00e9ger la v\u00e9g\u00e9tation fragile.<\/li>\n\n\n\n<li>Applique le principe \u00ab\u00a0Leave No Trace\u00a0\u00bb : emporte tous tes d\u00e9chets, respecte la faune et la flore, \u00e9vite de faire du feu en pleine nature sauf dans les zones autoris\u00e9es.<\/li>\n\n\n\n<li>En respectant ces conseils, tu pourras pleinement savourer ton aventure en Norv\u00e8ge.<\/li>\n<\/ul>\n<\/div><\/div>\n\n\n\n<p class=\"has-normal-font-size\">Partir en Norv\u00e8ge l\u2019\u00e9t\u00e9, c\u2019est s\u2019offrir une aventure unique au c\u0153ur d\u2019une nature pr\u00e9serv\u00e9e. Que tu choisisses les \u00eeles Lofoten, le plateau de Hardangervidda ou la c\u00e9l\u00e8bre randonn\u00e9e de Trolltunga, chaque parcours te promet des paysages \u00e0 couper le souffle, une immersion totale et cette sensation incomparable de libert\u00e9.<\/p>\n\n\n\n<p class=\"has-normal-font-size\">Gr\u00e2ce \u00e0 une m\u00e9t\u00e9o estivale favorable, un r\u00e9seau d\u2019h\u00e9bergements accueillants et des itin\u00e9raires adapt\u00e9s \u00e0 tous les niveaux, la Norv\u00e8ge est d\u00e9finitivement la destination id\u00e9ale pour ta prochaine randonn\u00e9e nordique. N\u2019oublie pas d\u2019\u00eatre bien \u00e9quip\u00e9, de respecter la nature et de pr\u00e9parer ton trek avec soin pour vivre une exp\u00e9rience inoubliable.<\/p>\n\n\n\n<div class=\"is-content-justification-center is-layout-flex wp-container-1 wp-block-buttons\">\n<div class=\"wp-block-button has-custom-font-size has-normal-font-size\"><a class=\"wp-block-button__link has-white-color has-gold-background-color has-text-color has-background wp-element-button\" href=\"https:\/\/www.explora-project.com\/expeditions?refinementList%5Bcountries%5D%5B0%5D=Norv%C3%A8ge\" style=\"border-radius:5px\" target=\"_blank\" rel=\"noreferrer noopener\">NOS AVENTURES EN NORV\u00c8GE L\u2019\u00c9T\u00c9<\/a><\/div>\n<\/div>\n","protected":false},"excerpt":{"rendered":"<p>Faire un trek en Norv\u00e8ge l\u2019\u00e9t\u00e9, c\u2019est marcher au c\u0153ur d\u2019une nature sauvage, baign\u00e9e par une lumi\u00e8re qui ne s\u2019\u00e9teint jamais vraiment. Les journ\u00e9es semblent sans fin, offrant une exp\u00e9rience<a href=\"https:\/\/www.explora-project.com\/blog\/articles\/explorer-la-norvege-en-ete-6-treks-nordiques-a-vivre-absolument\" class=\"more-link\"><span class=\"readmore\">Continuer \u00e0 lire&#8230;<span class=\"screen-reader-text\">Explorer la Norv\u00e8ge en \u00e9t\u00e9 : 6 treks nordiques \u00e0 vivre absolument<\/span><\/span><\/a><\/p>\n","protected":false},"author":22,"featured_media":6178,"comment_status":"closed","ping_status":"closed","sticky":false,"template":"","format":"standard","meta":[],"categories":[4,279],"tags":[],"yoast_head":"<!-- This site is optimized with the Yoast SEO plugin v19.10 - https:\/\/yoast.com\/wordpress\/plugins\/seo\/ -->\n<title>Explorer la Norv\u00e8ge en \u00e9t\u00e9 : 6 treks nordiques \u00e0 vivre absolument - Journal d&#039;Explora Project<\/title>\n<meta name=\"robots\" content=\"index, follow, max-snippet:-1, max-image-preview:large, max-video-preview:-1\" \/>\n<link rel=\"canonical\" href=\"https:\/\/www.explora-project.com\/blog\/articles\/explorer-la-norvege-en-ete-6-treks-nordiques-a-vivre-absolument\" \/>\n<meta property=\"og:locale\" content=\"fr_FR\" \/>\n<meta property=\"og:type\" content=\"article\" \/>\n<meta property=\"og:title\" content=\"Explorer la Norv\u00e8ge en \u00e9t\u00e9 : 6 treks nordiques \u00e0 vivre absolument - Journal d&#039;Explora Project\" \/>\n<meta property=\"og:description\" content=\"Faire un trek en Norv\u00e8ge l\u2019\u00e9t\u00e9, c\u2019est marcher au c\u0153ur d\u2019une nature sauvage, baign\u00e9e par une lumi\u00e8re qui ne s\u2019\u00e9teint jamais vraiment. Les journ\u00e9es semblent sans fin, offrant une exp\u00e9rienceContinuer \u00e0 lire...Explorer la Norv\u00e8ge en \u00e9t\u00e9 : 6 treks nordiques \u00e0 vivre absolument\" \/>\n<meta property=\"og:url\" content=\"https:\/\/www.explora-project.com\/blog\/articles\/explorer-la-norvege-en-ete-6-treks-nordiques-a-vivre-absolument\" \/>\n<meta property=\"og:site_name\" content=\"Journal d&#039;Explora Project\" \/>\n<meta property=\"article:published_time\" content=\"2025-05-26T14:07:42+00:00\" \/>\n<meta property=\"article:modified_time\" content=\"2025-07-07T06:37:06+00:00\" \/>\n<meta property=\"og:image\" content=\"https:\/\/www.explora-project.com\/blog\/wp-content\/uploads\/2025\/05\/Norvege-1024x683.png\" \/>\n\t<meta property=\"og:image:width\" content=\"1024\" \/>\n\t<meta property=\"og:image:height\" content=\"683\" \/>\n\t<meta property=\"og:image:type\" content=\"image\/png\" \/>\n<meta name=\"author\" content=\"anna@explora-project.com\" \/>\n<meta name=\"twitter:card\" content=\"summary_large_image\" \/>\n<meta name=\"twitter:label1\" content=\"Written by\" \/>\n\t<meta name=\"twitter:data1\" content=\"anna@explora-project.com\" \/>\n\t<meta name=\"twitter:label2\" content=\"Est. reading time\" \/>\n\t<meta name=\"twitter:data2\" content=\"12 minutes\" \/>\n<script type=\"application\/ld+json\" class=\"yoast-schema-graph\">{\"@context\":\"https:\/\/schema.org\",\"@graph\":[{\"@type\":\"WebPage\",\"@id\":\"https:\/\/www.explora-project.com\/blog\/articles\/explorer-la-norvege-en-ete-6-treks-nordiques-a-vivre-absolument\",\"url\":\"https:\/\/www.explora-project.com\/blog\/articles\/explorer-la-norvege-en-ete-6-treks-nordiques-a-vivre-absolument\",\"name\":\"Explorer la Norv\u00e8ge en \u00e9t\u00e9 : 6 treks nordiques \u00e0 vivre absolument - Journal d&#039;Explora Project\",\"isPartOf\":{\"@id\":\"https:\/\/www.explora-project.com\/blog\/#website\"},\"datePublished\":\"2025-05-26T14:07:42+00:00\",\"dateModified\":\"2025-07-07T06:37:06+00:00\",\"author\":{\"@id\":\"https:\/\/www.explora-project.com\/blog\/#\/schema\/person\/a773aad3591c772047e03c17fd28d501\"},\"breadcrumb\":{\"@id\":\"https:\/\/www.explora-project.com\/blog\/articles\/explorer-la-norvege-en-ete-6-treks-nordiques-a-vivre-absolument#breadcrumb\"},\"inLanguage\":\"fr-FR\",\"potentialAction\":[{\"@type\":\"ReadAction\",\"target\":[\"https:\/\/www.explora-project.com\/blog\/articles\/explorer-la-norvege-en-ete-6-treks-nordiques-a-vivre-absolument\"]}]},{\"@type\":\"BreadcrumbList\",\"@id\":\"https:\/\/www.explora-project.com\/blog\/articles\/explorer-la-norvege-en-ete-6-treks-nordiques-a-vivre-absolument#breadcrumb\",\"itemListElement\":[{\"@type\":\"ListItem\",\"position\":1,\"name\":\"Home\",\"item\":\"https:\/\/www.explora-project.com\/blog\"},{\"@type\":\"ListItem\",\"position\":2,\"name\":\"Explorer la Norv\u00e8ge en \u00e9t\u00e9 : 6 treks nordiques \u00e0 vivre absolument\"}]},{\"@type\":\"WebSite\",\"@id\":\"https:\/\/www.explora-project.com\/blog\/#website\",\"url\":\"https:\/\/www.explora-project.com\/blog\/\",\"name\":\"Journal d&#039;Explora Project\",\"description\":\"Actualit\u00e9s \u00e0 la une\",\"potentialAction\":[{\"@type\":\"SearchAction\",\"target\":{\"@type\":\"EntryPoint\",\"urlTemplate\":\"https:\/\/www.explora-project.com\/blog\/?s={search_term_string}\"},\"query-input\":\"required name=search_term_string\"}],\"inLanguage\":\"fr-FR\"},{\"@type\":\"Person\",\"@id\":\"https:\/\/www.explora-project.com\/blog\/#\/schema\/person\/a773aad3591c772047e03c17fd28d501\",\"name\":\"anna@explora-project.com\",\"image\":{\"@type\":\"ImageObject\",\"inLanguage\":\"fr-FR\",\"@id\":\"https:\/\/www.explora-project.com\/blog\/#\/schema\/person\/image\/\",\"url\":\"https:\/\/www.explora-project.com\/blog\/wp-content\/uploads\/2023\/10\/MOI-96x96.jpg\",\"contentUrl\":\"https:\/\/www.explora-project.com\/blog\/wp-content\/uploads\/2023\/10\/MOI-96x96.jpg\",\"caption\":\"anna@explora-project.com\"},\"url\":\"https:\/\/www.explora-project.com\/blog\/articles\/author\/annaexplora-project-com\"}]}<\/script>\n<!-- \/ Yoast SEO plugin. -->","yoast_head_json":{"title":"Explorer la Norv\u00e8ge en \u00e9t\u00e9 : 6 treks nordiques \u00e0 vivre absolument - Journal d&#039;Explora Project","robots":{"index":"index","follow":"follow","max-snippet":"max-snippet:-1","max-image-preview":"max-image-preview:large","max-video-preview":"max-video-preview:-1"},"canonical":"https:\/\/www.explora-project.com\/blog\/articles\/explorer-la-norvege-en-ete-6-treks-nordiques-a-vivre-absolument","og_locale":"fr_FR","og_type":"article","og_title":"Explorer la Norv\u00e8ge en \u00e9t\u00e9 : 6 treks nordiques \u00e0 vivre absolument - Journal d&#039;Explora Project","og_description":"Faire un trek en Norv\u00e8ge l\u2019\u00e9t\u00e9, c\u2019est marcher au c\u0153ur d\u2019une nature sauvage, baign\u00e9e par une lumi\u00e8re qui ne s\u2019\u00e9teint jamais vraiment. Les journ\u00e9es semblent sans fin, offrant une exp\u00e9rienceContinuer \u00e0 lire...Explorer la Norv\u00e8ge en \u00e9t\u00e9 : 6 treks nordiques \u00e0 vivre absolument","og_url":"https:\/\/www.explora-project.com\/blog\/articles\/explorer-la-norvege-en-ete-6-treks-nordiques-a-vivre-absolument","og_site_name":"Journal d&#039;Explora Project","article_published_time":"2025-05-26T14:07:42+00:00","article_modified_time":"2025-07-07T06:37:06+00:00","og_image":[{"width":1024,"height":683,"url":"https:\/\/www.explora-project.com\/blog\/wp-content\/uploads\/2025\/05\/Norvege-1024x683.png","type":"image\/png"}],"author":"anna@explora-project.com","twitter_card":"summary_large_image","twitter_misc":{"Written by":"anna@explora-project.com","Est. reading time":"12 minutes"},"schema":{"@context":"https:\/\/schema.org","@graph":[{"@type":"WebPage","@id":"https:\/\/www.explora-project.com\/blog\/articles\/explorer-la-norvege-en-ete-6-treks-nordiques-a-vivre-absolument","url":"https:\/\/www.explora-project.com\/blog\/articles\/explorer-la-norvege-en-ete-6-treks-nordiques-a-vivre-absolument","name":"Explorer la Norv\u00e8ge en \u00e9t\u00e9 : 6 treks nordiques \u00e0 vivre absolument - Journal d&#039;Explora Project","isPartOf":{"@id":"https:\/\/www.explora-project.com\/blog\/#website"},"datePublished":"2025-05-26T14:07:42+00:00","dateModified":"2025-07-07T06:37:06+00:00","author":{"@id":"https:\/\/www.explora-project.com\/blog\/#\/schema\/person\/a773aad3591c772047e03c17fd28d501"},"breadcrumb":{"@id":"https:\/\/www.explora-project.com\/blog\/articles\/explorer-la-norvege-en-ete-6-treks-nordiques-a-vivre-absolument#breadcrumb"},"inLanguage":"fr-FR","potentialAction":[{"@type":"ReadAction","target":["https:\/\/www.explora-project.com\/blog\/articles\/explorer-la-norvege-en-ete-6-treks-nordiques-a-vivre-absolument"]}]},{"@type":"BreadcrumbList","@id":"https:\/\/www.explora-project.com\/blog\/articles\/explorer-la-norvege-en-ete-6-treks-nordiques-a-vivre-absolument#breadcrumb","itemListElement":[{"@type":"ListItem","position":1,"name":"Home","item":"https:\/\/www.explora-project.com\/blog"},{"@type":"ListItem","position":2,"name":"Explorer la Norv\u00e8ge en \u00e9t\u00e9 : 6 treks nordiques \u00e0 vivre absolument"}]},{"@type":"WebSite","@id":"https:\/\/www.explora-project.com\/blog\/#website","url":"https:\/\/www.explora-project.com\/blog\/","name":"Journal d&#039;Explora Project","description":"Actualit\u00e9s \u00e0 la une","potentialAction":[{"@type":"SearchAction","target":{"@type":"EntryPoint","urlTemplate":"https:\/\/www.explora-project.com\/blog\/?s={search_term_string}"},"query-input":"required name=search_term_string"}],"inLanguage":"fr-FR"},{"@type":"Person","@id":"https:\/\/www.explora-project.com\/blog\/#\/schema\/person\/a773aad3591c772047e03c17fd28d501","name":"anna@explora-project.com","image":{"@type":"ImageObject","inLanguage":"fr-FR","@id":"https:\/\/www.explora-project.com\/blog\/#\/schema\/person\/image\/","url":"https:\/\/www.explora-project.com\/blog\/wp-content\/uploads\/2023\/10\/MOI-96x96.jpg","contentUrl":"https:\/\/www.explora-project.com\/blog\/wp-content\/uploads\/2023\/10\/MOI-96x96.jpg","caption":"anna@explora-project.com"},"url":"https:\/\/www.explora-project.com\/blog\/articles\/author\/annaexplora-project-com"}]}},"_links":{"self":[{"href":"https:\/\/www.explora-project.com\/blog\/wp-json\/wp\/v2\/posts\/6085"}],"collection":[{"href":"https:\/\/www.explora-project.com\/blog\/wp-json\/wp\/v2\/posts"}],"about":[{"href":"https:\/\/www.explora-project.com\/blog\/wp-json\/wp\/v2\/types\/post"}],"author":[{"embeddable":true,"href":"https:\/\/www.explora-project.com\/blog\/wp-json\/wp\/v2\/users\/22"}],"replies":[{"embeddable":true,"href":"https:\/\/www.explora-project.com\/blog\/wp-json\/wp\/v2\/comments?post=6085"}],"version-history":[{"count":7,"href":"https:\/\/www.explora-project.com\/blog\/wp-json\/wp\/v2\/posts\/6085\/revisions"}],"predecessor-version":[{"id":6106,"href":"https:\/\/www.explora-project.com\/blog\/wp-json\/wp\/v2\/posts\/6085\/revisions\/6106"}],"wp:featuredmedia":[{"embeddable":true,"href":"https:\/\/www.explora-project.com\/blog\/wp-json\/wp\/v2\/media\/6178"}],"wp:attachment":[{"href":"https:\/\/www.explora-project.com\/blog\/wp-json\/wp\/v2\/media?parent=6085"}],"wp:term":[{"taxonomy":"category","embeddable":true,"href":"https:\/\/www.explora-project.com\/blog\/wp-json\/wp\/v2\/categories?post=6085"},{"taxonomy":"post_tag","embeddable":true,"href":"https:\/\/www.explora-project.com\/blog\/wp-json\/wp\/v2\/tags?post=6085"}],"curies":[{"name":"wp","href":"https:\/\/api.w.org\/{rel}","templated":true}]}}