{"id":5771,"date":"2025-11-20T15:11:00","date_gmt":"2025-11-20T14:11:00","guid":{"rendered":"https:\/\/www.explora-project.com\/blog\/?p=5771"},"modified":"2025-11-24T15:56:03","modified_gmt":"2025-11-24T14:56:03","slug":"le-guide-de-notre-collection-alpinisme-de-linitiation-a-lascension-du-toit-des-alpes","status":"publish","type":"post","link":"https:\/\/www.explora-project.com\/blog\/articles\/le-guide-de-notre-collection-alpinisme-de-linitiation-a-lascension-du-toit-des-alpes","title":{"rendered":"Le guide de notre collection Alpinisme : de l\u2019initiation \u00e0 l\u2019ascension du toit des Alpes"},"content":{"rendered":"\n<p class=\"has-normal-font-size\">Progresser en&nbsp;haute montagne, repousser tes limites et vivre des moments uniques : telle est la promesse de l\u2019alpinisme. Pour t\u2019aider \u00e0 atteindre ces objectifs, la team Explora a con\u00e7u une collection qui regroupe toutes nos&nbsp;activit\u00e9s&nbsp;phares, adapt\u00e9es \u00e0 tous les&nbsp;niveaux, et encadr\u00e9es par nos&nbsp;guides&nbsp;passionn\u00e9s. Que ce soit pour une&nbsp;initiation, un&nbsp;stage&nbsp;de plusieurs jours, une&nbsp;formation&nbsp;approfondie ou la rel\u00e8ve d&rsquo;un ultime d\u00e9fi, nos&nbsp;guides&nbsp;t\u2019accompagnent pour \u00e9voluer en toute&nbsp;s\u00e9curit\u00e9&nbsp;et te pr\u00e9parer \u00e0 des moments inoubliables, en petit&nbsp;groupe.<br><br>Que tu sois d\u00e9butant, que tu souhaites progresser ou cocher une nouvelle case sur ta&nbsp;liste&nbsp;de d\u00e9fis, nous avons s\u00e9lectionn\u00e9 les&nbsp;aventures&nbsp;qui r\u00e9pondront \u00e0 tes attentes. Explore les&nbsp;terrains&nbsp;vari\u00e9s des&nbsp;\u00c9crins, les&nbsp;cr\u00eates rocheuses de Chamonix, ou les&nbsp;cascades&nbsp;de glace lors de&nbsp;courses&nbsp;adapt\u00e9es \u00e0 ton&nbsp;niveau. Chaque&nbsp;journ\u00e9e&nbsp;est une opportunit\u00e9 de d\u00e9couvrir de nouveaux sommets en&nbsp;France, tout en ma\u00eetrisant les&nbsp;codes&nbsp;et le&nbsp;mat\u00e9riel&nbsp;essentiels. Afin de mieux cerner cette collection, on t\u2019a pr\u00e9par\u00e9 un&nbsp;guide&nbsp;complet. Tu pourras alors, \u00e0 l&rsquo;issue de cet article, choisir le d\u00e9fi qui correspond \u00e0 tes attentes et \u00e0 tes comp\u00e9tences. Pr\u00eat \u00e0 t\u2019encorder ?<br><br>D\u2019ailleurs, en cas de doute sur ton&nbsp;niveau, n\u2019h\u00e9site pas \u00e0 faire notre quizz ou \u00e0 consulter notre article d\u00e9di\u00e9.<\/p>\n\n\n\n<div class=\"is-content-justification-center is-layout-flex wp-container-1 wp-block-buttons\">\n<div class=\"wp-block-button has-custom-font-size has-normal-font-size\"><a class=\"wp-block-button__link has-white-color has-gold-background-color has-text-color has-background wp-element-button\" href=\"https:\/\/www.explora-project.com\/ton-niveau\" style=\"border-radius:5px\" target=\"_blank\" rel=\"noreferrer noopener\">FAIRE LE QUIZZ<\/a><\/div>\n\n\n\n<div class=\"wp-block-button has-custom-font-size has-normal-font-size\"><a class=\"wp-block-button__link has-white-color has-gold-background-color has-text-color has-background wp-element-button\" href=\"https:\/\/www.explora-project.com\/blog\/articles\/comprendre-les-niveaux-chez-explora-project-guide-complet-pour-choisir-lexpedition-parfaite\" style=\"border-radius:5px\" target=\"_blank\" rel=\"noreferrer noopener\">voir l&rsquo;article<\/a><\/div>\n<\/div>\n\n\n\n<div style=\"height:50px\" aria-hidden=\"true\" class=\"wp-block-spacer\"><\/div>\n\n\n\n<pre class=\"wp-block-preformatted has-medium-black-color has-text-color has-normal-font-size\"><strong>Sommaire<\/strong>\n\n\ud83e\udd7e <strong>Partie 1 :<\/strong> D\u00e9couverte de la pratique et exp\u00e9riences de montagne\n\u2022 Les premiers pas\n\u2022 Se perfectionner\n\n\u26f0\ufe0f <strong>Partie 2 :<\/strong> Les d\u00e9fis ultimes\n\u2022 Se d\u00e9passer\n\u2022 Les \u00e9tapes jusqu'au sommet mythique<\/pre>\n\n\n\n<figure class=\"wp-block-image size-large\"><img decoding=\"async\" loading=\"lazy\" width=\"1024\" height=\"273\" src=\"https:\/\/www.explora-project.com\/blog\/wp-content\/uploads\/2025\/01\/Mask-group-1024x273.png\" alt=\"\" class=\"wp-image-5622\" srcset=\"https:\/\/www.explora-project.com\/blog\/wp-content\/uploads\/2025\/01\/Mask-group-1024x273.png 1024w, https:\/\/www.explora-project.com\/blog\/wp-content\/uploads\/2025\/01\/Mask-group-300x80.png 300w, https:\/\/www.explora-project.com\/blog\/wp-content\/uploads\/2025\/01\/Mask-group-768x205.png 768w, https:\/\/www.explora-project.com\/blog\/wp-content\/uploads\/2025\/01\/Mask-group.png 1493w\" sizes=\"(max-width: 1024px) 100vw, 1024px\" \/><\/figure>\n\n\n\n<h2 class=\"has-gold-color has-text-color\" style=\"font-style:normal;font-weight:600\"><strong>Partie 1 : D\u00e9couverte de la pratique et exp\u00e9riences de montagne<\/strong><\/h2>\n\n\n\n<p class=\"has-normal-font-size\">Pour celles et ceux qui souhaitent s\u2019initier, il existe de nombreuses fa\u00e7ons de d\u00e9couvrir cette discipline. Que ce soit sur roche, sur glace, ou lors d\u2019une premi\u00e8re progression dans les Alpes, une partie de notre collection est con\u00e7ue pour t\u2019accompagner dans tes premiers pas vers les cimes. Nous te proposons des activit\u00e9s vari\u00e9es, comme une nuit dans une cabane perch\u00e9e, pour vivre des exp\u00e9riences vari\u00e9es et enrichissantes. <\/p>\n\n\n\n<h3><strong>Les premiers pas :<\/strong><\/h3>\n\n\n\n<p class=\"has-normal-font-size\">L\u2019objectif, c&rsquo;est de&nbsp;te faire vivre un moment unique tout en t\u2019aidant \u00e0 assimiler la technique et les notions essentielles de l\u2019alpinisme. Nos guides te partageront leurs conseils experts lors de formations d\u2019une dur\u00e9e de trois jours. Elles sont centr\u00e9es sur la s\u00e9curit\u00e9, le mat\u00e9riel et les bases, et sont accessibles \u00e0 toute personne pratiquant r\u00e9guli\u00e8rement une activit\u00e9 sportive comme la randonn\u00e9e, le ski ou l\u2019escalade.<\/p>\n\n\n\n<pre class=\"wp-block-verse has-normal-font-size\" style=\"font-style:normal;font-weight:500\">\ud83d\udc4d <strong>Pour qui ?&nbsp;<\/strong>\n\u2022 Ceux qui pratiquent une activit\u00e9 physique r\u00e9guli\u00e8re et un sport d\u2019endurance environ 2 heures par semaine.\n\u2022 Ceux qui sont pr\u00eats \u00e0 porter un sac de 8 \u00e0 10 kilos pendant plusieurs heures,\n\u2022 Ceux qui ne souffrent pas du vertige,\n\u2022 Bonus : ceux qui pratiquent d\u00e9j\u00e0 de l\u2019escalade ou la randonn\u00e9e en montagne.\n<strong>\n\ud83d\ude80 Pourquoi te lancer ?<\/strong>\n\u2022 D\u00e9couvrir de quoi tu es capable,\n\u2022 Te familiariser avec du mat\u00e9riel sp\u00e9cifique,\n\u2022 Acqu\u00e9rir de nouvelles comp\u00e9tences,\n\u2022 Relever un d\u00e9fi encore plus ambitieux plus tard.<\/pre>\n\n\n\n<div class=\"is-layout-flex wp-container-4 wp-block-columns\">\n<div class=\"is-layout-flow wp-block-column\">\n<h3>Mon premier 4000<\/h3>\n\n\n\n<figure class=\"wp-block-image size-full\"><img decoding=\"async\" loading=\"lazy\" width=\"731\" height=\"48\" src=\"https:\/\/www.explora-project.com\/blog\/wp-content\/uploads\/2025\/02\/Mon-premier-4000.png\" alt=\"\" class=\"wp-image-5753\" srcset=\"https:\/\/www.explora-project.com\/blog\/wp-content\/uploads\/2025\/02\/Mon-premier-4000.png 731w, https:\/\/www.explora-project.com\/blog\/wp-content\/uploads\/2025\/02\/Mon-premier-4000-300x20.png 300w\" sizes=\"(max-width: 731px) 100vw, 731px\" \/><\/figure>\n\n\n\n<p class=\"has-normal-font-size\">Envie de franchir une \u00e9tape dans ton parcours alpin ? Ce programme de d\u00e9couverte t\u2019emm\u00e8ne dans les Alpes suisses, \u00e0 la d\u00e9couverte de la haute montagne, avec un objectif ambitieux : gravir ton premier 4 000 m.<\/p>\n\n\n\n<p class=\"has-normal-font-size\"><strong>Pourquoi te lancer&nbsp;?<\/strong> En 3 jours, tu apprendras les bases de l\u2019alpinisme : encordement, marche en crampons, assurage et s\u00e9curit\u00e9 en montagne, sous les conseils d\u2019un guide exp\u00e9riment\u00e9. Au programme, 2 nuits en refuge \u00e0 3 425 m\u00e8tres d\u2019altitude, avec des panoramas imprenables sur les glaciers environnants. L\u2019atteinte d\u2019un sommet mythique \u00e0 4000m marquera l\u2019accomplissement de ton aventure, offrant une vue spectaculaire sur le massif du Mont Rose et le Cervin.<\/p>\n\n\n\n<p class=\"has-normal-font-size\"><strong>Pr\u00e9-requis :<\/strong> faire r\u00e9guli\u00e8rement un sport d\u2019endurance, \u00e0 raison d\u2019au moins 2 heures par semaine, est recommand\u00e9 pour pouvoir soutenir les efforts demand\u00e9s en montagne. L\u2019objectif est d\u2019atteindre un sommet de haute altitude, ce qui impliquera des efforts plus soutenus, notamment en fonction des conditions d\u2019enneigement et m\u00e9t\u00e9orologiques. Il est essentiel de ne pas avoir peur du vide et d\u2019\u00eatre pr\u00eat \u00e0 relever des d\u00e9fis dans un environnement exigeant.<\/p>\n<\/div>\n\n\n\n<div class=\"is-layout-flow wp-block-column\">\n<figure class=\"wp-block-image size-large\"><a href=\"https:\/\/www.explora-project.com\/expeditions\/mon-premier-4-000?utm_source=pmax&amp;utm_medium=cpc&amp;gad_source=1&amp;gclid=Cj0KCQiAkoe9BhDYARIsAH85cDNT6fKd6Dk_cgC9_3BaHfCiUlIqea2rX8swVTgidnXjeptaD_VSiJUaArLAEALw_wcB\" target=\"_blank\" rel=\"noreferrer noopener\"><img decoding=\"async\" loading=\"lazy\" width=\"686\" height=\"1024\" src=\"https:\/\/www.explora-project.com\/blog\/wp-content\/uploads\/2025\/01\/4000-686x1024.png\" alt=\"\" class=\"wp-image-5663\" srcset=\"https:\/\/www.explora-project.com\/blog\/wp-content\/uploads\/2025\/01\/4000-686x1024.png 686w, https:\/\/www.explora-project.com\/blog\/wp-content\/uploads\/2025\/01\/4000-201x300.png 201w, https:\/\/www.explora-project.com\/blog\/wp-content\/uploads\/2025\/01\/4000.png 732w\" sizes=\"(max-width: 686px) 100vw, 686px\" \/><\/a><\/figure>\n<\/div>\n<\/div>\n\n\n\n<div style=\"height:50px\" aria-hidden=\"true\" class=\"wp-block-spacer\"><\/div>\n\n\n\n<div class=\"is-layout-flex wp-container-7 wp-block-columns\">\n<div class=\"is-layout-flow wp-block-column\">\n<figure class=\"wp-block-image size-large\"><a href=\"https:\/\/www.explora-project.com\/expeditions\/cramponne-sur-la-mer-de-glace?utm_source=pmax&amp;utm_medium=cpc&amp;gad_source=1&amp;gclid=Cj0KCQiAkoe9BhDYARIsAH85cDOuJiWPt2wz9m8bNCgW9N2CIdsGR6Bz5lYDSACT7Uyh7oBi2Xk_kzEaAnKbEALw_wcB\" target=\"_blank\" rel=\"noreferrer noopener\"><img decoding=\"async\" loading=\"lazy\" width=\"638\" height=\"1024\" src=\"https:\/\/www.explora-project.com\/blog\/wp-content\/uploads\/2025\/01\/Mask-group-6-638x1024.png\" alt=\"\" class=\"wp-image-5683\" srcset=\"https:\/\/www.explora-project.com\/blog\/wp-content\/uploads\/2025\/01\/Mask-group-6-638x1024.png 638w, https:\/\/www.explora-project.com\/blog\/wp-content\/uploads\/2025\/01\/Mask-group-6-187x300.png 187w, https:\/\/www.explora-project.com\/blog\/wp-content\/uploads\/2025\/01\/Mask-group-6.png 732w\" sizes=\"(max-width: 638px) 100vw, 638px\" \/><\/a><\/figure>\n<\/div>\n\n\n\n<div class=\"is-layout-flow wp-block-column\">\n<h3>D\u00e9couverte de l&rsquo;alpinisme dans la vall\u00e9e du Mont blanc<\/h3>\n\n\n\n<figure class=\"wp-block-image size-full\"><img decoding=\"async\" loading=\"lazy\" width=\"731\" height=\"48\" src=\"https:\/\/www.explora-project.com\/blog\/wp-content\/uploads\/2025\/01\/portaledge.png\" alt=\"\" class=\"wp-image-5645\" srcset=\"https:\/\/www.explora-project.com\/blog\/wp-content\/uploads\/2025\/01\/portaledge.png 731w, https:\/\/www.explora-project.com\/blog\/wp-content\/uploads\/2025\/01\/portaledge-300x20.png 300w\" sizes=\"(max-width: 731px) 100vw, 731px\" \/><\/figure>\n\n\n\n<p class=\"has-normal-font-size\">On te propose de passer trois jours et deux nuits, avec l\u2019objectif final potentiel en vue. Cette aventure allie apprentissage et d\u00e9passement de soi. Crampons aux pieds et corde en main, pars \u00e0 la d\u00e9couverte des glaciers et des massifs majestueux qui dominent ce territoire d\u2019exception.<\/p>\n\n\n\n<p class=\"has-normal-font-size\"><strong>Pourquoi te lancer ?<\/strong> C\u2019est l\u2019occasion d\u2019apprendre les bases, comme les n\u0153uds d\u2019assurage, la progression sur terrains vari\u00e9s, le tout, face au toit de l\u2019Europe. Un moyen de tester et de repousser ses limites, jusqu\u2019\u00e0 gravir ton premier sommet.<\/p>\n\n\n\n<p class=\"has-normal-font-size\"><strong>Pr\u00e9-requis :<\/strong> accessible aux d\u00e9butants en alpinisme, il est tout de m\u00eame recommand\u00e9 d&rsquo;\u00eatre \u00e0 l&rsquo;aise avec des efforts de longue dur\u00e9e, en pratiquant 2 et 4 heures par semaine du jogging, de la natation ou du v\u00e9lo\u2026 Il te faudra \u00e9galement \u00eatre capable de marcher avec un sac d\u2019environ 10 kg sur le dos.<\/p>\n<\/div>\n<\/div>\n\n\n\n<div class=\"is-content-justification-center is-layout-flex wp-container-8 wp-block-buttons\">\n<div class=\"wp-block-button has-custom-font-size has-normal-font-size\"><a class=\"wp-block-button__link has-white-color has-gold-background-color has-text-color has-background wp-element-button\" href=\"https:\/\/www.explora-project.com\/expeditions\/cramponne-sur-la-mer-de-glace?utm_source=pmax&amp;utm_medium=cpc&amp;gad_source=1&amp;gclid=Cj0KCQiAkoe9BhDYARIsAH85cDOuJiWPt2wz9m8bNCgW9N2CIdsGR6Bz5lYDSACT7Uyh7oBi2Xk_kzEaAnKbEALw_wcB\" style=\"border-radius:5px\" target=\"_blank\" rel=\"noreferrer noopener\">ALLER SUR LA PAGE DE L\u2019AVENTURE<\/a><\/div>\n<\/div>\n\n\n\n<div style=\"height:50px\" aria-hidden=\"true\" class=\"wp-block-spacer\"><\/div>\n\n\n\n<div class=\"is-layout-flex wp-container-11 wp-block-columns\">\n<div class=\"is-layout-flow wp-block-column\">\n<h3>Alpinisme rocheux : <br>ma premi\u00e8re course d&rsquo;ar\u00eate <br>face au Mont Blanc<\/h3>\n\n\n\n<figure class=\"wp-block-image size-full\"><img decoding=\"async\" loading=\"lazy\" width=\"731\" height=\"48\" src=\"https:\/\/www.explora-project.com\/blog\/wp-content\/uploads\/2025\/01\/portaledge.png\" alt=\"\" class=\"wp-image-5645\" srcset=\"https:\/\/www.explora-project.com\/blog\/wp-content\/uploads\/2025\/01\/portaledge.png 731w, https:\/\/www.explora-project.com\/blog\/wp-content\/uploads\/2025\/01\/portaledge-300x20.png 300w\" sizes=\"(max-width: 731px) 100vw, 731px\" \/><\/figure>\n\n\n\n<p class=\"has-normal-font-size\">Si tu as d\u00e9j\u00e0 fait des activit\u00e9s en montagne, la course d\u2019ar\u00eate est une porte d\u2019entr\u00e9e id\u00e9ale pour d\u00e9couvrir la haute montagne. Avec ces trois jours, aussi \u00e0 Chamonix, tu peux venir explorer les bases de l\u2019alpinisme rocheux et go\u00fbter \u00e0 l\u2019adr\u00e9naline des grandes ar\u00eates alpines.<\/p>\n\n\n\n<p class=\"has-normal-font-size\"><strong>Pourquoi te lancer ?<\/strong> Ces trois jours sont l\u2019occasion d\u2019apprendre \u00e0 \u00e9voluer au sein d\u2019une v\u00e9ritable cord\u00e9e et de ma\u00eetriser de nouvelles techniques sur le terrain particulier qu\u2019offrent les ar\u00eates rocheuses. Une immersion totale, entre escalade et randonn\u00e9e, est un bon moyen de d\u00e9velopper son autonomie pour envisager ses propres courses d\u2019ar\u00eate \u00e0 l\u2019avenir.<\/p>\n\n\n\n<p class=\"has-normal-font-size\"><strong>Pr\u00e9-requis :<\/strong> pour profiter pleinement, il est important de pratiquer une activit\u00e9 d\u2019endurance au moins 2 heures par semaine et d\u2019\u00eatre pr\u00eat \u00e0 se d\u00e9passer. Il faut aussi \u00eatre capable de porter un sac d\u2019environ 8 kg pendant trois jours et d\u2019\u00e9voluer en haute montagne sur des terrains vari\u00e9s comme des \u00e9boulis, des moraines ou des chaos de blocs. Une base dans la discipline de la grimpe, que ce soit en bloc ou en voie, est un atout, mais pas indispensable. Il est bien \u00e9videmment essentiel de ne pas souffrir du vertige.<\/p>\n<\/div>\n\n\n\n<div class=\"is-layout-flow wp-block-column\">\n<figure class=\"wp-block-image size-large\"><a href=\"https:\/\/www.explora-project.com\/expeditions\/ma-premiere-course-d-arete-face-au-mont-blanc\" target=\"_blank\" rel=\"noreferrer noopener\"><img decoding=\"async\" loading=\"lazy\" width=\"643\" height=\"1024\" src=\"https:\/\/www.explora-project.com\/blog\/wp-content\/uploads\/2025\/01\/alpi-roche-643x1024.png\" alt=\"\" class=\"wp-image-5657\" srcset=\"https:\/\/www.explora-project.com\/blog\/wp-content\/uploads\/2025\/01\/alpi-roche-643x1024.png 643w, https:\/\/www.explora-project.com\/blog\/wp-content\/uploads\/2025\/01\/alpi-roche-188x300.png 188w, https:\/\/www.explora-project.com\/blog\/wp-content\/uploads\/2025\/01\/alpi-roche.png 732w\" sizes=\"(max-width: 643px) 100vw, 643px\" \/><\/a><\/figure>\n<\/div>\n<\/div>\n\n\n\n<div class=\"is-content-justification-center is-layout-flex wp-container-12 wp-block-buttons\">\n<div class=\"wp-block-button has-custom-font-size has-normal-font-size\"><a class=\"wp-block-button__link has-white-color has-gold-background-color has-text-color has-background wp-element-button\" href=\"https:\/\/www.explora-project.com\/expeditions\/ma-premiere-course-d-arete-face-au-mont-blanc\" style=\"border-radius:5px\" target=\"_blank\" rel=\"noreferrer noopener\">ALLER SUR LA PAGE DE L\u2019AVENTURE<\/a><\/div>\n<\/div>\n\n\n\n<p><\/p>\n\n\n\n<div class=\"is-layout-flex wp-container-15 wp-block-columns\">\n<div class=\"is-layout-flow wp-block-column\">\n<figure class=\"wp-block-image size-large\"><img decoding=\"async\" loading=\"lazy\" width=\"818\" height=\"1024\" src=\"https:\/\/www.explora-project.com\/blog\/wp-content\/uploads\/2025\/11\/Capture-decran-2025-11-24-a-15.54.26-818x1024.png\" alt=\"\" class=\"wp-image-6467\" srcset=\"https:\/\/www.explora-project.com\/blog\/wp-content\/uploads\/2025\/11\/Capture-decran-2025-11-24-a-15.54.26-818x1024.png 818w, https:\/\/www.explora-project.com\/blog\/wp-content\/uploads\/2025\/11\/Capture-decran-2025-11-24-a-15.54.26-240x300.png 240w, https:\/\/www.explora-project.com\/blog\/wp-content\/uploads\/2025\/11\/Capture-decran-2025-11-24-a-15.54.26-768x962.png 768w, https:\/\/www.explora-project.com\/blog\/wp-content\/uploads\/2025\/11\/Capture-decran-2025-11-24-a-15.54.26.png 998w\" sizes=\"(max-width: 818px) 100vw, 818px\" \/><\/figure>\n<\/div>\n\n\n\n<div class=\"is-layout-flow wp-block-column\">\n<h3>Ascension du Grand Paradis (4061m)<\/h3>\n\n\n\n<figure class=\"wp-block-image size-large\"><img decoding=\"async\" loading=\"lazy\" width=\"1024\" height=\"55\" src=\"https:\/\/www.explora-project.com\/blog\/wp-content\/uploads\/2025\/11\/Capture-decran-2025-11-24-a-15.50.23-1024x55.png\" alt=\"\" class=\"wp-image-6465\" srcset=\"https:\/\/www.explora-project.com\/blog\/wp-content\/uploads\/2025\/11\/Capture-decran-2025-11-24-a-15.50.23-1024x55.png 1024w, https:\/\/www.explora-project.com\/blog\/wp-content\/uploads\/2025\/11\/Capture-decran-2025-11-24-a-15.50.23-300x16.png 300w, https:\/\/www.explora-project.com\/blog\/wp-content\/uploads\/2025\/11\/Capture-decran-2025-11-24-a-15.50.23-768x41.png 768w, https:\/\/www.explora-project.com\/blog\/wp-content\/uploads\/2025\/11\/Capture-decran-2025-11-24-a-15.50.23.png 1160w\" sizes=\"(max-width: 1024px) 100vw, 1024px\" \/><\/figure>\n\n\n\n<p class=\"has-normal-font-size\">Trois jours d\u2019aventure t\u2019attendent au parc national du Grand Paradis pour gravir ce sommet embl\u00e9matique de 4061 m. Une exp\u00e9rience id\u00e9ale pour d\u00e9couvrir l\u2019ambiance unique de la haute montagne italienne. Accessible techniquement, cette ascension demande un bel engagement physique.<\/p>\n\n\n\n<p class=\"has-normal-font-size\"><strong>Pourquoi te lancer ?<\/strong> C\u2019est l\u2019occasion d\u2019apprendre les bases, comme les n\u0153uds d\u2019assurage, la progression sur terrains vari\u00e9s, le tout, face au toit de l\u2019Europe. Un moyen de tester et de repousser ses limites, jusqu\u2019\u00e0 gravir ton premier sommet.<\/p>\n\n\n\n<p class=\"has-normal-font-size\"><strong>Pr\u00e9-requis :<\/strong>  Accessible aux d\u00e9butants en alpinisme. Pratiquer un sport d&rsquo;endurance au moins 2 \u00e0 4h par semaine. \u00catre capable de r\u00e9aliser une journ\u00e9e avec 1400 de d\u00e9nivel\u00e9 positif et n\u00e9gatif. \u00catre \u00e0 l&rsquo;aise avec la hauteur et la verticalit\u00e9<\/p>\n<\/div>\n<\/div>\n\n\n\n<div class=\"is-layout-flex wp-container-20 wp-block-columns has-small-font-size\">\n<div class=\"is-layout-flow wp-block-column\">\n<div class=\"is-layout-flex wp-container-18 wp-block-columns\">\n<div class=\"is-layout-flow wp-block-column\">\n<div class=\"is-content-justification-center is-layout-flex wp-container-16 wp-block-buttons\">\n<div class=\"wp-block-button has-custom-font-size has-normal-font-size\"><a class=\"wp-block-button__link has-white-color has-gold-background-color has-text-color has-background wp-element-button\" href=\"https:\/\/www.explora-project.com\/expeditions\/ascension-du-grand-paradis-4061m\" style=\"border-radius:5px\" target=\"_blank\" rel=\"noreferrer noopener\">ALLER SUR LA PAGE DE L\u2019AVENTURE<\/a><\/div>\n<\/div>\n<\/div>\n<\/div>\n<\/div>\n<\/div>\n\n\n\n<h3><strong>Se perfectionner<\/strong><\/h3>\n\n\n\n<p class=\"has-normal-font-size\">On monte un cran dans la collection. Cette partie s\u2019adresse aux aventuriers plus aguerris, pr\u00eats \u00e0 relever des d\u00e9fis physiques et \u00e0 sortir de leur zone de confort. \u00c0 mi-chemin entre l\u2019initiation et le perfectionnement, ces aventures sont faites pour toi si tu souhaites te challenger tout en d\u00e9couvrant. \u00c0 mi-chemin entre l\u2019initiation et le perfectionnement, ces aventures sont faites pour toi si tu souhaites te challenger tout en d\u00e9couvrant.<\/p>\n\n\n\n<pre class=\"wp-block-verse has-normal-font-size\" style=\"font-style:normal;font-weight:500\">\ud83d\udc4d <strong>Pour qui ?&nbsp;<\/strong>\n\u2022 Ceux qui pont d\u00e9j\u00e0 plusieurs exp\u00e9riences dans le sport en pleine nature,\n\u2022 Ceux qui pratiques une activit\u00e9 sportive d\u2019endurance plusieurs fois par semaine,\n\u2022 Ceux qui sont habitu\u00e9s \u00e0 marcher avec un sac \u00e0 dos lourd,\n\u2022 Ceux qui sont capable de rester dans l\u2019effort pendant plusieurs jours, \n\u2022 Ceux qui ne souffrent pas du vertige,\n<strong>\n\ud83d\ude80 Pourquoi te lancer ?<\/strong>\n\u2022 Te d\u00e9passer,\n\u2022 Acqu\u00e9rir de nouvelles techniques pour \u00eatre plus autonome en haute montagne \n\u2022 Progresser dans la ma\u00eetrise de terrains difficiles,\n\u2022 Atteindre des sommets plus challengeants.\n<\/pre>\n\n\n\n<div style=\"height:50px\" aria-hidden=\"true\" class=\"wp-block-spacer\"><\/div>\n\n\n\n<div class=\"is-layout-flex wp-container-23 wp-block-columns\">\n<div class=\"is-layout-flow wp-block-column\">\n<figure class=\"wp-block-image size-large\"><a href=\"https:\/\/www.explora-project.com\/expeditions\/mon-premier-glacier-autonomie\" target=\"_blank\" rel=\"noreferrer noopener\"><img decoding=\"async\" loading=\"lazy\" width=\"680\" height=\"1024\" src=\"https:\/\/www.explora-project.com\/blog\/wp-content\/uploads\/2025\/01\/CABANE-680x1024.png\" alt=\"\" class=\"wp-image-5669\" srcset=\"https:\/\/www.explora-project.com\/blog\/wp-content\/uploads\/2025\/01\/CABANE-680x1024.png 680w, https:\/\/www.explora-project.com\/blog\/wp-content\/uploads\/2025\/01\/CABANE-199x300.png 199w, https:\/\/www.explora-project.com\/blog\/wp-content\/uploads\/2025\/01\/CABANE.png 732w\" sizes=\"(max-width: 680px) 100vw, 680px\" \/><\/a><\/figure>\n<\/div>\n\n\n\n<div class=\"is-layout-flow wp-block-column\">\n<h3>Mon premier glacier <br>en cabane perch\u00e9e<\/h3>\n\n\n\n<figure class=\"wp-block-image size-full\"><img decoding=\"async\" loading=\"lazy\" width=\"731\" height=\"48\" src=\"https:\/\/www.explora-project.com\/blog\/wp-content\/uploads\/2025\/01\/niv.-3.png\" alt=\"\" class=\"wp-image-5665\" srcset=\"https:\/\/www.explora-project.com\/blog\/wp-content\/uploads\/2025\/01\/niv.-3.png 731w, https:\/\/www.explora-project.com\/blog\/wp-content\/uploads\/2025\/01\/niv.-3-300x20.png 300w\" sizes=\"(max-width: 731px) 100vw, 731px\" \/><\/figure>\n\n\n\n<p class=\"has-normal-font-size\">Si l\u2019ar\u00eate rocheuse est une porte d\u2019entr\u00e9e dans l\u2019univers de l\u2019alpinisme, la glace en est aussi une. Prends de la hauteur et enfile tes crampons et ton baudrier pour une dur\u00e9e de trois jours d\u2019exploration sur un glacier au c\u0153ur des Alpes suisses. Accompagn\u00e9 par un guide expert, tu te familiariseras avec le mat\u00e9riel sp\u00e9cifique et la discipline.<\/p>\n\n\n\n<p class=\"has-normal-font-size\"><strong>Pourquoi te lancer ?<\/strong> C\u2019est un d\u00e9fi exigeant, qui te permet de d\u00e9couvrir l\u2019alpinisme glaciaire tout en vivant un moment unique en passant ta premi\u00e8re nuit dans une cabane perch\u00e9e \u00e0 2 900 m d\u2019altitude.<\/p>\n\n\n\n<p class=\"has-normal-font-size\"><strong>Pr\u00e9-requis :<\/strong> attention, le niveau demand\u00e9 ici est plus \u00e9lev\u00e9, il en est de m\u00eame pour les pr\u00e9-requis. C\u2019est accessible \u00e0 ceux qui ont une bonne condition physique et qui pratiquent un sport d\u2019endurance 2 \u00e0 4 heures par semaine. Pr\u00e9pare-toi \u00e0 marcher pendant 6 \u00e0 7 heures en raquettes sur plusieurs jours, tout en portant un sac \u00e0 dos de 8 \u00e0 10 kilos.<\/p>\n<\/div>\n<\/div>\n\n\n\n<div class=\"is-content-justification-center is-layout-flex wp-container-24 wp-block-buttons\">\n<div class=\"wp-block-button has-custom-font-size has-normal-font-size\"><a class=\"wp-block-button__link has-white-color has-gold-background-color has-text-color has-background wp-element-button\" href=\"https:\/\/www.explora-project.com\/expeditions\/mon-premier-glacier-autonomie\" style=\"border-radius:5px\" target=\"_blank\" rel=\"noreferrer noopener\">ALLER SUR LA PAGE DE L\u2019AVENTURE<\/a><\/div>\n<\/div>\n\n\n\n<div style=\"height:50px\" aria-hidden=\"true\" class=\"wp-block-spacer\"><\/div>\n\n\n\n<div class=\"is-layout-flex wp-container-27 wp-block-columns\">\n<div class=\"is-layout-flow wp-block-column\">\n<h3>Alpinisme dans les Ecrins <br>et d\u00e9couverte de la glaciologie<\/h3>\n\n\n\n<figure class=\"wp-block-image size-full\"><img decoding=\"async\" loading=\"lazy\" width=\"731\" height=\"48\" src=\"https:\/\/www.explora-project.com\/blog\/wp-content\/uploads\/2025\/01\/Frame-450.png\" alt=\"\" class=\"wp-image-5685\" srcset=\"https:\/\/www.explora-project.com\/blog\/wp-content\/uploads\/2025\/01\/Frame-450.png 731w, https:\/\/www.explora-project.com\/blog\/wp-content\/uploads\/2025\/01\/Frame-450-300x20.png 300w\" sizes=\"(max-width: 731px) 100vw, 731px\" \/><\/figure>\n\n\n\n<p class=\"has-normal-font-size\">Viens d\u00e9couvrir l\u2019univers des glaciers tout en pr\u00e9parant l\u2019ascension de La Roche Faurio, dans le massif des \u00c9crins. Pendant trois jours, apprends les bases de l\u2019alpinisme ainsi qu\u2019une compr\u00e9hension approfondie de l\u2019\u00e9volution des glaciers, gr\u00e2ce aux apports scientifiques du guide.<\/p>\n\n\n\n<p class=\"has-normal-font-size\"><strong>Pourquoi te lancer ?<\/strong> C\u2019est l\u2019opportunit\u00e9 d\u2019approfondir tes connaissances sur les glaciers et dans le milieu de la haute montagne tout en te d\u00e9passant.<\/p>\n\n\n\n<p class=\"has-normal-font-size\"><strong>Pr\u00e9-requis :<\/strong> il est important d&rsquo;\u00eatre \u00e0 l&rsquo;aise avec des efforts de longue dur\u00e9e, en s&rsquo;entra\u00eenant entre 2 et 4 heures par semaine. Tu devras \u00e9galement \u00eatre capable de marcher avec un d\u00e9nivel\u00e9 positif d\u2019environ 800 m\u00e8tres par jour, tout en portant un sac \u00e0 dos pesant entre 8 et 10 kilos sur plusieurs jours.<\/p>\n<\/div>\n\n\n\n<div class=\"is-layout-flow wp-block-column\">\n<figure class=\"wp-block-image size-large\"><a href=\"https:\/\/www.explora-project.com\/expeditions\/massif-des-ecrins-sur-les-pas-d-un-glaciologue?utm_source=pmax&amp;utm_medium=cpc&amp;gad_source=1&amp;gclid=Cj0KCQiAkoe9BhDYARIsAH85cDOjEl03IdinfpR4_JQ5yu7mBy-2y2IY8rAzUz2yHP-k3pC6ncKqu2QaAvoYEALw_wcB\" target=\"_blank\" rel=\"noreferrer noopener\"><img decoding=\"async\" loading=\"lazy\" width=\"656\" height=\"1024\" src=\"https:\/\/www.explora-project.com\/blog\/wp-content\/uploads\/2025\/01\/Mask-group-3-656x1024.png\" alt=\"\" class=\"wp-image-5680\" srcset=\"https:\/\/www.explora-project.com\/blog\/wp-content\/uploads\/2025\/01\/Mask-group-3-656x1024.png 656w, https:\/\/www.explora-project.com\/blog\/wp-content\/uploads\/2025\/01\/Mask-group-3-192x300.png 192w, https:\/\/www.explora-project.com\/blog\/wp-content\/uploads\/2025\/01\/Mask-group-3.png 732w\" sizes=\"(max-width: 656px) 100vw, 656px\" \/><\/a><\/figure>\n<\/div>\n<\/div>\n\n\n\n<div class=\"is-content-justification-center is-layout-flex wp-container-28 wp-block-buttons\">\n<div class=\"wp-block-button has-custom-font-size has-normal-font-size\"><a class=\"wp-block-button__link has-white-color has-gold-background-color has-text-color has-background wp-element-button\" href=\"https:\/\/www.explora-project.com\/expeditions\/massif-des-ecrins-sur-les-pas-d-un-glaciologue?utm_source=pmax&amp;utm_medium=cpc&amp;gad_source=1&amp;gclid=Cj0KCQiAkoe9BhDYARIsAH85cDOjEl03IdinfpR4_JQ5yu7mBy-2y2IY8rAzUz2yHP-k3pC6ncKqu2QaAvoYEALw_wcB\" style=\"border-radius:5px\" target=\"_blank\" rel=\"noreferrer noopener\">ALLER SUR LA PAGE DE L\u2019AVENTURE<\/a><\/div>\n<\/div>\n\n\n\n<div style=\"height:50px\" aria-hidden=\"true\" class=\"wp-block-spacer\"><\/div>\n\n\n\n<div class=\"is-layout-flex wp-container-31 wp-block-columns\">\n<div class=\"is-layout-flow wp-block-column\">\n<figure class=\"wp-block-image size-large\"><a href=\"https:\/\/www.explora-project.com\/expeditions\/encordes-dans-les-ecrins?utm_source=pmax&amp;utm_medium=cpc&amp;gad_source=1&amp;gclid=Cj0KCQiAkoe9BhDYARIsAH85cDOjHc-knmhYsbEFqf9QpCyTeXHinmZl1brmXp7iJwhUt7cGgGi1z8MaAlDiEALw_wcB\" target=\"_blank\" rel=\"noreferrer noopener\"><img decoding=\"async\" loading=\"lazy\" width=\"685\" height=\"1024\" src=\"https:\/\/www.explora-project.com\/blog\/wp-content\/uploads\/2025\/01\/Mask-group-1-1-685x1024.png\" alt=\"\" class=\"wp-image-5678\" srcset=\"https:\/\/www.explora-project.com\/blog\/wp-content\/uploads\/2025\/01\/Mask-group-1-1-685x1024.png 685w, https:\/\/www.explora-project.com\/blog\/wp-content\/uploads\/2025\/01\/Mask-group-1-1-201x300.png 201w, https:\/\/www.explora-project.com\/blog\/wp-content\/uploads\/2025\/01\/Mask-group-1-1.png 732w\" sizes=\"(max-width: 685px) 100vw, 685px\" \/><\/a><\/figure>\n<\/div>\n\n\n\n<div class=\"is-layout-flow wp-block-column\">\n<h3>Sommets mythiques <br>des Ecrins en alpinisme<\/h3>\n\n\n\n<figure class=\"wp-block-image size-full\"><img decoding=\"async\" loading=\"lazy\" width=\"731\" height=\"48\" src=\"https:\/\/www.explora-project.com\/blog\/wp-content\/uploads\/2025\/02\/Sommets-mythiques-des-Ecrins-en-alpinisme.png\" alt=\"\" class=\"wp-image-5759\" srcset=\"https:\/\/www.explora-project.com\/blog\/wp-content\/uploads\/2025\/02\/Sommets-mythiques-des-Ecrins-en-alpinisme.png 731w, https:\/\/www.explora-project.com\/blog\/wp-content\/uploads\/2025\/02\/Sommets-mythiques-des-Ecrins-en-alpinisme-300x20.png 300w\" sizes=\"(max-width: 731px) 100vw, 731px\" \/><\/figure>\n\n\n\n<p class=\"has-normal-font-size\">On te propose de te rendre au c\u0153ur de ce massif, une terre d\u2019alpinisme par excellence o\u00f9 se m\u00ealent cimes, glaciers et panoramas \u00e0 couper le souffle. Quatre jours d\u2019immersion, entre apprentissage technique, ascensions inoubliables et nuits en refuges perch\u00e9s.<\/p>\n\n\n\n<p class=\"has-normal-font-size\"><strong>Pourquoi te lancer ?<\/strong> C\u2019est l\u2019occasion d\u2019apprendre ou de perfectionner les bases en toute s\u00e9curit\u00e9, aux c\u00f4t\u00e9s d\u2019un guide exp\u00e9riment\u00e9. Tu pourras progresser sur des glaciers, grimper sur des parois rocheuses, avec la possibilit\u00e9 de gravir le mythique D\u00f4me des \u00c9crins, culminant \u00e0 4 015 m\u00e8tres.<\/p>\n\n\n\n<p class=\"has-normal-font-size\"><strong>Pr\u00e9-requis :<\/strong> C\u2019est accessible \u00e0 condition d&rsquo;\u00eatre habitu\u00e9 aux efforts prolong\u00e9s, en s&rsquo;entrainant 2 \u00e0 4 heures par semaine. Il faut \u00e9galement \u00eatre pr\u00eat \u00e0 se lever t\u00f4t et \u00eatre \u00e0 l\u2019aise avec la hauteur et la verticalit\u00e9 pour aborder les passages techniques.<\/p>\n<\/div>\n<\/div>\n\n\n\n<div class=\"is-content-justification-center is-layout-flex wp-container-32 wp-block-buttons\">\n<div class=\"wp-block-button has-custom-font-size has-normal-font-size\"><a class=\"wp-block-button__link has-white-color has-gold-background-color has-text-color has-background wp-element-button\" href=\"https:\/\/www.explora-project.com\/expeditions\/encordes-dans-les-ecrins?utm_source=pmax&amp;utm_medium=cpc&amp;gad_source=1&amp;gclid=Cj0KCQiAkoe9BhDYARIsAH85cDOjHc-knmhYsbEFqf9QpCyTeXHinmZl1brmXp7iJwhUt7cGgGi1z8MaAlDiEALw_wcB\" style=\"border-radius:5px\" target=\"_blank\" rel=\"noreferrer noopener\">ALLER SUR LA PAGE DE L\u2019AVENTURE<\/a><\/div>\n<\/div>\n\n\n\n<div style=\"height:50px\" aria-hidden=\"true\" class=\"wp-block-spacer\"><\/div>\n\n\n\n<div class=\"is-layout-flex wp-container-35 wp-block-columns\">\n<div class=\"is-layout-flow wp-block-column\">\n<h3>Haute Route Chamonix-Zermatt <br>par les glaciers<\/h3>\n\n\n\n<figure class=\"wp-block-image size-full\"><img decoding=\"async\" loading=\"lazy\" width=\"731\" height=\"48\" src=\"https:\/\/www.explora-project.com\/blog\/wp-content\/uploads\/2025\/01\/Frame-454.png\" alt=\"\" class=\"wp-image-5688\" srcset=\"https:\/\/www.explora-project.com\/blog\/wp-content\/uploads\/2025\/01\/Frame-454.png 731w, https:\/\/www.explora-project.com\/blog\/wp-content\/uploads\/2025\/01\/Frame-454-300x20.png 300w\" sizes=\"(max-width: 731px) 100vw, 731px\" \/><\/figure>\n\n\n\n<p class=\"has-normal-font-size\">Embarque pour un raid glaciaire d\u2019exception sur la mythique Haute Route, l\u2019un des itin\u00e9raires les plus pris\u00e9s par les passionn\u00e9s. Une aventure d\u2019une semaine au c\u0153ur de la haute montagne. Un itin\u00e9raire engag\u00e9, mais incontournable pour tous les amoureux de montagne.<\/p>\n\n\n\n<p class=\"has-normal-font-size\"><strong>Pourquoi te lancer ?<\/strong> Ce raid, c\u2019est l\u2019occasion d\u2019apprendre l&rsquo;essentiel, comme l\u2019encordement et la marche cramponn\u00e9e sur glacier, sous la supervision experte d\u2019un guide de haute montagne. Avec des passages vertigineux, c\u2019est un d\u00e9fi pour ceux en qu\u00eate de d\u00e9passement de soi et de nouvelles sensations.<\/p>\n\n\n\n<p class=\"has-normal-font-size\"><strong>Pr\u00e9-requis :<\/strong> pour en profiter pleinement, il est recommand\u00e9 d&rsquo;\u00eatre \u00e0 l&rsquo;aise \u00e0 maintenir un effort soutenu en s&rsquo;entra\u00eenant au moins 2 heures par semaine. Tu devras \u00eatre capable de porter un sac \u00e0 dos d\u2019environ 15 kg pendant 6 jours cons\u00e9cutifs. Enfin, il est essentiel de ne pas souffrir de vertige.<\/p>\n<\/div>\n\n\n\n<div class=\"is-layout-flow wp-block-column\">\n<figure class=\"wp-block-image size-large\"><a href=\"https:\/\/www.explora-project.com\/expeditions\/raid-glaciaire-chamonix-zermatt?utm_source=pmax&amp;utm_medium=cpc&amp;gad_source=1&amp;gclid=Cj0KCQiAkoe9BhDYARIsAH85cDMxNEnn0UXHnVoE0xlGwf79LPrLJTKsdyl9lETqHYyC9yr4jLo2-UkaAqC4EALw_wcB\" target=\"_blank\" rel=\"noreferrer noopener\"><img decoding=\"async\" loading=\"lazy\" width=\"656\" height=\"1024\" src=\"https:\/\/www.explora-project.com\/blog\/wp-content\/uploads\/2025\/01\/Mask-group-4-656x1024.png\" alt=\"\" class=\"wp-image-5681\" srcset=\"https:\/\/www.explora-project.com\/blog\/wp-content\/uploads\/2025\/01\/Mask-group-4-656x1024.png 656w, https:\/\/www.explora-project.com\/blog\/wp-content\/uploads\/2025\/01\/Mask-group-4-192x300.png 192w, https:\/\/www.explora-project.com\/blog\/wp-content\/uploads\/2025\/01\/Mask-group-4.png 732w\" sizes=\"(max-width: 656px) 100vw, 656px\" \/><\/a><\/figure>\n<\/div>\n<\/div>\n\n\n\n<div class=\"is-content-justification-center is-layout-flex wp-container-36 wp-block-buttons\">\n<div class=\"wp-block-button has-custom-font-size has-normal-font-size\"><a class=\"wp-block-button__link has-white-color has-gold-background-color has-text-color has-background wp-element-button\" href=\"https:\/\/www.explora-project.com\/expeditions\/raid-glaciaire-chamonix-zermatt?utm_source=pmax&amp;utm_medium=cpc&amp;gad_source=1&amp;gclid=Cj0KCQiAkoe9BhDYARIsAH85cDMxNEnn0UXHnVoE0xlGwf79LPrLJTKsdyl9lETqHYyC9yr4jLo2-UkaAqC4EALw_wcB\" style=\"border-radius:5px\" target=\"_blank\" rel=\"noreferrer noopener\">ALLER SUR LA PAGE DE L\u2019AVENTURE<\/a><\/div>\n<\/div>\n\n\n\n<div style=\"height:50px\" aria-hidden=\"true\" class=\"wp-block-spacer\"><\/div>\n\n\n\n<div class=\"is-layout-flex wp-container-39 wp-block-columns\">\n<div class=\"is-layout-flow wp-block-column\">\n<figure class=\"wp-block-image size-large\"><a href=\"https:\/\/www.explora-project.com\/expeditions\/alpinisme-d%C3%A9couverte-du-glacier-argenti%C3%A8re-en-raquettes\" target=\"_blank\" rel=\"noreferrer noopener\"><img decoding=\"async\" loading=\"lazy\" width=\"685\" height=\"1024\" src=\"https:\/\/www.explora-project.com\/blog\/wp-content\/uploads\/2025\/01\/Mask-group-2-685x1024.png\" alt=\"\" class=\"wp-image-5679\" srcset=\"https:\/\/www.explora-project.com\/blog\/wp-content\/uploads\/2025\/01\/Mask-group-2-685x1024.png 685w, https:\/\/www.explora-project.com\/blog\/wp-content\/uploads\/2025\/01\/Mask-group-2-201x300.png 201w, https:\/\/www.explora-project.com\/blog\/wp-content\/uploads\/2025\/01\/Mask-group-2.png 732w\" sizes=\"(max-width: 685px) 100vw, 685px\" \/><\/a><\/figure>\n<\/div>\n\n\n\n<div class=\"is-layout-flow wp-block-column\">\n<h3>Glacier d\u2019Argenti\u00e8re : <br>alpinisme hivernal<\/h3>\n\n\n\n<figure class=\"wp-block-image size-full\"><img decoding=\"async\" loading=\"lazy\" width=\"731\" height=\"48\" src=\"https:\/\/www.explora-project.com\/blog\/wp-content\/uploads\/2025\/01\/Frame-456.png\" alt=\"\" class=\"wp-image-5691\" srcset=\"https:\/\/www.explora-project.com\/blog\/wp-content\/uploads\/2025\/01\/Frame-456.png 731w, https:\/\/www.explora-project.com\/blog\/wp-content\/uploads\/2025\/01\/Frame-456-300x20.png 300w\" sizes=\"(max-width: 731px) 100vw, 731px\" \/><\/figure>\n\n\n\n<p class=\"has-normal-font-size\">Familiarise-toi avec la glace en t\u2019aventurant sur ce raid glaciaire en raquette, au c\u0153ur de Chamonix. Une itin\u00e9rance de refuge en refuge sur le glacier d\u2019Argenti\u00e8re avec au programme : travers\u00e9es de crevasses, nuits en refuges de haute montagne et formation par un guide dipl\u00f4m\u00e9.<\/p>\n\n\n\n<p class=\"has-normal-font-size\"><strong>Pourquoi te lancer ?<\/strong> C\u2019est l\u2019opportunit\u00e9 de te lancer sur ton premier glacier en hiver, chauss\u00e9 de raquettes, tout en apprenant l&rsquo;essentiel. Les conseils avis\u00e9s d\u2019un guide te permettront de faire un pas de plus vers l\u2019autonomie sur glacier. Les nuits en refuges gard\u00e9s seront l\u2019occasion de partager des moments conviviaux avec d\u2019autres passionn\u00e9s.<\/p>\n\n\n\n<p class=\"has-normal-font-size\"><strong>Pr\u00e9-requis :<\/strong> cette exp\u00e9rience n\u00e9cessite une bonne pr\u00e9paration physique. Il est conseill\u00e9 d&rsquo;\u00eatre \u00e0 l\u2019aise sur des efforts de longue dur\u00e9e, en s&rsquo;entra\u00eenant au moins 2 heures par semaine. De plus, \u00eatre habitu\u00e9 \u00e0 marcher plusieurs heures en montagne est un avantage.<\/p>\n<\/div>\n<\/div>\n\n\n\n<div class=\"is-content-justification-center is-layout-flex wp-container-40 wp-block-buttons\">\n<div class=\"wp-block-button has-custom-font-size has-normal-font-size\"><a class=\"wp-block-button__link has-white-color has-gold-background-color has-text-color has-background wp-element-button\" href=\"https:\/\/www.explora-project.com\/expeditions\/alpinisme-d%C3%A9couverte-du-glacier-argenti%C3%A8re-en-raquettes\" style=\"border-radius:5px\" target=\"_blank\" rel=\"noreferrer noopener\">ALLER SUR LA PAGE DE L\u2019AVENTURE<\/a><\/div>\n<\/div>\n\n\n\n<div style=\"height:50px\" aria-hidden=\"true\" class=\"wp-block-spacer\"><\/div>\n\n\n\n<figure class=\"wp-block-image size-large\"><img decoding=\"async\" loading=\"lazy\" width=\"1024\" height=\"273\" src=\"https:\/\/www.explora-project.com\/blog\/wp-content\/uploads\/2025\/01\/Mask-group-5-1-1024x273.png\" alt=\"\" class=\"wp-image-5682\" srcset=\"https:\/\/www.explora-project.com\/blog\/wp-content\/uploads\/2025\/01\/Mask-group-5-1-1024x273.png 1024w, https:\/\/www.explora-project.com\/blog\/wp-content\/uploads\/2025\/01\/Mask-group-5-1-300x80.png 300w, https:\/\/www.explora-project.com\/blog\/wp-content\/uploads\/2025\/01\/Mask-group-5-1-768x205.png 768w, https:\/\/www.explora-project.com\/blog\/wp-content\/uploads\/2025\/01\/Mask-group-5-1.png 1493w\" sizes=\"(max-width: 1024px) 100vw, 1024px\" \/><\/figure>\n\n\n\n<h2 class=\"has-gold-color has-text-color\" style=\"font-style:normal;font-weight:600\"><strong>Partie 2 : Les d\u00e9fis ultimes<\/strong><\/h2>\n\n\n\n<p class=\"has-normal-font-size\">La deuxi\u00e8me partie de notre collection Alpinisme s\u2019adresse \u00e0 celles et ceux qui veulent se d\u00e9passer, perfectionner leurs comp\u00e9tences et r\u00e9aliser des r\u00eaves d\u2019altitude. Ici, on te propose donc des d\u00e9fis uniques, allant jusqu\u2019\u00e0 la conqu\u00eate du mythique toit des Alpes. Que tu sois l\u00e0 pour tester tes limites ou cocher une case de ta bucket list, ces exp\u00e9riences te garantissent des moments d\u2019adr\u00e9naline et de d\u00e9passement, toujours encadr\u00e9s par des guides exp\u00e9riment\u00e9s.<\/p>\n\n\n\n<h3><strong>Se d\u00e9passer<\/strong><\/h3>\n\n\n\n<p class=\"has-normal-font-size\">Il n\u2019y a pas que les plus forts qui peuvent r\u00e9aliser une exp\u00e9rience marquante  haute montagne. Parce qu\u2019il y a toujours un beau d\u00e9fi adapt\u00e9 \u00e0 notre niveau, la team Explora te propose de r\u00e9aliser un d\u00e9fi de taille, \u00e0 ta port\u00e9e : l\u2019ascension de ton premier 4 000. \ud83d\udc4d <strong>Pour qui ?&nbsp;<\/strong> \u2022 Pratiquer les sports en pleine nature, \u2022 \u00catre habitu\u00e9 \u00e0 randonner avec un sac \u00e0 dos lourd, \u2022 Ne pas avoir peur de l\u2019altitude, \u2022 Ne pas avoir peur des conditions m\u00e9t\u00e9orologiques difficiles, \u2022 Pratiquer une activit\u00e9 sportive d\u2019endurance plusieurs fois par semaine, \u2022 \u00catre capable de rester dans l\u2019effort pendant plusieurs jours. \ud83d\ude80 <strong>Pourquoi te lancer ?<\/strong> \u2022 Pour te d\u00e9passer, \u2022 Progresser techniquement \u2022 Te hisser l\u00e0 o\u00f9 peu de gens osent aller.<\/p>\n\n\n\n<div class=\"is-layout-flex wp-container-41 wp-block-columns\"><\/div>\n\n\n\n<div class=\"is-content-justification-center is-layout-flex wp-container-42 wp-block-buttons\">\n<div class=\"wp-block-button has-custom-font-size has-normal-font-size\"><a class=\"wp-block-button__link has-white-color has-gold-background-color has-text-color has-background wp-element-button\" href=\"https:\/\/www.explora-project.com\/expeditions\/mon-premier-4-000?utm_source=pmax&amp;utm_medium=cpc&amp;gad_source=1&amp;gclid=Cj0KCQiAkoe9BhDYARIsAH85cDNT6fKd6Dk_cgC9_3BaHfCiUlIqea2rX8swVTgidnXjeptaD_VSiJUaArLAEALw_wcB\" style=\"border-radius:5px\" target=\"_blank\" rel=\"noreferrer noopener\">ALLER SUR LA PAGE DE L\u2019AVENTURE<\/a><\/div>\n<\/div>\n\n\n\n<div style=\"height:50px\" aria-hidden=\"true\" class=\"wp-block-spacer\"><\/div>\n\n\n\n<div class=\"is-layout-flex wp-container-45 wp-block-columns\">\n<div class=\"is-layout-flow wp-block-column\">\n<figure class=\"wp-block-image size-large\"><a href=\"https:\/\/www.explora-project.com\/expeditions\/mont-rose-objectif-7-sommets-de-4000\" target=\"_blank\" rel=\"noreferrer noopener\"><img decoding=\"async\" loading=\"lazy\" width=\"638\" height=\"1024\" src=\"https:\/\/www.explora-project.com\/blog\/wp-content\/uploads\/2025\/01\/Mask-group-1-2-638x1024.png\" alt=\"\" class=\"wp-image-5698\" srcset=\"https:\/\/www.explora-project.com\/blog\/wp-content\/uploads\/2025\/01\/Mask-group-1-2-638x1024.png 638w, https:\/\/www.explora-project.com\/blog\/wp-content\/uploads\/2025\/01\/Mask-group-1-2-187x300.png 187w, https:\/\/www.explora-project.com\/blog\/wp-content\/uploads\/2025\/01\/Mask-group-1-2.png 732w\" sizes=\"(max-width: 638px) 100vw, 638px\" \/><\/a><\/figure>\n<\/div>\n\n\n\n<div class=\"is-layout-flow wp-block-column\">\n<h3>Mont Rose : <br>objectif 7 sommets de 4000<\/h3>\n\n\n\n<figure class=\"wp-block-image size-full\"><img decoding=\"async\" loading=\"lazy\" width=\"731\" height=\"48\" src=\"https:\/\/www.explora-project.com\/blog\/wp-content\/uploads\/2025\/01\/Frame-458.png\" alt=\"\" class=\"wp-image-5696\" srcset=\"https:\/\/www.explora-project.com\/blog\/wp-content\/uploads\/2025\/01\/Frame-458.png 731w, https:\/\/www.explora-project.com\/blog\/wp-content\/uploads\/2025\/01\/Frame-458-300x20.png 300w\" sizes=\"(max-width: 731px) 100vw, 731px\" \/><\/figure>\n\n\n\n<p class=\"has-normal-font-size\">Passe, non pas trois jours, mais une semaine de raid glaciaire, \u00e0 la d\u00e9couverte du Mont Rose. Avec une mont\u00e9e progressive, ce raid am\u00e8ne \u00e0 des points de vue spectaculaires, avec une derni\u00e8re nuit dans le refuge le plus haut d\u2019Europe, la Capanna Margherita, perch\u00e9 \u00e0 4 556 m\u00e8tres.<\/p>\n\n\n\n<p class=\"has-normal-font-size\"><strong>Pourquoi te lancer ?<\/strong> C&rsquo;est un v\u00e9ritable d\u00e9fi pour les passionn\u00e9s. Cette travers\u00e9e est un excellent moyen de se confronter aux difficult\u00e9s de la discipline. La progression \u00e0 haute altitude est l\u2019occasion d\u2019acqu\u00e9rir des comp\u00e9tences pr\u00e9cieuses, tout en vivant un moment inoubliable.<\/p>\n\n\n\n<p class=\"has-normal-font-size\"><strong>Pr\u00e9-requis :<\/strong> pour cette aventure, il est n\u00e9cessaire d\u2019avoir d\u00e9j\u00e0 r\u00e9alis\u00e9 un trek en itin\u00e9rance de plusieurs jours avec un sac d\u2019environ 8 kg, ainsi que des acquis r\u00e9cents dans l\u2019alpinisme, incluant la ma\u00eetrise de la marche avec des crampons et en cord\u00e9e. Une activit\u00e9 sportive r\u00e9guli\u00e8re d\u2019endurance d\u2019au moins 4 h par semaine est indispensable, tout comme la capacit\u00e9 \u00e0 soutenir des efforts pendant 6 \u00e0 7 heures par jour, sur plusieurs jours. Tu devras \u00e9galement avoir des acquis en haute montagne, notamment \u00e0 des altitudes sup\u00e9rieures \u00e0 3800-4000m, et \u00eatre pr\u00eat \u00e0 te d\u00e9passer. Enfin, il est essentiel que tu sois \u00e0 l\u2019aise avec le vide, car cette aventure implique des passages vertigineux et des d\u00e9fis en haute altitude.<\/p>\n<\/div>\n<\/div>\n\n\n\n<div class=\"is-content-justification-center is-layout-flex wp-container-46 wp-block-buttons\">\n<div class=\"wp-block-button has-custom-font-size has-normal-font-size\"><a class=\"wp-block-button__link has-white-color has-gold-background-color has-text-color has-background wp-element-button\" href=\"https:\/\/www.explora-project.com\/expeditions\/mont-rose-objectif-7-sommets-de-4000\" style=\"border-radius:5px\" target=\"_blank\" rel=\"noreferrer noopener\">ALLER SUR LA PAGE DE L\u2019AVENTURE<\/a><\/div>\n<\/div>\n\n\n\n<div style=\"height:50px\" aria-hidden=\"true\" class=\"wp-block-spacer\"><\/div>\n\n\n\n<h3><strong>Les \u00e9tapes jusqu&rsquo;au sommet mythique<\/strong><\/h3>\n\n\n\n<p>Parce que gravir le Mont Blanc, \u00e7a ne s\u2019improvise pas, la team Explora Explora a con\u00e7u des stages pour t\u2019accompagner \u00e0 chaque \u00e9tape. De l\u2019initiation aux techniques de base au perfectionnement en haute montagne, ces aventures dans la mythique vall\u00e9e du Mont-Blanc te permettront de progresser en confiance et d\u2019atteindre tes objectifs alpins. <\/p>\n\n\n\n<blockquote class=\"wp-block-quote\">\n<p class=\"has-normal-font-size\"><a href=\"https:\/\/www.explora-project.com\/expeditions\/Mes-premiers-pas-en-alpinisme-dans-la-vallee-du-Mont-Blanc\" target=\"_blank\" rel=\"noreferrer noopener\"><strong>Premi\u00e8re \u00e9tape :<\/strong> Mes premiers pas en alpinisme dans la vall\u00e9e du Mont Blanc<\/a><\/p>\n\n\n\n<p class=\"has-normal-font-size\"><a href=\"https:\/\/www.explora-project.com\/expeditions\/cramponne-sur-la-mer-de-glace?utm_source=pmax&amp;utm_medium=cpc&amp;gad_source=1&amp;gclid=Cj0KCQiAkoe9BhDYARIsAH85cDOuJiWPt2wz9m8bNCgW9N2CIdsGR6Bz5lYDSACT7Uyh7oBi2Xk_kzEaAnKbEALw_wcB\" target=\"_blank\" rel=\"noreferrer noopener\"><strong>Deuxi\u00e8me \u00e9tape :<\/strong> D\u00e9couverte de l&rsquo;alpinisme dans la vall\u00e9e du Mont blanc (voir plus haut)<\/a><\/p>\n\n\n\n<p class=\"has-normal-font-size\"><a href=\"https:\/\/www.explora-project.com\/expeditions\/perfectionnement-aux-techniques-d-alpinisme-dans-la-vallee-du-mont-blanc?_gl=1*x01s5k*_up*MQ..*_gs*MQ..&amp;gclid=Cj0KCQiAkoe9BhDYARIsAH85cDOuJiWPt2wz9m8bNCgW9N2CIdsGR6Bz5lYDSACT7Uyh7oBi2Xk_kzEaAnKbEALw_wcB\" target=\"_blank\" rel=\"noreferrer noopener\"><strong>Troisi\u00e8me \u00e9tape :<\/strong> Stage de perfectionnement \u00e0 l&rsquo;alpinisme dans la vall\u00e9e du Mont Blanc<\/a><\/p>\n\n\n\n<p class=\"has-normal-font-size\"><a href=\"https:\/\/www.explora-project.com\/expeditions\/ascension-du-mythique-mont-blanc-en-6-jours-par-la-voie-royale\" target=\"_blank\" rel=\"noreferrer noopener\"><strong>\u00c9tape finale : <\/strong>Ascension du Mont Blanc n 6 jours par la voie royale<\/a><\/p>\n<\/blockquote>\n\n\n\n<pre class=\"wp-block-verse has-normal-font-size\" style=\"font-style:normal;font-weight:500\">\ud83d\udc4d <strong>Pour qui ?&nbsp;<\/strong>\n\u2022 Pour les alpinistes qui souhaitent repousser leurs limites,\n\u2022 Pour celles et ceux qui ont une bonne condition physique et qui sont \u00e0 l\u2019aise sur des efforts de longue dur\u00e9e,\n\u2022 Pour les passionn\u00e9s, en qu\u00eate de d\u00e9fis et de sensations fortes.\n\n\ud83d\ude80 <strong>Pourquoi te lancer ?<\/strong>\n\u2022 Repousser ses limites,\n\u2022 R\u00e9aliser un d\u00e9fi extr\u00eame et un r\u00eave d\u2019alpiniste,\n\u2022 Vivre des moments forts au sein d'une cord\u00e9e,\n\u2022 Ressentir l'adr\u00e9naline \u00e0 l'\u00e9tat pur.<\/pre>\n\n\n\n<div class=\"is-layout-flex wp-container-49 wp-block-columns\">\n<div class=\"is-layout-flow wp-block-column\" style=\"flex-basis:50%\">\n<figure class=\"wp-block-image size-large\"><a href=\"https:\/\/www.explora-project.com\/expeditions\/Mes-premiers-pas-en-alpinisme-dans-la-vallee-du-Mont-Blanc\" target=\"_blank\" rel=\"noreferrer noopener\"><img decoding=\"async\" loading=\"lazy\" width=\"697\" height=\"1024\" src=\"https:\/\/www.explora-project.com\/blog\/wp-content\/uploads\/2025\/01\/Mask-group-1-697x1024.png\" alt=\"\" class=\"wp-image-5617\" srcset=\"https:\/\/www.explora-project.com\/blog\/wp-content\/uploads\/2025\/01\/Mask-group-1-697x1024.png 697w, https:\/\/www.explora-project.com\/blog\/wp-content\/uploads\/2025\/01\/Mask-group-1-204x300.png 204w, https:\/\/www.explora-project.com\/blog\/wp-content\/uploads\/2025\/01\/Mask-group-1.png 732w\" sizes=\"(max-width: 697px) 100vw, 697px\" \/><\/a><\/figure>\n<\/div>\n\n\n\n<div class=\"is-layout-flow wp-block-column\" style=\"flex-basis:50%\">\n<h3>Mes premiers pas en alpinisme <br>dans la vall\u00e9e du Mont Blanc<\/h3>\n\n\n\n<figure class=\"wp-block-image size-full is-resized\"><img decoding=\"async\" loading=\"lazy\" src=\"https:\/\/www.explora-project.com\/blog\/wp-content\/uploads\/2025\/01\/Frame-44.png\" alt=\"\" class=\"wp-image-5635\" width=\"474\" height=\"31\" srcset=\"https:\/\/www.explora-project.com\/blog\/wp-content\/uploads\/2025\/01\/Frame-44.png 731w, https:\/\/www.explora-project.com\/blog\/wp-content\/uploads\/2025\/01\/Frame-44-300x20.png 300w\" sizes=\"(max-width: 474px) 100vw, 474px\" \/><\/figure>\n\n\n\n<p class=\"has-normal-font-size\">Tu n\u2019as jamais pratiqu\u00e9, mais tu souhaites faire un premier pas dans l\u2019alpinisme ? Cette exp\u00e9rience est faite pour toi ! Pars pour Chamonix, le berceau m\u00eame de la discipline, et apprends les bases : n\u0153uds, assurage et progression sur terrains vari\u00e9s, pendant trois jours. Tu pourras toucher du doigt le r\u00eave alpin tout en profitant de soir\u00e9es confortables dans un h\u00f4tel chaleureux.<\/p>\n\n\n\n<p class=\"has-normal-font-size\"><strong>Pourquoi te lancer ?<\/strong> C\u2019est l\u2019opportunit\u00e9 id\u00e9ale pour d\u00e9couvrir l&rsquo;essentiel de cette discipline, dans la capitale m\u00eame. Ces trois jours te fourniront les cl\u00e9s pour envisager des d\u00e9fis plus engag\u00e9s. Tu \u00e9volueras face au c\u00e9l\u00e8bre massif, guid\u00e9 par des professionnels.<\/p>\n\n\n\n<p class=\"has-normal-font-size\"><strong>Pr\u00e9-requis :<\/strong> C\u2019est ouvert aux d\u00e9butants en alpinisme ! Pour en profiter pleinement, il te suffit de pratiquer un sport d\u2019endurance au moins une fois par semaine. Tu devras \u00eatre capable de marcher entre 3 et 4 heures avec un sac \u00e0 dos pour la journ\u00e9e et d\u2019encha\u00eener plusieurs journ\u00e9es d\u2019activit\u00e9 physique \u00e0 une intensit\u00e9 mod\u00e9r\u00e9e.<\/p>\n<\/div>\n<\/div>\n\n\n\n<div class=\"is-content-justification-center is-layout-flex wp-container-50 wp-block-buttons has-custom-font-size has-normal-font-size\">\n<div class=\"wp-block-button has-custom-font-size has-normal-font-size\"><a class=\"wp-block-button__link has-white-color has-gold-background-color has-text-color has-background wp-element-button\" href=\"https:\/\/www.explora-project.com\/expeditions\/Mes-premiers-pas-en-alpinisme-dans-la-vallee-du-Mont-Blanc\" style=\"border-radius:5px\" target=\"_blank\" rel=\"noreferrer noopener\">ALLER SUR LA PAGE DE L\u2019AVENTURE<\/a><\/div>\n<\/div>\n\n\n\n<div style=\"height:50px\" aria-hidden=\"true\" class=\"wp-block-spacer\"><\/div>\n\n\n\n<div class=\"is-layout-flex wp-container-53 wp-block-columns\">\n<div class=\"is-layout-flow wp-block-column\">\n<h3>Perfectionnement en alpinisme dans la vall\u00e9e du Mont Blanc<\/h3>\n\n\n\n<figure class=\"wp-block-image size-full\"><img decoding=\"async\" loading=\"lazy\" width=\"731\" height=\"48\" src=\"https:\/\/www.explora-project.com\/blog\/wp-content\/uploads\/2025\/02\/Perfectionnement-en-alpinisme-dans-la-vallee-du-Mont-Blanc-1.png\" alt=\"\" class=\"wp-image-5781\" srcset=\"https:\/\/www.explora-project.com\/blog\/wp-content\/uploads\/2025\/02\/Perfectionnement-en-alpinisme-dans-la-vallee-du-Mont-Blanc-1.png 731w, https:\/\/www.explora-project.com\/blog\/wp-content\/uploads\/2025\/02\/Perfectionnement-en-alpinisme-dans-la-vallee-du-Mont-Blanc-1-300x20.png 300w\" sizes=\"(max-width: 731px) 100vw, 731px\" \/><\/figure>\n\n\n\n<p class=\"has-normal-font-size\">Vis quatre jours intenses pour te perfectionner et repousser tes limites. Aux c\u00f4t\u00e9s d\u2019un guide, tu \u00e9volueras sur des terrains vari\u00e9s, entre glaciers, ar\u00eates rocheuses et pentes techniques, avec un seul objectif : progresser tout en partageant l\u2019esprit unique de la cord\u00e9e. Trois nuits en refuge de haute montagne te plongeront au c\u0153ur de l\u2019aventure, avec en prime des panoramas exceptionnels sur les massifs alpins.<\/p>\n\n\n\n<p class=\"has-normal-font-size\"><strong>Pourquoi te lancer ?<\/strong> Tu approfondiras tes comp\u00e9tences tout en vivant l\u2019esprit de cord\u00e9e et en progressant sur des terrains vari\u00e9s. Un format intensif pour te d\u00e9passer.<\/p>\n\n\n\n<p class=\"has-normal-font-size\"><strong>Pr\u00e9-requis :<\/strong> Pour rejoindre cette aventure, une exp\u00e9rience r\u00e9cente en alpinisme est essentielle et Tu dois savoir marcher avec des crampons. Il est recommand\u00e9 de pratiquer un sport d&rsquo;endurance 2 \u00e0 4 heures par semaine et d\u2019\u00eatre capable d\u2019encha\u00eener 6 \u00e0 7 heures d\u2019effort en montagne avec jusqu&rsquo;\u00e0 1500 m de d\u00e9nivel\u00e9 positif. Enfin, \u00eatre \u00e0 l\u2019aise avec la hauteur et la verticalit\u00e9.<\/p>\n<\/div>\n\n\n\n<div class=\"is-layout-flow wp-block-column\">\n<figure class=\"wp-block-image size-full\"><a href=\"https:\/\/www.explora-project.com\/expeditions\/perfectionnement-aux-techniques-d-alpinisme-dans-la-vallee-du-mont-blanc?_gl=1*x01s5k*_up*MQ..*_gs*MQ..&amp;gclid=Cj0KCQiAkoe9BhDYARIsAH85cDOuJiWPt2wz9m8bNCgW9N2CIdsGR6Bz5lYDSACT7Uyh7oBi2Xk_kzEaAnKbEALw_wcB\"><img decoding=\"async\" loading=\"lazy\" width=\"732\" height=\"968\" src=\"https:\/\/www.explora-project.com\/blog\/wp-content\/uploads\/2025\/02\/Perfectionnement-en-alpinisme-dans-la-vallee-du-Mont-Blanc.png\" alt=\"\" class=\"wp-image-5780\" srcset=\"https:\/\/www.explora-project.com\/blog\/wp-content\/uploads\/2025\/02\/Perfectionnement-en-alpinisme-dans-la-vallee-du-Mont-Blanc.png 732w, https:\/\/www.explora-project.com\/blog\/wp-content\/uploads\/2025\/02\/Perfectionnement-en-alpinisme-dans-la-vallee-du-Mont-Blanc-227x300.png 227w\" sizes=\"(max-width: 732px) 100vw, 732px\" \/><\/a><\/figure>\n<\/div>\n<\/div>\n\n\n\n<div class=\"is-content-justification-center is-layout-flex wp-container-54 wp-block-buttons\">\n<div class=\"wp-block-button has-custom-font-size has-normal-font-size\"><a class=\"wp-block-button__link has-white-color has-gold-background-color has-text-color has-background wp-element-button\" href=\"https:\/\/www.explora-project.com\/expeditions\/perfectionnement-aux-techniques-d-alpinisme-dans-la-vallee-du-mont-blanc?_gl=1*x01s5k*_up*MQ..*_gs*MQ..&amp;gclid=Cj0KCQiAkoe9BhDYARIsAH85cDOuJiWPt2wz9m8bNCgW9N2CIdsGR6Bz5lYDSACT7Uyh7oBi2Xk_kzEaAnKbEALw_wcB\" style=\"border-radius:5px\" target=\"_blank\" rel=\"noreferrer noopener\">ALLER SUR LA PAGE DE L\u2019AVENTURE<\/a><\/div>\n<\/div>\n\n\n\n<div style=\"height:50px\" aria-hidden=\"true\" class=\"wp-block-spacer\"><\/div>\n\n\n\n<div style=\"height:50px\" aria-hidden=\"true\" class=\"wp-block-spacer\"><\/div>\n\n\n\n<div class=\"is-layout-flex wp-container-57 wp-block-columns\">\n<div class=\"is-layout-flow wp-block-column\">\n<figure class=\"wp-block-image size-large\"><a href=\"https:\/\/www.explora-project.com\/expeditions\/ascension-du-mythique-mont-blanc-en-6-jours-par-la-voie-royale\" target=\"_blank\" rel=\"noreferrer noopener\"><img decoding=\"async\" loading=\"lazy\" width=\"656\" height=\"1024\" src=\"https:\/\/www.explora-project.com\/blog\/wp-content\/uploads\/2025\/01\/Mask-group-7-656x1024.png\" alt=\"\" class=\"wp-image-5699\" srcset=\"https:\/\/www.explora-project.com\/blog\/wp-content\/uploads\/2025\/01\/Mask-group-7-656x1024.png 656w, https:\/\/www.explora-project.com\/blog\/wp-content\/uploads\/2025\/01\/Mask-group-7-192x300.png 192w, https:\/\/www.explora-project.com\/blog\/wp-content\/uploads\/2025\/01\/Mask-group-7.png 732w\" sizes=\"(max-width: 656px) 100vw, 656px\" \/><\/a><\/figure>\n<\/div>\n\n\n\n<div class=\"is-layout-flow wp-block-column\">\n<h3>Ascension du Mont Blanc <br>en 6 jours par la voie royale<\/h3>\n\n\n\n<figure class=\"wp-block-image size-full\"><img decoding=\"async\" loading=\"lazy\" width=\"731\" height=\"48\" src=\"https:\/\/www.explora-project.com\/blog\/wp-content\/uploads\/2025\/01\/Frame-460.png\" alt=\"\" class=\"wp-image-5697\" srcset=\"https:\/\/www.explora-project.com\/blog\/wp-content\/uploads\/2025\/01\/Frame-460.png 731w, https:\/\/www.explora-project.com\/blog\/wp-content\/uploads\/2025\/01\/Frame-460-300x20.png 300w\" sizes=\"(max-width: 731px) 100vw, 731px\" \/><\/figure>\n\n\n\n<p class=\"has-normal-font-size\">Quand le regard croise le toit de l&rsquo;Europe et son massif imposant, il est difficile de ne pas se sentir attir\u00e9 par lui. Cette envie irr\u00e9sistible de le conqu\u00e9rir, d\u2019aller l\u00e0-haut, \u00e0 sa rencontre. Cette force invisible qui met au d\u00e9fi. Explora t\u2019offre l\u2019occasion de r\u00e9pondre \u00e0 son appel, de vivre cette ascension unique. Pr\u00eat \u00e0 relever l\u2019un des d\u00e9fis les plus prestigieux du monde de l\u2019alpinisme ?<\/p>\n\n\n\n<p class=\"has-normal-font-size\"><strong>Pourquoi te lancer ?<\/strong> Pars pour une dur\u00e9e de 6 jours pour atteindre le toit de l&rsquo;Europe dans des conditions optimales. Tout est mis en place pour maximiser ta s\u00e9curit\u00e9 et ta progression : 3 jours d\u2019acclimatation pour t\u2019adapter \u00e0 l\u2019altitude, encadr\u00e9 par un guide.<\/p>\n\n\n\n<p class=\"has-normal-font-size\"><strong>Pr\u00e9-requis :<\/strong> il est imp\u00e9ratif de remplir certains pr\u00e9requis. Tout d\u2019abord, deux exp\u00e9riences r\u00e9ussies en alpinisme, sur plusieurs jours et avec l\u2019utilisation de crampons et d\u2019encordement, sont obligatoires. Il est essentiel d&rsquo;\u00eatre habitu\u00e9 aux efforts prolong\u00e9s et de s&rsquo;entra\u00eener au moins 3 \u00e0 4 fois par semaine. Tu devras \u00eatre capable de r\u00e9aliser une randonn\u00e9e avec un d\u00e9nivel\u00e9 positif et n\u00e9gatif de 1 500 m, en portant un sac de 8 kilos, tout en encha\u00eenant des efforts soutenus sur plusieurs jours. Une excellente condition physique est indispensable pour \u00e9voluer en terrain rocheux et glaciaire. Il est donc recommand\u00e9 de commencer \u00e0 t\u2019entra\u00eener au moins 6 mois \u00e0 l\u2019avance et d\u2019intensifier progressivement tes efforts.<\/p>\n<\/div>\n<\/div>\n\n\n\n<div class=\"is-content-justification-center is-layout-flex wp-container-58 wp-block-buttons\">\n<div class=\"wp-block-button has-custom-font-size has-normal-font-size\"><a class=\"wp-block-button__link has-white-color has-gold-background-color has-text-color has-background wp-element-button\" href=\"https:\/\/www.explora-project.com\/expeditions\/ascension-du-mythique-mont-blanc-en-6-jours-par-la-voie-royale\" style=\"border-radius:5px\" target=\"_blank\" rel=\"noreferrer noopener\">ALLER SUR LA PAGE DE L\u2019AVENTURE<\/a><\/div>\n<\/div>\n\n\n\n<h2 class=\"has-gold-color has-text-color\"><strong>Conclusion<\/strong><\/h2>\n\n\n\n<p class=\"has-normal-font-size\">Chaque nouvelle course te permettra de tester tes aptitudes et de progresser dans des conditions r\u00e9elles sur des terrains vari\u00e9s. L\u2019objectif est de t\u2019accompagner tout au long de ta progression, des premiers pas \u00e0 l\u2019ascension, au c\u0153ur d\u2019un groupe qui formera la cord\u00e9e. En te formant aupr\u00e8s de guides exp\u00e9riment\u00e9s, tu pourras te perfectionner, tout en ajoutant des sommets impressionnants \u00e0 ta liste de r\u00e9ussites. Le mat\u00e9riel, les codes de la montagne et la gestion du terrain n\u2019auront plus de secrets pour toi.<\/p>\n\n\n\n<p class=\"has-normal-font-size\">Pr\u00eat \u00e0 te lancer ? Que tu sois d\u00e9butant ou confirm\u00e9, rejoins-nous pour explorer sommet, aiguille, cascade de glace,&#8230; dans les plus beaux massifs de France&nbsp;!<\/p>\n\n\n\n<div class=\"is-content-justification-center is-layout-flex wp-container-59 wp-block-buttons\">\n<div class=\"wp-block-button has-custom-font-size has-normal-font-size\"><a class=\"wp-block-button__link has-white-color has-gold-background-color has-text-color has-background wp-element-button\" href=\"https:\/\/www.explora-project.com\/expeditions?refinementList%5Btheme_names%5D%5B0%5D=Alpinisme\" style=\"border-radius:5px\" target=\"_blank\" rel=\"noreferrer noopener\">VOIR LA COLLECTION<\/a><\/div>\n<\/div>\n","protected":false},"excerpt":{"rendered":"<p>Progresser en&nbsp;haute montagne, repousser tes limites et vivre des moments uniques : telle est la promesse de l\u2019alpinisme. Pour t\u2019aider \u00e0 atteindre ces objectifs, la team Explora a con\u00e7u une<a href=\"https:\/\/www.explora-project.com\/blog\/articles\/le-guide-de-notre-collection-alpinisme-de-linitiation-a-lascension-du-toit-des-alpes\" class=\"more-link\"><span class=\"readmore\">Continuer \u00e0 lire&#8230;<span class=\"screen-reader-text\">Le guide de notre collection Alpinisme : de l\u2019initiation \u00e0 l\u2019ascension du toit des Alpes<\/span><\/span><\/a><\/p>\n","protected":false},"author":22,"featured_media":5616,"comment_status":"closed","ping_status":"closed","sticky":false,"template":"","format":"standard","meta":[],"categories":[5,4],"tags":[37,76,141,113,184],"yoast_head":"<!-- This site is optimized with the Yoast SEO plugin v19.10 - https:\/\/yoast.com\/wordpress\/plugins\/seo\/ -->\n<title>Le guide de notre collection Alpinisme : de l\u2019initiation \u00e0 l\u2019ascension du toit des Alpes - Journal d&#039;Explora Project<\/title>\n<meta name=\"robots\" content=\"index, follow, max-snippet:-1, max-image-preview:large, max-video-preview:-1\" \/>\n<link rel=\"canonical\" href=\"https:\/\/www.explora-project.com\/blog\/articles\/le-guide-de-notre-collection-alpinisme-de-linitiation-a-lascension-du-toit-des-alpes\" \/>\n<meta property=\"og:locale\" content=\"fr_FR\" \/>\n<meta property=\"og:type\" content=\"article\" \/>\n<meta property=\"og:title\" content=\"Le guide de notre collection Alpinisme : de l\u2019initiation \u00e0 l\u2019ascension du toit des Alpes - Journal d&#039;Explora Project\" \/>\n<meta property=\"og:description\" content=\"Progresser en&nbsp;haute montagne, repousser tes limites et vivre des moments uniques : telle est la promesse de l\u2019alpinisme. Pour t\u2019aider \u00e0 atteindre ces objectifs, la team Explora a con\u00e7u uneContinuer \u00e0 lire...Le guide de notre collection Alpinisme : de l\u2019initiation \u00e0 l\u2019ascension du toit des Alpes\" \/>\n<meta property=\"og:url\" content=\"https:\/\/www.explora-project.com\/blog\/articles\/le-guide-de-notre-collection-alpinisme-de-linitiation-a-lascension-du-toit-des-alpes\" \/>\n<meta property=\"og:site_name\" content=\"Journal d&#039;Explora Project\" \/>\n<meta property=\"article:published_time\" content=\"2025-11-20T14:11:00+00:00\" \/>\n<meta property=\"article:modified_time\" content=\"2025-11-24T14:56:03+00:00\" \/>\n<meta property=\"og:image\" content=\"https:\/\/www.explora-project.com\/blog\/wp-content\/uploads\/2025\/01\/Banners-Blog-Ski-Niveau-1024x616.png\" \/>\n\t<meta property=\"og:image:width\" content=\"1024\" \/>\n\t<meta property=\"og:image:height\" content=\"616\" \/>\n\t<meta property=\"og:image:type\" content=\"image\/png\" \/>\n<meta name=\"author\" content=\"anna@explora-project.com\" \/>\n<meta name=\"twitter:card\" content=\"summary_large_image\" \/>\n<meta name=\"twitter:label1\" content=\"Written by\" \/>\n\t<meta name=\"twitter:data1\" content=\"anna@explora-project.com\" \/>\n\t<meta name=\"twitter:label2\" content=\"Est. reading time\" \/>\n\t<meta name=\"twitter:data2\" content=\"23 minutes\" \/>\n<script type=\"application\/ld+json\" class=\"yoast-schema-graph\">{\"@context\":\"https:\/\/schema.org\",\"@graph\":[{\"@type\":\"WebPage\",\"@id\":\"https:\/\/www.explora-project.com\/blog\/articles\/le-guide-de-notre-collection-alpinisme-de-linitiation-a-lascension-du-toit-des-alpes\",\"url\":\"https:\/\/www.explora-project.com\/blog\/articles\/le-guide-de-notre-collection-alpinisme-de-linitiation-a-lascension-du-toit-des-alpes\",\"name\":\"Le guide de notre collection Alpinisme : de l\u2019initiation \u00e0 l\u2019ascension du toit des Alpes - Journal d&#039;Explora Project\",\"isPartOf\":{\"@id\":\"https:\/\/www.explora-project.com\/blog\/#website\"},\"datePublished\":\"2025-11-20T14:11:00+00:00\",\"dateModified\":\"2025-11-24T14:56:03+00:00\",\"author\":{\"@id\":\"https:\/\/www.explora-project.com\/blog\/#\/schema\/person\/a773aad3591c772047e03c17fd28d501\"},\"breadcrumb\":{\"@id\":\"https:\/\/www.explora-project.com\/blog\/articles\/le-guide-de-notre-collection-alpinisme-de-linitiation-a-lascension-du-toit-des-alpes#breadcrumb\"},\"inLanguage\":\"fr-FR\",\"potentialAction\":[{\"@type\":\"ReadAction\",\"target\":[\"https:\/\/www.explora-project.com\/blog\/articles\/le-guide-de-notre-collection-alpinisme-de-linitiation-a-lascension-du-toit-des-alpes\"]}]},{\"@type\":\"BreadcrumbList\",\"@id\":\"https:\/\/www.explora-project.com\/blog\/articles\/le-guide-de-notre-collection-alpinisme-de-linitiation-a-lascension-du-toit-des-alpes#breadcrumb\",\"itemListElement\":[{\"@type\":\"ListItem\",\"position\":1,\"name\":\"Home\",\"item\":\"https:\/\/www.explora-project.com\/blog\"},{\"@type\":\"ListItem\",\"position\":2,\"name\":\"Le guide de notre collection Alpinisme : de l\u2019initiation \u00e0 l\u2019ascension du toit des Alpes\"}]},{\"@type\":\"WebSite\",\"@id\":\"https:\/\/www.explora-project.com\/blog\/#website\",\"url\":\"https:\/\/www.explora-project.com\/blog\/\",\"name\":\"Journal d&#039;Explora Project\",\"description\":\"Actualit\u00e9s \u00e0 la une\",\"potentialAction\":[{\"@type\":\"SearchAction\",\"target\":{\"@type\":\"EntryPoint\",\"urlTemplate\":\"https:\/\/www.explora-project.com\/blog\/?s={search_term_string}\"},\"query-input\":\"required name=search_term_string\"}],\"inLanguage\":\"fr-FR\"},{\"@type\":\"Person\",\"@id\":\"https:\/\/www.explora-project.com\/blog\/#\/schema\/person\/a773aad3591c772047e03c17fd28d501\",\"name\":\"anna@explora-project.com\",\"image\":{\"@type\":\"ImageObject\",\"inLanguage\":\"fr-FR\",\"@id\":\"https:\/\/www.explora-project.com\/blog\/#\/schema\/person\/image\/\",\"url\":\"https:\/\/www.explora-project.com\/blog\/wp-content\/uploads\/2023\/10\/MOI-96x96.jpg\",\"contentUrl\":\"https:\/\/www.explora-project.com\/blog\/wp-content\/uploads\/2023\/10\/MOI-96x96.jpg\",\"caption\":\"anna@explora-project.com\"},\"url\":\"https:\/\/www.explora-project.com\/blog\/articles\/author\/annaexplora-project-com\"}]}<\/script>\n<!-- \/ Yoast SEO plugin. -->","yoast_head_json":{"title":"Le guide de notre collection Alpinisme : de l\u2019initiation \u00e0 l\u2019ascension du toit des Alpes - Journal d&#039;Explora Project","robots":{"index":"index","follow":"follow","max-snippet":"max-snippet:-1","max-image-preview":"max-image-preview:large","max-video-preview":"max-video-preview:-1"},"canonical":"https:\/\/www.explora-project.com\/blog\/articles\/le-guide-de-notre-collection-alpinisme-de-linitiation-a-lascension-du-toit-des-alpes","og_locale":"fr_FR","og_type":"article","og_title":"Le guide de notre collection Alpinisme : de l\u2019initiation \u00e0 l\u2019ascension du toit des Alpes - Journal d&#039;Explora Project","og_description":"Progresser en&nbsp;haute montagne, repousser tes limites et vivre des moments uniques : telle est la promesse de l\u2019alpinisme. Pour t\u2019aider \u00e0 atteindre ces objectifs, la team Explora a con\u00e7u uneContinuer \u00e0 lire...Le guide de notre collection Alpinisme : de l\u2019initiation \u00e0 l\u2019ascension du toit des Alpes","og_url":"https:\/\/www.explora-project.com\/blog\/articles\/le-guide-de-notre-collection-alpinisme-de-linitiation-a-lascension-du-toit-des-alpes","og_site_name":"Journal d&#039;Explora Project","article_published_time":"2025-11-20T14:11:00+00:00","article_modified_time":"2025-11-24T14:56:03+00:00","og_image":[{"width":1024,"height":616,"url":"https:\/\/www.explora-project.com\/blog\/wp-content\/uploads\/2025\/01\/Banners-Blog-Ski-Niveau-1024x616.png","type":"image\/png"}],"author":"anna@explora-project.com","twitter_card":"summary_large_image","twitter_misc":{"Written by":"anna@explora-project.com","Est. reading time":"23 minutes"},"schema":{"@context":"https:\/\/schema.org","@graph":[{"@type":"WebPage","@id":"https:\/\/www.explora-project.com\/blog\/articles\/le-guide-de-notre-collection-alpinisme-de-linitiation-a-lascension-du-toit-des-alpes","url":"https:\/\/www.explora-project.com\/blog\/articles\/le-guide-de-notre-collection-alpinisme-de-linitiation-a-lascension-du-toit-des-alpes","name":"Le guide de notre collection Alpinisme : de l\u2019initiation \u00e0 l\u2019ascension du toit des Alpes - Journal d&#039;Explora Project","isPartOf":{"@id":"https:\/\/www.explora-project.com\/blog\/#website"},"datePublished":"2025-11-20T14:11:00+00:00","dateModified":"2025-11-24T14:56:03+00:00","author":{"@id":"https:\/\/www.explora-project.com\/blog\/#\/schema\/person\/a773aad3591c772047e03c17fd28d501"},"breadcrumb":{"@id":"https:\/\/www.explora-project.com\/blog\/articles\/le-guide-de-notre-collection-alpinisme-de-linitiation-a-lascension-du-toit-des-alpes#breadcrumb"},"inLanguage":"fr-FR","potentialAction":[{"@type":"ReadAction","target":["https:\/\/www.explora-project.com\/blog\/articles\/le-guide-de-notre-collection-alpinisme-de-linitiation-a-lascension-du-toit-des-alpes"]}]},{"@type":"BreadcrumbList","@id":"https:\/\/www.explora-project.com\/blog\/articles\/le-guide-de-notre-collection-alpinisme-de-linitiation-a-lascension-du-toit-des-alpes#breadcrumb","itemListElement":[{"@type":"ListItem","position":1,"name":"Home","item":"https:\/\/www.explora-project.com\/blog"},{"@type":"ListItem","position":2,"name":"Le guide de notre collection Alpinisme : de l\u2019initiation \u00e0 l\u2019ascension du toit des Alpes"}]},{"@type":"WebSite","@id":"https:\/\/www.explora-project.com\/blog\/#website","url":"https:\/\/www.explora-project.com\/blog\/","name":"Journal d&#039;Explora Project","description":"Actualit\u00e9s \u00e0 la une","potentialAction":[{"@type":"SearchAction","target":{"@type":"EntryPoint","urlTemplate":"https:\/\/www.explora-project.com\/blog\/?s={search_term_string}"},"query-input":"required name=search_term_string"}],"inLanguage":"fr-FR"},{"@type":"Person","@id":"https:\/\/www.explora-project.com\/blog\/#\/schema\/person\/a773aad3591c772047e03c17fd28d501","name":"anna@explora-project.com","image":{"@type":"ImageObject","inLanguage":"fr-FR","@id":"https:\/\/www.explora-project.com\/blog\/#\/schema\/person\/image\/","url":"https:\/\/www.explora-project.com\/blog\/wp-content\/uploads\/2023\/10\/MOI-96x96.jpg","contentUrl":"https:\/\/www.explora-project.com\/blog\/wp-content\/uploads\/2023\/10\/MOI-96x96.jpg","caption":"anna@explora-project.com"},"url":"https:\/\/www.explora-project.com\/blog\/articles\/author\/annaexplora-project-com"}]}},"_links":{"self":[{"href":"https:\/\/www.explora-project.com\/blog\/wp-json\/wp\/v2\/posts\/5771"}],"collection":[{"href":"https:\/\/www.explora-project.com\/blog\/wp-json\/wp\/v2\/posts"}],"about":[{"href":"https:\/\/www.explora-project.com\/blog\/wp-json\/wp\/v2\/types\/post"}],"author":[{"embeddable":true,"href":"https:\/\/www.explora-project.com\/blog\/wp-json\/wp\/v2\/users\/22"}],"replies":[{"embeddable":true,"href":"https:\/\/www.explora-project.com\/blog\/wp-json\/wp\/v2\/comments?post=5771"}],"version-history":[{"count":27,"href":"https:\/\/www.explora-project.com\/blog\/wp-json\/wp\/v2\/posts\/5771\/revisions"}],"predecessor-version":[{"id":6470,"href":"https:\/\/www.explora-project.com\/blog\/wp-json\/wp\/v2\/posts\/5771\/revisions\/6470"}],"wp:featuredmedia":[{"embeddable":true,"href":"https:\/\/www.explora-project.com\/blog\/wp-json\/wp\/v2\/media\/5616"}],"wp:attachment":[{"href":"https:\/\/www.explora-project.com\/blog\/wp-json\/wp\/v2\/media?parent=5771"}],"wp:term":[{"taxonomy":"category","embeddable":true,"href":"https:\/\/www.explora-project.com\/blog\/wp-json\/wp\/v2\/categories?post=5771"},{"taxonomy":"post_tag","embeddable":true,"href":"https:\/\/www.explora-project.com\/blog\/wp-json\/wp\/v2\/tags?post=5771"}],"curies":[{"name":"wp","href":"https:\/\/api.w.org\/{rel}","templated":true}]}}