{"id":5591,"date":"2025-01-08T16:39:33","date_gmt":"2025-01-08T15:39:33","guid":{"rendered":"https:\/\/www.explora-project.com\/blog\/?p=5591"},"modified":"2025-08-13T11:56:44","modified_gmt":"2025-08-13T09:56:44","slug":"5-bonnes-raisons-de-partir-en-colo-en-hiver","status":"publish","type":"post","link":"https:\/\/www.explora-project.com\/blog\/articles\/5-bonnes-raisons-de-partir-en-colo-en-hiver","title":{"rendered":"5 bonnes raisons de partir en colo en hiver"},"content":{"rendered":"\n<p class=\"has-normal-font-size\">Avec le froid et les journ\u00e9es plus courtes, l\u2019hiver ne para\u00eet pas propice aux activit\u00e9s ext\u00e9rieures, et pourtant ! Cette saison regorge d\u2019opportunit\u00e9s pour les enfants de sortir, d\u00e9couvrir et s\u2019\u00e9panouir diff\u00e9remment. Et quoi de mieux qu\u2019une colonie d\u2019hiver pour leur offrir une parenth\u00e8se enrichissante ? Voil\u00e0 5 bonnes raisons d\u2019envoyer ton ou tes enfants en colonie de vacances en hiver.<\/p>\n\n\n\n<h2 class=\"has-gold-color has-text-color\"><strong>1. S\u2019\u00e9loigner des \u00e9crans : se reconnecter \u00e0 l\u2019essentiel<\/strong><\/h2>\n\n\n\n<div class=\"wp-block-media-text is-stacked-on-mobile has-normal-font-size\"><figure class=\"wp-block-media-text__media\"><img decoding=\"async\" loading=\"lazy\" width=\"1024\" height=\"923\" src=\"https:\/\/www.explora-project.com\/blog\/wp-content\/uploads\/2025\/01\/1.-Seloigner-des-ecrans-_-se-reconnecter-a-lessentiel-1024x923.png\" alt=\"\" class=\"wp-image-5601 size-full\" srcset=\"https:\/\/www.explora-project.com\/blog\/wp-content\/uploads\/2025\/01\/1.-Seloigner-des-ecrans-_-se-reconnecter-a-lessentiel-1024x923.png 1024w, https:\/\/www.explora-project.com\/blog\/wp-content\/uploads\/2025\/01\/1.-Seloigner-des-ecrans-_-se-reconnecter-a-lessentiel-300x270.png 300w, https:\/\/www.explora-project.com\/blog\/wp-content\/uploads\/2025\/01\/1.-Seloigner-des-ecrans-_-se-reconnecter-a-lessentiel-768x692.png 768w, https:\/\/www.explora-project.com\/blog\/wp-content\/uploads\/2025\/01\/1.-Seloigner-des-ecrans-_-se-reconnecter-a-lessentiel.png 1280w\" sizes=\"(max-width: 1024px) 100vw, 1024px\" \/><\/figure><div class=\"wp-block-media-text__content\">\n<p>L\u2019un des grands atouts d\u2019une colonie (ou d&rsquo;une Colo Aventure) en hiver, c\u2019est de permettre aux enfants de d\u00e9crocher des \u00e9crans. Fini les smartphones, tablettes et autres distractions num\u00e9riques, c\u2019est le moment de faire le plein d\u2019activit\u00e9s et de moments partag\u00e9s. En s\u2019\u00e9loignant du virtuel, les enfants apprennent \u00e0 savourer le pr\u00e9sent et les instants simples. Ils cr\u00e9ent des souvenirs communs et des amiti\u00e9s durant les activit\u00e9s et les repas. Un retour \u00e0 des valeurs simples comme la convivialit\u00e9, la d\u00e9couverte et le respect de l\u2019environnement qui les entoure.<\/p>\n<\/div><\/div>\n\n\n\n<h2 class=\"has-gold-color has-text-color\"><strong>2. Passer du temps dehors en hiver : des activit\u00e9s incontournables<\/strong><\/h2>\n\n\n\n<div class=\"wp-block-media-text is-stacked-on-mobile has-normal-font-size\"><figure class=\"wp-block-media-text__media\"><img decoding=\"async\" loading=\"lazy\" width=\"1024\" height=\"923\" src=\"https:\/\/www.explora-project.com\/blog\/wp-content\/uploads\/2025\/01\/2.-Passer-du-temps-dehors-en-hiver-_-des-activites-incontournables-1024x923.png\" alt=\"\" class=\"wp-image-5602 size-full\" srcset=\"https:\/\/www.explora-project.com\/blog\/wp-content\/uploads\/2025\/01\/2.-Passer-du-temps-dehors-en-hiver-_-des-activites-incontournables-1024x923.png 1024w, https:\/\/www.explora-project.com\/blog\/wp-content\/uploads\/2025\/01\/2.-Passer-du-temps-dehors-en-hiver-_-des-activites-incontournables-300x270.png 300w, https:\/\/www.explora-project.com\/blog\/wp-content\/uploads\/2025\/01\/2.-Passer-du-temps-dehors-en-hiver-_-des-activites-incontournables-768x692.png 768w, https:\/\/www.explora-project.com\/blog\/wp-content\/uploads\/2025\/01\/2.-Passer-du-temps-dehors-en-hiver-_-des-activites-incontournables.png 1280w\" sizes=\"(max-width: 1024px) 100vw, 1024px\" \/><\/figure><div class=\"wp-block-media-text__content\">\n<p class=\"has-normal-font-size\">Ce n\u2019est pas parce qu\u2019il fait froid que l\u2019hiver n\u2019est pas une saison id\u00e9ale pour sortir. Au contraire, il y a beaucoup d\u2019activit\u00e9s sportives et ludiques que l\u2019on ne peut pratiquer qu\u2019\u00e0 cette \u00e9poque de l\u2019ann\u00e9e. C\u2019est le moment pour faire d\u00e9couvrir de nouvelles activit\u00e9s \u00e0 ton ou tes mini-aventuriers et, qui sait, peut-\u00eatre une nouvelle passion ? Que ce soit de la randonn\u00e9e en raquette, du ski de fond ou m\u00eame la construction d&rsquo;igloos, nombreuses sont les activit\u00e9s qui laissent des souvenirs. Laisse tes petits chausser les skis ou les raquettes et s\u2019aventurer sur les trac\u00e9s adapt\u00e9s tout en d\u00e9veloppant leur endurance.<\/p>\n\n\n\n<p class=\"has-normal-font-size\">Et la bonne nouvelle ? Tu peux retrouver toutes ces activit\u00e9s (et bien plus !) dans nos Colo Aventure. Le tout, encadr\u00e9 par des guides professionnels.<\/p>\n<\/div><\/div>\n\n\n\n<h2 class=\"has-gold-color has-text-color\"><strong>3. Se d\u00e9passer et renforcer sa confiance en soi<\/strong><\/h2>\n\n\n\n<div class=\"wp-block-media-text is-stacked-on-mobile has-normal-font-size\"><figure class=\"wp-block-media-text__media\"><img decoding=\"async\" loading=\"lazy\" width=\"1024\" height=\"923\" src=\"https:\/\/www.explora-project.com\/blog\/wp-content\/uploads\/2025\/01\/3.-Se-depasser-et-renforcer-sa-confiance-en-soi-1024x923.png\" alt=\"\" class=\"wp-image-5605 size-full\" srcset=\"https:\/\/www.explora-project.com\/blog\/wp-content\/uploads\/2025\/01\/3.-Se-depasser-et-renforcer-sa-confiance-en-soi-1024x923.png 1024w, https:\/\/www.explora-project.com\/blog\/wp-content\/uploads\/2025\/01\/3.-Se-depasser-et-renforcer-sa-confiance-en-soi-300x270.png 300w, https:\/\/www.explora-project.com\/blog\/wp-content\/uploads\/2025\/01\/3.-Se-depasser-et-renforcer-sa-confiance-en-soi-768x692.png 768w, https:\/\/www.explora-project.com\/blog\/wp-content\/uploads\/2025\/01\/3.-Se-depasser-et-renforcer-sa-confiance-en-soi.png 1280w\" sizes=\"(max-width: 1024px) 100vw, 1024px\" \/><\/figure><div class=\"wp-block-media-text__content\">\n<p class=\"has-normal-font-size\">L\u2019hiver est aussi une saison propice aux d\u00e9fis et les colonies de vacances offrent aux enfants une multitude d\u2019occasions pour se d\u00e9passer. Comme chaque sport, les activit\u00e9s hivernales sont des occasions de sortir de sa zone de confort et de voir de quoi on est capable. Faire toute la randonn\u00e9e en raquette comme un grand, aller le plus vite possible en ski de fond\u2026 Le courage et la pers\u00e9v\u00e9rance sont bien souvent sollicit\u00e9s. Un des avantages des colonies, c\u2019est que les activit\u00e9s sportives sont toujours r\u00e9alis\u00e9es dans un cadre s\u00e9curisant et bienveillant, avec le soutien d\u2019un professionnel. Faire face \u00e0 ces petits challenges aide les enfants \u00e0 grandir, \u00e0 affronter leurs peurs et \u00e0 d\u00e9couvrir qu\u2019ils sont capables de beaucoup plus qu\u2019ils ne le pensent.<\/p>\n<\/div><\/div>\n\n\n\n<p class=\"has-normal-font-size\">.<\/p>\n\n\n\n<h2 class=\"has-gold-color has-text-color\"><strong>4. D\u00e9velopper l\u2019autonomie et se pr\u00e9parer pour des aventures futures.<\/strong><\/h2>\n\n\n\n<div class=\"wp-block-media-text is-stacked-on-mobile has-normal-font-size\"><figure class=\"wp-block-media-text__media\"><img decoding=\"async\" loading=\"lazy\" width=\"1024\" height=\"923\" src=\"https:\/\/www.explora-project.com\/blog\/wp-content\/uploads\/2025\/01\/4.-Developper-lautonomie-et-se-preparer-pour-des-aventures-futures.-1024x923.png\" alt=\"\" class=\"wp-image-5607 size-full\" srcset=\"https:\/\/www.explora-project.com\/blog\/wp-content\/uploads\/2025\/01\/4.-Developper-lautonomie-et-se-preparer-pour-des-aventures-futures.-1024x923.png 1024w, https:\/\/www.explora-project.com\/blog\/wp-content\/uploads\/2025\/01\/4.-Developper-lautonomie-et-se-preparer-pour-des-aventures-futures.-300x270.png 300w, https:\/\/www.explora-project.com\/blog\/wp-content\/uploads\/2025\/01\/4.-Developper-lautonomie-et-se-preparer-pour-des-aventures-futures.-768x692.png 768w, https:\/\/www.explora-project.com\/blog\/wp-content\/uploads\/2025\/01\/4.-Developper-lautonomie-et-se-preparer-pour-des-aventures-futures..png 1280w\" sizes=\"(max-width: 1024px) 100vw, 1024px\" \/><\/figure><div class=\"wp-block-media-text__content\">\n<p class=\"has-normal-font-size\">Une Colo Aventure hivernal, c\u2019est une exp\u00e9rience formatrice qui pr\u00e9pare les enfants \u00e0 des aventures futures. C\u2019est l\u2019occasion pour eux d\u2019apprendre de nouvelles activit\u00e9s et de poser les bases d\u2019une autonomie dans des disciplines in\u00e9dites. En s\u2019initiant \u00e0 des activit\u00e9s comme le ski nordique ou les raquettes, ils se familiarisent avec du mat\u00e9riel qu\u2019ils n\u2019avaient peut-\u00eatre jamais utilis\u00e9 auparavant. Sous l\u2019\u0153il d\u2019un expert, ils apprennent \u00e0 l\u2019utiliser correctement, d\u00e9veloppant ainsi des comp\u00e9tences pratiques qui leur serviront dans leurs futures escapades. Ces d\u00e9couvertes peuvent \u00eatre le point de d\u00e9part de beaucoup d\u2019aventures.<\/p>\n<\/div><\/div>\n\n\n\n<p class=\"has-normal-font-size\"><\/p>\n\n\n\n<h2 class=\"has-gold-color has-text-color\"><strong>5. Apprendre la vie en communaut\u00e9<\/strong><\/h2>\n\n\n\n<div class=\"wp-block-media-text is-stacked-on-mobile has-normal-font-size\"><figure class=\"wp-block-media-text__media\"><img decoding=\"async\" loading=\"lazy\" width=\"1024\" height=\"923\" src=\"https:\/\/www.explora-project.com\/blog\/wp-content\/uploads\/2025\/01\/5.-Apprendre-la-vie-en-communaute-1024x923.png\" alt=\"\" class=\"wp-image-5609 size-full\" srcset=\"https:\/\/www.explora-project.com\/blog\/wp-content\/uploads\/2025\/01\/5.-Apprendre-la-vie-en-communaute-1024x923.png 1024w, https:\/\/www.explora-project.com\/blog\/wp-content\/uploads\/2025\/01\/5.-Apprendre-la-vie-en-communaute-300x270.png 300w, https:\/\/www.explora-project.com\/blog\/wp-content\/uploads\/2025\/01\/5.-Apprendre-la-vie-en-communaute-768x692.png 768w, https:\/\/www.explora-project.com\/blog\/wp-content\/uploads\/2025\/01\/5.-Apprendre-la-vie-en-communaute.png 1280w\" sizes=\"(max-width: 1024px) 100vw, 1024px\" \/><\/figure><div class=\"wp-block-media-text__content\">\n<p class=\"has-normal-font-size\">Passer une semaine en groupe, loin du cocon familial, est un excellent moyen pour un enfant de renforcer son autonomie et de d\u00e9velopper sa mani\u00e8re de vivre en soci\u00e9t\u00e9. Ils apprennent \u00e0 s\u2019adapter \u00e0 un environnement collectif et \u00e0 interagir avec d&rsquo;autres enfants. Vivre en communaut\u00e9, c\u2019est avant tout une le\u00e7on de respect. Dans un groupe, chaque enfant doit prendre en compte les besoins et les envies des autres, tout en partageant les espaces et les moments de la journ\u00e9e. Que ce soit pendant les repas, les activit\u00e9s de groupe ou les moments de d\u00e9tente, ces exp\u00e9riences leur enseignent des valeurs essentielles comme le respect de l\u2019autre et la capacit\u00e9 \u00e0 travailler en \u00e9quipe.<\/p>\n<\/div><\/div>\n\n\n\n<h2>Conclusion<\/h2>\n\n\n\n<p class=\"has-normal-font-size\">N\u2019attends plus pour inscrire ton ou tes enfants sur une de nos dates pendant les vacances d&rsquo;hiver ! C\u2019est l\u2019occasion de lui offrir des moments uniques, loin des \u00e9crans et entour\u00e9 de nouveaux amis. Pr\u00eat(e) \u00e0 embarquer ton mini-aventurier pour une exp\u00e9rience m\u00e9morable ?<\/p>\n\n\n\n<div class=\"is-content-justification-center is-layout-flex wp-container-1 wp-block-buttons has-custom-font-size has-normal-font-size\">\n<div class=\"wp-block-button has-custom-font-size has-normal-font-size\"><a class=\"wp-block-button__link has-white-color has-gold-background-color has-text-color has-background wp-element-button\" href=\"https:\/\/www.explora-project.com\/expeditions?toggle%5Bis_family_friendly%5D=true&amp;refinementList%5Bvacation%5D%5B0%5D=Hiver&amp;refinementList%5Bexpedition_type%5D%5B0%5D=Sans%20les%20parents\" style=\"border-radius:5px\" target=\"_blank\" rel=\"noreferrer noopener\">D\u00c9COUVRIR NOS COLO AVENTURE<\/a><\/div>\n<\/div>\n\n\n\n<p><\/p>\n","protected":false},"excerpt":{"rendered":"<p>Avec le froid et les journ\u00e9es plus courtes, l\u2019hiver ne para\u00eet pas propice aux activit\u00e9s ext\u00e9rieures, et pourtant ! Cette saison regorge d\u2019opportunit\u00e9s pour les enfants de sortir, d\u00e9couvrir et<a href=\"https:\/\/www.explora-project.com\/blog\/articles\/5-bonnes-raisons-de-partir-en-colo-en-hiver\" class=\"more-link\"><span class=\"readmore\">Continuer \u00e0 lire&#8230;<span class=\"screen-reader-text\">5 bonnes raisons de partir en colo en hiver<\/span><\/span><\/a><\/p>\n","protected":false},"author":22,"featured_media":5596,"comment_status":"closed","ping_status":"closed","sticky":false,"template":"","format":"standard","meta":[],"categories":[279],"tags":[],"yoast_head":"<!-- This site is optimized with the Yoast SEO plugin v19.10 - https:\/\/yoast.com\/wordpress\/plugins\/seo\/ -->\n<title>5 bonnes raisons de partir en colo en hiver - Journal d&#039;Explora Project<\/title>\n<meta name=\"robots\" content=\"index, follow, max-snippet:-1, max-image-preview:large, max-video-preview:-1\" \/>\n<link rel=\"canonical\" href=\"https:\/\/www.explora-project.com\/blog\/articles\/5-bonnes-raisons-de-partir-en-colo-en-hiver\" \/>\n<meta property=\"og:locale\" content=\"fr_FR\" \/>\n<meta property=\"og:type\" content=\"article\" \/>\n<meta property=\"og:title\" content=\"5 bonnes raisons de partir en colo en hiver - Journal d&#039;Explora Project\" \/>\n<meta property=\"og:description\" content=\"Avec le froid et les journ\u00e9es plus courtes, l\u2019hiver ne para\u00eet pas propice aux activit\u00e9s ext\u00e9rieures, et pourtant ! Cette saison regorge d\u2019opportunit\u00e9s pour les enfants de sortir, d\u00e9couvrir etContinuer \u00e0 lire...5 bonnes raisons de partir en colo en hiver\" \/>\n<meta property=\"og:url\" content=\"https:\/\/www.explora-project.com\/blog\/articles\/5-bonnes-raisons-de-partir-en-colo-en-hiver\" \/>\n<meta property=\"og:site_name\" content=\"Journal d&#039;Explora Project\" \/>\n<meta property=\"article:published_time\" content=\"2025-01-08T15:39:33+00:00\" \/>\n<meta property=\"article:modified_time\" content=\"2025-08-13T09:56:44+00:00\" \/>\n<meta property=\"og:image\" content=\"https:\/\/www.explora-project.com\/blog\/wp-content\/uploads\/2025\/01\/Banners-Blog-5-bonnes-raisons-de-partir-en-colo-en-hiver-1024x683.png\" \/>\n\t<meta property=\"og:image:width\" content=\"1024\" \/>\n\t<meta property=\"og:image:height\" content=\"683\" \/>\n\t<meta property=\"og:image:type\" content=\"image\/png\" \/>\n<meta name=\"author\" content=\"anna@explora-project.com\" \/>\n<meta name=\"twitter:card\" content=\"summary_large_image\" \/>\n<meta name=\"twitter:label1\" content=\"Written by\" \/>\n\t<meta name=\"twitter:data1\" content=\"anna@explora-project.com\" \/>\n\t<meta name=\"twitter:label2\" content=\"Est. reading time\" \/>\n\t<meta name=\"twitter:data2\" content=\"5 minutes\" \/>\n<script type=\"application\/ld+json\" class=\"yoast-schema-graph\">{\"@context\":\"https:\/\/schema.org\",\"@graph\":[{\"@type\":\"WebPage\",\"@id\":\"https:\/\/www.explora-project.com\/blog\/articles\/5-bonnes-raisons-de-partir-en-colo-en-hiver\",\"url\":\"https:\/\/www.explora-project.com\/blog\/articles\/5-bonnes-raisons-de-partir-en-colo-en-hiver\",\"name\":\"5 bonnes raisons de partir en colo en hiver - Journal d&#039;Explora Project\",\"isPartOf\":{\"@id\":\"https:\/\/www.explora-project.com\/blog\/#website\"},\"datePublished\":\"2025-01-08T15:39:33+00:00\",\"dateModified\":\"2025-08-13T09:56:44+00:00\",\"author\":{\"@id\":\"https:\/\/www.explora-project.com\/blog\/#\/schema\/person\/a773aad3591c772047e03c17fd28d501\"},\"breadcrumb\":{\"@id\":\"https:\/\/www.explora-project.com\/blog\/articles\/5-bonnes-raisons-de-partir-en-colo-en-hiver#breadcrumb\"},\"inLanguage\":\"fr-FR\",\"potentialAction\":[{\"@type\":\"ReadAction\",\"target\":[\"https:\/\/www.explora-project.com\/blog\/articles\/5-bonnes-raisons-de-partir-en-colo-en-hiver\"]}]},{\"@type\":\"BreadcrumbList\",\"@id\":\"https:\/\/www.explora-project.com\/blog\/articles\/5-bonnes-raisons-de-partir-en-colo-en-hiver#breadcrumb\",\"itemListElement\":[{\"@type\":\"ListItem\",\"position\":1,\"name\":\"Home\",\"item\":\"https:\/\/www.explora-project.com\/blog\"},{\"@type\":\"ListItem\",\"position\":2,\"name\":\"5 bonnes raisons de partir en colo en hiver\"}]},{\"@type\":\"WebSite\",\"@id\":\"https:\/\/www.explora-project.com\/blog\/#website\",\"url\":\"https:\/\/www.explora-project.com\/blog\/\",\"name\":\"Journal d&#039;Explora Project\",\"description\":\"Actualit\u00e9s \u00e0 la une\",\"potentialAction\":[{\"@type\":\"SearchAction\",\"target\":{\"@type\":\"EntryPoint\",\"urlTemplate\":\"https:\/\/www.explora-project.com\/blog\/?s={search_term_string}\"},\"query-input\":\"required name=search_term_string\"}],\"inLanguage\":\"fr-FR\"},{\"@type\":\"Person\",\"@id\":\"https:\/\/www.explora-project.com\/blog\/#\/schema\/person\/a773aad3591c772047e03c17fd28d501\",\"name\":\"anna@explora-project.com\",\"image\":{\"@type\":\"ImageObject\",\"inLanguage\":\"fr-FR\",\"@id\":\"https:\/\/www.explora-project.com\/blog\/#\/schema\/person\/image\/\",\"url\":\"https:\/\/www.explora-project.com\/blog\/wp-content\/uploads\/2023\/10\/MOI-96x96.jpg\",\"contentUrl\":\"https:\/\/www.explora-project.com\/blog\/wp-content\/uploads\/2023\/10\/MOI-96x96.jpg\",\"caption\":\"anna@explora-project.com\"},\"url\":\"https:\/\/www.explora-project.com\/blog\/articles\/author\/annaexplora-project-com\"}]}<\/script>\n<!-- \/ Yoast SEO plugin. -->","yoast_head_json":{"title":"5 bonnes raisons de partir en colo en hiver - Journal d&#039;Explora Project","robots":{"index":"index","follow":"follow","max-snippet":"max-snippet:-1","max-image-preview":"max-image-preview:large","max-video-preview":"max-video-preview:-1"},"canonical":"https:\/\/www.explora-project.com\/blog\/articles\/5-bonnes-raisons-de-partir-en-colo-en-hiver","og_locale":"fr_FR","og_type":"article","og_title":"5 bonnes raisons de partir en colo en hiver - Journal d&#039;Explora Project","og_description":"Avec le froid et les journ\u00e9es plus courtes, l\u2019hiver ne para\u00eet pas propice aux activit\u00e9s ext\u00e9rieures, et pourtant ! Cette saison regorge d\u2019opportunit\u00e9s pour les enfants de sortir, d\u00e9couvrir etContinuer \u00e0 lire...5 bonnes raisons de partir en colo en hiver","og_url":"https:\/\/www.explora-project.com\/blog\/articles\/5-bonnes-raisons-de-partir-en-colo-en-hiver","og_site_name":"Journal d&#039;Explora Project","article_published_time":"2025-01-08T15:39:33+00:00","article_modified_time":"2025-08-13T09:56:44+00:00","og_image":[{"width":1024,"height":683,"url":"https:\/\/www.explora-project.com\/blog\/wp-content\/uploads\/2025\/01\/Banners-Blog-5-bonnes-raisons-de-partir-en-colo-en-hiver-1024x683.png","type":"image\/png"}],"author":"anna@explora-project.com","twitter_card":"summary_large_image","twitter_misc":{"Written by":"anna@explora-project.com","Est. reading time":"5 minutes"},"schema":{"@context":"https:\/\/schema.org","@graph":[{"@type":"WebPage","@id":"https:\/\/www.explora-project.com\/blog\/articles\/5-bonnes-raisons-de-partir-en-colo-en-hiver","url":"https:\/\/www.explora-project.com\/blog\/articles\/5-bonnes-raisons-de-partir-en-colo-en-hiver","name":"5 bonnes raisons de partir en colo en hiver - Journal d&#039;Explora Project","isPartOf":{"@id":"https:\/\/www.explora-project.com\/blog\/#website"},"datePublished":"2025-01-08T15:39:33+00:00","dateModified":"2025-08-13T09:56:44+00:00","author":{"@id":"https:\/\/www.explora-project.com\/blog\/#\/schema\/person\/a773aad3591c772047e03c17fd28d501"},"breadcrumb":{"@id":"https:\/\/www.explora-project.com\/blog\/articles\/5-bonnes-raisons-de-partir-en-colo-en-hiver#breadcrumb"},"inLanguage":"fr-FR","potentialAction":[{"@type":"ReadAction","target":["https:\/\/www.explora-project.com\/blog\/articles\/5-bonnes-raisons-de-partir-en-colo-en-hiver"]}]},{"@type":"BreadcrumbList","@id":"https:\/\/www.explora-project.com\/blog\/articles\/5-bonnes-raisons-de-partir-en-colo-en-hiver#breadcrumb","itemListElement":[{"@type":"ListItem","position":1,"name":"Home","item":"https:\/\/www.explora-project.com\/blog"},{"@type":"ListItem","position":2,"name":"5 bonnes raisons de partir en colo en hiver"}]},{"@type":"WebSite","@id":"https:\/\/www.explora-project.com\/blog\/#website","url":"https:\/\/www.explora-project.com\/blog\/","name":"Journal d&#039;Explora Project","description":"Actualit\u00e9s \u00e0 la une","potentialAction":[{"@type":"SearchAction","target":{"@type":"EntryPoint","urlTemplate":"https:\/\/www.explora-project.com\/blog\/?s={search_term_string}"},"query-input":"required name=search_term_string"}],"inLanguage":"fr-FR"},{"@type":"Person","@id":"https:\/\/www.explora-project.com\/blog\/#\/schema\/person\/a773aad3591c772047e03c17fd28d501","name":"anna@explora-project.com","image":{"@type":"ImageObject","inLanguage":"fr-FR","@id":"https:\/\/www.explora-project.com\/blog\/#\/schema\/person\/image\/","url":"https:\/\/www.explora-project.com\/blog\/wp-content\/uploads\/2023\/10\/MOI-96x96.jpg","contentUrl":"https:\/\/www.explora-project.com\/blog\/wp-content\/uploads\/2023\/10\/MOI-96x96.jpg","caption":"anna@explora-project.com"},"url":"https:\/\/www.explora-project.com\/blog\/articles\/author\/annaexplora-project-com"}]}},"_links":{"self":[{"href":"https:\/\/www.explora-project.com\/blog\/wp-json\/wp\/v2\/posts\/5591"}],"collection":[{"href":"https:\/\/www.explora-project.com\/blog\/wp-json\/wp\/v2\/posts"}],"about":[{"href":"https:\/\/www.explora-project.com\/blog\/wp-json\/wp\/v2\/types\/post"}],"author":[{"embeddable":true,"href":"https:\/\/www.explora-project.com\/blog\/wp-json\/wp\/v2\/users\/22"}],"replies":[{"embeddable":true,"href":"https:\/\/www.explora-project.com\/blog\/wp-json\/wp\/v2\/comments?post=5591"}],"version-history":[{"count":14,"href":"https:\/\/www.explora-project.com\/blog\/wp-json\/wp\/v2\/posts\/5591\/revisions"}],"predecessor-version":[{"id":6320,"href":"https:\/\/www.explora-project.com\/blog\/wp-json\/wp\/v2\/posts\/5591\/revisions\/6320"}],"wp:featuredmedia":[{"embeddable":true,"href":"https:\/\/www.explora-project.com\/blog\/wp-json\/wp\/v2\/media\/5596"}],"wp:attachment":[{"href":"https:\/\/www.explora-project.com\/blog\/wp-json\/wp\/v2\/media?parent=5591"}],"wp:term":[{"taxonomy":"category","embeddable":true,"href":"https:\/\/www.explora-project.com\/blog\/wp-json\/wp\/v2\/categories?post=5591"},{"taxonomy":"post_tag","embeddable":true,"href":"https:\/\/www.explora-project.com\/blog\/wp-json\/wp\/v2\/tags?post=5591"}],"curies":[{"name":"wp","href":"https:\/\/api.w.org\/{rel}","templated":true}]}}