{"id":5346,"date":"2024-12-10T14:29:28","date_gmt":"2024-12-10T13:29:28","guid":{"rendered":"https:\/\/www.explora-project.com\/blog\/?p=5346"},"modified":"2024-12-10T14:31:35","modified_gmt":"2024-12-10T13:31:35","slug":"10-films-de-ski-a-voir-cet-hiver","status":"publish","type":"post","link":"https:\/\/www.explora-project.com\/blog\/articles\/10-films-de-ski-a-voir-cet-hiver","title":{"rendered":"10 films de ski \u00e0 voir cet hiver."},"content":{"rendered":"\n<p class=\"has-normal-font-size\">La neige a d\u00e9j\u00e0 point\u00e9 le bout de son nez et les stations de ski ont ouvert leurs portes. La saison o\u00f9 l\u2019on mange autant de peuf que de raclette est officiellement lanc\u00e9e\u202f! Si tu t\u2019es inscrit.e sur un de nos s\u00e9jours et que tu attends avec impatience le d\u00e9part, on t\u2019a pr\u00e9par\u00e9 un programme sp\u00e9cial immersion ski pour patienter (c\u2019est aussi valable pour ceux qui veulent combler les moments o\u00f9 ils ne sont pas sur les pistes). Au menu : de l\u2019adr\u00e9naline, des descentes vertigineuses et des paysages \u00e0 couper le souffle. Des exp\u00e9riences uniques, que tu vas pouvoir vivre devant ta t\u00e9l\u00e9, bien enroul\u00e9 dans un plaid.<\/p>\n\n\n\n<p class=\"has-normal-font-size\">Place \u00e0 des r\u00e9cits authentiques et inspirants ! D\u2019ailleurs, si tu ne t\u2019es pas inscrit.e sur un de nos s\u00e9jours ski, tu peux venir d\u00e9couvrir nos d\u00e9parts :<\/p>\n\n\n\n<div class=\"is-content-justification-center is-layout-flex wp-container-1 wp-block-buttons\">\n<div class=\"wp-block-button has-custom-font-size has-normal-font-size\"><a class=\"wp-block-button__link has-white-color has-gold-background-color has-text-color has-background wp-element-button\" href=\"https:\/\/www.explora-project.com\/expeditions?refinementList%5Bactivities_name%5D%5B0%5D=Kite%20ski&amp;refinementList%5Bactivities_name%5D%5B1%5D=Ski%20de%20randonn%C3%A9e\" style=\"border-radius:5px\" target=\"_blank\" rel=\"noreferrer noopener\">VOIR LES S\u00c9JOURS<\/a><\/div>\n<\/div>\n\n\n\n<h3 class=\"has-gold-color has-text-color\">1- La Liste: Everything or Nothing<\/h3>\n\n\n\n<div class=\"wp-block-media-text is-stacked-on-mobile has-normal-font-size\"><figure class=\"wp-block-media-text__media\"><img decoding=\"async\" loading=\"lazy\" width=\"1024\" height=\"923\" src=\"https:\/\/www.explora-project.com\/blog\/wp-content\/uploads\/2024\/11\/La-liste-1024x923.png\" alt=\"La Liste: Everything or Nothing\" class=\"wp-image-5383 size-full\" srcset=\"https:\/\/www.explora-project.com\/blog\/wp-content\/uploads\/2024\/11\/La-liste-1024x923.png 1024w, https:\/\/www.explora-project.com\/blog\/wp-content\/uploads\/2024\/11\/La-liste-300x270.png 300w, https:\/\/www.explora-project.com\/blog\/wp-content\/uploads\/2024\/11\/La-liste-768x692.png 768w, https:\/\/www.explora-project.com\/blog\/wp-content\/uploads\/2024\/11\/La-liste.png 1280w\" sizes=\"(max-width: 1024px) 100vw, 1024px\" \/><\/figure><div class=\"wp-block-media-text__content\">\n<p class=\"has-normal-font-size\">2021 \u2013 Documentaire \u20271h30<br><strong>R\u00e9alisateur :<\/strong>&nbsp;Eric Crosland<br><strong>Skieurs :<\/strong>&nbsp;J\u00e9r\u00e9mie Heitz et Sam Anthamatten<\/p>\n\n\n\n<p class=\"has-normal-font-size\">Un documentaire centr\u00e9 sur J\u00e9r\u00e9mie Heitz et Sam Anthamatten, qui s\u2019aventurent sur les descentes les plus vertigineuses. Les images capturent la beaut\u00e9 brutale de la haute montagne et les exploits de ces deux skieurs de renom. De l\u2019Himalaya au P\u00e9rou, ils affrontent des sommets culminant \u00e0 plus de 6 000 m\u00e8tres, livrant un spectacle \u00e0 couper le souffle.<\/p>\n\n\n\n<p class=\"has-normal-font-size\"><strong>O\u00f9 le regarder :<\/strong>&nbsp;&nbsp;<a href=\"https:\/\/www.redbull.com\/fr-fr\/films\/la-liste-2\" target=\"_blank\" rel=\"noreferrer noopener\">Red Bull TV<\/a>.<\/p>\n<\/div><\/div>\n\n\n\n<hr class=\"wp-block-separator has-alpha-channel-opacity\" \/>\n\n\n\n<h3 class=\"has-gold-color has-text-color\">2- Conscience<\/h3>\n\n\n\n<div class=\"wp-block-media-text has-media-on-the-right is-stacked-on-mobile has-normal-font-size\"><div class=\"wp-block-media-text__content\">\n<p class=\"has-normal-font-size\">2021 \u2027 Documentaire \u2027 1h06 <br><strong>R\u00e9alisateurs :<\/strong>&nbsp;Alex Chambet et Ga\u00ebtan Gaudissard<br><strong>Skieurs : <\/strong>Ga\u00ebtan Gaudissard, Tony Lamiche, Victor Galuchot et Liv Sansoz<\/p>\n\n\n\n<p class=\"has-normal-font-size\">La montagne n\u2019est pas insensible au changement climatique et pour pouvoir continuer \u00e0 skier, Ga\u00ebtan Gaudissard, Tony Lamiche, Victor Galuchot et Liv Sansoz se sont r\u00e9unis pour trouver des solutions. Les images nous embarquent \u00e0 travers des descentes spectaculaires o\u00f9 les r\u00e9flexions prennent racine. Les trois skieurs nous font part des solutions qu\u2019ils ont mises en place pour pr\u00e9server au mieux, et \u00e0 leur \u00e9chelle, les montagnes, sans pour autant d\u00e9grader leur exp\u00e9rience sur la neige.<\/p>\n\n\n\n<p class=\"has-normal-font-size\"><strong>O\u00f9 le regarder :<\/strong>&nbsp;<a href=\"https:\/\/www.youtube.com\/watch?v=zmMkfi8fGcA\" target=\"_blank\" rel=\"noreferrer noopener\">Youtube<\/a><\/p>\n<\/div><figure class=\"wp-block-media-text__media\"><img decoding=\"async\" loading=\"lazy\" width=\"1024\" height=\"923\" src=\"https:\/\/www.explora-project.com\/blog\/wp-content\/uploads\/2024\/11\/Conscience-1024x923.png\" alt=\"Conscience\" class=\"wp-image-5384 size-full\" srcset=\"https:\/\/www.explora-project.com\/blog\/wp-content\/uploads\/2024\/11\/Conscience-1024x923.png 1024w, https:\/\/www.explora-project.com\/blog\/wp-content\/uploads\/2024\/11\/Conscience-300x270.png 300w, https:\/\/www.explora-project.com\/blog\/wp-content\/uploads\/2024\/11\/Conscience-768x692.png 768w, https:\/\/www.explora-project.com\/blog\/wp-content\/uploads\/2024\/11\/Conscience.png 1280w\" sizes=\"(max-width: 1024px) 100vw, 1024px\" \/><\/figure><\/div>\n\n\n\n<h3 class=\"has-gold-color has-text-color\">3- LES 14&#215;2000 DES BAUGES \u00e0 ski&nbsp;<\/h3>\n\n\n\n<div class=\"wp-block-media-text is-stacked-on-mobile has-normal-font-size\"><figure class=\"wp-block-media-text__media\"><img decoding=\"async\" loading=\"lazy\" width=\"1024\" height=\"923\" src=\"https:\/\/www.explora-project.com\/blog\/wp-content\/uploads\/2024\/12\/14x-2000-des-bauges-1024x923.png\" alt=\"\" class=\"wp-image-5430 size-full\" srcset=\"https:\/\/www.explora-project.com\/blog\/wp-content\/uploads\/2024\/12\/14x-2000-des-bauges-1024x923.png 1024w, https:\/\/www.explora-project.com\/blog\/wp-content\/uploads\/2024\/12\/14x-2000-des-bauges-300x270.png 300w, https:\/\/www.explora-project.com\/blog\/wp-content\/uploads\/2024\/12\/14x-2000-des-bauges-768x692.png 768w, https:\/\/www.explora-project.com\/blog\/wp-content\/uploads\/2024\/12\/14x-2000-des-bauges.png 1280w\" sizes=\"(max-width: 1024px) 100vw, 1024px\" \/><\/figure><div class=\"wp-block-media-text__content\">\n<p class=\"has-normal-font-size\">2023 \u2027 Documentaire \u2027 41 min 33 s<br><strong>R\u00e9alisateur :<\/strong> Fabien Maierhofer<br><strong>Skieurs :<\/strong> Mathieu Navillod, Nico Favre<\/p>\n\n\n\n<p class=\"has-normal-font-size\">Dans son dernier film, Fabien Maierhofer, accompagn\u00e9 de Mathieu Navillod et Nico Favre, embarque dans une aventure \u00e9pique et d\u00e9cal\u00e9e au c\u0153ur du massif des Bauges. Leur d\u00e9fi ? Gravir et skier les 14 sommets de plus de 2000 m\u00e8tres de ce massif. En tant qu\u2019enfants de la Tarentaise, ils pensaient que ce serait une simple promenade de sant\u00e9. Mais leur p\u00e9riple se r\u00e9v\u00e8le bien plus \u00e9prouvant que pr\u00e9vu. Le film capture l\u2019esprit des montagnes, les impr\u00e9vus d\u2019une aventure hors norme, et l\u2019humanit\u00e9 de ces \u00ab&nbsp;anti-h\u00e9ros&nbsp;\u00bb.<\/p>\n\n\n\n<p class=\"has-normal-font-size\"><strong>O\u00f9 le regarder :&nbsp;<\/strong><a href=\"https:\/\/www.youtube.com\/watch?v=QpYo85NuqBw\" target=\"_blank\" rel=\"noreferrer noopener\">Youtube<\/a><\/p>\n<\/div><\/div>\n\n\n\n<h2 class=\"has-gold-color has-text-color\">4- Shades of winter<\/h2>\n\n\n\n<div class=\"wp-block-media-text has-media-on-the-right is-stacked-on-mobile has-normal-font-size\"><div class=\"wp-block-media-text__content\">\n<p class=\"has-normal-font-size\">2013 \u2027 Documentaire \u2027 27 min 20 s<br><strong>R\u00e9alisatrice :<\/strong> Sandra Lahnsteiner<br><strong>Skieu<\/strong>se : Sandra Lahnsteiner<\/p>\n\n\n\n<p class=\"has-normal-font-size\">Un documentaire sur le ski qui rend hommage aux femmes dans le monde de la glisse. R\u00e9alis\u00e9 par Sandra Lahnsteiner, cin\u00e9aste et skieuse professionnelle, ce film met en avant des athl\u00e8tes f\u00e9minines exceptionnelles qui repoussent leurs limites dans le ski freeride. Entre d\u00e9fis sportifs, moments de camaraderie et r\u00e9flexion sur leur lien avec la nature, Shades of Winter est une inspiration \u00e0 l\u2019aventure et un encouragement pour la prochaine g\u00e9n\u00e9ration \u00e0 suivre ses r\u00eaves.<\/p>\n\n\n\n<p class=\"has-normal-font-size\"><strong>O\u00f9 le regarder :&nbsp;<\/strong><a href=\"https:\/\/www.youtube.com\/watch?v=XdY6ae2Yp9E&amp;list=PLQV9oaRHK_0BzvbYtxKyCY6XLeMaw7_9Q&amp;index=3\" target=\"_blank\" rel=\"noreferrer noopener\">Youtube<\/a><\/p>\n<\/div><figure class=\"wp-block-media-text__media\"><img decoding=\"async\" loading=\"lazy\" width=\"1024\" height=\"923\" src=\"https:\/\/www.explora-project.com\/blog\/wp-content\/uploads\/2024\/11\/shade-of-winter-1024x923.png\" alt=\"\" class=\"wp-image-5393 size-full\" srcset=\"https:\/\/www.explora-project.com\/blog\/wp-content\/uploads\/2024\/11\/shade-of-winter-1024x923.png 1024w, https:\/\/www.explora-project.com\/blog\/wp-content\/uploads\/2024\/11\/shade-of-winter-300x270.png 300w, https:\/\/www.explora-project.com\/blog\/wp-content\/uploads\/2024\/11\/shade-of-winter-768x692.png 768w, https:\/\/www.explora-project.com\/blog\/wp-content\/uploads\/2024\/11\/shade-of-winter.png 1280w\" sizes=\"(max-width: 1024px) 100vw, 1024px\" \/><\/figure><\/div>\n\n\n\n<h2 class=\"has-gold-color has-text-color\">5- Jadis &#8211; Looking Backward<\/h2>\n\n\n\n<div class=\"wp-block-media-text is-stacked-on-mobile has-normal-font-size\"><figure class=\"wp-block-media-text__media\"><img decoding=\"async\" loading=\"lazy\" width=\"1024\" height=\"923\" src=\"https:\/\/www.explora-project.com\/blog\/wp-content\/uploads\/2024\/11\/jadis-1024x923.png\" alt=\"\" class=\"wp-image-5397 size-full\" srcset=\"https:\/\/www.explora-project.com\/blog\/wp-content\/uploads\/2024\/11\/jadis-1024x923.png 1024w, https:\/\/www.explora-project.com\/blog\/wp-content\/uploads\/2024\/11\/jadis-300x270.png 300w, https:\/\/www.explora-project.com\/blog\/wp-content\/uploads\/2024\/11\/jadis-768x692.png 768w, https:\/\/www.explora-project.com\/blog\/wp-content\/uploads\/2024\/11\/jadis.png 1280w\" sizes=\"(max-width: 1024px) 100vw, 1024px\" \/><\/figure><div class=\"wp-block-media-text__content\">\n<p class=\"has-normal-font-size\">2024 \u2027 Documentaire \u2027 38 min 32 s<br><strong>R\u00e9alisateur :<\/strong> Seb Jam<br><strong>Skieur :<\/strong> William Cochet<\/p>\n\n\n\n<p class=\"has-normal-font-size\">Entre po\u00e9sie et action, ce film nous emm\u00e8ne dans les Pyr\u00e9n\u00e9es espagnoles pour explorer l\u2019\u00e9volution du ski. Il entrelace deux r\u00e9cits : celui d\u2019un berger ayant parcouru ces montagnes en 1787 et celui de William Cochet, freerider engag\u00e9, deux si\u00e8cles plus tard. \u00c0 travers cette rencontre entre pass\u00e9 et pr\u00e9sent, le film questionne la sobri\u00e9t\u00e9 n\u00e9cessaire pour pr\u00e9server un massif fragilis\u00e9 par le r\u00e9chauffement climatique. Un voyage introspectif et une ode aux plaisirs simples de la montagne : voil\u00e0 ce que promet&nbsp;\u00ab <em>Jadis<\/em>.&nbsp;\u00bb<\/p>\n\n\n\n<p class=\"has-normal-font-size\"><strong>O\u00f9 le regarder :&nbsp;<\/strong><a href=\"https:\/\/www.youtube.com\/watch?v=204l1CT-X2c\" target=\"_blank\" rel=\"noreferrer noopener\">Youtube<\/a><\/p>\n<\/div><\/div>\n\n\n\n<h2 class=\"has-gold-color has-text-color\">6- Shelter &#8211; Step forward through the legenday Alps<\/h2>\n\n\n\n<div class=\"wp-block-media-text has-media-on-the-right is-stacked-on-mobile has-normal-font-size\"><div class=\"wp-block-media-text__content\">\n<p class=\"has-normal-font-size\">2019 \u2027 Documentaire \u2027 44 min 37 s<br><strong>R\u00e9alisateur :<\/strong> Morgan Le Faucheur et Julien Roserens<br>Skieurs : Mat Schaer, L\u00e9o Taillefer, Thomas Delfino, Jeremy Jones et Levi Luggen <\/p>\n\n\n\n<p class=\"has-normal-font-size\">Apr\u00e8s avoir ski\u00e9 aux quatre coins du monde, les cinq skieurs de&nbsp;<em>Zabardast<\/em>&nbsp;(si tu ne l\u2019as pas encore vu, on te conseille vivement de le regarder !) d\u00e9cident de passer un hiver en autonomie au c\u0153ur des Alpes, chez eux. Ils explorent les vall\u00e9es des Alpes suisses et fran\u00e7aises avec un objectif clair : se faire plaisir tout en r\u00e9inventant leur pratique. Leur d\u00e9fi ? R\u00e9duire au maximum leur empreinte carbone pour adopter un mode de vie plus durable.<\/p>\n\n\n\n<p class=\"has-normal-font-size\"><strong>O\u00f9 le regarder :&nbsp;<\/strong><a href=\"https:\/\/www.youtube.com\/watch?v=7UxrpX2lroQ\" target=\"_blank\" rel=\"noreferrer noopener\">Youtube<\/a><\/p>\n<\/div><figure class=\"wp-block-media-text__media\"><img decoding=\"async\" loading=\"lazy\" width=\"1024\" height=\"923\" src=\"https:\/\/www.explora-project.com\/blog\/wp-content\/uploads\/2024\/11\/Shelter-1024x923.png\" alt=\"\" class=\"wp-image-5402 size-full\" srcset=\"https:\/\/www.explora-project.com\/blog\/wp-content\/uploads\/2024\/11\/Shelter-1024x923.png 1024w, https:\/\/www.explora-project.com\/blog\/wp-content\/uploads\/2024\/11\/Shelter-300x270.png 300w, https:\/\/www.explora-project.com\/blog\/wp-content\/uploads\/2024\/11\/Shelter-768x692.png 768w, https:\/\/www.explora-project.com\/blog\/wp-content\/uploads\/2024\/11\/Shelter.png 1280w\" sizes=\"(max-width: 1024px) 100vw, 1024px\" \/><\/figure><\/div>\n\n\n\n<h2 class=\"has-gold-color has-text-color\">7- Streif &#8211; One Hell of a Ride<\/h2>\n\n\n\n<div class=\"wp-block-media-text is-stacked-on-mobile has-normal-font-size\"><figure class=\"wp-block-media-text__media\"><img decoding=\"async\" loading=\"lazy\" width=\"1024\" height=\"923\" src=\"https:\/\/www.explora-project.com\/blog\/wp-content\/uploads\/2024\/11\/Streif-1024x923.png\" alt=\"\" class=\"wp-image-5406 size-full\" srcset=\"https:\/\/www.explora-project.com\/blog\/wp-content\/uploads\/2024\/11\/Streif-1024x923.png 1024w, https:\/\/www.explora-project.com\/blog\/wp-content\/uploads\/2024\/11\/Streif-300x270.png 300w, https:\/\/www.explora-project.com\/blog\/wp-content\/uploads\/2024\/11\/Streif-768x692.png 768w, https:\/\/www.explora-project.com\/blog\/wp-content\/uploads\/2024\/11\/Streif.png 1280w\" sizes=\"(max-width: 1024px) 100vw, 1024px\" \/><\/figure><div class=\"wp-block-media-text__content\">\n<p class=\"has-normal-font-size\">2014 \u2027 Documentaire \u2027 1h55<br><strong>R\u00e9alisateur :<\/strong> Gerald Salmina<br><strong>Skieurs :<\/strong> Aksel Lund Svindal, Erik Guay, Max Franz, Yuri Danilochkin, Hannes Reichelt, Marcel Hirscher et Felix Neureuther.<\/p>\n\n\n\n<p class=\"has-normal-font-size\">Ce documentaire nous plonge au c\u0153ur de l\u2019une des courses les plus mythiques du ski alpin : la Streif, \u00e0 Kitzb\u00fchel. On est directement plong\u00e9 dans les coulisses, qui ne sont autres que les pens\u00e9es et les \u00e9motions des skieurs. Le film nous fait vivre la pr\u00e9paration intense pour cette 75\u1d49 \u00e9dition de la course.<\/p>\n\n\n\n<p class=\"has-normal-font-size\"><strong>O\u00f9 le regarder :&nbsp;<\/strong><a href=\"https:\/\/www.redbull.com\/fr-fr\/films\/streif\" target=\"_blank\" rel=\"noreferrer noopener\">Red Bull TV<\/a><\/p>\n<\/div><\/div>\n\n\n\n<h2 class=\"has-gold-color has-text-color\">8- Few Words<\/h2>\n\n\n\n<div class=\"wp-block-media-text has-media-on-the-right is-stacked-on-mobile has-normal-font-size\"><div class=\"wp-block-media-text__content\">\n<p class=\"has-normal-font-size\"><br>2020 \u2027 Documentaire \u2027 59 min<br><strong>R\u00e9alisateur :<\/strong> Matt Pain<br><strong>Skieur :<\/strong> Candide Thovex<\/p>\n\n\n\n<p class=\"has-normal-font-size\">Avec Candide Thovex comme protagoniste,&nbsp;<em>Few Words<\/em>&nbsp;retrace la carri\u00e8re incroyable du prodige de La Clusaz, m\u00ealant performances \u00e9poustouflantes et images \u00e0 couper le souffle. Ce titre lui va \u00e0 merveille : Candide parle peu, mais son talent d\u00e9passe de loin les mots. Ce documentaire prim\u00e9 par la critique offre un aper\u00e7u intime de l\u2019homme derri\u00e8re le masque et nous emm\u00e8ne \u00e0 la d\u00e9couverte des plus belles pentes de la plan\u00e8te, capturant sa vision unique du ski et son extraordinaire parcours.<\/p>\n\n\n\n<p class=\"has-normal-font-size\"><strong>O\u00f9 le regarder :&nbsp;<\/strong><a href=\"https:\/\/www.youtube.com\/watch?v=cpi2fc5vfNs&amp;embeds_referring_euri=https%3A%2F%2Fwww.outside.fr%2F&amp;source_ve_path=MzY4NDIsMjM4NTE\" target=\"_blank\" rel=\"noreferrer noopener\">Youtube<\/a><\/p>\n<\/div><figure class=\"wp-block-media-text__media\"><img decoding=\"async\" loading=\"lazy\" width=\"1024\" height=\"923\" src=\"https:\/\/www.explora-project.com\/blog\/wp-content\/uploads\/2024\/11\/Few-Words-1024x923.png\" alt=\"\" class=\"wp-image-5408 size-full\" srcset=\"https:\/\/www.explora-project.com\/blog\/wp-content\/uploads\/2024\/11\/Few-Words-1024x923.png 1024w, https:\/\/www.explora-project.com\/blog\/wp-content\/uploads\/2024\/11\/Few-Words-300x270.png 300w, https:\/\/www.explora-project.com\/blog\/wp-content\/uploads\/2024\/11\/Few-Words-768x692.png 768w, https:\/\/www.explora-project.com\/blog\/wp-content\/uploads\/2024\/11\/Few-Words.png 1280w\" sizes=\"(max-width: 1024px) 100vw, 1024px\" \/><\/figure><\/div>\n\n\n\n<h2 class=\"has-gold-color has-text-color\">9- 4 Faces<\/h2>\n\n\n\n<div class=\"wp-block-media-text is-stacked-on-mobile\"><figure class=\"wp-block-media-text__media\"><img decoding=\"async\" loading=\"lazy\" width=\"1024\" height=\"923\" src=\"https:\/\/www.explora-project.com\/blog\/wp-content\/uploads\/2024\/11\/The-Art-of-Flight-1-1024x923.png\" alt=\"\" class=\"wp-image-5414 size-full\" srcset=\"https:\/\/www.explora-project.com\/blog\/wp-content\/uploads\/2024\/11\/The-Art-of-Flight-1-1024x923.png 1024w, https:\/\/www.explora-project.com\/blog\/wp-content\/uploads\/2024\/11\/The-Art-of-Flight-1-300x270.png 300w, https:\/\/www.explora-project.com\/blog\/wp-content\/uploads\/2024\/11\/The-Art-of-Flight-1-768x692.png 768w, https:\/\/www.explora-project.com\/blog\/wp-content\/uploads\/2024\/11\/The-Art-of-Flight-1.png 1280w\" sizes=\"(max-width: 1024px) 100vw, 1024px\" \/><\/figure><div class=\"wp-block-media-text__content\">\n<p class=\"has-normal-font-size\"><br>2019 \u2027 Documentaire \u2027 44 min<br><strong>R\u00e9alisateur :<\/strong> Julien Ferrandez &amp; Pierre Chauffour<br><strong>Skieur :<\/strong> Paul Bonhomme<\/p>\n\n\n\n<p class=\"has-normal-font-size\">Le skieur et guide de haute montagne Paul Bonhomme, se lance le d\u00e9fi audacieux d\u2019encha\u00eener les 4 faces de l\u2019Aiguille Verte, en moins de 24 heures. Ce projet combine l\u2019alpinisme et le ski de pente raide et d\u00e9passe la simple performance sportive. C\u2019est une aventure humaine, port\u00e9e par deux passionn\u00e9s d\u2019images qui d\u00e9cident de filmer cette odyss\u00e9e sans gros moyen. Ici, pas d\u2019h\u00e9licopt\u00e8re, ni sponsor, leur film respire l\u2019authenticit\u00e9 et met en lumi\u00e8re l\u2019amiti\u00e9, le partage et la qu\u00eate de moments intenses en montagne.<\/p>\n\n\n\n<p class=\"has-normal-font-size\"><strong>O\u00f9 le regarder :<\/strong> <a href=\"https:\/\/vimeo.com\/401648618\" target=\"_blank\" rel=\"noreferrer noopener\">Vimeo<\/a><\/p>\n<\/div><\/div>\n\n\n\n<h2 class=\"has-gold-color has-text-color\">10- \u00c9crins Sauvages<\/h2>\n\n\n\n<div class=\"wp-block-media-text has-media-on-the-right is-stacked-on-mobile has-normal-font-size\"><div class=\"wp-block-media-text__content\">\n<p class=\"has-normal-font-size\">2024 \u2027 Documentaire \u2027 18 min<br><strong>R\u00e9alisateur :<\/strong> Cl\u00e9ment Armand<br><strong>Skieurs : <\/strong>Simon Martinet, Florian Vallati et Quentin Degrenelle<\/p>\n\n\n\n<p class=\"has-normal-font-size\">Dans le massif pr\u00e9serv\u00e9 des \u00c9crins, les trois skieurs passionn\u00e9s repoussent leurs limites en tra\u00e7ant des lignes in\u00e9dites, loin des itin\u00e9raires classiques. Ce court-m\u00e9trage de 18 minutes m\u00eale d\u00e9passement de soi et camaraderie, le tout sublim\u00e9 par des images spectaculaires. Une invitation \u00e0 red\u00e9couvrir la beaut\u00e9 brute de la montagne et l\u2019audace d\u2019explorer de nouvelles voies.<\/p>\n\n\n\n<p class=\"has-normal-font-size\"><strong>O\u00f9 le regarder :<\/strong> <a href=\"https:\/\/www.youtube.com\/watch?v=vacXger9QlU\" target=\"_blank\" rel=\"noreferrer noopener\">Youtube<\/a><\/p>\n<\/div><figure class=\"wp-block-media-text__media\"><img decoding=\"async\" loading=\"lazy\" width=\"1024\" height=\"923\" src=\"https:\/\/www.explora-project.com\/blog\/wp-content\/uploads\/2024\/11\/Ecrins-sauvages-1024x923.png\" alt=\"\" class=\"wp-image-5415 size-full\" srcset=\"https:\/\/www.explora-project.com\/blog\/wp-content\/uploads\/2024\/11\/Ecrins-sauvages-1024x923.png 1024w, https:\/\/www.explora-project.com\/blog\/wp-content\/uploads\/2024\/11\/Ecrins-sauvages-300x270.png 300w, https:\/\/www.explora-project.com\/blog\/wp-content\/uploads\/2024\/11\/Ecrins-sauvages-768x692.png 768w, https:\/\/www.explora-project.com\/blog\/wp-content\/uploads\/2024\/11\/Ecrins-sauvages.png 1280w\" sizes=\"(max-width: 1024px) 100vw, 1024px\" \/><\/figure><\/div>\n\n\n\n<h2 class=\"has-gold-color has-text-color\">Bonus- Les Bronz\u00e9s font du ski<\/h2>\n\n\n\n<div class=\"wp-block-media-text alignwide is-stacked-on-mobile has-normal-font-size\"><figure class=\"wp-block-media-text__media\"><img decoding=\"async\" loading=\"lazy\" width=\"1024\" height=\"923\" src=\"https:\/\/www.explora-project.com\/blog\/wp-content\/uploads\/2024\/11\/Les-bronze-1024x923.png\" alt=\"\" class=\"wp-image-5421 size-full\" srcset=\"https:\/\/www.explora-project.com\/blog\/wp-content\/uploads\/2024\/11\/Les-bronze-1024x923.png 1024w, https:\/\/www.explora-project.com\/blog\/wp-content\/uploads\/2024\/11\/Les-bronze-300x270.png 300w, https:\/\/www.explora-project.com\/blog\/wp-content\/uploads\/2024\/11\/Les-bronze-768x692.png 768w, https:\/\/www.explora-project.com\/blog\/wp-content\/uploads\/2024\/11\/Les-bronze.png 1280w\" sizes=\"(max-width: 1024px) 100vw, 1024px\" \/><\/figure><div class=\"wp-block-media-text__content\">\n<p class=\"has-normal-font-size\">1979 \u2027 Com\u00e9die \u2027 1h30<br><strong>R\u00e9alisateur :<\/strong> Patrice Leconte<\/p>\n\n\n\n<p class=\"has-normal-font-size\">Petit bonus pour le sourire et surtout parce qu\u2019on ne peut pas parler de film de ski sans parler de cette com\u00e9die culte. L<em>es Bronz\u00e9s font du ski<\/em>&nbsp;c\u2019est un groupe d\u2019ami qui se retrouvent en station pour les vacances. Les gaffes et les quiproquo s\u2019encha\u00eenent, offrant une avalanche de situations cultes et de r\u00e9pliques inoubliables.<\/p>\n\n\n\n<p class=\"has-normal-font-size\"><strong>O\u00f9 le regarder :<\/strong> <a href=\"https:\/\/www.youtube.com\/watch?v=nifbwBZ1pqE\" target=\"_blank\" rel=\"noreferrer noopener\">Youtube<\/a><\/p>\n<\/div><\/div>\n\n\n\n<p>Cet article t&rsquo;a plu ? Abonne-toi \u00e0 la <a href=\"https:\/\/www.explora-project.com\/notre-newsletter\" target=\"_blank\" rel=\"noreferrer noopener\">Newsletter Explora Project<\/a> pour recevoir ta dose hebdomadaire d&rsquo;inspiration et d&rsquo;aventures outdoor.<\/p>\n\n\n\n<div class=\"is-content-justification-center is-layout-flex wp-container-2 wp-block-buttons\">\n<div class=\"wp-block-button has-custom-font-size has-normal-font-size\"><a class=\"wp-block-button__link has-white-color has-gold-background-color has-text-color has-background wp-element-button\" href=\"https:\/\/www.explora-project.com\/expeditions?refinementList%5Bactivities_name%5D%5B0%5D=Kite%20ski&amp;refinementList%5Bactivities_name%5D%5B1%5D=Ski%20de%20randonn%C3%A9e\" style=\"border-radius:5px\" target=\"_blank\" rel=\"noreferrer noopener\">D\u00c9COUVRIR LES S\u00c9JOURS SKIS<\/a><\/div>\n<\/div>\n","protected":false},"excerpt":{"rendered":"<p>Dans notre quotidien souvent trop rythm\u00e9 par la routine, ces films nous rappellent que l&rsquo;aventure est \u00e0 la port\u00e9e de tous.  &hellip; <a href=\"https:\/\/www.explora-project.com\/blog\/articles\/10-films-de-ski-a-voir-cet-hiver\" class=\"more-link\"><span class=\"readmore\">Continuer \u00e0 lire&#8230;<span class=\"screen-reader-text\">10 films de ski \u00e0 voir cet hiver.<\/span><\/span><\/a><\/p>\n","protected":false},"author":22,"featured_media":5427,"comment_status":"closed","ping_status":"closed","sticky":false,"template":"","format":"standard","meta":[],"categories":[5,3,279],"tags":[37,329,330,328,327,317,141,113,331],"yoast_head":"<!-- This site is optimized with the Yoast SEO plugin v19.10 - https:\/\/yoast.com\/wordpress\/plugins\/seo\/ -->\n<title>10 films de ski \u00e0 voir cet hiver. - Journal d&#039;Explora Project<\/title>\n<meta name=\"description\" content=\"Dans notre quotidien souvent trop rythm\u00e9 par la routine, ces films nous rappellent que l&#039;aventure est \u00e0 la port\u00e9e de tous.\" \/>\n<meta name=\"robots\" content=\"index, follow, max-snippet:-1, max-image-preview:large, max-video-preview:-1\" \/>\n<link rel=\"canonical\" href=\"https:\/\/www.explora-project.com\/blog\/articles\/10-films-de-ski-a-voir-cet-hiver\" \/>\n<meta property=\"og:locale\" content=\"fr_FR\" \/>\n<meta property=\"og:type\" content=\"article\" \/>\n<meta property=\"og:title\" content=\"10 films de ski \u00e0 voir cet hiver. - Journal d&#039;Explora Project\" \/>\n<meta property=\"og:description\" content=\"Dans notre quotidien souvent trop rythm\u00e9 par la routine, ces films nous rappellent que l&#039;aventure est \u00e0 la port\u00e9e de tous.\" \/>\n<meta property=\"og:url\" content=\"https:\/\/www.explora-project.com\/blog\/articles\/10-films-de-ski-a-voir-cet-hiver\" \/>\n<meta property=\"og:site_name\" content=\"Journal d&#039;Explora Project\" \/>\n<meta property=\"article:published_time\" content=\"2024-12-10T13:29:28+00:00\" \/>\n<meta property=\"article:modified_time\" content=\"2024-12-10T13:31:35+00:00\" \/>\n<meta property=\"og:image\" content=\"https:\/\/www.explora-project.com\/blog\/wp-content\/uploads\/2024\/11\/Couverture-Blog-10-films-ski-1024x683.png\" \/>\n\t<meta property=\"og:image:width\" content=\"1024\" \/>\n\t<meta property=\"og:image:height\" content=\"683\" \/>\n\t<meta property=\"og:image:type\" content=\"image\/png\" \/>\n<meta name=\"author\" content=\"anna@explora-project.com\" \/>\n<meta name=\"twitter:card\" content=\"summary_large_image\" \/>\n<meta name=\"twitter:label1\" content=\"Written by\" \/>\n\t<meta name=\"twitter:data1\" content=\"anna@explora-project.com\" \/>\n\t<meta name=\"twitter:label2\" content=\"Est. reading time\" \/>\n\t<meta name=\"twitter:data2\" content=\"9 minutes\" \/>\n<script type=\"application\/ld+json\" class=\"yoast-schema-graph\">{\"@context\":\"https:\/\/schema.org\",\"@graph\":[{\"@type\":\"WebPage\",\"@id\":\"https:\/\/www.explora-project.com\/blog\/articles\/10-films-de-ski-a-voir-cet-hiver\",\"url\":\"https:\/\/www.explora-project.com\/blog\/articles\/10-films-de-ski-a-voir-cet-hiver\",\"name\":\"10 films de ski \u00e0 voir cet hiver. - Journal d&#039;Explora Project\",\"isPartOf\":{\"@id\":\"https:\/\/www.explora-project.com\/blog\/#website\"},\"datePublished\":\"2024-12-10T13:29:28+00:00\",\"dateModified\":\"2024-12-10T13:31:35+00:00\",\"author\":{\"@id\":\"https:\/\/www.explora-project.com\/blog\/#\/schema\/person\/a773aad3591c772047e03c17fd28d501\"},\"description\":\"Dans notre quotidien souvent trop rythm\u00e9 par la routine, ces films nous rappellent que l'aventure est \u00e0 la port\u00e9e de tous.\",\"breadcrumb\":{\"@id\":\"https:\/\/www.explora-project.com\/blog\/articles\/10-films-de-ski-a-voir-cet-hiver#breadcrumb\"},\"inLanguage\":\"fr-FR\",\"potentialAction\":[{\"@type\":\"ReadAction\",\"target\":[\"https:\/\/www.explora-project.com\/blog\/articles\/10-films-de-ski-a-voir-cet-hiver\"]}]},{\"@type\":\"BreadcrumbList\",\"@id\":\"https:\/\/www.explora-project.com\/blog\/articles\/10-films-de-ski-a-voir-cet-hiver#breadcrumb\",\"itemListElement\":[{\"@type\":\"ListItem\",\"position\":1,\"name\":\"Home\",\"item\":\"https:\/\/www.explora-project.com\/blog\"},{\"@type\":\"ListItem\",\"position\":2,\"name\":\"10 films de ski \u00e0 voir cet hiver.\"}]},{\"@type\":\"WebSite\",\"@id\":\"https:\/\/www.explora-project.com\/blog\/#website\",\"url\":\"https:\/\/www.explora-project.com\/blog\/\",\"name\":\"Journal d&#039;Explora Project\",\"description\":\"Actualit\u00e9s \u00e0 la une\",\"potentialAction\":[{\"@type\":\"SearchAction\",\"target\":{\"@type\":\"EntryPoint\",\"urlTemplate\":\"https:\/\/www.explora-project.com\/blog\/?s={search_term_string}\"},\"query-input\":\"required name=search_term_string\"}],\"inLanguage\":\"fr-FR\"},{\"@type\":\"Person\",\"@id\":\"https:\/\/www.explora-project.com\/blog\/#\/schema\/person\/a773aad3591c772047e03c17fd28d501\",\"name\":\"anna@explora-project.com\",\"image\":{\"@type\":\"ImageObject\",\"inLanguage\":\"fr-FR\",\"@id\":\"https:\/\/www.explora-project.com\/blog\/#\/schema\/person\/image\/\",\"url\":\"https:\/\/www.explora-project.com\/blog\/wp-content\/uploads\/2023\/10\/MOI-96x96.jpg\",\"contentUrl\":\"https:\/\/www.explora-project.com\/blog\/wp-content\/uploads\/2023\/10\/MOI-96x96.jpg\",\"caption\":\"anna@explora-project.com\"},\"url\":\"https:\/\/www.explora-project.com\/blog\/articles\/author\/annaexplora-project-com\"}]}<\/script>\n<!-- \/ Yoast SEO plugin. -->","yoast_head_json":{"title":"10 films de ski \u00e0 voir cet hiver. - Journal d&#039;Explora Project","description":"Dans notre quotidien souvent trop rythm\u00e9 par la routine, ces films nous rappellent que l'aventure est \u00e0 la port\u00e9e de tous.","robots":{"index":"index","follow":"follow","max-snippet":"max-snippet:-1","max-image-preview":"max-image-preview:large","max-video-preview":"max-video-preview:-1"},"canonical":"https:\/\/www.explora-project.com\/blog\/articles\/10-films-de-ski-a-voir-cet-hiver","og_locale":"fr_FR","og_type":"article","og_title":"10 films de ski \u00e0 voir cet hiver. - Journal d&#039;Explora Project","og_description":"Dans notre quotidien souvent trop rythm\u00e9 par la routine, ces films nous rappellent que l'aventure est \u00e0 la port\u00e9e de tous.","og_url":"https:\/\/www.explora-project.com\/blog\/articles\/10-films-de-ski-a-voir-cet-hiver","og_site_name":"Journal d&#039;Explora Project","article_published_time":"2024-12-10T13:29:28+00:00","article_modified_time":"2024-12-10T13:31:35+00:00","og_image":[{"width":1024,"height":683,"url":"https:\/\/www.explora-project.com\/blog\/wp-content\/uploads\/2024\/11\/Couverture-Blog-10-films-ski-1024x683.png","type":"image\/png"}],"author":"anna@explora-project.com","twitter_card":"summary_large_image","twitter_misc":{"Written by":"anna@explora-project.com","Est. reading time":"9 minutes"},"schema":{"@context":"https:\/\/schema.org","@graph":[{"@type":"WebPage","@id":"https:\/\/www.explora-project.com\/blog\/articles\/10-films-de-ski-a-voir-cet-hiver","url":"https:\/\/www.explora-project.com\/blog\/articles\/10-films-de-ski-a-voir-cet-hiver","name":"10 films de ski \u00e0 voir cet hiver. - Journal d&#039;Explora Project","isPartOf":{"@id":"https:\/\/www.explora-project.com\/blog\/#website"},"datePublished":"2024-12-10T13:29:28+00:00","dateModified":"2024-12-10T13:31:35+00:00","author":{"@id":"https:\/\/www.explora-project.com\/blog\/#\/schema\/person\/a773aad3591c772047e03c17fd28d501"},"description":"Dans notre quotidien souvent trop rythm\u00e9 par la routine, ces films nous rappellent que l'aventure est \u00e0 la port\u00e9e de tous.","breadcrumb":{"@id":"https:\/\/www.explora-project.com\/blog\/articles\/10-films-de-ski-a-voir-cet-hiver#breadcrumb"},"inLanguage":"fr-FR","potentialAction":[{"@type":"ReadAction","target":["https:\/\/www.explora-project.com\/blog\/articles\/10-films-de-ski-a-voir-cet-hiver"]}]},{"@type":"BreadcrumbList","@id":"https:\/\/www.explora-project.com\/blog\/articles\/10-films-de-ski-a-voir-cet-hiver#breadcrumb","itemListElement":[{"@type":"ListItem","position":1,"name":"Home","item":"https:\/\/www.explora-project.com\/blog"},{"@type":"ListItem","position":2,"name":"10 films de ski \u00e0 voir cet hiver."}]},{"@type":"WebSite","@id":"https:\/\/www.explora-project.com\/blog\/#website","url":"https:\/\/www.explora-project.com\/blog\/","name":"Journal d&#039;Explora Project","description":"Actualit\u00e9s \u00e0 la une","potentialAction":[{"@type":"SearchAction","target":{"@type":"EntryPoint","urlTemplate":"https:\/\/www.explora-project.com\/blog\/?s={search_term_string}"},"query-input":"required name=search_term_string"}],"inLanguage":"fr-FR"},{"@type":"Person","@id":"https:\/\/www.explora-project.com\/blog\/#\/schema\/person\/a773aad3591c772047e03c17fd28d501","name":"anna@explora-project.com","image":{"@type":"ImageObject","inLanguage":"fr-FR","@id":"https:\/\/www.explora-project.com\/blog\/#\/schema\/person\/image\/","url":"https:\/\/www.explora-project.com\/blog\/wp-content\/uploads\/2023\/10\/MOI-96x96.jpg","contentUrl":"https:\/\/www.explora-project.com\/blog\/wp-content\/uploads\/2023\/10\/MOI-96x96.jpg","caption":"anna@explora-project.com"},"url":"https:\/\/www.explora-project.com\/blog\/articles\/author\/annaexplora-project-com"}]}},"_links":{"self":[{"href":"https:\/\/www.explora-project.com\/blog\/wp-json\/wp\/v2\/posts\/5346"}],"collection":[{"href":"https:\/\/www.explora-project.com\/blog\/wp-json\/wp\/v2\/posts"}],"about":[{"href":"https:\/\/www.explora-project.com\/blog\/wp-json\/wp\/v2\/types\/post"}],"author":[{"embeddable":true,"href":"https:\/\/www.explora-project.com\/blog\/wp-json\/wp\/v2\/users\/22"}],"replies":[{"embeddable":true,"href":"https:\/\/www.explora-project.com\/blog\/wp-json\/wp\/v2\/comments?post=5346"}],"version-history":[{"count":47,"href":"https:\/\/www.explora-project.com\/blog\/wp-json\/wp\/v2\/posts\/5346\/revisions"}],"predecessor-version":[{"id":5439,"href":"https:\/\/www.explora-project.com\/blog\/wp-json\/wp\/v2\/posts\/5346\/revisions\/5439"}],"wp:featuredmedia":[{"embeddable":true,"href":"https:\/\/www.explora-project.com\/blog\/wp-json\/wp\/v2\/media\/5427"}],"wp:attachment":[{"href":"https:\/\/www.explora-project.com\/blog\/wp-json\/wp\/v2\/media?parent=5346"}],"wp:term":[{"taxonomy":"category","embeddable":true,"href":"https:\/\/www.explora-project.com\/blog\/wp-json\/wp\/v2\/categories?post=5346"},{"taxonomy":"post_tag","embeddable":true,"href":"https:\/\/www.explora-project.com\/blog\/wp-json\/wp\/v2\/tags?post=5346"}],"curies":[{"name":"wp","href":"https:\/\/api.w.org\/{rel}","templated":true}]}}