{"id":52,"date":"2019-10-29T13:30:13","date_gmt":"2019-10-29T12:30:13","guid":{"rendered":"https:\/\/staging.explora-project.com\/blog\/articles\/explora-project-retenue-pour-les-tremplins-de-voyage-prive-2019"},"modified":"2019-10-29T13:30:13","modified_gmt":"2019-10-29T12:30:13","slug":"explora-project-retenue-pour-les-tremplins-de-voyage-prive-2019","status":"publish","type":"post","link":"https:\/\/www.explora-project.com\/blog\/articles\/explora-project-retenue-pour-les-tremplins-de-voyage-prive-2019","title":{"rendered":"Explora Project retenue pour les Tremplins de Voyage Priv\u00e9 2019 !"},"content":{"rendered":"<div>\n<a href=\"https:\/\/www.tourhebdo.com\/actualites\/technologie\/quelles-sont-les-start-up-retenues-pour-les-tremplins-by-voyage-prive-517764.php\"><strong>Article @ Tour Hebdo par Didier Forray<\/strong><\/a><strong><br \/><\/strong>\n<\/div>\n<div>La septi\u00e8me \u00e9dition des Tremplins by Voyage Priv\u00e9 se d\u00e9roulera le 16 mai prochain \u00e0 Aix-en-Provence (13). Faites connaissance avec les six start-up s\u00e9lectionn\u00e9es pour le Summer Camp 2019.<\/p>\n<\/div>\n<div>\n<strong>Electrosmart<br \/><\/strong>\n<\/div>\n<div>Appli disponible sur Android<\/p>\n<\/div>\n<div>Fondateur : <a href=\"https:\/\/fr.linkedin.com\/in\/arnaud-legout-866a404\">Arnaud Legout<\/a>.<\/p>\n<\/div>\n<div>Pitch : cette application permet \u00e0 ses utilisateurs de mesurer leur niveau d&rsquo;exposition aux ondes \u00e9lectromagn\u00e9tiques g\u00e9n\u00e9r\u00e9es par les appareils connect\u00e9s, notamment les routeurs et hotspots WiFi mais aussi les antennes cellulaires et les enceintes Bluetooth. L&rsquo;appli donne \u00e9galement des conseils pratiques pour r\u00e9duire son exposition.<\/p>\n<\/div>\n<div>O\u00f9 en sont-ils ? Selon Google Play, l&rsquo;appli a \u00e9t\u00e9 t\u00e9l\u00e9charg\u00e9e plus de 100 000 fois. Une mise \u00e0 jour a \u00e9t\u00e9 mise en ligne le 15 avril dernier.<\/p>\n<p>\n<\/div>\n<div>\n<strong>Explora Project<br \/><\/strong>\n<\/div>\n<div>www.explora-project.com<\/p>\n<\/div>\n<div>Fondateur : <a href=\"https:\/\/fr-fr.facebook.com\/StanGruauUltraFond\/\">Stanislas Gruau<\/a>.<\/p>\n<\/div>\n<div>Pitch : cette agence de voyages se positionne sur le segment du voyage d&rsquo;aventure en organisant des \u00ab\u00a0micro-exp\u00e9ditions\u00a0\u00bb en Europe. Explora Projet propose des voyages de 2 \u00e0 8 jours en autonomie, par exemple dans le massif du Mont-Blanc ou en v\u00e9lo au Mont\u00e9n\u00e9gro.<\/p>\n<\/div>\n<div>O\u00f9 en sont-ils ? La start-up a r\u00e9alis\u00e9 une premi\u00e8re lev\u00e9e de fond au cours de l&rsquo;\u00e9t\u00e9 2018 et elle s&rsquo;est install\u00e9e au sein de l&rsquo;incubateur Annecy Base Camp. Elle vient d&rsquo;\u00eatre \u00e9lue laur\u00e9ate du Parrainage du cluster d&rsquo;entreprises Outdoor Sports Valley.<\/p>\n<\/div>\n<div>\n<strong>=&gt; Nous vous parlions de Stanislas Gruau et d&rsquo;Explora Project dans <\/strong><a href=\"https:\/\/www.tourhebdo.com\/bibliotheque-numerique\/1598\/\"><strong>le num\u00e9ro 1598 (d\u00e9cembre 2018) de <\/strong><strong><em>Tour Hebdo<\/em><\/strong><\/a><strong>.<\/p>\n<p><\/strong>\n<\/div>\n<div>\n<strong>Day Pass<br \/><\/strong>\n<\/div>\n<div>www.daypassapp.com<\/p>\n<\/div>\n<div>Fondateur : <a href=\"https:\/\/www.linkedin.com\/in\/alexandremayol\/en\">Alex Mayol<\/a>.<\/p>\n<\/div>\n<div>Pitch : l&rsquo;id\u00e9e de cette start-up bas\u00e9e \u00e0 Miami est de permettre aux utilisateurs de l&rsquo;appli d&rsquo;acc\u00e9der aux installations d&rsquo;un h\u00f4tel pendant la journ\u00e9e, notamment les plages priv\u00e9es, les piscines, les salles de sport et les spas. Pour les h\u00f4tels, le Day Pass permet de g\u00e9n\u00e9rer une nouvelle source de revenus.<\/p>\n<\/div>\n<div>O\u00f9 en sont-ils ? L&rsquo;offre h\u00f4teli\u00e8re couvre aujourd&rsquo;hui une dizaine de destinations \u00e0 travers le monde de Paris \u00e0 Los Angeles en passant par Miami, Marrakech, Duba\u00ef, Bali, Phuket et Hong Kong.<\/p>\n<p>\n<\/div>\n<div>\n<strong>Globe Dreamers<br \/><\/strong>\n<\/div>\n<div>www.globedreamers.com<\/p>\n<\/div>\n<div>Fondateurs : <a href=\"https:\/\/fr.linkedin.com\/in\/martin-gaston-dreyfus-b8224687\">Martin Gaston-Dreyfus<\/a> et <a href=\"https:\/\/fr.linkedin.com\/in\/augustin-aoudjhane-8531b868\">Augustin Aoudjhane<\/a> (qui a quitt\u00e9 la start-up depuis).<\/div>\n<div>Pitch : Globe Dreamers est une plateforme de financement participatif d\u00e9di\u00e9e aux \u00ab\u00a0voyages engag\u00e9s\u00a0\u00bb, que ce soit des projets humanitaires, environnementaux, professionnels, sportifs ou artistiques.<\/p>\n<\/div>\n<div>O\u00f9 en sont-ils ? Lanc\u00e9 en 2014, le projet a depuis pivot\u00e9 en passant d&rsquo;un positionnement g\u00e9n\u00e9raliste, ouvert \u00e0 tous les voyages, \u00e0 un positionnement plus pointu, centr\u00e9 sur les voyages engag\u00e9s. Une petite dizaine de projets ont \u00e9t\u00e9 financ\u00e9s \u00e0 ce jour, avec une collecte maximale de pr\u00e8s de 5 500 \u20ac pour l&rsquo;un des dossiers.<\/p>\n<p>\n<\/div>\n<div>\n<strong>Flybot<br \/><\/strong>\n<\/div>\n<div>www.flybot.me<\/p>\n<\/div>\n<div>Fondateurs : <a href=\"https:\/\/fr.linkedin.com\/in\/thibault-descombes\">Thibault Descombes<\/a> et <a href=\"https:\/\/fr.linkedin.com\/in\/florian-garibal\">Florian Garibal<\/a>.<\/p>\n<\/div>\n<div>Pitch : comme son nom l&rsquo;indique, Flybot est un chatbot d\u00e9di\u00e9 \u00e0 la recherche de vols. Le robot, accessible sur Messenger, peut servir de moteur d&rsquo;inspiration, en proposant des destinations qui correspondent aux go\u00fbts de chacun. Flybot se charge \u00e9galement de d\u00e9nicher les dates de voyage les moins ch\u00e8res.<\/p>\n<\/div>\n<div>O\u00f9 en sont-ils ? L&rsquo;\u00e9quipe travaille sur l&rsquo;agrandissement de sa communaut\u00e9 d&rsquo;utilisateurs, notamment via Facebook. Flybot vient d&rsquo;ailleurs de lancer un concours pour se faire conna\u00eetre.<\/p>\n<p>\n<\/div>\n<div>\n<strong>Travelbudds<br \/><\/strong>\n<\/div>\n<div>www.travelbudds.com<\/p>\n<\/div>\n<div>Fondateurs : <a href=\"https:\/\/mu.linkedin.com\/in\/linley-tanner\">Linley Tanner<\/a> et <a href=\"https:\/\/fr.linkedin.com\/in\/ariellemeyer\">Arielle Meyer<\/a>.<\/p>\n<\/div>\n<div>Pitch : ce site et cette application se pr\u00e9sentent comme un r\u00e9seau social sp\u00e9cialis\u00e9 dans le voyage. Les utilisateurs peuvent suivre les p\u00e9riples de leurs amis et pr\u00e9parer leurs propres d\u00e9parts.<\/p>\n<\/div>\n<div>O\u00f9 en sont-ils ? L&rsquo;entreprise reste bas\u00e9e sur deux continents, avec une pr\u00e9sence \u00e0 l\u2019\u00cele Maurice et un bureau au sein de l&rsquo;incubateur Station F \u00e0 Paris.<\/div>\n","protected":false},"excerpt":{"rendered":"<p>Article @ Tour Hebdo par Didier Forray La septi\u00e8me \u00e9dition des Tremplins by Voyage Priv\u00e9 se d\u00e9roulera le 16 mai prochain \u00e0 Aix-en-Provence (13). Faites connaissance avec les six start-up<a href=\"https:\/\/www.explora-project.com\/blog\/articles\/explora-project-retenue-pour-les-tremplins-de-voyage-prive-2019\" class=\"more-link\"><span class=\"readmore\">Continuer \u00e0 lire&#8230;<span class=\"screen-reader-text\">Explora Project retenue pour les Tremplins de Voyage Priv\u00e9 2019 !<\/span><\/span><\/a><\/p>\n","protected":false},"author":1,"featured_media":53,"comment_status":"closed","ping_status":"open","sticky":false,"template":"","format":"standard","meta":[],"categories":[5],"tags":[],"yoast_head":"<!-- This site is optimized with the Yoast SEO plugin v19.10 - https:\/\/yoast.com\/wordpress\/plugins\/seo\/ -->\n<title>Explora Project retenue pour les Tremplins de Voyage Priv\u00e9 2019 ! - Journal d&#039;Explora Project<\/title>\n<meta name=\"robots\" content=\"index, follow, max-snippet:-1, max-image-preview:large, max-video-preview:-1\" \/>\n<link rel=\"canonical\" href=\"https:\/\/www.explora-project.com\/blog\/articles\/explora-project-retenue-pour-les-tremplins-de-voyage-prive-2019\" \/>\n<meta property=\"og:locale\" content=\"fr_FR\" \/>\n<meta property=\"og:type\" content=\"article\" \/>\n<meta property=\"og:title\" content=\"Explora Project retenue pour les Tremplins de Voyage Priv\u00e9 2019 ! - Journal d&#039;Explora Project\" \/>\n<meta property=\"og:description\" content=\"Article @ Tour Hebdo par Didier Forray La septi\u00e8me \u00e9dition des Tremplins by Voyage Priv\u00e9 se d\u00e9roulera le 16 mai prochain \u00e0 Aix-en-Provence (13). Faites connaissance avec les six start-upContinuer \u00e0 lire...Explora Project retenue pour les Tremplins de Voyage Priv\u00e9 2019 !\" \/>\n<meta property=\"og:url\" content=\"https:\/\/www.explora-project.com\/blog\/articles\/explora-project-retenue-pour-les-tremplins-de-voyage-prive-2019\" \/>\n<meta property=\"og:site_name\" content=\"Journal d&#039;Explora Project\" \/>\n<meta property=\"article:published_time\" content=\"2019-10-29T12:30:13+00:00\" \/>\n<meta property=\"og:image\" content=\"https:\/\/www.explora-project.com\/blog\/wp-content\/uploads\/2021\/11\/kAANfZ4RMib91K4jQQKXNc6u\" \/>\n\t<meta property=\"og:image:width\" content=\"836\" \/>\n\t<meta property=\"og:image:height\" content=\"640\" \/>\n\t<meta property=\"og:image:type\" content=\"image\/png\" \/>\n<meta name=\"author\" content=\"berpj\" \/>\n<meta name=\"twitter:card\" content=\"summary_large_image\" \/>\n<meta name=\"twitter:label1\" content=\"Written by\" \/>\n\t<meta name=\"twitter:data1\" content=\"berpj\" \/>\n\t<meta name=\"twitter:label2\" content=\"Est. reading time\" \/>\n\t<meta name=\"twitter:data2\" content=\"3 minutes\" \/>\n<script type=\"application\/ld+json\" class=\"yoast-schema-graph\">{\"@context\":\"https:\/\/schema.org\",\"@graph\":[{\"@type\":\"WebPage\",\"@id\":\"https:\/\/www.explora-project.com\/blog\/articles\/explora-project-retenue-pour-les-tremplins-de-voyage-prive-2019\",\"url\":\"https:\/\/www.explora-project.com\/blog\/articles\/explora-project-retenue-pour-les-tremplins-de-voyage-prive-2019\",\"name\":\"Explora Project retenue pour les Tremplins de Voyage Priv\u00e9 2019 ! - Journal d&#039;Explora Project\",\"isPartOf\":{\"@id\":\"https:\/\/www.explora-project.com\/blog\/#website\"},\"datePublished\":\"2019-10-29T12:30:13+00:00\",\"dateModified\":\"2019-10-29T12:30:13+00:00\",\"author\":{\"@id\":\"https:\/\/www.explora-project.com\/blog\/#\/schema\/person\/d2869e7550f6db5bba33470d64e818cb\"},\"breadcrumb\":{\"@id\":\"https:\/\/www.explora-project.com\/blog\/articles\/explora-project-retenue-pour-les-tremplins-de-voyage-prive-2019#breadcrumb\"},\"inLanguage\":\"fr-FR\",\"potentialAction\":[{\"@type\":\"ReadAction\",\"target\":[\"https:\/\/www.explora-project.com\/blog\/articles\/explora-project-retenue-pour-les-tremplins-de-voyage-prive-2019\"]}]},{\"@type\":\"BreadcrumbList\",\"@id\":\"https:\/\/www.explora-project.com\/blog\/articles\/explora-project-retenue-pour-les-tremplins-de-voyage-prive-2019#breadcrumb\",\"itemListElement\":[{\"@type\":\"ListItem\",\"position\":1,\"name\":\"Home\",\"item\":\"https:\/\/www.explora-project.com\/blog\"},{\"@type\":\"ListItem\",\"position\":2,\"name\":\"Explora Project retenue pour les Tremplins de Voyage Priv\u00e9 2019 !\"}]},{\"@type\":\"WebSite\",\"@id\":\"https:\/\/www.explora-project.com\/blog\/#website\",\"url\":\"https:\/\/www.explora-project.com\/blog\/\",\"name\":\"Journal d&#039;Explora Project\",\"description\":\"Actualit\u00e9s \u00e0 la une\",\"potentialAction\":[{\"@type\":\"SearchAction\",\"target\":{\"@type\":\"EntryPoint\",\"urlTemplate\":\"https:\/\/www.explora-project.com\/blog\/?s={search_term_string}\"},\"query-input\":\"required name=search_term_string\"}],\"inLanguage\":\"fr-FR\"},{\"@type\":\"Person\",\"@id\":\"https:\/\/www.explora-project.com\/blog\/#\/schema\/person\/d2869e7550f6db5bba33470d64e818cb\",\"name\":\"berpj\",\"image\":{\"@type\":\"ImageObject\",\"inLanguage\":\"fr-FR\",\"@id\":\"https:\/\/www.explora-project.com\/blog\/#\/schema\/person\/image\/\",\"url\":\"https:\/\/www.explora-project.com\/blog\/wp-includes\/images\/blank.gif\",\"contentUrl\":\"https:\/\/www.explora-project.com\/blog\/wp-includes\/images\/blank.gif\",\"caption\":\"berpj\"},\"sameAs\":[\"http:\/\/app-16fc7410-8606-43e0-9b62-ee8b69e70de6.cleverapps.io\"],\"url\":\"https:\/\/www.explora-project.com\/blog\/articles\/author\/berpj\"}]}<\/script>\n<!-- \/ Yoast SEO plugin. -->","yoast_head_json":{"title":"Explora Project retenue pour les Tremplins de Voyage Priv\u00e9 2019 ! - Journal d&#039;Explora Project","robots":{"index":"index","follow":"follow","max-snippet":"max-snippet:-1","max-image-preview":"max-image-preview:large","max-video-preview":"max-video-preview:-1"},"canonical":"https:\/\/www.explora-project.com\/blog\/articles\/explora-project-retenue-pour-les-tremplins-de-voyage-prive-2019","og_locale":"fr_FR","og_type":"article","og_title":"Explora Project retenue pour les Tremplins de Voyage Priv\u00e9 2019 ! - Journal d&#039;Explora Project","og_description":"Article @ Tour Hebdo par Didier Forray La septi\u00e8me \u00e9dition des Tremplins by Voyage Priv\u00e9 se d\u00e9roulera le 16 mai prochain \u00e0 Aix-en-Provence (13). Faites connaissance avec les six start-upContinuer \u00e0 lire...Explora Project retenue pour les Tremplins de Voyage Priv\u00e9 2019 !","og_url":"https:\/\/www.explora-project.com\/blog\/articles\/explora-project-retenue-pour-les-tremplins-de-voyage-prive-2019","og_site_name":"Journal d&#039;Explora Project","article_published_time":"2019-10-29T12:30:13+00:00","og_image":[{"width":836,"height":640,"url":"https:\/\/www.explora-project.com\/blog\/wp-content\/uploads\/2021\/11\/kAANfZ4RMib91K4jQQKXNc6u","type":"image\/png"}],"author":"berpj","twitter_card":"summary_large_image","twitter_misc":{"Written by":"berpj","Est. reading time":"3 minutes"},"schema":{"@context":"https:\/\/schema.org","@graph":[{"@type":"WebPage","@id":"https:\/\/www.explora-project.com\/blog\/articles\/explora-project-retenue-pour-les-tremplins-de-voyage-prive-2019","url":"https:\/\/www.explora-project.com\/blog\/articles\/explora-project-retenue-pour-les-tremplins-de-voyage-prive-2019","name":"Explora Project retenue pour les Tremplins de Voyage Priv\u00e9 2019 ! - Journal d&#039;Explora Project","isPartOf":{"@id":"https:\/\/www.explora-project.com\/blog\/#website"},"datePublished":"2019-10-29T12:30:13+00:00","dateModified":"2019-10-29T12:30:13+00:00","author":{"@id":"https:\/\/www.explora-project.com\/blog\/#\/schema\/person\/d2869e7550f6db5bba33470d64e818cb"},"breadcrumb":{"@id":"https:\/\/www.explora-project.com\/blog\/articles\/explora-project-retenue-pour-les-tremplins-de-voyage-prive-2019#breadcrumb"},"inLanguage":"fr-FR","potentialAction":[{"@type":"ReadAction","target":["https:\/\/www.explora-project.com\/blog\/articles\/explora-project-retenue-pour-les-tremplins-de-voyage-prive-2019"]}]},{"@type":"BreadcrumbList","@id":"https:\/\/www.explora-project.com\/blog\/articles\/explora-project-retenue-pour-les-tremplins-de-voyage-prive-2019#breadcrumb","itemListElement":[{"@type":"ListItem","position":1,"name":"Home","item":"https:\/\/www.explora-project.com\/blog"},{"@type":"ListItem","position":2,"name":"Explora Project retenue pour les Tremplins de Voyage Priv\u00e9 2019 !"}]},{"@type":"WebSite","@id":"https:\/\/www.explora-project.com\/blog\/#website","url":"https:\/\/www.explora-project.com\/blog\/","name":"Journal d&#039;Explora Project","description":"Actualit\u00e9s \u00e0 la une","potentialAction":[{"@type":"SearchAction","target":{"@type":"EntryPoint","urlTemplate":"https:\/\/www.explora-project.com\/blog\/?s={search_term_string}"},"query-input":"required name=search_term_string"}],"inLanguage":"fr-FR"},{"@type":"Person","@id":"https:\/\/www.explora-project.com\/blog\/#\/schema\/person\/d2869e7550f6db5bba33470d64e818cb","name":"berpj","image":{"@type":"ImageObject","inLanguage":"fr-FR","@id":"https:\/\/www.explora-project.com\/blog\/#\/schema\/person\/image\/","url":"https:\/\/www.explora-project.com\/blog\/wp-includes\/images\/blank.gif","contentUrl":"https:\/\/www.explora-project.com\/blog\/wp-includes\/images\/blank.gif","caption":"berpj"},"sameAs":["http:\/\/app-16fc7410-8606-43e0-9b62-ee8b69e70de6.cleverapps.io"],"url":"https:\/\/www.explora-project.com\/blog\/articles\/author\/berpj"}]}},"_links":{"self":[{"href":"https:\/\/www.explora-project.com\/blog\/wp-json\/wp\/v2\/posts\/52"}],"collection":[{"href":"https:\/\/www.explora-project.com\/blog\/wp-json\/wp\/v2\/posts"}],"about":[{"href":"https:\/\/www.explora-project.com\/blog\/wp-json\/wp\/v2\/types\/post"}],"author":[{"embeddable":true,"href":"https:\/\/www.explora-project.com\/blog\/wp-json\/wp\/v2\/users\/1"}],"replies":[{"embeddable":true,"href":"https:\/\/www.explora-project.com\/blog\/wp-json\/wp\/v2\/comments?post=52"}],"version-history":[{"count":0,"href":"https:\/\/www.explora-project.com\/blog\/wp-json\/wp\/v2\/posts\/52\/revisions"}],"wp:featuredmedia":[{"embeddable":true,"href":"https:\/\/www.explora-project.com\/blog\/wp-json\/wp\/v2\/media\/53"}],"wp:attachment":[{"href":"https:\/\/www.explora-project.com\/blog\/wp-json\/wp\/v2\/media?parent=52"}],"wp:term":[{"taxonomy":"category","embeddable":true,"href":"https:\/\/www.explora-project.com\/blog\/wp-json\/wp\/v2\/categories?post=52"},{"taxonomy":"post_tag","embeddable":true,"href":"https:\/\/www.explora-project.com\/blog\/wp-json\/wp\/v2\/tags?post=52"}],"curies":[{"name":"wp","href":"https:\/\/api.w.org\/{rel}","templated":true}]}}