{"id":50,"date":"2019-10-29T10:46:31","date_gmt":"2019-10-29T09:46:31","guid":{"rendered":"https:\/\/staging.explora-project.com\/blog\/articles\/bivouac-hivernal-au-coeur-de-la-laponie-suedoise"},"modified":"2023-03-28T09:52:05","modified_gmt":"2023-03-28T07:52:05","slug":"bivouac-hivernal-au-coeur-de-la-laponie-suedoise","status":"publish","type":"post","link":"https:\/\/www.explora-project.com\/blog\/articles\/bivouac-hivernal-au-coeur-de-la-laponie-suedoise","title":{"rendered":"Bivouac hivernal au c\u0153ur de la Laponie Su\u00e9doise"},"content":{"rendered":"<div>\n<strong>Michael, 33 ans, a explor\u00e9 le Parc National du Sarek tout au nord de la Su\u00e8de, en mars 2018 et il nous raconte comment s&rsquo;organiser en bivouac hivernal.<br \/>\n<\/strong><\/div>\n<div>\n<em>Passionn\u00e9 de montagnes et des grands espaces, j&rsquo;explore les terres polaires de notre plan\u00e8te afin d&rsquo;y retrouver \u00ab\u00a0l&rsquo;art de vivre\u00a0\u00bb dans un retour \u00e0 l&rsquo;essentiel. Apr\u00e8s des exp\u00e9ditions en Islande, Laponie et Groenland, o\u00f9 j&rsquo;ai pu acqu\u00e9rir une exp\u00e9rience certaine, le P\u00f4le Sud sera un de mes prochains objectifs dans les ann\u00e9es \u00e0 venir. Commencera alors mon grand projet \u00ab\u00a03 P\u00f4les\u00a0\u00bb, consistant \u00e0 atteindre le P\u00f4le Nord, le P\u00f4le Sud et le sommet de l&rsquo;Everest.<\/p>\n<p><\/em><em><\/em><strong>A quoi faut-il s\u2019attendre ?<br \/>\n<\/strong><\/p>\n<\/div>\n<div>Sans surprise, je vais vous dire que le Sarek, c\u2019est de la neige, des glaciers, des paysages vierges \u00e0 couper le souffle et bien s\u00fbr du froid. Et c\u2019est bien de ce dernier dont il faut se m\u00e9fier car les temp\u00e9ratures que vous rencontrerez seront rarement positives et vont vous demander de la rigueur.<\/p>\n<\/div>\n<div>Le matin, ce n\u2019est pas facile de sortir de son sac de couchage, alors il faut le faire tout doucement, et \u00e7a, il faut y penser d\u00e8s le moment que l\u2019on installe le bivouac.<\/p>\n<\/div>\n<div>Durant les exp\u00e9ditions grand froid, il faut accepter de vivre au rythme de notre plan\u00e8te, et surtout \u00e0 celui du soleil. C\u2019est pour cela que lorsque le soleil disparait, on essaiera de se r\u00e9fugier le plus vite possible dans son sac de couchage, pour en ressortir \u00e0 son lev\u00e9.<\/p>\n<\/div>\n<div>Voici un petit d\u00e9roul\u00e9 de mes journ\u00e9es lors de mes diff\u00e9rentes exp\u00e9ditions que ce soit en Laponie ou au Groenland. Le soir, je m\u2019imposais d\u2019arr\u00eater de marcher entre 15h et 16h afin de prendre le temps de choisir un emplacement id\u00e9al.<\/div>\n<div><\/div>\n<div>\n<strong>Mais qu\u2019est qu\u2019un emplacement id\u00e9al?<br \/>\n<\/strong><\/div>\n<div>Tout d\u00e9pend de la m\u00e9t\u00e9o annonc\u00e9e et du terrain dans lequel vous vous trouvez. Par exemple, un petit ilot au milieu d\u2019un lac gel\u00e9 peut \u00eatre un tr\u00e8s beau bivouac, mais en cas de vents forts, vous risquez de le regretter toute la nuit.<\/p>\n<p>L\u2019id\u00e9al est:<\/p>\n<\/div>\n<ul>\n<li>de trouver un emplacement qui prendra le soleil dans les premi\u00e8res lueurs du jour. Cela implique d\u2019avoir moins de soleil le soir, mais c\u2019est moins g\u00eanant.<\/li>\n<li>\u00e9vitez les cuvettes et petites d\u00e9pressions afin de ne pas vous trouver dans le fond du cong\u00e9lateur.<\/li>\n<li>avoir une protection naturelle contre le vent ou alors il faudra confectionner un mur de protection.<\/li>\n<li>prendre en compte les dangers objectifs (avalanches, chutes de pierres\u2026). Pour cela, ne pas faire de bivouac en bas de pentes trop raides ou au pied d\u2019une falaise surtout en cas de vents.&nbsp;<\/li>\n<\/ul>\n<div>Une fois que l\u2019on a trouv\u00e9 un bon emplacement, on pose les pulkas et c\u2019est maintenant qu\u2019il faut s\u2019organiser pour gagner du temps et profiter au mieux du temps qu\u2019il vous reste pour discuter de votre journ\u00e9e au sein du groupe et du programme du lendemain. Le mieux est d\u2019\u00eatre deux par tente et que chacun s\u2019att\u00e8le au m\u00eame tache deux jours de suite afin que \u00e7a devienne une habitude et en m\u00eame temps que chacun touche un peu \u00e0 tout.<\/p>\n<\/div>\n<div>\n<strong>La premi\u00e8re chose est de monter la tente<\/strong>. A deux, bien s\u00fbr. Si le vent est fort, mieux vaut s\u2019y mettre \u00e0 plusieurs afin de ne pas avoir de surprise.<\/p>\n<\/div>\n<div>Ensuite deux \u00e9quipes par tente. Une personne s\u2019occupe de tout ce qu\u2019il faut \u00e0 <strong>l\u2019int\u00e9rieur<\/strong> (tapis de sol, sacs de couchage, oreillers, lampes et s\u2019occupe de creuser un trou dans l\u2019abside afin d\u2019y arranger les sacs \u00e0 dos et coque de chaussures)<\/p>\n<\/div>\n<div>La deuxi\u00e8me s\u2019occupe des <strong>am\u00e9nagements ext\u00e9rieur<\/strong> (recouvrir les jupes de la tente, construire un mur de neige pour se prot\u00e9ger du vent, arranger et fixer les pulkas et mat\u00e9riel) et du plus important, faire fondre la neige pour remplir les 4 thermos du bin\u00f4me. Certains disent que l\u2019on peut le faire avant de monter la tente, mais d\u2019exp\u00e9rience, dans 3 cas sur 5 on renverse la casserole en disposant la tente.<\/p>\n<\/div>\n<div>Si vous \u00eates \u00e0 plus de deux par tente, il y a <strong>d\u2019autres choses \u00e0 faire pour le collectif <\/strong>comme les toilettes par exemple, ou si le beau temps est l\u00e0, creuser un banc et une table pour partager le repas ensemble.<\/p>\n<\/div>\n<div>Le bivouac une fois install\u00e9, il est temps de manger une bonne ration lyophilis\u00e9e et \u00e0 prendre le temps de discuter et partager. Une exp\u00e9dition, c\u2019est avant tout une aventure humaine. N\u2019h\u00e9sitez pas \u00e0 agr\u00e9menter votre sachet 24h avec des petites surprises \u00e0 partager (saucisson, sachet de bonbons\u2026) \u00e7a fait toujours plaisir.<br \/>\nUne fois les rations hydrat\u00e9es, continuez \u00e0 remplir les thermos et surtout, l\u2019arme absolue contre le froid pour la nuit, la bouillotte que vous glisserez dans le sac de couchage en v\u00e9rifiant que celle-ci est bien ferm\u00e9e (il ne faut pas que l\u2019eau soit en \u00e9bullition pour \u00e9viter de se br\u00fbler).<\/p>\n<\/div>\n<div>\n<strong>Quand le soleil disparait, le froid devient vraiment intense et il est temps de se r\u00e9fugier dans son sac de couchage. Mais il reste encore quelques petites choses \u00e0 faire:<br \/>\n<\/strong><\/div>\n<ul>\n<li>aller au petit coin, parce que le plus souvent c\u2019est lorsque l\u2019on est bien au chaud que l\u2019envie survient.<\/li>\n<li>enlever la neige des fixations de ski et des coque plastique avec une balayette.<\/li>\n<li>dormez en sous-v\u00eatements long mais garder dans le sac de couchage les affaires \u00e0 s\u00e9cher.<\/li>\n<li>faites une petite pochette pour rassembler tout votre mat\u00e9riel \u00e9lectronique afin de le garder au chaud pour ne pas qu\u2019il se d\u00e9charge.<\/li>\n<li>dormez avec des petits gants pour ne pas avoir froid aux mains lorsque qu\u2019elles sont \u00e0 l\u2019ext\u00e9rieur.<\/li>\n<li>garder les chaussons pr\u00e8s de vous pour les avoir \u00e0 porter de mains au r\u00e9veil.<\/li>\n<li>la bouteille \u00ab pipi \u00bb doit \u00eatre \u00e0 cot\u00e9 pour ne pas r\u00e9veiller le voisin au cas o\u00f9.<\/li>\n<li>au besoin, mettez-vous au chaud avec votre doudoune le temps de vous r\u00e9chauffez, mais ne vous endormez pas avec. Personnellement, je la retire avant de dormir et l\u2019\u00e9tale dans le sac de couchage pour la garder au chaud pour le lendemain matin.<\/li>\n<li><\/li>\n<\/ul>\n<div><strong>Ensuite le r\u00e9veil:<\/strong><\/div>\n<div><\/div>\n<ul>\n<li>mettez de suite vos chaussons \u00e0 l\u2019int\u00e9rieur de votre sac de couchage sans les enfiler.<\/li>\n<li>Prenez le petit d\u00e9jeuner encore blotti dans votre sac. Le but \u00e9tant d\u2019en sortir au dernier moment.<\/li>\n<li>Si vous avez rempli correctement vos thermos, vous n\u2019avez pas besoin de refaire fondre la neige. Lors de mes exp\u00e9ditions, je remplis mes thermos le soir, et si besoin, le midi. Le matin, c\u2019est plus d\u00e9sagr\u00e9able.<\/li>\n<li>Pendant le petit-d\u00e9jeuner, commencez \u00e0 ouvrir petit \u00e0 petit votre sac de couchage et mettez votre doudoune.<\/li>\n<li>une fois termin\u00e9, rangez toutes vos affaires dans le sac de nuit et enfil\u00e9 vos chaussons.<\/li>\n<li>Il faut que tout le groupe soit synchronis\u00e9 et rigoureux pour \u00e9viter que certains attendent dans le froid les \u00e9ventuels retardataires.<\/li>\n<li>Lorsque le bin\u00f4me est pr\u00eat, il faut faire comme pour l\u2019installation. Une personne sort \u00e0 l\u2019ext\u00e9rieur pour d\u00e9gager la tente et rassembler les ancrages (piolets, ski, b\u00e2tons), et l\u2019autre range l\u2019int\u00e9rieur et enl\u00e8ve la glace de l\u2019int\u00e9rieur avec une balayette.<\/li>\n<li>puis on arrange les pulkas et c\u2019est reparti pour l\u2019aventure.<\/li>\n<\/ul>\n<div>Pour faire les choses correctement et sans stress, il faut compter 2h entre le r\u00e9veil et le d\u00e9part \u00e0 skis.<\/p>\n<\/div>\n<div>\n<strong>Voil\u00e0 les quelques conseils que je peux vous donner en retour d\u2019exp\u00e9rience. J\u2019ai s\u00fbrement oubli\u00e9 certaines choses mais vous les d\u00e9couvrirez vous-m\u00eame au fur et \u00e0 mesure.<br \/>\n<\/strong><\/div>\n<div><strong>Mais n\u2019oubliez pas que le plus important est de profiter du moment pr\u00e9sent, en ces lieux magiques et en bonne compagnie.<\/strong><\/div>\n","protected":false},"excerpt":{"rendered":"<p>Michael, 33 ans, a explor\u00e9 le Parc National du Sarek tout au nord de la Su\u00e8de, en mars 2018 et il nous raconte comment s&rsquo;organiser en bivouac hivernal. Passionn\u00e9 de<a href=\"https:\/\/www.explora-project.com\/blog\/articles\/bivouac-hivernal-au-coeur-de-la-laponie-suedoise\" class=\"more-link\"><span class=\"readmore\">Continuer \u00e0 lire&#8230;<span class=\"screen-reader-text\">Bivouac hivernal au c\u0153ur de la Laponie Su\u00e9doise<\/span><\/span><\/a><\/p>\n","protected":false},"author":1,"featured_media":51,"comment_status":"closed","ping_status":"open","sticky":false,"template":"","format":"standard","meta":[],"categories":[3],"tags":[],"yoast_head":"<!-- This site is optimized with the Yoast SEO plugin v19.10 - https:\/\/yoast.com\/wordpress\/plugins\/seo\/ -->\n<title>Bivouac hivernal au c\u0153ur de la Laponie Su\u00e9doise - Journal d&#039;Explora Project<\/title>\n<meta name=\"description\" content=\"Michael, 33 ans, a explor\u00e9 le Parc National du Sarek tout au nord de la Su\u00e8de, en mars 2018 et il nous raconte comment s\u2019organiser en bivouac hivernal.\" \/>\n<meta name=\"robots\" content=\"index, follow, max-snippet:-1, max-image-preview:large, max-video-preview:-1\" \/>\n<link rel=\"canonical\" href=\"https:\/\/www.explora-project.com\/blog\/articles\/bivouac-hivernal-au-coeur-de-la-laponie-suedoise\" \/>\n<meta property=\"og:locale\" content=\"fr_FR\" \/>\n<meta property=\"og:type\" content=\"article\" \/>\n<meta property=\"og:title\" content=\"Bivouac hivernal au c\u0153ur de la Laponie Su\u00e9doise - Journal d&#039;Explora Project\" \/>\n<meta property=\"og:description\" content=\"Michael, 33 ans, a explor\u00e9 le Parc National du Sarek tout au nord de la Su\u00e8de, en mars 2018 et il nous raconte comment s\u2019organiser en bivouac hivernal.\" \/>\n<meta property=\"og:url\" content=\"https:\/\/www.explora-project.com\/blog\/articles\/bivouac-hivernal-au-coeur-de-la-laponie-suedoise\" \/>\n<meta property=\"og:site_name\" content=\"Journal d&#039;Explora Project\" \/>\n<meta property=\"article:published_time\" content=\"2019-10-29T09:46:31+00:00\" \/>\n<meta property=\"article:modified_time\" content=\"2023-03-28T07:52:05+00:00\" \/>\n<meta property=\"og:image\" content=\"https:\/\/www.explora-project.com\/blog\/wp-content\/uploads\/2021\/11\/DpkV1sgepx7unkjzef31kGyN\" \/>\n\t<meta property=\"og:image:width\" content=\"1200\" \/>\n\t<meta property=\"og:image:height\" content=\"675\" \/>\n\t<meta property=\"og:image:type\" content=\"image\/png\" \/>\n<meta name=\"author\" content=\"berpj\" \/>\n<meta name=\"twitter:card\" content=\"summary_large_image\" \/>\n<meta name=\"twitter:label1\" content=\"Written by\" \/>\n\t<meta name=\"twitter:data1\" content=\"berpj\" \/>\n\t<meta name=\"twitter:label2\" content=\"Est. reading time\" \/>\n\t<meta name=\"twitter:data2\" content=\"7 minutes\" \/>\n<script type=\"application\/ld+json\" class=\"yoast-schema-graph\">{\"@context\":\"https:\/\/schema.org\",\"@graph\":[{\"@type\":\"WebPage\",\"@id\":\"https:\/\/www.explora-project.com\/blog\/articles\/bivouac-hivernal-au-coeur-de-la-laponie-suedoise\",\"url\":\"https:\/\/www.explora-project.com\/blog\/articles\/bivouac-hivernal-au-coeur-de-la-laponie-suedoise\",\"name\":\"Bivouac hivernal au c\u0153ur de la Laponie Su\u00e9doise - Journal d&#039;Explora Project\",\"isPartOf\":{\"@id\":\"https:\/\/www.explora-project.com\/blog\/#website\"},\"datePublished\":\"2019-10-29T09:46:31+00:00\",\"dateModified\":\"2023-03-28T07:52:05+00:00\",\"author\":{\"@id\":\"https:\/\/www.explora-project.com\/blog\/#\/schema\/person\/d2869e7550f6db5bba33470d64e818cb\"},\"description\":\"Michael, 33 ans, a explor\u00e9 le Parc National du Sarek tout au nord de la Su\u00e8de, en mars 2018 et il nous raconte comment s\u2019organiser en bivouac hivernal.\",\"breadcrumb\":{\"@id\":\"https:\/\/www.explora-project.com\/blog\/articles\/bivouac-hivernal-au-coeur-de-la-laponie-suedoise#breadcrumb\"},\"inLanguage\":\"fr-FR\",\"potentialAction\":[{\"@type\":\"ReadAction\",\"target\":[\"https:\/\/www.explora-project.com\/blog\/articles\/bivouac-hivernal-au-coeur-de-la-laponie-suedoise\"]}]},{\"@type\":\"BreadcrumbList\",\"@id\":\"https:\/\/www.explora-project.com\/blog\/articles\/bivouac-hivernal-au-coeur-de-la-laponie-suedoise#breadcrumb\",\"itemListElement\":[{\"@type\":\"ListItem\",\"position\":1,\"name\":\"Home\",\"item\":\"https:\/\/www.explora-project.com\/blog\"},{\"@type\":\"ListItem\",\"position\":2,\"name\":\"Bivouac hivernal au c\u0153ur de la Laponie Su\u00e9doise\"}]},{\"@type\":\"WebSite\",\"@id\":\"https:\/\/www.explora-project.com\/blog\/#website\",\"url\":\"https:\/\/www.explora-project.com\/blog\/\",\"name\":\"Journal d&#039;Explora Project\",\"description\":\"Actualit\u00e9s \u00e0 la une\",\"potentialAction\":[{\"@type\":\"SearchAction\",\"target\":{\"@type\":\"EntryPoint\",\"urlTemplate\":\"https:\/\/www.explora-project.com\/blog\/?s={search_term_string}\"},\"query-input\":\"required name=search_term_string\"}],\"inLanguage\":\"fr-FR\"},{\"@type\":\"Person\",\"@id\":\"https:\/\/www.explora-project.com\/blog\/#\/schema\/person\/d2869e7550f6db5bba33470d64e818cb\",\"name\":\"berpj\",\"image\":{\"@type\":\"ImageObject\",\"inLanguage\":\"fr-FR\",\"@id\":\"https:\/\/www.explora-project.com\/blog\/#\/schema\/person\/image\/\",\"url\":\"https:\/\/www.explora-project.com\/blog\/wp-includes\/images\/blank.gif\",\"contentUrl\":\"https:\/\/www.explora-project.com\/blog\/wp-includes\/images\/blank.gif\",\"caption\":\"berpj\"},\"sameAs\":[\"http:\/\/app-16fc7410-8606-43e0-9b62-ee8b69e70de6.cleverapps.io\"],\"url\":\"https:\/\/www.explora-project.com\/blog\/articles\/author\/berpj\"}]}<\/script>\n<!-- \/ Yoast SEO plugin. -->","yoast_head_json":{"title":"Bivouac hivernal au c\u0153ur de la Laponie Su\u00e9doise - Journal d&#039;Explora Project","description":"Michael, 33 ans, a explor\u00e9 le Parc National du Sarek tout au nord de la Su\u00e8de, en mars 2018 et il nous raconte comment s\u2019organiser en bivouac hivernal.","robots":{"index":"index","follow":"follow","max-snippet":"max-snippet:-1","max-image-preview":"max-image-preview:large","max-video-preview":"max-video-preview:-1"},"canonical":"https:\/\/www.explora-project.com\/blog\/articles\/bivouac-hivernal-au-coeur-de-la-laponie-suedoise","og_locale":"fr_FR","og_type":"article","og_title":"Bivouac hivernal au c\u0153ur de la Laponie Su\u00e9doise - Journal d&#039;Explora Project","og_description":"Michael, 33 ans, a explor\u00e9 le Parc National du Sarek tout au nord de la Su\u00e8de, en mars 2018 et il nous raconte comment s\u2019organiser en bivouac hivernal.","og_url":"https:\/\/www.explora-project.com\/blog\/articles\/bivouac-hivernal-au-coeur-de-la-laponie-suedoise","og_site_name":"Journal d&#039;Explora Project","article_published_time":"2019-10-29T09:46:31+00:00","article_modified_time":"2023-03-28T07:52:05+00:00","og_image":[{"width":1200,"height":675,"url":"https:\/\/www.explora-project.com\/blog\/wp-content\/uploads\/2021\/11\/DpkV1sgepx7unkjzef31kGyN","type":"image\/png"}],"author":"berpj","twitter_card":"summary_large_image","twitter_misc":{"Written by":"berpj","Est. reading time":"7 minutes"},"schema":{"@context":"https:\/\/schema.org","@graph":[{"@type":"WebPage","@id":"https:\/\/www.explora-project.com\/blog\/articles\/bivouac-hivernal-au-coeur-de-la-laponie-suedoise","url":"https:\/\/www.explora-project.com\/blog\/articles\/bivouac-hivernal-au-coeur-de-la-laponie-suedoise","name":"Bivouac hivernal au c\u0153ur de la Laponie Su\u00e9doise - Journal d&#039;Explora Project","isPartOf":{"@id":"https:\/\/www.explora-project.com\/blog\/#website"},"datePublished":"2019-10-29T09:46:31+00:00","dateModified":"2023-03-28T07:52:05+00:00","author":{"@id":"https:\/\/www.explora-project.com\/blog\/#\/schema\/person\/d2869e7550f6db5bba33470d64e818cb"},"description":"Michael, 33 ans, a explor\u00e9 le Parc National du Sarek tout au nord de la Su\u00e8de, en mars 2018 et il nous raconte comment s\u2019organiser en bivouac hivernal.","breadcrumb":{"@id":"https:\/\/www.explora-project.com\/blog\/articles\/bivouac-hivernal-au-coeur-de-la-laponie-suedoise#breadcrumb"},"inLanguage":"fr-FR","potentialAction":[{"@type":"ReadAction","target":["https:\/\/www.explora-project.com\/blog\/articles\/bivouac-hivernal-au-coeur-de-la-laponie-suedoise"]}]},{"@type":"BreadcrumbList","@id":"https:\/\/www.explora-project.com\/blog\/articles\/bivouac-hivernal-au-coeur-de-la-laponie-suedoise#breadcrumb","itemListElement":[{"@type":"ListItem","position":1,"name":"Home","item":"https:\/\/www.explora-project.com\/blog"},{"@type":"ListItem","position":2,"name":"Bivouac hivernal au c\u0153ur de la Laponie Su\u00e9doise"}]},{"@type":"WebSite","@id":"https:\/\/www.explora-project.com\/blog\/#website","url":"https:\/\/www.explora-project.com\/blog\/","name":"Journal d&#039;Explora Project","description":"Actualit\u00e9s \u00e0 la une","potentialAction":[{"@type":"SearchAction","target":{"@type":"EntryPoint","urlTemplate":"https:\/\/www.explora-project.com\/blog\/?s={search_term_string}"},"query-input":"required name=search_term_string"}],"inLanguage":"fr-FR"},{"@type":"Person","@id":"https:\/\/www.explora-project.com\/blog\/#\/schema\/person\/d2869e7550f6db5bba33470d64e818cb","name":"berpj","image":{"@type":"ImageObject","inLanguage":"fr-FR","@id":"https:\/\/www.explora-project.com\/blog\/#\/schema\/person\/image\/","url":"https:\/\/www.explora-project.com\/blog\/wp-includes\/images\/blank.gif","contentUrl":"https:\/\/www.explora-project.com\/blog\/wp-includes\/images\/blank.gif","caption":"berpj"},"sameAs":["http:\/\/app-16fc7410-8606-43e0-9b62-ee8b69e70de6.cleverapps.io"],"url":"https:\/\/www.explora-project.com\/blog\/articles\/author\/berpj"}]}},"_links":{"self":[{"href":"https:\/\/www.explora-project.com\/blog\/wp-json\/wp\/v2\/posts\/50"}],"collection":[{"href":"https:\/\/www.explora-project.com\/blog\/wp-json\/wp\/v2\/posts"}],"about":[{"href":"https:\/\/www.explora-project.com\/blog\/wp-json\/wp\/v2\/types\/post"}],"author":[{"embeddable":true,"href":"https:\/\/www.explora-project.com\/blog\/wp-json\/wp\/v2\/users\/1"}],"replies":[{"embeddable":true,"href":"https:\/\/www.explora-project.com\/blog\/wp-json\/wp\/v2\/comments?post=50"}],"version-history":[{"count":1,"href":"https:\/\/www.explora-project.com\/blog\/wp-json\/wp\/v2\/posts\/50\/revisions"}],"predecessor-version":[{"id":2070,"href":"https:\/\/www.explora-project.com\/blog\/wp-json\/wp\/v2\/posts\/50\/revisions\/2070"}],"wp:featuredmedia":[{"embeddable":true,"href":"https:\/\/www.explora-project.com\/blog\/wp-json\/wp\/v2\/media\/51"}],"wp:attachment":[{"href":"https:\/\/www.explora-project.com\/blog\/wp-json\/wp\/v2\/media?parent=50"}],"wp:term":[{"taxonomy":"category","embeddable":true,"href":"https:\/\/www.explora-project.com\/blog\/wp-json\/wp\/v2\/categories?post=50"},{"taxonomy":"post_tag","embeddable":true,"href":"https:\/\/www.explora-project.com\/blog\/wp-json\/wp\/v2\/tags?post=50"}],"curies":[{"name":"wp","href":"https:\/\/api.w.org\/{rel}","templated":true}]}}