{"id":4680,"date":"2024-10-03T15:25:10","date_gmt":"2024-10-03T13:25:10","guid":{"rendered":"https:\/\/www.explora-project.com\/blog\/?p=4680"},"modified":"2024-10-03T17:00:26","modified_gmt":"2024-10-03T15:00:26","slug":"tour-du-mont-blanc-guide-complet-du-trek-incontournable","status":"publish","type":"post","link":"https:\/\/www.explora-project.com\/blog\/articles\/tour-du-mont-blanc-guide-complet-du-trek-incontournable","title":{"rendered":"Tour du Mont Blanc : Guide complet du trek incontournable"},"content":{"rendered":"\n<p class=\"has-normal-font-size\">Le <strong>Tour du Mont Blanc<\/strong> (TMB) est l&rsquo;une des randonn\u00e9es les plus embl\u00e9matiques d&rsquo;Europe, reliant la France, l&rsquo;Italie et la Suisse. Ses 170 km attirent les passionn\u00e9s de randonn\u00e9e, qu\u2019ils soient d\u00e9butants ou exp\u00e9riment\u00e9s. Le parcours te fait d\u00e9couvrir des paysages \u00e9poustouflants, tout en relevant des d\u00e9fis physiques. Plus qu&rsquo;une simple randonn\u00e9e, le TMB est une v\u00e9ritable aventure, o\u00f9 la montagne devient un compagnon de voyage, et l&rsquo;occasion d&rsquo;une rencontre avec soi-m\u00eame.<\/p>\n\n\n\n<p class=\"has-normal-font-size\">Avant de partir, cet article te fournira tous les conseils pour bien te pr\u00e9parer : les meilleures p\u00e9riodes, les \u00e9tapes incontournables, des astuces pour optimiser ton sac de marche\u2026. Pr\u00e9pare-toi pour un s\u00e9jour unique autour du Mont Blanc !<\/p>\n\n\n\n<h2 class=\"has-gold-color has-text-color\"><strong>Pourquoi choisir le Tour du Mont Blanc ?<\/strong><\/h2>\n\n\n\n<p class=\"has-normal-font-size\">S&rsquo;il est devenu embl\u00e9matique, ce n\u2019est pas pour rien. Atteignant environ 2 500 m\u00e8tres, le tour du Mont Blanc est r\u00e9put\u00e9 pour \u00eatre un d\u00e9fi stimulant. Pour commencer, voici trois raisons pour lesquelles il est incontournable :<\/p>\n\n\n\n<h3>1. Des paysages \u00e0 couper le souffle<\/h3>\n\n\n\n<div class=\"wp-block-media-text is-stacked-on-mobile is-vertically-aligned-center has-normal-font-size\" style=\"grid-template-columns:40% auto\"><figure class=\"wp-block-media-text__media\"><img decoding=\"async\" loading=\"lazy\" width=\"1246\" height=\"1193\" src=\"https:\/\/www.explora-project.com\/blog\/wp-content\/uploads\/2024\/09\/Paysage.png\" alt=\"\" class=\"wp-image-4855 size-full\" srcset=\"https:\/\/www.explora-project.com\/blog\/wp-content\/uploads\/2024\/09\/Paysage.png 1246w, https:\/\/www.explora-project.com\/blog\/wp-content\/uploads\/2024\/09\/Paysage-300x287.png 300w, https:\/\/www.explora-project.com\/blog\/wp-content\/uploads\/2024\/09\/Paysage-1024x980.png 1024w, https:\/\/www.explora-project.com\/blog\/wp-content\/uploads\/2024\/09\/Paysage-768x735.png 768w\" sizes=\"(max-width: 1246px) 100vw, 1246px\" \/><\/figure><div class=\"wp-block-media-text__content\">\n<p class=\"has-normal-font-size\">Le tour du Mont Blanc est avant tout un v\u00e9ritable r\u00e9gal pour les yeux. Les chemins sillonnent \u00e0 travers des paysages alpins grandioses, allant des vall\u00e9es verdoyantes, aux glaciers imposants, en passant par des villages au charme authentique. Les pics montagneux du massif ne quittent pas l\u2019horizon et le sommet du Mont Blanc, culminant \u00e0 4 807 m\u00e8tres, semble veiller sur chacune des \u00e9tapes.<\/p>\n<\/div><\/div>\n\n\n\n<h3 class=\"has-black-color has-text-color\">2. Culture et patrimoine vari\u00e9s<\/h3>\n\n\n\n<div class=\"wp-block-media-text has-media-on-the-right is-stacked-on-mobile is-vertically-aligned-center has-normal-font-size\" style=\"grid-template-columns:auto 40%\"><div class=\"wp-block-media-text__content\">\n<p class=\"has-text-align-left has-normal-font-size\">Nous l\u2019avons \u00e9voqu\u00e9, le tour du Mont Blanc traverse des villages alpins traditionnels.&nbsp;Ces \u00e9tapes sont l\u2019occasion de s\u2019immerger, de faire des rencontres avec les locaux et de d\u00e9couvrir les richesses culturelles et culinaires locales. Chaque r\u00e9gion offre son lot de sp\u00e9cialit\u00e9s et de traditions, rendant ce trek encore plus enrichissant.<\/p>\n<\/div><figure class=\"wp-block-media-text__media\"><img decoding=\"async\" loading=\"lazy\" width=\"1024\" height=\"980\" src=\"https:\/\/www.explora-project.com\/blog\/wp-content\/uploads\/2024\/09\/Culture-1024x980.png\" alt=\"\" class=\"wp-image-4856 size-full\" srcset=\"https:\/\/www.explora-project.com\/blog\/wp-content\/uploads\/2024\/09\/Culture-1024x980.png 1024w, https:\/\/www.explora-project.com\/blog\/wp-content\/uploads\/2024\/09\/Culture-300x287.png 300w, https:\/\/www.explora-project.com\/blog\/wp-content\/uploads\/2024\/09\/Culture-768x735.png 768w, https:\/\/www.explora-project.com\/blog\/wp-content\/uploads\/2024\/09\/Culture.png 1246w\" sizes=\"(max-width: 1024px) 100vw, 1024px\" \/><\/figure><\/div>\n\n\n\n<h3>3. Adapt\u00e9 \u00e0 tous les niveaux<\/h3>\n\n\n\n<div class=\"wp-block-media-text is-stacked-on-mobile is-vertically-aligned-center has-normal-font-size\" style=\"grid-template-columns:40% auto\"><figure class=\"wp-block-media-text__media\"><img decoding=\"async\" loading=\"lazy\" width=\"1024\" height=\"980\" src=\"https:\/\/www.explora-project.com\/blog\/wp-content\/uploads\/2024\/09\/Niveau-1024x980.png\" alt=\"\" class=\"wp-image-4857 size-full\" srcset=\"https:\/\/www.explora-project.com\/blog\/wp-content\/uploads\/2024\/09\/Niveau-1024x980.png 1024w, https:\/\/www.explora-project.com\/blog\/wp-content\/uploads\/2024\/09\/Niveau-300x287.png 300w, https:\/\/www.explora-project.com\/blog\/wp-content\/uploads\/2024\/09\/Niveau-768x735.png 768w, https:\/\/www.explora-project.com\/blog\/wp-content\/uploads\/2024\/09\/Niveau.png 1246w\" sizes=\"(max-width: 1024px) 100vw, 1024px\" \/><\/figure><div class=\"wp-block-media-text__content\">\n<p class=\"has-normal-font-size\">L\u2019avantage du tour du Mont Blanc c\u2019est que, m\u00eame s\u2019il est exigeant, il est modulable. Les plus sportifs peuvent r\u00e9aliser l&rsquo;int\u00e9gralit\u00e9 en 7 \u00e0 10 jours, tandis que d&rsquo;autres pr\u00e9f\u00e9reront des journ\u00e9es de repos ou des \u00e9tapes plus courtes avec des temps de marche r\u00e9duit. Si tu es d\u00e9butant, tu as la possibilit\u00e9 le tour avec un guide. La pr\u00e9sence de t\u00e9l\u00e9ph\u00e9rique offre un coup de pouce pour les d\u00e9butants, tandis que les randonneurs plus exp\u00e9riment\u00e9s peuvent relever le d\u00e9fi de l\u2019itin\u00e9raire en autonomie compl\u00e8te. Que tu sois novice ou expert, le tour du Mont Blanc est un d\u00e9fi physique qui peut s&rsquo;adapter \u00e0 chacun.<\/p>\n<\/div><\/div>\n\n\n\n<h2 class=\"has-gold-color has-text-color\"><strong>Les \u00e9tapes du tour du Mont Blanc : Un parcours entre trois pays<\/strong><\/h2>\n\n\n\n<p class=\"has-normal-font-size\">L&rsquo;itin\u00e9raire classique du tour du Mont Blanc peut \u00eatre parcouru en 7-10 jours de marche, mais tu peux l&rsquo;adapter \u00e0 ton rythme et \u00e0 tes envies. Voici les \u00e9tapes cl\u00e9s, mais tu peux \u00e9videmment choisir le sens et l\u2019endroit o\u00f9 tu veux commencer ce tour, cet itin\u00e9raire n\u2019est pas le seul.<\/p>\n\n\n\n<div class=\"wp-block-media-text is-stacked-on-mobile has-normal-font-size\" style=\"grid-template-columns:37% auto\"><figure class=\"wp-block-media-text__media\"><img decoding=\"async\" loading=\"lazy\" width=\"565\" height=\"541\" src=\"https:\/\/www.explora-project.com\/blog\/wp-content\/uploads\/2024\/09\/Carte-Mt-Blanc-1.png\" alt=\"\" class=\"wp-image-4782 size-full\" srcset=\"https:\/\/www.explora-project.com\/blog\/wp-content\/uploads\/2024\/09\/Carte-Mt-Blanc-1.png 565w, https:\/\/www.explora-project.com\/blog\/wp-content\/uploads\/2024\/09\/Carte-Mt-Blanc-1-300x287.png 300w\" sizes=\"(max-width: 565px) 100vw, 565px\" \/><\/figure><div class=\"wp-block-media-text__content\">\n<p class=\"has-normal-font-size\">Ici, on te propose comme d\u00e9part Les Houches, dans la vall\u00e9e de Chamonix. La premi\u00e8re mont\u00e9e m\u00e8ne au Col de Voza (1 653 m). Le premier d&rsquo;une longue s\u00e9rie. Tu traverseras Bionnassay et les Contamines-Montjoie, avant de redescendre vers Les Chapieux. Le Col de la Seigne (2 516 m) marquera ton entr\u00e9e en Italie, offrant des panoramas sur le Val Veny. Le Grand Col Ferret (2 537 m) quant \u00e0 lui, fait la fronti\u00e8re avec la Suisse et offre une vue magnifique sur le Mont Dolent. La descente m\u00e8ne \u00e0 La Fouly, puis \u00e0 Champex. Le sentier continue vers Trient et Vallorcine. Pour finir, le Col des Montets ouvre la vue sur Chamonix et ses glaciers, marquant la fin de ce Tour du Mont Blanc.<\/p>\n<\/div><\/div>\n\n\n\n<h4><strong>\ud83c\uddeb\ud83c\uddf7<\/strong> les Houches \u2192 Les Contamines-Montjoie<\/h4>\n\n\n\n<div class=\"wp-block-media-text is-stacked-on-mobile\" style=\"grid-template-columns:27% auto\"><figure class=\"wp-block-media-text__media\"><img decoding=\"async\" loading=\"lazy\" width=\"595\" height=\"554\" src=\"https:\/\/www.explora-project.com\/blog\/wp-content\/uploads\/2024\/09\/les-Houches-\u2192-Les-Contamines-Montjoie.png\" alt=\"\" class=\"wp-image-4879 size-full\" srcset=\"https:\/\/www.explora-project.com\/blog\/wp-content\/uploads\/2024\/09\/les-Houches-\u2192-Les-Contamines-Montjoie.png 595w, https:\/\/www.explora-project.com\/blog\/wp-content\/uploads\/2024\/09\/les-Houches-\u2192-Les-Contamines-Montjoie-300x279.png 300w\" sizes=\"(max-width: 595px) 100vw, 595px\" \/><\/figure><div class=\"wp-block-media-text__content\">\n<ul>\n<li><strong>Distance<\/strong> : 17,4 km<\/li>\n\n\n\n<li><strong>Dur\u00e9e<\/strong> : 6 h 40<\/li>\n\n\n\n<li><strong>D\u00e9nivel\u00e9 positif :<\/strong> + 1 055 m<\/li>\n<\/ul>\n<\/div><\/div>\n\n\n\n<h4><strong>\ud83c\uddeb\ud83c\uddf7<\/strong> Les Contamines \u2192 Col du Bonhomme<\/h4>\n\n\n\n<div class=\"wp-block-media-text is-stacked-on-mobile\" style=\"grid-template-columns:27% auto\"><figure class=\"wp-block-media-text__media\"><img decoding=\"async\" loading=\"lazy\" width=\"595\" height=\"554\" src=\"https:\/\/www.explora-project.com\/blog\/wp-content\/uploads\/2024\/09\/Les-Contamines-\u2192-Col-du-Bonhomme.png\" alt=\"\" class=\"wp-image-4878 size-full\" srcset=\"https:\/\/www.explora-project.com\/blog\/wp-content\/uploads\/2024\/09\/Les-Contamines-\u2192-Col-du-Bonhomme.png 595w, https:\/\/www.explora-project.com\/blog\/wp-content\/uploads\/2024\/09\/Les-Contamines-\u2192-Col-du-Bonhomme-300x279.png 300w\" sizes=\"(max-width: 595px) 100vw, 595px\" \/><\/figure><div class=\"wp-block-media-text__content\">\n<ul>\n<li><strong>Distance<\/strong> : 18 km<\/li>\n\n\n\n<li><strong>Dur\u00e9e<\/strong> : 7 h<\/li>\n\n\n\n<li><strong>D\u00e9nivel\u00e9 positif<\/strong> : + 1 300 m<\/li>\n<\/ul>\n<\/div><\/div>\n\n\n\n<h4><strong>\ud83c\uddeb\ud83c\uddf7 \ud83c\uddee\ud83c\uddf9 <\/strong>Col du Bonhomme \u2192 Courmayeur<\/h4>\n\n\n\n<div class=\"wp-block-media-text is-stacked-on-mobile\" style=\"grid-template-columns:27% auto\"><figure class=\"wp-block-media-text__media\"><img decoding=\"async\" loading=\"lazy\" width=\"913\" height=\"554\" src=\"https:\/\/www.explora-project.com\/blog\/wp-content\/uploads\/2024\/09\/Col-du-Bonhomme-\u2192-Courmayeur.png\" alt=\"\" class=\"wp-image-4875 size-full\" srcset=\"https:\/\/www.explora-project.com\/blog\/wp-content\/uploads\/2024\/09\/Col-du-Bonhomme-\u2192-Courmayeur.png 913w, https:\/\/www.explora-project.com\/blog\/wp-content\/uploads\/2024\/09\/Col-du-Bonhomme-\u2192-Courmayeur-300x182.png 300w, https:\/\/www.explora-project.com\/blog\/wp-content\/uploads\/2024\/09\/Col-du-Bonhomme-\u2192-Courmayeur-768x466.png 768w\" sizes=\"(max-width: 913px) 100vw, 913px\" \/><\/figure><div class=\"wp-block-media-text__content\">\n<ul>\n<li><strong>Distance<\/strong> : 20 km<\/li>\n\n\n\n<li><strong>Dur\u00e9e<\/strong> : 6 h 30 <\/li>\n\n\n\n<li><strong>D\u00e9nivel\u00e9 positif<\/strong> : + 900 m<\/li>\n<\/ul>\n<\/div><\/div>\n\n\n\n<h4>&nbsp;\ud83c\uddee\ud83c\uddf9 \ud83c\udde8\ud83c\uddedCourmayeur \u2192 La Fouly<\/h4>\n\n\n\n<div class=\"wp-block-media-text is-stacked-on-mobile\" style=\"grid-template-columns:27% auto\"><figure class=\"wp-block-media-text__media\"><img decoding=\"async\" loading=\"lazy\" width=\"594\" height=\"554\" src=\"https:\/\/www.explora-project.com\/blog\/wp-content\/uploads\/2024\/09\/Courmayeur-\u2192-La-Fouly.png\" alt=\"\" class=\"wp-image-4876 size-full\" srcset=\"https:\/\/www.explora-project.com\/blog\/wp-content\/uploads\/2024\/09\/Courmayeur-\u2192-La-Fouly.png 594w, https:\/\/www.explora-project.com\/blog\/wp-content\/uploads\/2024\/09\/Courmayeur-\u2192-La-Fouly-300x280.png 300w\" sizes=\"(max-width: 594px) 100vw, 594px\" \/><\/figure><div class=\"wp-block-media-text__content\">\n<ul>\n<li><strong>Distance<\/strong> :32 km<\/li>\n\n\n\n<li><strong>Dur\u00e9e<\/strong> : 9 h<\/li>\n\n\n\n<li><strong>D\u00e9nivel\u00e9 positif<\/strong> : +1 600 m<\/li>\n<\/ul>\n<\/div><\/div>\n\n\n\n<h4>\ud83c\udde8\ud83c\uddedLa Fouly \u2192 Champex<\/h4>\n\n\n\n<div class=\"wp-block-media-text is-stacked-on-mobile has-normal-font-size\" style=\"grid-template-columns:27% auto\"><figure class=\"wp-block-media-text__media\"><img decoding=\"async\" loading=\"lazy\" width=\"594\" height=\"554\" src=\"https:\/\/www.explora-project.com\/blog\/wp-content\/uploads\/2024\/09\/La-Fouly\u2192-Champex-Lac.png\" alt=\"\" class=\"wp-image-4877 size-full\" srcset=\"https:\/\/www.explora-project.com\/blog\/wp-content\/uploads\/2024\/09\/La-Fouly\u2192-Champex-Lac.png 594w, https:\/\/www.explora-project.com\/blog\/wp-content\/uploads\/2024\/09\/La-Fouly\u2192-Champex-Lac-300x280.png 300w\" sizes=\"(max-width: 594px) 100vw, 594px\" \/><\/figure><div class=\"wp-block-media-text__content\">\n<ul>\n<li><strong>Distance<\/strong> : 16 km<\/li>\n\n\n\n<li><strong>Dur\u00e9e<\/strong> : 5 h<\/li>\n\n\n\n<li><strong>D\u00e9nivel\u00e9 positif<\/strong> : + 500 m<\/li>\n<\/ul>\n<\/div><\/div>\n\n\n\n<h4>\ud83c\udde8\ud83c\udded Champex \u2192 Trient<\/h4>\n\n\n\n<div class=\"wp-block-media-text is-stacked-on-mobile\" style=\"grid-template-columns:27% auto\"><figure class=\"wp-block-media-text__media\"><img decoding=\"async\" loading=\"lazy\" width=\"595\" height=\"554\" src=\"https:\/\/www.explora-project.com\/blog\/wp-content\/uploads\/2024\/09\/Champex-Lac\u2192-Trient.png\" alt=\"\" class=\"wp-image-4874 size-full\" srcset=\"https:\/\/www.explora-project.com\/blog\/wp-content\/uploads\/2024\/09\/Champex-Lac\u2192-Trient.png 595w, https:\/\/www.explora-project.com\/blog\/wp-content\/uploads\/2024\/09\/Champex-Lac\u2192-Trient-300x279.png 300w\" sizes=\"(max-width: 595px) 100vw, 595px\" \/><\/figure><div class=\"wp-block-media-text__content\">\n<ul>\n<li><strong>Distance<\/strong> : 18 km<\/li>\n\n\n\n<li><strong>Dur\u00e9e<\/strong> :  6h30<\/li>\n\n\n\n<li><strong>D\u00e9nivel\u00e9 positif<\/strong> : + 750 m<\/li>\n<\/ul>\n<\/div><\/div>\n\n\n\n<h4>\ud83c\udde8\ud83c\udded\ud83c\uddeb\ud83c\uddf7 Trient \u2192 Vallorcine<\/h4>\n\n\n\n<div class=\"wp-block-media-text is-stacked-on-mobile\" style=\"grid-template-columns:27% auto\"><figure class=\"wp-block-media-text__media\"><img decoding=\"async\" loading=\"lazy\" width=\"595\" height=\"554\" src=\"https:\/\/www.explora-project.com\/blog\/wp-content\/uploads\/2024\/09\/Trient-\u2192-Vallorcine.png\" alt=\"\" class=\"wp-image-4880 size-full\" srcset=\"https:\/\/www.explora-project.com\/blog\/wp-content\/uploads\/2024\/09\/Trient-\u2192-Vallorcine.png 595w, https:\/\/www.explora-project.com\/blog\/wp-content\/uploads\/2024\/09\/Trient-\u2192-Vallorcine-300x279.png 300w\" sizes=\"(max-width: 595px) 100vw, 595px\" \/><\/figure><div class=\"wp-block-media-text__content\">\n<ul>\n<li><strong>Distance :<\/strong> 10 km<\/li>\n\n\n\n<li><strong>Dur\u00e9e :<\/strong> 4 h<\/li>\n\n\n\n<li><strong>D\u00e9nivel\u00e9 positif :<\/strong> + 570 m<\/li>\n<\/ul>\n<\/div><\/div>\n\n\n\n<h4>\ud83c\uddeb\ud83c\uddf7 Vallorcine \u2192 Chamonix<\/h4>\n\n\n\n<div class=\"wp-block-media-text is-stacked-on-mobile\" style=\"grid-template-columns:27% auto\"><figure class=\"wp-block-media-text__media\"><img decoding=\"async\" loading=\"lazy\" width=\"594\" height=\"554\" src=\"https:\/\/www.explora-project.com\/blog\/wp-content\/uploads\/2024\/09\/Vallorcine-\u2192-Chamonix.png\" alt=\"\" class=\"wp-image-4881 size-full\" srcset=\"https:\/\/www.explora-project.com\/blog\/wp-content\/uploads\/2024\/09\/Vallorcine-\u2192-Chamonix.png 594w, https:\/\/www.explora-project.com\/blog\/wp-content\/uploads\/2024\/09\/Vallorcine-\u2192-Chamonix-300x280.png 300w\" sizes=\"(max-width: 594px) 100vw, 594px\" \/><\/figure><div class=\"wp-block-media-text__content\">\n<ul class=\"has-normal-font-size\">\n<li><strong>Distance :<\/strong> 16 km<\/li>\n\n\n\n<li><strong>Dur\u00e9e :<\/strong> 5 h<\/li>\n\n\n\n<li><strong>D\u00e9nivel\u00e9 positif :<\/strong> + 600 m<\/li>\n<\/ul>\n<\/div><\/div>\n\n\n\n<h2 class=\"has-gold-color has-text-color\"><strong>H\u00e9bergement : O\u00f9 passer la nuit pendant le tour du Mont Blanc ?<\/strong><\/h2>\n\n\n\n<p class=\"has-normal-font-size\">Le TMB est bien \u00e9quip\u00e9 en termes d&rsquo;infrastructures. Tu trouveras de nombreux endroits o\u00f9 dormir le long du parcours. Voici quelques options populaires :<\/p>\n\n\n\n<h3>Les refuges autour du Mont Blanc<\/h3>\n\n\n\n<div class=\"wp-block-media-text is-stacked-on-mobile\" style=\"grid-template-columns:40% auto\"><figure class=\"wp-block-media-text__media\"><img decoding=\"async\" loading=\"lazy\" width=\"1024\" height=\"980\" src=\"https:\/\/www.explora-project.com\/blog\/wp-content\/uploads\/2024\/09\/Refuge-1024x980.png\" alt=\"Refuge Bonatti \" class=\"wp-image-4891 size-full\" srcset=\"https:\/\/www.explora-project.com\/blog\/wp-content\/uploads\/2024\/09\/Refuge-1024x980.png 1024w, https:\/\/www.explora-project.com\/blog\/wp-content\/uploads\/2024\/09\/Refuge-300x287.png 300w, https:\/\/www.explora-project.com\/blog\/wp-content\/uploads\/2024\/09\/Refuge-768x735.png 768w, https:\/\/www.explora-project.com\/blog\/wp-content\/uploads\/2024\/09\/Refuge.png 1246w\" sizes=\"(max-width: 1024px) 100vw, 1024px\" \/><\/figure><div class=\"wp-block-media-text__content\">\n<p class=\"has-normal-font-size\">C&rsquo;est une option incontournable pour les trekkeurs du tour du Mont Blanc. Parmi les plus embl\u00e9matiques, on trouve le refuge du Bonhomme, perch\u00e9 \u00e0 2 443 m d&rsquo;altitude, offrant une vue panoramique sur les sommets environnants, et le refuge Elisabetta, qui est l&rsquo;un des plus photographi\u00e9s, avec le glacier de la L\u00e9e Blanche en toile de fond.<\/p>\n\n\n\n<p class=\"has-normal-font-size\">Ils permettent de vivre une v\u00e9ritable exp\u00e9rience dans les hauteurs, dans une ambiance conviviale. En haute saison (juin \u00e0 septembre), les prix varient entre 45 \u20ac et 70 \u20ac par nuit en demi-pension. Il est recommand\u00e9 de r\u00e9server plusieurs mois \u00e0 l&rsquo;avance, notamment pour les p\u00e9riodes de juillet et ao\u00fbt, qui sont tr\u00e8s pris\u00e9es.<\/p>\n<\/div><\/div>\n\n\n\n<h3>Les h\u00f4tels sur le tour du Mont Blanc<\/h3>\n\n\n\n<div class=\"wp-block-media-text is-stacked-on-mobile\" style=\"grid-template-columns:40% auto\"><figure class=\"wp-block-media-text__media\"><img decoding=\"async\" loading=\"lazy\" width=\"1024\" height=\"980\" src=\"https:\/\/www.explora-project.com\/blog\/wp-content\/uploads\/2024\/09\/Hotel-1024x980.png\" alt=\"\" class=\"wp-image-4894 size-full\" srcset=\"https:\/\/www.explora-project.com\/blog\/wp-content\/uploads\/2024\/09\/Hotel-1024x980.png 1024w, https:\/\/www.explora-project.com\/blog\/wp-content\/uploads\/2024\/09\/Hotel-300x287.png 300w, https:\/\/www.explora-project.com\/blog\/wp-content\/uploads\/2024\/09\/Hotel-768x735.png 768w, https:\/\/www.explora-project.com\/blog\/wp-content\/uploads\/2024\/09\/Hotel.png 1246w\" sizes=\"(max-width: 1024px) 100vw, 1024px\" \/><\/figure><div class=\"wp-block-media-text__content\">\n<p class=\"has-normal-font-size\">Si tu pr\u00e9f\u00e8res plus de confort, les h\u00f4tels sont disponibles dans les principales \u00e9tapes du <strong>tour du Mont Blanc<\/strong>. Ils permettent d\u2019avoir des chambres priv\u00e9es, des services comme le transport des bagages, et parfois m\u00eame des spas pour se d\u00e9tendre. Les prix sont g\u00e9n\u00e9ralement autour de 80 \u20ac la nuit, pouvant aller jusqu\u2019\u00e0 200 \u20ac pour les \u00e9tablissements haut de gamme. Il est conseill\u00e9 de r\u00e9server au moins 2 \u00e0 3 mois \u00e0 l\u2019avance.<\/p>\n<\/div><\/div>\n\n\n\n<h3>Les g\u00eetes sur le tour du Mont Blanc<\/h3>\n\n\n\n<div class=\"wp-block-media-text is-stacked-on-mobile\" style=\"grid-template-columns:40% auto\"><figure class=\"wp-block-media-text__media\"><img decoding=\"async\" loading=\"lazy\" width=\"1024\" height=\"980\" src=\"https:\/\/www.explora-project.com\/blog\/wp-content\/uploads\/2024\/09\/Gite-1024x980.png\" alt=\"\" class=\"wp-image-4896 size-full\" srcset=\"https:\/\/www.explora-project.com\/blog\/wp-content\/uploads\/2024\/09\/Gite-1024x980.png 1024w, https:\/\/www.explora-project.com\/blog\/wp-content\/uploads\/2024\/09\/Gite-300x287.png 300w, https:\/\/www.explora-project.com\/blog\/wp-content\/uploads\/2024\/09\/Gite-768x735.png 768w, https:\/\/www.explora-project.com\/blog\/wp-content\/uploads\/2024\/09\/Gite.png 1246w\" sizes=\"(max-width: 1024px) 100vw, 1024px\" \/><\/figure><div class=\"wp-block-media-text__content\">\n<p class=\"has-normal-font-size\">C&rsquo;est un excellent compromis entre le refuge et l&rsquo;h\u00f4tel, offrant plus d&rsquo;intimit\u00e9 que les dortoirs. Ils sont particuli\u00e8rement populaires pour leur accueil chaleureux et leur cadre authentique et familial. Les prix varient entre 40 \u20ac et 60 \u20ac par nuit, selon l&#8217;emplacement et les services inclus.<\/p>\n<\/div><\/div>\n\n\n\n<h3>Est-il n\u00e9cessaire de r\u00e9server \u00e0 l&rsquo;avance ?<\/h3>\n\n\n\n<p class=\"has-normal-font-size\">Il est n\u00e9cessaire de r\u00e9server \u00e0 l\u2019avance, surtout pendant la haute saison (juillet et ao\u00fbt). Les logements sont souvent complets durant cette p\u00e9riode. Si tu pr\u00e9vois de partir en hors-saison, comme en juin ou septembre, il est tout de m\u00eame conseill\u00e9 de v\u00e9rifier l&rsquo;ouverture des refuges et de r\u00e9server pour \u00e9viter les mauvaises surprises.<\/p>\n\n\n\n<p class=\"has-normal-font-size\">Si tu veux jeter un \u0153il aux diff\u00e9rentes options de logement sur le parcours : :<a href=\"https:\/\/www.autourdumontblanc.com\/hebergements\/liste-des-hebergements\">https:\/\/www.autourdumontblanc.com\/hebergements\/liste-des-hebergements<\/a><\/p>\n\n\n\n<h3>Options de bivouac<\/h3>\n\n\n\n<p class=\"has-normal-font-size\">Le bivouac est autoris\u00e9 dans certaines parties du trek, mais c\u2019est strictement r\u00e9glement\u00e9. Il faut s\u2019assurer d\u2019avoir le bon mat\u00e9riel et penser au fait que le sac sera plus lourd. Il y a aussi des bonnes pratiques \u00e0 respecter :<\/p>\n\n\n\n<div class=\"wp-block-media-text is-stacked-on-mobile\" style=\"grid-template-columns:40% auto\"><figure class=\"wp-block-media-text__media\"><img decoding=\"async\" loading=\"lazy\" width=\"1024\" height=\"980\" src=\"https:\/\/www.explora-project.com\/blog\/wp-content\/uploads\/2024\/10\/Bivouac-1024x980.png\" alt=\"\" class=\"wp-image-4998 size-full\" srcset=\"https:\/\/www.explora-project.com\/blog\/wp-content\/uploads\/2024\/10\/Bivouac-1024x980.png 1024w, https:\/\/www.explora-project.com\/blog\/wp-content\/uploads\/2024\/10\/Bivouac-300x287.png 300w, https:\/\/www.explora-project.com\/blog\/wp-content\/uploads\/2024\/10\/Bivouac-768x735.png 768w, https:\/\/www.explora-project.com\/blog\/wp-content\/uploads\/2024\/10\/Bivouac.png 1246w\" sizes=\"(max-width: 1024px) 100vw, 1024px\" \/><\/figure><div class=\"wp-block-media-text__content\">\n<ul>\n<li><strong>Respecter les horaires<\/strong> (de 19H \u00e0 9H).<\/li>\n\n\n\n<li><strong>Se renseigner<\/strong> sur les zones autoris\u00e9es et interdites.<\/li>\n\n\n\n<li><strong>Emporter ses d\u00e9chets.<\/strong><\/li>\n\n\n\n<li><strong>\u00c9viter les feux<\/strong> <strong>de camp<\/strong>, qui sont souvent interdits.<\/li>\n\n\n\n<li><strong>Respecter la faune et la flore<\/strong> en restant discret pour minimiser l&rsquo;impact sur les animaux sauvages et \u00e9viter de pi\u00e9tiner les zones fragiles.<\/li>\n<\/ul>\n<\/div><\/div>\n\n\n\n<h2 class=\"has-gold-color has-text-color\"><strong>Organisation et logistique du TMB<\/strong><\/h2>\n\n\n\n<h3>Quel \u00e9quipement emporter pour le tour du Mont Blanc ?<\/h3>\n\n\n\n<p class=\"has-normal-font-size\">Un bon \u00e9quipement avec le bon mat\u00e9riel de randonn\u00e9e est crucial pour r\u00e9ussir le TMB. Voici une liste des \u00e9quipements indispensables :<\/p>\n\n\n\n<div class=\"wp-block-media-text is-stacked-on-mobile has-normal-font-size\" style=\"grid-template-columns:30% auto\"><figure class=\"wp-block-media-text__media\"><img decoding=\"async\" loading=\"lazy\" width=\"345\" height=\"480\" src=\"https:\/\/www.explora-project.com\/blog\/wp-content\/uploads\/2024\/10\/Illu-TMB-1.png\" alt=\"\" class=\"wp-image-5019 size-full\" srcset=\"https:\/\/www.explora-project.com\/blog\/wp-content\/uploads\/2024\/10\/Illu-TMB-1.png 345w, https:\/\/www.explora-project.com\/blog\/wp-content\/uploads\/2024\/10\/Illu-TMB-1-216x300.png 216w\" sizes=\"(max-width: 345px) 100vw, 345px\" \/><\/figure><div class=\"wp-block-media-text__content\">\n<ul class=\"has-normal-font-size\">\n<li><strong>Sac \u00e0 dos (30L &#8211; 50L)<\/strong> : suffisamment grand pour contenir tout le mat\u00e9riel et le plus l\u00e9ger possible.<\/li>\n\n\n\n<li><strong>Gourde (1L),<\/strong> il est conseill\u00e9 d&rsquo;avoir au moins 1,5L \u00e0 2L d&rsquo;eau par jour. Tu peux \u00e9galement remplir ta gourde dans les refuges ou aux points d&rsquo;eau indiqu\u00e9s sur le sentier. En cas de doute sur la qualit\u00e9 de l&rsquo;eau, pr\u00e9vois des pastilles purifiantes ou un filtre \u00e0 eau portable.<\/li>\n\n\n\n<li><strong>Chaussures de randonn\u00e9e imperm\u00e9ables<\/strong> <strong>et robustes<\/strong> : priorit\u00e9 au confort et au maintien de la cheville.<\/li>\n\n\n\n<li><strong>V\u00eatements techniques<\/strong> : pour g\u00e9rer les variations de temp\u00e9rature (couches thermiques, veste coupe-vent et imperm\u00e9able).<\/li>\n\n\n\n<li><strong>B\u00e2tons de marche<\/strong> : pour soulager les genoux, repartir l\u2019effort physique, faciliter les mont\u00e9s et les descentes.<\/li>\n\n\n\n<li><strong>Carte IGN ou GPS<\/strong>, m\u00eame si le sentier est bien balis\u00e9.<\/li>\n\n\n\n<li><strong>Cr\u00e8me solaire,<\/strong> lunettes de soleil et chapeau.<\/li>\n\n\n\n<li><strong>Trousse de premiers soins<\/strong> comprenant des pansements, des bandages et des m\u00e9dicaments contre les douleurs musculaires.<\/li>\n<\/ul>\n<\/div><\/div>\n\n\n\n<ul class=\"has-normal-font-size\">\n<li><strong>Pi\u00e8ce d&rsquo;identit\u00e9,<\/strong> carte d&rsquo;identit\u00e9 ou passeport (v\u00e9rifies leur validit\u00e9).<\/li>\n\n\n\n<li><strong>Assurances,<\/strong> assurances de voyage, une preuve d&rsquo;assurance couvrant les activit\u00e9s en montagne et le rapatriement. Assurance annulation ou interruption de voyage si tu as souscrit une.<\/li>\n\n\n\n<li><strong>Carte de la s\u00e9curit\u00e9 sociale europ\u00e9enne (CEAM),<\/strong> si tu es ressortissant europ\u00e9en, cette carte permet d&rsquo;acc\u00e9der aux soins m\u00e9dicaux dans les pays de l&rsquo;UE.<\/li>\n\n\n\n<li><strong>Permis de s\u00e9jour ou visa (si applicable),<\/strong> pour les voyageurs venant de pays hors de l&rsquo;espace Schengen, un visa pourrait \u00eatre n\u00e9cessaire pour la Suisse et\/ou la France.<\/li>\n\n\n\n<li><strong>Billets de transport et confirmations de r\u00e9servation,<\/strong> avoir les preuves de r\u00e9servation des h\u00e9bergements.<\/li>\n\n\n\n<li><strong>Num\u00e9ros d&rsquo;urgence,<\/strong> pour chaque pays travers\u00e9 (France, Suisse, Italie). Et les coordonn\u00e9es de votre assurance et contacts en cas d\u2019urgence.<\/li>\n\n\n\n<li><strong>Carte bancaire et argent liquide,<\/strong> certains refuges ne prennent pas la carte bancaire !<\/li>\n\n\n\n<li><strong>Certificat m\u00e9dical,<\/strong> si tu as des conditions m\u00e9dicales sp\u00e9cifiques.<\/li>\n\n\n\n<li><strong>De quoi se prot\u00e9ger du froid<\/strong> : gants, bonnet, tour du cou,<\/li>\n\n\n\n<li><strong>Frontale,<\/strong> <\/li>\n\n\n\n<li><strong>Couteau,<\/strong><\/li>\n\n\n\n<li><strong>Couverture de survie,<\/strong><\/li>\n\n\n\n<li><strong>Mouchoirs,<\/strong><\/li>\n\n\n\n<li><strong>Sac poubelle,<\/strong><\/li>\n\n\n\n<li><strong>Boules Quies,<\/strong> pratique pour mieux dormir dans les dortoirs.<\/li>\n\n\n\n<li><strong>Un drap sac,<\/strong> obligatoire dans tous les refuges. Pour le reste, tu trouveras des couvertures \/ couettes et oreillers sur place.<\/li>\n<\/ul>\n\n\n\n<p class=\"has-normal-font-size\">Pour aller plus loin, tu peux <a href=\"https:\/\/www.explora-project.com\/blog\/articles\/sac-a-dos-de-rando-10-equipements-indispensables\">lire notre article<\/a> d\u00e9di\u00e9 \u00e0 l&rsquo;\u00e9quipement de sac de randonn\u00e9e.<\/p>\n\n\n\n<h3>Guide ou trek en libert\u00e9 :<\/h3>\n\n\n\n<p class=\"has-normal-font-size\">Opter pour un accompagnateur lors du tour du Mont Blanc pr\u00e9sente plusieurs avantages. Un professionnel conna\u00eet parfaitement les sentiers, l&rsquo;altitude et les conditions climatiques, ce qui garantit une certaine s\u00e9curit\u00e9. De plus, tu peux b\u00e9n\u00e9ficier de son exp\u00e9rience pour d\u00e9couvrir des lieux cach\u00e9s, des histoires locales et des conseils personnalis\u00e9s. Cependant, cette option est souvent plus co\u00fbteuse et moins flexible en termes de rythme ou d&rsquo;itin\u00e9raire.<\/p>\n\n\n\n<p class=\"has-normal-font-size\">En revanche, choisir un <strong>trek en libert\u00e9<\/strong> offre l\u2019avantage d\u2019adapter les \u00e9tapes selon ton niveau et choisir o\u00f9 tu veux dormir. Cette option est \u00e9galement plus \u00e9conomique, mais n\u00e9cessite une bonne pr\u00e9paration logistique, une ma\u00eetrise de la lecture des cartes et une autonomie face aux impr\u00e9vus comme les changements m\u00e9t\u00e9o.<\/p>\n\n\n\n<p class=\"has-normal-font-size\">Le choix d\u00e9pend du budget, du niveau d&rsquo;exp\u00e9rience et de l\u2019envie d&rsquo;aventure.<\/p>\n\n\n\n<h3>Formalit\u00e9s et permis<\/h3>\n\n\n\n<p class=\"has-normal-font-size\">Bien que tu traverses trois pays, il n&rsquo;est pas n\u00e9cessaire de demander un visa pour les citoyens europ\u00e9ens. Toutefois, il est recommand\u00e9 de souscrire \u00e0 une assurance couvrant les accidents en montagne et d\u2019emporter ta carte d\u2019identit\u00e9\/passeport.<\/p>\n\n\n\n<h3>Le Tour du Mont Blanc : Combien \u00e7a co\u00fbte ?<\/h3>\n\n\n\n<p class=\"has-normal-font-size\">En termes de co\u00fbt, cela va d\u00e9pendre des choix d&rsquo;h\u00e9bergement et de restauration. Pour un budget raisonnable, comptes environ 50 \u00e0 100 \u20ac par jour, incluant les nuits, les repas et les petits extras. Voici une estimation moyenne pour une dizaine de jours, sans guide :<\/p>\n\n\n\n<ul>\n<li><strong>Prix d\u2019h\u00e9bergement<\/strong> : entre 40 et 80 \u20ac.<\/li>\n\n\n\n<li><strong>Prix des repas<\/strong> : entre 10 et 20 \u20ac par repas.<\/li>\n\n\n\n<li><strong>Prix des transport<\/strong>s : certains segments du tour peuvent n\u00e9cessiter des transferts (bus\/t\u00e9l\u00e9ph\u00e9riques).<\/li>\n\n\n\n<li><strong>Prix de l\u2019\u00e9quipement<\/strong> : pr\u00e9voir un budget pour acheter ou renouveler du mat\u00e9riel si n\u00e9cessaire.<\/li>\n<\/ul>\n\n\n\n<h2 class=\"has-gold-color has-text-color\"><strong>Pr\u00e9paration physique et niveau requis pour le TMB<\/strong><\/h2>\n\n\n\n<p class=\"has-normal-font-size\">Le tour du Mont Blanc est exigeant et n\u00e9cessite une bonne condition physique. Il est essentiel de bien se pr\u00e9parer en augmentant progressivement son endurance, notamment en pratiquant du sport d&rsquo;endurance chaque semaine. D\u00e9j\u00e0 pratiquer de la randonn\u00e9e permet d\u2019\u00eatre familier avec les terrains accident\u00e9s et avoir fait un trek de plusieurs jours auparavant est un plus.<\/p>\n\n\n\n<p class=\"has-normal-font-size\">La pr\u00e9paration mentale est \u00e9galement importante. Certains passages peuvent \u00eatre techniques ou \u00e9puisants, surtout en fin de journ\u00e9e. Assure-toi d\u2019\u00eatre pr\u00eat de prendre le d\u00e9part.<\/p>\n\n\n\n<h2 class=\"has-gold-color has-text-color\"><strong>Conseils pratiques pour un TMB r\u00e9ussi<\/strong><\/h2>\n\n\n\n<h3>Quelle est la meilleure p\u00e9riode pour faire le tour du Mont Blanc ?<\/h3>\n\n\n\n<p class=\"has-normal-font-size\">La saison id\u00e9ale&nbsp;s&rsquo;\u00e9tend de <strong>juin \u00e0 septembre,<\/strong> les sentiers sont g\u00e9n\u00e9ralement d\u00e9gag\u00e9s de neige. Le choix du mois pour le s\u00e9jour va d\u00e9pendre de la m\u00e9t\u00e9o et de tes pr\u00e9f\u00e9rences en termes de climats et de fr\u00e9quentation.<\/p>\n\n\n\n<ul>\n<li><strong>Mai &#8211; Juin :<\/strong> Le climat est doux, c\u2019est moins fr\u00e9quent\u00e9 et la floraison alpine est \u00e0 son apog\u00e9e. Toutefois, attention aux n\u00e9v\u00e9s persistants qui peuvent rendre le trek dangereux. De plus, les refuges ne seront peut-\u00eatre pas encore ouverts.<\/li>\n\n\n\n<li><strong>Juillet &#8211; Ao\u00fbt :<\/strong> P\u00e9riode id\u00e9ale pour la m\u00e9t\u00e9o, car elle est plus stable et les journ\u00e9es sont longues. Avec l\u2019affluence touristique, c\u2019est la p\u00e9riode la plus fr\u00e9quent\u00e9e. R\u00e9servation en avance fortement recommand\u00e9e.<\/li>\n\n\n\n<li><strong>Septembre :<\/strong> Moins de monde, temp\u00e9ratures plus fra\u00eeches et paysages sublim\u00e9s par les couleurs automnales.<\/li>\n\n\n\n<li><strong>Octobre \u00e0 avril<\/strong> : Conditions tr\u00e8s difficiles en raison de la neige, du froid et des journ\u00e9es courtes. Recommand\u00e9 uniquement aux randonneurs exp\u00e9riment\u00e9s, accompagn\u00e9s d&rsquo;un professionnel et \u00e9quip\u00e9s avec du mat\u00e9riel adapt\u00e9.<\/li>\n<\/ul>\n\n\n\n<p class=\"has-normal-font-size\"><strong>Conseil pratique<\/strong> : surveilles r\u00e9guli\u00e8rement la m\u00e9t\u00e9o pour \u00e9viter les surprises et t&rsquo;assurer des conditions optimales. Tu peux consulter les pr\u00e9visions sur plusieurs sites.<\/p>\n\n\n\n<div class=\"is-vertical is-content-justification-center is-layout-flex wp-container-7 wp-block-group has-normal-font-size\">\n<div class=\"is-layout-flex wp-container-4 wp-block-columns has-normal-font-size\">\n<div class=\"is-layout-flow wp-block-column\">\n<ul>\n<li><strong>\ud83c\udf24\ufe0f&nbsp;<a href=\"https:\/\/chamonix-meteo.com\/\">M\u00e9t\u00e9o Chamonix<\/a><\/strong><\/li>\n\n\n\n<li><strong>\ud83c\udf24\ufe0f<\/strong>&nbsp;<a href=\"https:\/\/www.meteofrance.com\/\"><strong>M\u00e9t\u00e9o France<\/strong><\/a><\/li>\n\n\n\n<li><strong>\ud83c\udf24\ufe0f&nbsp;<a href=\"https:\/\/www.meteoblue.com\/fr\/meteo\/semaine\/blue_%C3%89tats-unis_5286039\">M\u00e9t\u00e9o Blue<\/a><\/strong><\/li>\n<\/ul>\n<\/div>\n\n\n\n<div class=\"is-layout-flow wp-block-column\">\n<ul>\n<li><strong>\ud83c\udf24\ufe0f&nbsp;<a href=\"https:\/\/www.meteo.it\/\">M\u00e9t\u00e9o Italie<\/a><\/strong><\/li>\n\n\n\n<li><strong>\ud83c\udf24\ufe0f&nbsp;<a href=\"https:\/\/search.ch\/meteo\/prognosis\/\">Swiss M\u00e9teo<\/a><\/strong><\/li>\n<\/ul>\n<\/div>\n\n\n\n<div class=\"is-layout-flow wp-block-column\">\n<ul>\n<li><strong>\ud83c\udf24\ufe0f&nbsp;<a href=\"https:\/\/www.yr.no\/\">YR.no<\/a> (M\u00e9t\u00e9o Norv\u00e9gienne)<\/strong><\/li>\n\n\n\n<li>\ud83c\udf24\ufe0f <a href=\"https:\/\/www.mountain-forecast.com\/\"><strong>Mountain Forecast<\/strong><\/a><\/li>\n<\/ul>\n<\/div>\n<\/div>\n\n\n\n<figure class=\"is-layout-flex wp-block-gallery-5 wp-block-gallery has-nested-images columns-default is-cropped\">\n<figure class=\"wp-block-image size-large\"><img decoding=\"async\" loading=\"lazy\" width=\"1024\" height=\"259\" src=\"https:\/\/www.explora-project.com\/blog\/wp-content\/uploads\/2024\/10\/HORRIZON2-1024x259.jpg\" alt=\"\" class=\"wp-image-5032\" srcset=\"https:\/\/www.explora-project.com\/blog\/wp-content\/uploads\/2024\/10\/HORRIZON2-1024x259.jpg 1024w, https:\/\/www.explora-project.com\/blog\/wp-content\/uploads\/2024\/10\/HORRIZON2-300x76.jpg 300w, https:\/\/www.explora-project.com\/blog\/wp-content\/uploads\/2024\/10\/HORRIZON2-768x194.jpg 768w, https:\/\/www.explora-project.com\/blog\/wp-content\/uploads\/2024\/10\/HORRIZON2-1536x388.jpg 1536w, https:\/\/www.explora-project.com\/blog\/wp-content\/uploads\/2024\/10\/HORRIZON2-2048x518.jpg 2048w\" sizes=\"(max-width: 1024px) 100vw, 1024px\" \/><\/figure>\n<\/figure>\n<\/div>\n\n\n\n<h3>S\u00e9curit\u00e9 en montagne<\/h3>\n\n\n\n<p class=\"has-normal-font-size\">La montagne peut \u00eatre impr\u00e9visible, c&rsquo;est important de toujours \u00eatre attentif aux signes qu\u2019elle peut envoyer. Il faut aussi \u00eatre pr\u00eat \u00e0 affronter des conditions m\u00e9t\u00e9orologiques variables, des pentes raides et d&rsquo;autres risques. Consulte r\u00e9guli\u00e8rement la m\u00e9t\u00e9o avant de partir mais aussi pendant. De plus, l\u2019altitude ajoute de l\u2019exigence, car elle peut causer des maux de t\u00eate ou de la fatigue. Enfin, certaines pr\u00e9cautions sont indispensable pour palier les risques d\u2019accident. Emporte une trousse de secours et souscris \u00e0 une assurance. Si tu n&rsquo;es pas \u00e0 l&rsquo;aise avec les risques, fais-toi accompagner d&rsquo;un professionnel.<\/p>\n\n\n\n<h3>10 conseils pour r\u00e9ussir votre s\u00e9jour autour du Mont Blanc<\/h3>\n\n\n\n<ol>\n<li><strong>Pr\u00e9pare-toi physiquement<\/strong> : Entra\u00eene-toi \u00e0 marcher plusieurs heures avec un sac \u00e0 dos pour t&rsquo;habituer \u00e0 l&rsquo;effort.<\/li>\n\n\n\n<li><strong>Planifie tes h\u00e9bergements \u00e0 l&rsquo;avance<\/strong>, surtout en haute saison.<\/li>\n\n\n\n<li><strong>Hydrate-toi r\u00e9guli\u00e8rement<\/strong> : \u00c0 haute altitude, la d\u00e9shydratation est plus rapide.<\/li>\n\n\n\n<li><strong>V\u00e9rifie la m\u00e9t\u00e9o tous les jours<\/strong> et sois flexible avec l\u2019itin\u00e9raire en cas de mauvais temps.<\/li>\n\n\n\n<li><strong>Emporte des en-cas \u00e9nerg\u00e9tiques<\/strong> : Tr\u00e8s utile pour maintenir ton niveau d&rsquo;\u00e9nergie tout au long de la journ\u00e9e et pour \u00e9viter de tomber en hypoglyc\u00e9mie par exemple.<\/li>\n\n\n\n<li><strong>Respecte ton rythme<\/strong> : Ne cherche pas \u00e0 aller trop vite, prends des pauses r\u00e9guli\u00e8res pour \u00e9viter l&rsquo;\u00e9puisement.<\/li>\n\n\n\n<li><strong>Utilise des b\u00e2tons de randonn\u00e9e<\/strong> pour soulager tes genoux.<\/li>\n\n\n\n<li><strong>Prot\u00e8ge-toi du soleil<\/strong> avec un chapeau, de la cr\u00e8me solaire et des lunettes de soleil.<\/li>\n\n\n\n<li><strong>Envisage de prendre un guide,<\/strong> avoir un accompagnateur est un plus si tu es d\u00e9butant.<\/li>\n\n\n\n<li><strong>Soigne tes pieds,<\/strong> choisis des chaussures adapt\u00e9es et d\u00e9j\u00e0 \u00ab\u00a0faites\u00a0\u00bb avant pour \u00e9viter les ampoules. Utilise des chaussettes techniques et pense \u00e0 prendre des pansements au cas o\u00f9.<\/li>\n<\/ol>\n\n\n\n<h3>4 erreurs \u00e0 \u00e9viter<\/h3>\n\n\n\n<ul>\n<li><strong>Ne pas bien se pr\u00e9parer physiquement<\/strong><\/li>\n\n\n\n<li><strong>Sous-estimer la m\u00e9t\u00e9o et sur-estimer ses capacit\u00e9s physiques<\/strong><\/li>\n\n\n\n<li><strong>Ne pas avoir le bon mat\u00e9riel<\/strong><\/li>\n\n\n\n<li><strong>Ne pas r\u00e9server \u00e0 l\u2019avance<\/strong><\/li>\n<\/ul>\n\n\n\n<h2 class=\"has-gold-color has-text-color\"><strong>Tour du Mont Blanc en famille ou en groupe : Est-ce faisable ?<\/strong><\/h2>\n\n\n\n<p class=\"has-normal-font-size\">Si tu souhaites partir avec tes amis ou ta famille, c\u2019est possible. Cependant, certaines \u00e9tapes sont particuli\u00e8rement difficiles et il est essentiel d&rsquo;adapter le s\u00e9jour pour chaque membre. Choisir des portions adapt\u00e9es, pr\u00e9voir des journ\u00e9es plus courtes, avec des pauses r\u00e9guli\u00e8res&#8230; Le recours aux t\u00e9l\u00e9ph\u00e9riques peut \u00eatre une bonne option pour les enfants. Choisir de passer des nuits dans un refuge ou un g\u00eete, qui offrent plus de confort. Attention \u00e0 bien r\u00e9server en avance.<\/p>\n\n\n\n<h2 class=\"has-gold-color has-text-color\"><strong>Conclusion : Pourquoi faire le tour du Mont Blanc ?<\/strong><\/h2>\n\n\n\n<p class=\"has-normal-font-size\">Le tour du Mont Blanc est bien plus qu&rsquo;une simple randonn\u00e9e : c&rsquo;est une v\u00e9ritable exp\u00e9rience qui offre un d\u00e9fi physique dans un cadre \u00e0 couper le souffle. Un vrai moyen de couper avec l\u2019effervescence du quotidien et de se d\u00e9passer. Et comme le v\u00e9ritable d\u00e9part c&rsquo;est la pr\u00e9paration, assure-toi d\u2018\u00eatre pr\u00eat avant te lancer pleinement dans cette aventure.<\/p>\n\n\n\n<p class=\"has-normal-font-size\">Si tu souhaites te lancer, on te propose de jeter un \u0153il \u00e0 notre exp\u00e9dition <a href=\"https:\/\/www.explora-project.com\/expeditions\/le-tour-du-mont-blanc-en-7-jours\">Le tour du Mont Blanc en 7 jour<\/a>s.<\/p>\n\n\n\n<div class=\"is-content-justification-center is-layout-flex wp-container-8 wp-block-buttons has-custom-font-size has-normal-font-size\">\n<div class=\"wp-block-button has-custom-font-size is-style-fill has-normal-font-size\"><a class=\"wp-block-button__link has-white-color has-gold-background-color has-text-color has-background wp-element-button\" style=\"border-radius:5px\">vOIR L&rsquo;EXP\u00c9DITION<\/a><\/div>\n<\/div>\n\n\n\n<p><\/p>\n\n\n\n<p class=\"has-normal-font-size\">Et pour aller plus loin, tu peux aller voir nos articles :<\/p>\n\n\n\n<div class=\"is-layout-flex wp-container-12 wp-block-columns\">\n<div class=\"is-layout-flow wp-block-column\">\n<figure class=\"wp-block-embed is-type-wp-embed is-provider-journal-d-039-explora-project wp-block-embed-journal-d-039-explora-project\"><div class=\"wp-block-embed__wrapper\">\n<blockquote class=\"wp-embedded-content\" data-secret=\"CIkv40VtJd\"><a href=\"https:\/\/www.explora-project.com\/blog\/articles\/utmb-au-coeur-de-lultra-trail-du-mont-blanc-et-de-ses-defis-legendaires\">UTMB : au c\u0153ur de l&rsquo;ultra trail du Mont-Blanc et de ses d\u00e9fis l\u00e9gendaires<\/a><\/blockquote><iframe class=\"wp-embedded-content\" sandbox=\"allow-scripts\" security=\"restricted\" style=\"position: absolute; clip: rect(1px, 1px, 1px, 1px);\" title=\"\u00ab\u00a0UTMB : au c\u0153ur de l&rsquo;ultra trail du Mont-Blanc et de ses d\u00e9fis l\u00e9gendaires\u00a0\u00bb &#8212; Journal d&#039;Explora Project\" src=\"https:\/\/www.explora-project.com\/blog\/articles\/utmb-au-coeur-de-lultra-trail-du-mont-blanc-et-de-ses-defis-legendaires\/embed#?secret=3wsqcvqyGZ#?secret=CIkv40VtJd\" data-secret=\"CIkv40VtJd\" width=\"600\" height=\"338\" frameborder=\"0\" marginwidth=\"0\" marginheight=\"0\" scrolling=\"no\"><\/iframe>\n<\/div><\/figure>\n<\/div>\n\n\n\n<div class=\"is-layout-flow wp-block-column\">\n<figure class=\"wp-block-embed is-type-wp-embed is-provider-journal-d-039-explora-project wp-block-embed-journal-d-039-explora-project\"><div class=\"wp-block-embed__wrapper\">\n<blockquote class=\"wp-embedded-content\" data-secret=\"dNsB5BokXB\"><a href=\"https:\/\/www.explora-project.com\/blog\/articles\/comment-choisir-ton-sac-a-dos-pour-un-trek\">Comment choisir ton sac \u00e0 dos pour un trek ?<\/a><\/blockquote><iframe class=\"wp-embedded-content\" sandbox=\"allow-scripts\" security=\"restricted\" style=\"position: absolute; clip: rect(1px, 1px, 1px, 1px);\" title=\"\u00ab\u00a0Comment choisir ton sac \u00e0 dos pour un trek ?\u00a0\u00bb &#8212; Journal d&#039;Explora Project\" src=\"https:\/\/www.explora-project.com\/blog\/articles\/comment-choisir-ton-sac-a-dos-pour-un-trek\/embed#?secret=A68M4GxiXv#?secret=dNsB5BokXB\" data-secret=\"dNsB5BokXB\" width=\"600\" height=\"338\" frameborder=\"0\" marginwidth=\"0\" marginheight=\"0\" scrolling=\"no\"><\/iframe>\n<\/div><\/figure>\n<\/div>\n\n\n\n<div class=\"is-layout-flow wp-block-column\">\n<figure class=\"wp-block-embed is-type-wp-embed is-provider-journal-d-039-explora-project wp-block-embed-journal-d-039-explora-project\"><div class=\"wp-block-embed__wrapper\">\n<blockquote class=\"wp-embedded-content\" data-secret=\"bbkKjhsgK0\"><a href=\"https:\/\/www.explora-project.com\/blog\/articles\/explorez-les-sommets-du-mont-blanc-deux-aventures-mythiques\">Explorez les sommets du Mont Blanc : deux aventures mythiques<\/a><\/blockquote><iframe class=\"wp-embedded-content\" sandbox=\"allow-scripts\" security=\"restricted\" style=\"position: absolute; clip: rect(1px, 1px, 1px, 1px);\" title=\"\u00ab\u00a0Explorez les sommets du Mont Blanc : deux aventures mythiques\u00a0\u00bb &#8212; Journal d&#039;Explora Project\" src=\"https:\/\/www.explora-project.com\/blog\/articles\/explorez-les-sommets-du-mont-blanc-deux-aventures-mythiques\/embed#?secret=ESiMvpFGrp#?secret=bbkKjhsgK0\" data-secret=\"bbkKjhsgK0\" width=\"600\" height=\"338\" frameborder=\"0\" marginwidth=\"0\" marginheight=\"0\" scrolling=\"no\"><\/iframe>\n<\/div><\/figure>\n<\/div>\n<\/div>\n\n\n\n<p class=\"has-normal-font-size\"><\/p>\n","protected":false},"excerpt":{"rendered":"<p>Le Tour du Mont Blanc (TMB) est l&rsquo;une des randonn\u00e9es les plus embl\u00e9matiques d&rsquo;Europe, reliant la France, l&rsquo;Italie et la Suisse. Ses 170 km attirent les passionn\u00e9s de randonn\u00e9e, qu\u2019ils<a href=\"https:\/\/www.explora-project.com\/blog\/articles\/tour-du-mont-blanc-guide-complet-du-trek-incontournable\" class=\"more-link\"><span class=\"readmore\">Continuer \u00e0 lire&#8230;<span class=\"screen-reader-text\">Tour du Mont Blanc : Guide complet du trek incontournable<\/span><\/span><\/a><\/p>\n","protected":false},"author":22,"featured_media":5047,"comment_status":"closed","ping_status":"closed","sticky":false,"template":"","format":"standard","meta":[],"categories":[4],"tags":[37,76,67,141,113,184,164,85],"yoast_head":"<!-- This site is optimized with the Yoast SEO plugin v19.10 - https:\/\/yoast.com\/wordpress\/plugins\/seo\/ -->\n<title>Tour du Mont Blanc : Guide complet du trek incontournable - Journal d&#039;Explora Project<\/title>\n<meta name=\"robots\" content=\"index, follow, max-snippet:-1, max-image-preview:large, max-video-preview:-1\" \/>\n<link rel=\"canonical\" href=\"https:\/\/www.explora-project.com\/blog\/articles\/tour-du-mont-blanc-guide-complet-du-trek-incontournable\" \/>\n<meta property=\"og:locale\" content=\"fr_FR\" \/>\n<meta property=\"og:type\" content=\"article\" \/>\n<meta property=\"og:title\" content=\"Tour du Mont Blanc : Guide complet du trek incontournable - Journal d&#039;Explora Project\" \/>\n<meta property=\"og:description\" content=\"Le Tour du Mont Blanc (TMB) est l&rsquo;une des randonn\u00e9es les plus embl\u00e9matiques d&rsquo;Europe, reliant la France, l&rsquo;Italie et la Suisse. Ses 170 km attirent les passionn\u00e9s de randonn\u00e9e, qu\u2019ilsContinuer \u00e0 lire...Tour du Mont Blanc : Guide complet du trek incontournable\" \/>\n<meta property=\"og:url\" content=\"https:\/\/www.explora-project.com\/blog\/articles\/tour-du-mont-blanc-guide-complet-du-trek-incontournable\" \/>\n<meta property=\"og:site_name\" content=\"Journal d&#039;Explora Project\" \/>\n<meta property=\"article:published_time\" content=\"2024-10-03T13:25:10+00:00\" \/>\n<meta property=\"article:modified_time\" content=\"2024-10-03T15:00:26+00:00\" \/>\n<meta property=\"og:image\" content=\"https:\/\/www.explora-project.com\/blog\/wp-content\/uploads\/2024\/10\/Couverture-Blog-TMB2-1024x683.png\" \/>\n\t<meta property=\"og:image:width\" content=\"1024\" \/>\n\t<meta property=\"og:image:height\" content=\"683\" \/>\n\t<meta property=\"og:image:type\" content=\"image\/png\" \/>\n<meta name=\"author\" content=\"anna@explora-project.com\" \/>\n<meta name=\"twitter:card\" content=\"summary_large_image\" \/>\n<meta name=\"twitter:label1\" content=\"Written by\" \/>\n\t<meta name=\"twitter:data1\" content=\"anna@explora-project.com\" \/>\n\t<meta name=\"twitter:label2\" content=\"Est. reading time\" \/>\n\t<meta name=\"twitter:data2\" content=\"17 minutes\" \/>\n<script type=\"application\/ld+json\" class=\"yoast-schema-graph\">{\"@context\":\"https:\/\/schema.org\",\"@graph\":[{\"@type\":\"WebPage\",\"@id\":\"https:\/\/www.explora-project.com\/blog\/articles\/tour-du-mont-blanc-guide-complet-du-trek-incontournable\",\"url\":\"https:\/\/www.explora-project.com\/blog\/articles\/tour-du-mont-blanc-guide-complet-du-trek-incontournable\",\"name\":\"Tour du Mont Blanc : Guide complet du trek incontournable - Journal d&#039;Explora Project\",\"isPartOf\":{\"@id\":\"https:\/\/www.explora-project.com\/blog\/#website\"},\"datePublished\":\"2024-10-03T13:25:10+00:00\",\"dateModified\":\"2024-10-03T15:00:26+00:00\",\"author\":{\"@id\":\"https:\/\/www.explora-project.com\/blog\/#\/schema\/person\/a773aad3591c772047e03c17fd28d501\"},\"breadcrumb\":{\"@id\":\"https:\/\/www.explora-project.com\/blog\/articles\/tour-du-mont-blanc-guide-complet-du-trek-incontournable#breadcrumb\"},\"inLanguage\":\"fr-FR\",\"potentialAction\":[{\"@type\":\"ReadAction\",\"target\":[\"https:\/\/www.explora-project.com\/blog\/articles\/tour-du-mont-blanc-guide-complet-du-trek-incontournable\"]}]},{\"@type\":\"BreadcrumbList\",\"@id\":\"https:\/\/www.explora-project.com\/blog\/articles\/tour-du-mont-blanc-guide-complet-du-trek-incontournable#breadcrumb\",\"itemListElement\":[{\"@type\":\"ListItem\",\"position\":1,\"name\":\"Home\",\"item\":\"https:\/\/www.explora-project.com\/blog\"},{\"@type\":\"ListItem\",\"position\":2,\"name\":\"Tour du Mont Blanc : Guide complet du trek incontournable\"}]},{\"@type\":\"WebSite\",\"@id\":\"https:\/\/www.explora-project.com\/blog\/#website\",\"url\":\"https:\/\/www.explora-project.com\/blog\/\",\"name\":\"Journal d&#039;Explora Project\",\"description\":\"Actualit\u00e9s \u00e0 la une\",\"potentialAction\":[{\"@type\":\"SearchAction\",\"target\":{\"@type\":\"EntryPoint\",\"urlTemplate\":\"https:\/\/www.explora-project.com\/blog\/?s={search_term_string}\"},\"query-input\":\"required name=search_term_string\"}],\"inLanguage\":\"fr-FR\"},{\"@type\":\"Person\",\"@id\":\"https:\/\/www.explora-project.com\/blog\/#\/schema\/person\/a773aad3591c772047e03c17fd28d501\",\"name\":\"anna@explora-project.com\",\"image\":{\"@type\":\"ImageObject\",\"inLanguage\":\"fr-FR\",\"@id\":\"https:\/\/www.explora-project.com\/blog\/#\/schema\/person\/image\/\",\"url\":\"https:\/\/www.explora-project.com\/blog\/wp-content\/uploads\/2023\/10\/MOI-96x96.jpg\",\"contentUrl\":\"https:\/\/www.explora-project.com\/blog\/wp-content\/uploads\/2023\/10\/MOI-96x96.jpg\",\"caption\":\"anna@explora-project.com\"},\"url\":\"https:\/\/www.explora-project.com\/blog\/articles\/author\/annaexplora-project-com\"}]}<\/script>\n<!-- \/ Yoast SEO plugin. -->","yoast_head_json":{"title":"Tour du Mont Blanc : Guide complet du trek incontournable - Journal d&#039;Explora Project","robots":{"index":"index","follow":"follow","max-snippet":"max-snippet:-1","max-image-preview":"max-image-preview:large","max-video-preview":"max-video-preview:-1"},"canonical":"https:\/\/www.explora-project.com\/blog\/articles\/tour-du-mont-blanc-guide-complet-du-trek-incontournable","og_locale":"fr_FR","og_type":"article","og_title":"Tour du Mont Blanc : Guide complet du trek incontournable - Journal d&#039;Explora Project","og_description":"Le Tour du Mont Blanc (TMB) est l&rsquo;une des randonn\u00e9es les plus embl\u00e9matiques d&rsquo;Europe, reliant la France, l&rsquo;Italie et la Suisse. Ses 170 km attirent les passionn\u00e9s de randonn\u00e9e, qu\u2019ilsContinuer \u00e0 lire...Tour du Mont Blanc : Guide complet du trek incontournable","og_url":"https:\/\/www.explora-project.com\/blog\/articles\/tour-du-mont-blanc-guide-complet-du-trek-incontournable","og_site_name":"Journal d&#039;Explora Project","article_published_time":"2024-10-03T13:25:10+00:00","article_modified_time":"2024-10-03T15:00:26+00:00","og_image":[{"width":1024,"height":683,"url":"https:\/\/www.explora-project.com\/blog\/wp-content\/uploads\/2024\/10\/Couverture-Blog-TMB2-1024x683.png","type":"image\/png"}],"author":"anna@explora-project.com","twitter_card":"summary_large_image","twitter_misc":{"Written by":"anna@explora-project.com","Est. reading time":"17 minutes"},"schema":{"@context":"https:\/\/schema.org","@graph":[{"@type":"WebPage","@id":"https:\/\/www.explora-project.com\/blog\/articles\/tour-du-mont-blanc-guide-complet-du-trek-incontournable","url":"https:\/\/www.explora-project.com\/blog\/articles\/tour-du-mont-blanc-guide-complet-du-trek-incontournable","name":"Tour du Mont Blanc : Guide complet du trek incontournable - Journal d&#039;Explora Project","isPartOf":{"@id":"https:\/\/www.explora-project.com\/blog\/#website"},"datePublished":"2024-10-03T13:25:10+00:00","dateModified":"2024-10-03T15:00:26+00:00","author":{"@id":"https:\/\/www.explora-project.com\/blog\/#\/schema\/person\/a773aad3591c772047e03c17fd28d501"},"breadcrumb":{"@id":"https:\/\/www.explora-project.com\/blog\/articles\/tour-du-mont-blanc-guide-complet-du-trek-incontournable#breadcrumb"},"inLanguage":"fr-FR","potentialAction":[{"@type":"ReadAction","target":["https:\/\/www.explora-project.com\/blog\/articles\/tour-du-mont-blanc-guide-complet-du-trek-incontournable"]}]},{"@type":"BreadcrumbList","@id":"https:\/\/www.explora-project.com\/blog\/articles\/tour-du-mont-blanc-guide-complet-du-trek-incontournable#breadcrumb","itemListElement":[{"@type":"ListItem","position":1,"name":"Home","item":"https:\/\/www.explora-project.com\/blog"},{"@type":"ListItem","position":2,"name":"Tour du Mont Blanc : Guide complet du trek incontournable"}]},{"@type":"WebSite","@id":"https:\/\/www.explora-project.com\/blog\/#website","url":"https:\/\/www.explora-project.com\/blog\/","name":"Journal d&#039;Explora Project","description":"Actualit\u00e9s \u00e0 la une","potentialAction":[{"@type":"SearchAction","target":{"@type":"EntryPoint","urlTemplate":"https:\/\/www.explora-project.com\/blog\/?s={search_term_string}"},"query-input":"required name=search_term_string"}],"inLanguage":"fr-FR"},{"@type":"Person","@id":"https:\/\/www.explora-project.com\/blog\/#\/schema\/person\/a773aad3591c772047e03c17fd28d501","name":"anna@explora-project.com","image":{"@type":"ImageObject","inLanguage":"fr-FR","@id":"https:\/\/www.explora-project.com\/blog\/#\/schema\/person\/image\/","url":"https:\/\/www.explora-project.com\/blog\/wp-content\/uploads\/2023\/10\/MOI-96x96.jpg","contentUrl":"https:\/\/www.explora-project.com\/blog\/wp-content\/uploads\/2023\/10\/MOI-96x96.jpg","caption":"anna@explora-project.com"},"url":"https:\/\/www.explora-project.com\/blog\/articles\/author\/annaexplora-project-com"}]}},"_links":{"self":[{"href":"https:\/\/www.explora-project.com\/blog\/wp-json\/wp\/v2\/posts\/4680"}],"collection":[{"href":"https:\/\/www.explora-project.com\/blog\/wp-json\/wp\/v2\/posts"}],"about":[{"href":"https:\/\/www.explora-project.com\/blog\/wp-json\/wp\/v2\/types\/post"}],"author":[{"embeddable":true,"href":"https:\/\/www.explora-project.com\/blog\/wp-json\/wp\/v2\/users\/22"}],"replies":[{"embeddable":true,"href":"https:\/\/www.explora-project.com\/blog\/wp-json\/wp\/v2\/comments?post=4680"}],"version-history":[{"count":104,"href":"https:\/\/www.explora-project.com\/blog\/wp-json\/wp\/v2\/posts\/4680\/revisions"}],"predecessor-version":[{"id":5046,"href":"https:\/\/www.explora-project.com\/blog\/wp-json\/wp\/v2\/posts\/4680\/revisions\/5046"}],"wp:featuredmedia":[{"embeddable":true,"href":"https:\/\/www.explora-project.com\/blog\/wp-json\/wp\/v2\/media\/5047"}],"wp:attachment":[{"href":"https:\/\/www.explora-project.com\/blog\/wp-json\/wp\/v2\/media?parent=4680"}],"wp:term":[{"taxonomy":"category","embeddable":true,"href":"https:\/\/www.explora-project.com\/blog\/wp-json\/wp\/v2\/categories?post=4680"},{"taxonomy":"post_tag","embeddable":true,"href":"https:\/\/www.explora-project.com\/blog\/wp-json\/wp\/v2\/tags?post=4680"}],"curies":[{"name":"wp","href":"https:\/\/api.w.org\/{rel}","templated":true}]}}