{"id":4570,"date":"2024-08-21T15:34:21","date_gmt":"2024-08-21T13:34:21","guid":{"rendered":"https:\/\/www.explora-project.com\/blog\/?p=4570"},"modified":"2024-08-24T07:08:42","modified_gmt":"2024-08-24T05:08:42","slug":"10-films-daventures-et-docus-a-voir-et-revoir","status":"publish","type":"post","link":"https:\/\/www.explora-project.com\/blog\/articles\/10-films-daventures-et-docus-a-voir-et-revoir","title":{"rendered":"10 films d&rsquo;aventures et docus \u00e0 voir et revoir"},"content":{"rendered":"\n<p class=\"has-normal-font-size\">Il y a des moments dans la vie o\u00f9 l&rsquo;appel de la nature se fait plus fort, o\u00f9 l&rsquo;envie d&rsquo;\u00e9vasion et d&rsquo;aventure devient irr\u00e9sistible. Que ce soit l&rsquo;ascension des plus hauts sommets, la plong\u00e9e dans les profondeurs oc\u00e9aniques ou la qu\u00eate d&rsquo;une vague parfaite, ces documentaires capturent cette soif d&rsquo;explorer l&rsquo;inconnu, de repousser ses limites et de se retrouver face \u00e0 soi-m\u00eame.<\/p>\n\n\n\n<p class=\"has-normal-font-size\">Dans notre quotidien souvent trop rythm\u00e9 par la routine, ces films nous rappellent que l&rsquo;aventure est \u00e0 la port\u00e9e de tous. Pas besoin de gravir l&rsquo;Everest ou de traverser un oc\u00e9an pour ressentir cet appel. Il suffit parfois de chausser ses baskets, de sauter sur un v\u00e9lo, ou de simplement se laisser porter par la beaut\u00e9 d&rsquo;un paysage. Les exploits hors du commun de ces h\u00e9ros ordinaires nous montrent que le d\u00e9passement de soi, la pers\u00e9v\u00e9rance et le lien avec la nature sont des sources in\u00e9puisables d&rsquo;inspiration.<\/p>\n\n\n\n<p class=\"has-normal-font-size\">Alors, pr\u00e9pare ton pop-corn, installe-toi confortablement et laisse-toi emporter par ces r\u00e9cits d&rsquo;aventures extraordinaires. Tu risques bien de te lever avec une envie irr\u00e9sistible de vivre ta propre \u00e9pop\u00e9e, qu\u2019elle se passe sur un sommet, une plage, ou m\u00eame juste au bout de ta rue.<\/p>\n\n\n\n<h3 class=\"has-gold-color has-text-color\">1- Lhakpa Sherpa : Des sommets de bravoure<\/h3>\n\n\n<div class=\"wp-block-image\">\n<figure class=\"aligncenter size-full\"><img decoding=\"async\" loading=\"lazy\" width=\"512\" height=\"248\" src=\"https:\/\/www.explora-project.com\/blog\/wp-content\/uploads\/2024\/08\/Frame-14.png\" alt=\"\" class=\"wp-image-4579\" srcset=\"https:\/\/www.explora-project.com\/blog\/wp-content\/uploads\/2024\/08\/Frame-14.png 512w, https:\/\/www.explora-project.com\/blog\/wp-content\/uploads\/2024\/08\/Frame-14-300x145.png 300w\" sizes=\"(max-width: 512px) 100vw, 512px\" \/><figcaption class=\"wp-element-caption\">Lhakpa Sherpa : Des sommets de bravoure<\/figcaption><\/figure><\/div>\n\n\n<p class=\"has-normal-font-size\">2023 \u2027 Documentaire \u2027 1h 51m&nbsp;<br><strong>R\u00e9alisatrice&nbsp;:&nbsp;<\/strong>Lucy Walker<\/p>\n\n\n\n<hr class=\"wp-block-separator has-alpha-channel-opacity\" \/>\n\n\n\n<blockquote class=\"wp-block-quote\">\n<h4>\u00ab My Life has hurt me. Everest, fix my soul, like magic. \u00bb<\/h4>\n<\/blockquote>\n\n\n\n<p class=\"has-normal-font-size\">Lhakpa Sherpa nous rappelle que de grands h\u00e9ros vivent parmi nous.<\/p>\n\n\n\n<p class=\"has-normal-font-size\">Elle est la premi\u00e8re femme n\u00e9palaise \u00e0 avoir gravi l\u2019Everest et \u00e0 en \u00eatre redescendue. Aujourd\u2019hui, elle d\u00e9tient le record du monde pour une femme avec 10 ascensions sur le toit du monde. Le documentaire sur Netflix nous plonge dans l\u2019univers de l\u2019Himalaya \u00e0 travers Lhakpa Sherpa. R\u00e9alis\u00e9 par Lucy Walker, ce film offre une vue poignante sur les d\u00e9fis, les triomphes et les sacrifices d\u2019une femme qui a su dominer les cimes alors que son quotidien est loin des r\u00eaves de sommet. Elle a su faire face \u00e0 une situation conjugale violente, relever le d\u00e9fi de vivre dans un pays dont elle ne connaissait pas la langue et subvenir aux besoins de ses filles tant bien que mal.<\/p>\n\n\n\n<p class=\"has-normal-font-size\">Un documentaire qui c\u00e9l\u00e8bre la bravoure et la d\u00e9termination d\u2019une femme qui a transcend\u00e9 les attentes et ouvert des voies pour d&rsquo;autres.<\/p>\n\n\n\n<p class=\"has-normal-font-size\"><strong>O\u00f9 le regarder :&nbsp;<\/strong>Netflix<\/p>\n\n\n\n<hr class=\"wp-block-separator has-alpha-channel-opacity\" \/>\n\n\n\n<h3 class=\"has-gold-color has-text-color\">2- Return to Earth<\/h3>\n\n\n<div class=\"wp-block-image\">\n<figure class=\"aligncenter size-full\"><img decoding=\"async\" loading=\"lazy\" width=\"512\" height=\"248\" src=\"https:\/\/www.explora-project.com\/blog\/wp-content\/uploads\/2024\/08\/Frame-22.png\" alt=\"\" class=\"wp-image-4580\" srcset=\"https:\/\/www.explora-project.com\/blog\/wp-content\/uploads\/2024\/08\/Frame-22.png 512w, https:\/\/www.explora-project.com\/blog\/wp-content\/uploads\/2024\/08\/Frame-22-300x145.png 300w\" sizes=\"(max-width: 512px) 100vw, 512px\" \/><figcaption class=\"wp-element-caption\">Return to Earth<\/figcaption><\/figure><\/div>\n\n\n<p class=\"has-normal-font-size\">2020 \u2027 Documentaire \u2027 47 min<br><strong>R\u00e9alisateurs :<\/strong>&nbsp;Darren McCullough, Darcy Wittenburg, Colin Jones<\/p>\n\n\n\n<p class=\"has-normal-font-size\">Une balade en VTT pour des sensations pures, \u00e7a te dirait ?<\/p>\n\n\n\n<p class=\"has-normal-font-size\">Le documentaire \u201cReturn to Earth\u201d, r\u00e9alis\u00e9 par Darren McCullough, Darcy Wittenburg et Colin Jones, offre une belle porte d\u2019entr\u00e9e dans l\u2019univers du v\u00e9lo tout-terrain. Des paysages \u00e0 couper le souffle et des s\u00e9quences de VTT qui m\u00e9langent le sport avec une ode \u00e0 la nature et \u00e0 la libert\u00e9 qu\u2019elle inspire. Loin des comp\u00e9titions acharn\u00e9es, \u201cReturn to Earth\u201d ram\u00e8ne aux premi\u00e8res sensations et au bonheur simple de rouler librement sur les sentiers. Un ralentissement qui promet de grandes sensations.<\/p>\n\n\n\n<p class=\"has-normal-font-size\">Le documentaire nous rappelle que bien souvent, la v\u00e9ritable aventure r\u00e9side dans la simplicit\u00e9 et la connexion \u00e0 notre environnement.<\/p>\n\n\n\n<p class=\"has-normal-font-size\"><strong>O\u00f9 le regarder :<\/strong>&nbsp;Red Bull TV<\/p>\n\n\n\n<h3 class=\"has-gold-color has-text-color\">3- La Course aux sommets<\/h3>\n\n\n<div class=\"wp-block-image\">\n<figure class=\"aligncenter size-full\"><img decoding=\"async\" loading=\"lazy\" width=\"512\" height=\"248\" src=\"https:\/\/www.explora-project.com\/blog\/wp-content\/uploads\/2024\/08\/Frame-15.png\" alt=\"\" class=\"wp-image-4581\" srcset=\"https:\/\/www.explora-project.com\/blog\/wp-content\/uploads\/2024\/08\/Frame-15.png 512w, https:\/\/www.explora-project.com\/blog\/wp-content\/uploads\/2024\/08\/Frame-15-300x145.png 300w\" sizes=\"(max-width: 512px) 100vw, 512px\" \/><figcaption class=\"wp-element-caption\">La Course aux sommets<\/figcaption><\/figure><\/div>\n\n\n<p class=\"has-normal-font-size\">2023 \u2027 Documentaire \u2027 1h29<br><strong>R\u00e9alisateurs :<\/strong>&nbsp;Nicholas de Taranto et G\u00f6tz Werner<\/p>\n\n\n\n<p class=\"has-normal-font-size\">Et si on partait sur plusieurs sommets ? (Au moins, on est s\u00fbr d\u2019en aimer au moins un.)<\/p>\n\n\n\n<p class=\"has-normal-font-size\">Le documentaire \u201cLa course aux sommets\u201d, r\u00e9alis\u00e9 par Nicholas de Taranto et G\u00f6tz Werner, met en lumi\u00e8re les d\u00e9fis physiques et psychologiques de la comp\u00e9tition en alpinisme. On est donc plong\u00e9 dans les coulisses de la recherche de performance sur les grandes faces nord des Alpes suisses. Entre strat\u00e9gies et rivalit\u00e9s intenses, le documentaire va au-del\u00e0 de la performance sportive et interroge les motivations, la qu\u00eate de r\u00e9ussite et les pressions auxquelles les alpinistes font face.<\/p>\n\n\n\n<p class=\"has-normal-font-size\">\u201cLa course aux sommets\u201d introduit des images \u00e0 couper le souffle, accompagn\u00e9es par des r\u00e9flexions autour de l\u2019ambition et de la pers\u00e9v\u00e9rance dans un monde impitoyable, o\u00f9 chaque d\u00e9tail compte.<\/p>\n\n\n\n<p class=\"has-normal-font-size\"><strong>O\u00f9 le regarder :&nbsp;<\/strong>Netflix<\/p>\n\n\n\n<h3 class=\"has-gold-color has-text-color\">4- Comme un seul homme<\/h3>\n\n\n<div class=\"wp-block-image\">\n<figure class=\"aligncenter size-full\"><img decoding=\"async\" loading=\"lazy\" width=\"512\" height=\"248\" src=\"https:\/\/www.explora-project.com\/blog\/wp-content\/uploads\/2024\/08\/Frame-16.png\" alt=\"\" class=\"wp-image-4582\" srcset=\"https:\/\/www.explora-project.com\/blog\/wp-content\/uploads\/2024\/08\/Frame-16.png 512w, https:\/\/www.explora-project.com\/blog\/wp-content\/uploads\/2024\/08\/Frame-16-300x145.png 300w\" sizes=\"(max-width: 512px) 100vw, 512px\" \/><figcaption class=\"wp-element-caption\"><strong>Comme un seul homme<\/strong><\/figcaption><\/figure><\/div>\n\n\n<p class=\"has-normal-font-size\">2019 \u2027 Documentaire \u2027 1h22<br><strong>R\u00e9alisateur :<\/strong> Eric Bellion<\/p>\n\n\n\n<blockquote class=\"wp-block-quote\">\n<h4>\u00ab J\u2019ai jamais eu aussi peur de ma vie, j\u2019ai jamais autant souffert de ma vie, j\u2019ai jamais pris autant de plaisir de ma vie \u00bb<\/h4>\n<\/blockquote>\n\n\n\n<p class=\"has-normal-font-size\">Qui n\u2019a jamais \u00e9t\u00e9 intrigu\u00e9 par l\u2019immensit\u00e9 de l\u2019oc\u00e9an ?<\/p>\n\n\n\n<p class=\"has-normal-font-size\">Le documentaire \u00ab Comme un seul homme \u00bb, r\u00e9alis\u00e9 par Eric Bellion, offre une immersion fascinante dans l\u2019univers de la voile de comp\u00e9tition et des d\u00e9fis personnels. Le film suit Eric Bellion lui-m\u00eame, navigateur fran\u00e7ais, tandis qu\u2019il se pr\u00e9pare pour le Vend\u00e9e Globe, une course autour du monde en solitaire et sans escale. Il nous embarque dans un voyage captivant o\u00f9 l\u2019humain se retrouve face aux \u00e9l\u00e9ments impitoyables de l\u2019univers marin. La cam\u00e9ra embarqu\u00e9e offre un regard intime sur la travers\u00e9e, o\u00f9 Eric Bellion fait part de ses doutes, ses peurs, ses sacrifices, mais aussi de ses moments de gloire. Une sinc\u00e9rit\u00e9 poignante face aux nombreux d\u00e9fis qu\u2019il affronte durant la travers\u00e9e.<\/p>\n\n\n\n<p class=\"has-normal-font-size\">Un face-\u00e0-face avec la beaut\u00e9 et la cruaut\u00e9 de l\u2019oc\u00e9an, mais aussi avec soi-m\u00eame. Un beau rappel que chaque exploit se construit par une lutte acharn\u00e9e et une d\u00e9termination sans faille.<\/p>\n\n\n\n<p class=\"has-normal-font-size\"><strong>O\u00f9 le regarder :<\/strong>&nbsp;Canal VOD<\/p>\n\n\n\n<h3 class=\"has-gold-color has-text-color\">5- Broad Peak<\/h3>\n\n\n<div class=\"wp-block-image\">\n<figure class=\"aligncenter size-full\"><img decoding=\"async\" loading=\"lazy\" width=\"512\" height=\"248\" src=\"https:\/\/www.explora-project.com\/blog\/wp-content\/uploads\/2024\/08\/Frame-24.png\" alt=\"\" class=\"wp-image-4583\" srcset=\"https:\/\/www.explora-project.com\/blog\/wp-content\/uploads\/2024\/08\/Frame-24.png 512w, https:\/\/www.explora-project.com\/blog\/wp-content\/uploads\/2024\/08\/Frame-24-300x145.png 300w\" sizes=\"(max-width: 512px) 100vw, 512px\" \/><figcaption class=\"wp-element-caption\">Broad Peak<\/figcaption><\/figure><\/div>\n\n\n<p class=\"has-normal-font-size\">2022 \u2027 Documentaire \u2027 1h41&nbsp;<br><strong>R\u00e9alisateur : <\/strong>Leszek Dawid&nbsp;<\/p>\n\n\n\n<p class=\"has-normal-font-size\">Envie d\u2019\u00eatre transport\u00e9 sur des sommets \u00e9poustouflants ?<\/p>\n\n\n\n<p class=\"has-normal-font-size\">\u201cBroad Peak\u201d est un documentaire r\u00e9alis\u00e9 par Leszek Dawid qui nous emm\u00e8ne sur ce sommet mythique. Bien plus qu\u2019un simple r\u00e9cit d\u2019exp\u00e9dition, le film nous accompagne avec l&rsquo;alpiniste polonais Maciej Berbeka et son histoire. Le r\u00e9alisateur offre un regard plus intime sur l\u2019alpiniste, notamment sur ses relations avec ses proches et les sacrifices qui en d\u00e9coulent pour atteindre ses objectifs. Les s\u00e9quences d\u2019interviews et les images d\u2019archives offrent un d\u00e9coupage captivant et soul\u00e8vent de nombreuses questions autour des motivations \u00e0 partir en qu\u00eate des sommets.<\/p>\n\n\n\n<p class=\"has-normal-font-size\">Un documentaire recommand\u00e9 pour tous ceux qui s\u2019int\u00e9ressent \u00e0 la psychologie derri\u00e8re l&rsquo;alpinisme, aux sacrifices et \u00e0 l\u2019enrichissement personnel.<\/p>\n\n\n\n<p class=\"has-normal-font-size\">O\u00f9 le regarder :&nbsp;Netflix<\/p>\n\n\n\n<h3 class=\"has-gold-color has-text-color\">6- Wonderful Losers: A Different World<\/h3>\n\n\n<div class=\"wp-block-image\">\n<figure class=\"aligncenter size-full\"><img decoding=\"async\" loading=\"lazy\" width=\"512\" height=\"248\" src=\"https:\/\/www.explora-project.com\/blog\/wp-content\/uploads\/2024\/08\/Frame-23.png\" alt=\"\" class=\"wp-image-4584\" srcset=\"https:\/\/www.explora-project.com\/blog\/wp-content\/uploads\/2024\/08\/Frame-23.png 512w, https:\/\/www.explora-project.com\/blog\/wp-content\/uploads\/2024\/08\/Frame-23-300x145.png 300w\" sizes=\"(max-width: 512px) 100vw, 512px\" \/><figcaption class=\"wp-element-caption\">Wonderful Losers: A Different World<\/figcaption><\/figure><\/div>\n\n\n<p class=\"has-normal-font-size\">2017 \u2027 Documentaire \u2027 1h15<br><strong>R\u00e9alisateur :<\/strong>&nbsp;Ar\u016bnas Matelis<\/p>\n\n\n\n<p class=\"has-normal-font-size\">Que tu aimes faire du v\u00e9lo ou simplement regarder le Tour de France \u00e0 la t\u00e9l\u00e9,&nbsp;<em>\u00ab\u00a0Wonderful Losers: A Different World\u00a0\u00bb<\/em>&nbsp;est un documentaire que tu ne peux pas manquer.<\/p>\n\n\n\n<p class=\"has-normal-font-size\">R\u00e9alis\u00e9 par Ar\u016bnas Matelis, ce film plonge au c\u0153ur du peloton et de ces coureurs jug\u00e9s perdants, mais aux nombreuses victoires discr\u00e8tes. Quand on pense au cyclisme, on imagine souvent les vainqueurs, ceux qui franchissent la ligne d&rsquo;arriv\u00e9e avec les bras lev\u00e9s, comme Romain Bardet et Tadej Poga\u010dar. Mais ce documentaire te d\u00e9voile une autre r\u00e9alit\u00e9, celle des cyclistes qui donnent tout sans jamais go\u00fbter \u00e0 la gloire. Ceux dont la mission est de prot\u00e9ger, ravitailler et soutenir leur leader pour lui permettre de r\u00e9ussir. Le film ne se contente pas de montrer les courses. Il invite \u00e0 vivre l&rsquo;effort, la douleur et l&rsquo;esprit de sacrifice qui d\u00e9finissent ces coureurs, qui incarnent une autre dimension du sport, loin de la gloire et des m\u00e9dailles.<\/p>\n\n\n\n<p class=\"has-normal-font-size\">O\u00f9 le regarder :&nbsp;Amazon prime, Youtube<\/p>\n\n\n\n<h3 class=\"has-gold-color has-text-color\">7- Soul Brothers<\/h3>\n\n\n<div class=\"wp-block-image\">\n<figure class=\"aligncenter size-full\"><img decoding=\"async\" loading=\"lazy\" width=\"512\" height=\"248\" src=\"https:\/\/www.explora-project.com\/blog\/wp-content\/uploads\/2024\/08\/Frame-19.png\" alt=\"\" class=\"wp-image-4586\" srcset=\"https:\/\/www.explora-project.com\/blog\/wp-content\/uploads\/2024\/08\/Frame-19.png 512w, https:\/\/www.explora-project.com\/blog\/wp-content\/uploads\/2024\/08\/Frame-19-300x145.png 300w\" sizes=\"(max-width: 512px) 100vw, 512px\" \/><figcaption class=\"wp-element-caption\">Soul Brothers<\/figcaption><\/figure><\/div>\n\n\n<p class=\"has-normal-font-size\">2023 \u2027 Documentaire \u2027 53 min 28 s<br><strong>R\u00e9alisateur :<\/strong>&nbsp;Julien Raison<\/p>\n\n\n\n<p class=\"has-normal-font-size\">Embarquez pour le Marathon des Sables aux c\u00f4t\u00e9s de l&rsquo;ultra-traileur Mathieu Blanchard et de son fr\u00e8re Luca. <\/p>\n\n\n\n<p class=\"has-normal-font-size\">Un r\u00e9cit sportif, mais pas que. Le film \u00ab L\u2019\u00e2me fr\u00e8re \u00bb, r\u00e9alis\u00e9 par Julien Raison, met en avant les liens fraternels, la pers\u00e9v\u00e9rance et la qu\u00eate de sens \u00e0 travers l\u2019effort extr\u00eame. Quatre ans apr\u00e8s avoir termin\u00e9 son premier UTMB, main dans la main avec son fr\u00e8re r\u00e9cemment amput\u00e9, Mathieu Blanchard repart pour le d\u00e9sert de Wadi Rum, en Jordanie, pour une course de 80 km avec son jeune fr\u00e8re, Luca. <\/p>\n\n\n\n<p class=\"has-normal-font-size\">Ils se lancent donc dans un d\u00e9fi de taille : un trail \u00e9poustouflant o\u00f9 la performance sportive se m\u00eale \u00e0 des moments de doute, de soutien mutuel et de red\u00e9couverte de leur lien fraternel. Ce documentaire se distingue par la beaut\u00e9 de ses images et la sinc\u00e9rit\u00e9 des \u00e9motions qu&rsquo;il capte. C\u2019est une r\u00e9flexion sur l&rsquo;importance de la famille, de l&rsquo;entraide et du d\u00e9passement de soi. Julien Raison parvient \u00e0 capturer l&rsquo;essence de ce que signifie v\u00e9ritablement courir ensemble, non pas pour battre des records, mais pour partager quelque chose de profond\u00e9ment humain.<\/p>\n\n\n\n<p class=\"has-normal-font-size\"><strong><br>O\u00f9 le regarder :<\/strong>&nbsp;YouTube<\/p>\n\n\n\n<h3 class=\"has-gold-color has-text-color\">8- Surf, le feu sacr\u00e9<\/h3>\n\n\n<div class=\"wp-block-image\">\n<figure class=\"aligncenter size-full\"><img decoding=\"async\" loading=\"lazy\" width=\"512\" height=\"248\" src=\"https:\/\/www.explora-project.com\/blog\/wp-content\/uploads\/2024\/08\/Frame-20.png\" alt=\"\" class=\"wp-image-4587\" srcset=\"https:\/\/www.explora-project.com\/blog\/wp-content\/uploads\/2024\/08\/Frame-20.png 512w, https:\/\/www.explora-project.com\/blog\/wp-content\/uploads\/2024\/08\/Frame-20-300x145.png 300w\" sizes=\"(max-width: 512px) 100vw, 512px\" \/><figcaption class=\"wp-element-caption\">Surf, le feu sacr\u00e9e<\/figcaption><\/figure><\/div>\n\n\n<p class=\"has-normal-font-size\">2024 \u2027 Documentaire \u2027 1h31<br><strong>R\u00e9alisateurs :<\/strong>&nbsp;Benjamin Morel et Christophe Bouquet<\/p>\n\n\n\n<blockquote class=\"wp-block-quote\">\n<h4>\u00ab La violence des vagues d&rsquo;un c\u00f4t\u00e9, la douceur de la glisse de l&rsquo;autre, cette union des contraires qui caract\u00e9rise le surf se magnifie gr\u00e2ce \u00e0 ce que les Polyn\u00e9siens appellent le mana, le feu sacr\u00e9, l&rsquo;\u00e9nergie qui impr\u00e8gne tout ce qui existe. \u00bb<\/h4>\n<\/blockquote>\n\n\n\n<p class=\"has-normal-font-size\">Le surf, pratiqu\u00e9 par les Polyn\u00e9siens depuis des milliers d\u2019ann\u00e9es, est devenu plus qu\u2019un sport. C\u2019est une culture, un mode de vie.<\/p>\n\n\n\n<p class=\"has-normal-font-size\">Le documentaire, r\u00e9alis\u00e9 par Benjamin Morel et Christophe Bouquet, se d\u00e9roule \u00e0 Tahiti, l\u00e0 o\u00f9 le surf est n\u00e9, sur la plus belle vague du monde : Teahupo&rsquo;o. On est plong\u00e9 dans cet univers captivant, envahi par les vagues et la passion qui anime tous les surfeurs, qu\u2019ils soient amateurs ou professionnels. Le documentaire met en avant cette qu\u00eate de libert\u00e9 et la recherche incessante de l&rsquo;instant parfait o\u00f9 le surfeur et l&rsquo;oc\u00e9an ne font plus qu&rsquo;un. Le film souligne la discipline du surf, qui est v\u00e9cue autant qu\u2019elle est pratiqu\u00e9e, issue d\u2019une g\u00e9n\u00e9ration rebelle et qui s\u2019est fait une place en tant que discipline olympique avec les JO de Tokyo en 2020 et ceux de Paris cet \u00e9t\u00e9.<\/p>\n\n\n\n<p class=\"has-normal-font-size\"><strong>O\u00f9 le regarder :<\/strong>&nbsp;France TV<\/p>\n\n\n\n<h3 class=\"has-gold-color has-text-color\">9- Nordfor Sola<\/h3>\n\n\n<div class=\"wp-block-image\">\n<figure class=\"aligncenter size-full\"><img decoding=\"async\" loading=\"lazy\" width=\"512\" height=\"248\" src=\"https:\/\/www.explora-project.com\/blog\/wp-content\/uploads\/2024\/08\/Frame-17.png\" alt=\"\" class=\"wp-image-4588\" srcset=\"https:\/\/www.explora-project.com\/blog\/wp-content\/uploads\/2024\/08\/Frame-17.png 512w, https:\/\/www.explora-project.com\/blog\/wp-content\/uploads\/2024\/08\/Frame-17-300x145.png 300w\" sizes=\"(max-width: 512px) 100vw, 512px\" \/><figcaption class=\"wp-element-caption\">Nordfor Sola<\/figcaption><\/figure><\/div>\n\n\n<p class=\"has-normal-font-size\">2013 \u2027 Documentaire \u2027 45 min<\/p>\n\n\n\n<p class=\"has-normal-font-size\"><strong>\u00ab\u00a0Nordfor Sola\u00a0\u00bb<\/strong>&nbsp;est un film documentaire captivant qui suit l&rsquo;aventure de deux jeunes Norv\u00e9giens, Inge Wegge et J\u00f8rn Ranum, qui d\u00e9cident de passer neuf mois dans une baie isol\u00e9e des \u00eeles Lofoten, au nord de la Norv\u00e8ge. Leur objectif est de vivre de mani\u00e8re autosuffisante et de surfer sur les vagues de l&rsquo;oc\u00e9an Arctique. Ils construisent un abri en utilisant des mat\u00e9riaux qu&rsquo;ils trouvent sur place, r\u00e9cup\u00e8rent de la nourriture dans les d\u00e9chets et se concentrent sur un mode de vie minimaliste en harmonie avec la nature. <\/p>\n\n\n\n<p class=\"has-normal-font-size\">Le film met en lumi\u00e8re les d\u00e9fis extr\u00eames qu&rsquo;ils affrontent, notamment le froid intense et l&rsquo;isolement, tout en soulignant la beaut\u00e9 brute de l&rsquo;environnement polaire. \u00ab\u00a0Nordfor Sola\u00a0\u00bb est une ode \u00e0 l&rsquo;aventure, \u00e0 la simplicit\u00e9 et au respect de l&rsquo;environnement, offrant une r\u00e9flexion sur la consommation et la connexion \u00e0 la nature.<\/p>\n\n\n\n<p class=\"has-normal-font-size\"><strong>O\u00f9 le regarder :<\/strong>&nbsp;Netflix<\/p>\n\n\n\n<h3 class=\"has-gold-color has-text-color\">10- Le Sommet des dieux&nbsp;<\/h3>\n\n\n<div class=\"wp-block-image\">\n<figure class=\"aligncenter size-full\"><img decoding=\"async\" loading=\"lazy\" width=\"512\" height=\"248\" src=\"https:\/\/www.explora-project.com\/blog\/wp-content\/uploads\/2024\/08\/Frame-21.png\" alt=\"\" class=\"wp-image-4589\" srcset=\"https:\/\/www.explora-project.com\/blog\/wp-content\/uploads\/2024\/08\/Frame-21.png 512w, https:\/\/www.explora-project.com\/blog\/wp-content\/uploads\/2024\/08\/Frame-21-300x145.png 300w\" sizes=\"(max-width: 512px) 100vw, 512px\" \/><figcaption class=\"wp-element-caption\">Le Sommet des dieux&nbsp;<\/figcaption><\/figure><\/div>\n\n\n<p class=\"has-normal-font-size\">2024 \u2027 Film d\u2019animation Aventure\/Sport \u2027 1h35<br><strong>R\u00e9alisateur :<\/strong>&nbsp;Patrick Imbert<\/p>\n\n\n\n<blockquote class=\"wp-block-quote\">\n<h4>\u00ab Pourquoi tu fais \u00e7a ? &#8211; Une fois qu\u2019on y a go\u00fbt\u00e9, on ne peut plus s\u2019en passer, il n\u2019y a plus que \u00e7a qui compte. \u00bb<\/h4>\n<\/blockquote>\n\n\n\n<p class=\"has-normal-font-size\">Qui ne s\u2019est jamais pos\u00e9 la question de ce qui peut bien nous attirer au sommet des montagnes ? Ce domaine auparavant jug\u00e9 comme celui des dieux, fascinant et mena\u00e7ant. Pour ce bonus, on vous propose un film qui m\u00e9lange fiction et r\u00e9alit\u00e9.<\/p>\n\n\n\n<p class=\"has-normal-font-size\">En effet, le film commence avec le myst\u00e8re laiss\u00e9 par l\u2019alpiniste britannique George Mallory, qui a disparu pendant son ascension de l\u2019Everest en 1924. Personne ne sait s\u2019il est mort en montant ou pendant la descente et s\u2019il a pu atteindre le sommet et assouvir cette passion, presque obsessionnelle, pour le toit du monde. \u201cLe sommet des dieux\u201d tourne donc autour de cette question et met en place le personnage fictif Fukamachi, photographe alpiniste. Ce dernier tombe sur un appareil photo qui semble \u00eatre celui que Mallory avait apport\u00e9 pour son ascension. <\/p>\n\n\n\n<p class=\"has-normal-font-size\">Mais avant de pouvoir s\u2019en saisir, c\u2019est le grimpeur mythique Habu J\u00f4ji qui s\u2019en empare et dispara\u00eet avec. Fukamachi va donc mener l\u2019enqu\u00eate pour remonter jusqu\u2019\u00e0 Habu et retrouver l\u2019appareil. Le r\u00e9alisateur, Patrick Imbert, nous offre une adaptation fran\u00e7aise \u00e9poustouflante du manga de Jir\u014d Taniguchi. Un film d\u2019animation assez fid\u00e8le sur l&rsquo;alpinisme en conditions extr\u00eames, tant techniquement qu&rsquo;historiquement. Les plans sont \u00e9poustouflants et ne manquent pas de nous emporter dans les vastes paysages himalayens et de nous faire r\u00eaver, tout en nous faisant poser cette fameuse question : \u00ab D&rsquo;o\u00f9 vient ce besoin d&rsquo;escalader les montagnes ? \u00bb<\/p>\n\n\n\n<p class=\"has-normal-font-size\"><strong>O\u00f9 le regarder :<\/strong>&nbsp;YouTube, Amazon Prime<\/p>\n\n\n\n<p style=\"font-size:20px\">Cet article t&rsquo;a plu ? Abonne-toi \u00e0 la <a href=\"https:\/\/www.explora-project.com\/notre-newsletter\" target=\"_blank\" rel=\"noreferrer noopener\">Newsletter Explora Project<\/a> pour recevoir ta dose hebdomadaire d&rsquo;inspiration et d&rsquo;aventures outdoor.<\/p>\n","protected":false},"excerpt":{"rendered":"<p>Dans notre quotidien souvent trop rythm\u00e9 par la routine, ces films nous rappellent que l&rsquo;aventure est \u00e0 la port\u00e9e de tous.  &hellip; <a href=\"https:\/\/www.explora-project.com\/blog\/articles\/10-films-daventures-et-docus-a-voir-et-revoir\" class=\"more-link\"><span class=\"readmore\">Continuer \u00e0 lire&#8230;<span class=\"screen-reader-text\">10 films d&rsquo;aventures et docus \u00e0 voir et revoir<\/span><\/span><\/a><\/p>\n","protected":false},"author":22,"featured_media":4602,"comment_status":"closed","ping_status":"closed","sticky":false,"template":"","format":"standard","meta":[],"categories":[5,279],"tags":[37,329,330,328,327,317,141,113,331],"yoast_head":"<!-- This site is optimized with the Yoast SEO plugin v19.10 - https:\/\/yoast.com\/wordpress\/plugins\/seo\/ -->\n<title>10 films d&#039;aventures et docus \u00e0 voir et revoir - Journal d&#039;Explora Project<\/title>\n<meta name=\"description\" content=\"Dans notre quotidien souvent trop rythm\u00e9 par la routine, ces films nous rappellent que l&#039;aventure est \u00e0 la port\u00e9e de tous.\" \/>\n<meta name=\"robots\" content=\"index, follow, max-snippet:-1, max-image-preview:large, max-video-preview:-1\" \/>\n<link rel=\"canonical\" href=\"https:\/\/www.explora-project.com\/blog\/articles\/10-films-daventures-et-docus-a-voir-et-revoir\" \/>\n<meta property=\"og:locale\" content=\"fr_FR\" \/>\n<meta property=\"og:type\" content=\"article\" \/>\n<meta property=\"og:title\" content=\"10 films d&#039;aventures et docus \u00e0 voir et revoir - Journal d&#039;Explora Project\" \/>\n<meta property=\"og:description\" content=\"Dans notre quotidien souvent trop rythm\u00e9 par la routine, ces films nous rappellent que l&#039;aventure est \u00e0 la port\u00e9e de tous.\" \/>\n<meta property=\"og:url\" content=\"https:\/\/www.explora-project.com\/blog\/articles\/10-films-daventures-et-docus-a-voir-et-revoir\" \/>\n<meta property=\"og:site_name\" content=\"Journal d&#039;Explora Project\" \/>\n<meta property=\"article:published_time\" content=\"2024-08-21T13:34:21+00:00\" \/>\n<meta property=\"article:modified_time\" content=\"2024-08-24T05:08:42+00:00\" \/>\n<meta property=\"og:image\" content=\"https:\/\/www.explora-project.com\/blog\/wp-content\/uploads\/2024\/08\/Photo-de-couverture-Blog-Docu-2-1024x683.png\" \/>\n\t<meta property=\"og:image:width\" content=\"1024\" \/>\n\t<meta property=\"og:image:height\" content=\"683\" \/>\n\t<meta property=\"og:image:type\" content=\"image\/png\" \/>\n<meta name=\"author\" content=\"anna@explora-project.com\" \/>\n<meta name=\"twitter:card\" content=\"summary_large_image\" \/>\n<meta name=\"twitter:label1\" content=\"Written by\" \/>\n\t<meta name=\"twitter:data1\" content=\"anna@explora-project.com\" \/>\n\t<meta name=\"twitter:label2\" content=\"Est. reading time\" \/>\n\t<meta name=\"twitter:data2\" content=\"13 minutes\" \/>\n<script type=\"application\/ld+json\" class=\"yoast-schema-graph\">{\"@context\":\"https:\/\/schema.org\",\"@graph\":[{\"@type\":\"WebPage\",\"@id\":\"https:\/\/www.explora-project.com\/blog\/articles\/10-films-daventures-et-docus-a-voir-et-revoir\",\"url\":\"https:\/\/www.explora-project.com\/blog\/articles\/10-films-daventures-et-docus-a-voir-et-revoir\",\"name\":\"10 films d'aventures et docus \u00e0 voir et revoir - Journal d&#039;Explora Project\",\"isPartOf\":{\"@id\":\"https:\/\/www.explora-project.com\/blog\/#website\"},\"datePublished\":\"2024-08-21T13:34:21+00:00\",\"dateModified\":\"2024-08-24T05:08:42+00:00\",\"author\":{\"@id\":\"https:\/\/www.explora-project.com\/blog\/#\/schema\/person\/a773aad3591c772047e03c17fd28d501\"},\"description\":\"Dans notre quotidien souvent trop rythm\u00e9 par la routine, ces films nous rappellent que l'aventure est \u00e0 la port\u00e9e de tous.\",\"breadcrumb\":{\"@id\":\"https:\/\/www.explora-project.com\/blog\/articles\/10-films-daventures-et-docus-a-voir-et-revoir#breadcrumb\"},\"inLanguage\":\"fr-FR\",\"potentialAction\":[{\"@type\":\"ReadAction\",\"target\":[\"https:\/\/www.explora-project.com\/blog\/articles\/10-films-daventures-et-docus-a-voir-et-revoir\"]}]},{\"@type\":\"BreadcrumbList\",\"@id\":\"https:\/\/www.explora-project.com\/blog\/articles\/10-films-daventures-et-docus-a-voir-et-revoir#breadcrumb\",\"itemListElement\":[{\"@type\":\"ListItem\",\"position\":1,\"name\":\"Home\",\"item\":\"https:\/\/www.explora-project.com\/blog\"},{\"@type\":\"ListItem\",\"position\":2,\"name\":\"10 films d&rsquo;aventures et docus \u00e0 voir et revoir\"}]},{\"@type\":\"WebSite\",\"@id\":\"https:\/\/www.explora-project.com\/blog\/#website\",\"url\":\"https:\/\/www.explora-project.com\/blog\/\",\"name\":\"Journal d&#039;Explora Project\",\"description\":\"Actualit\u00e9s \u00e0 la une\",\"potentialAction\":[{\"@type\":\"SearchAction\",\"target\":{\"@type\":\"EntryPoint\",\"urlTemplate\":\"https:\/\/www.explora-project.com\/blog\/?s={search_term_string}\"},\"query-input\":\"required name=search_term_string\"}],\"inLanguage\":\"fr-FR\"},{\"@type\":\"Person\",\"@id\":\"https:\/\/www.explora-project.com\/blog\/#\/schema\/person\/a773aad3591c772047e03c17fd28d501\",\"name\":\"anna@explora-project.com\",\"image\":{\"@type\":\"ImageObject\",\"inLanguage\":\"fr-FR\",\"@id\":\"https:\/\/www.explora-project.com\/blog\/#\/schema\/person\/image\/\",\"url\":\"https:\/\/www.explora-project.com\/blog\/wp-content\/uploads\/2023\/10\/MOI-96x96.jpg\",\"contentUrl\":\"https:\/\/www.explora-project.com\/blog\/wp-content\/uploads\/2023\/10\/MOI-96x96.jpg\",\"caption\":\"anna@explora-project.com\"},\"url\":\"https:\/\/www.explora-project.com\/blog\/articles\/author\/annaexplora-project-com\"}]}<\/script>\n<!-- \/ Yoast SEO plugin. -->","yoast_head_json":{"title":"10 films d'aventures et docus \u00e0 voir et revoir - Journal d&#039;Explora Project","description":"Dans notre quotidien souvent trop rythm\u00e9 par la routine, ces films nous rappellent que l'aventure est \u00e0 la port\u00e9e de tous.","robots":{"index":"index","follow":"follow","max-snippet":"max-snippet:-1","max-image-preview":"max-image-preview:large","max-video-preview":"max-video-preview:-1"},"canonical":"https:\/\/www.explora-project.com\/blog\/articles\/10-films-daventures-et-docus-a-voir-et-revoir","og_locale":"fr_FR","og_type":"article","og_title":"10 films d'aventures et docus \u00e0 voir et revoir - Journal d&#039;Explora Project","og_description":"Dans notre quotidien souvent trop rythm\u00e9 par la routine, ces films nous rappellent que l'aventure est \u00e0 la port\u00e9e de tous.","og_url":"https:\/\/www.explora-project.com\/blog\/articles\/10-films-daventures-et-docus-a-voir-et-revoir","og_site_name":"Journal d&#039;Explora Project","article_published_time":"2024-08-21T13:34:21+00:00","article_modified_time":"2024-08-24T05:08:42+00:00","og_image":[{"width":1024,"height":683,"url":"https:\/\/www.explora-project.com\/blog\/wp-content\/uploads\/2024\/08\/Photo-de-couverture-Blog-Docu-2-1024x683.png","type":"image\/png"}],"author":"anna@explora-project.com","twitter_card":"summary_large_image","twitter_misc":{"Written by":"anna@explora-project.com","Est. reading time":"13 minutes"},"schema":{"@context":"https:\/\/schema.org","@graph":[{"@type":"WebPage","@id":"https:\/\/www.explora-project.com\/blog\/articles\/10-films-daventures-et-docus-a-voir-et-revoir","url":"https:\/\/www.explora-project.com\/blog\/articles\/10-films-daventures-et-docus-a-voir-et-revoir","name":"10 films d'aventures et docus \u00e0 voir et revoir - Journal d&#039;Explora Project","isPartOf":{"@id":"https:\/\/www.explora-project.com\/blog\/#website"},"datePublished":"2024-08-21T13:34:21+00:00","dateModified":"2024-08-24T05:08:42+00:00","author":{"@id":"https:\/\/www.explora-project.com\/blog\/#\/schema\/person\/a773aad3591c772047e03c17fd28d501"},"description":"Dans notre quotidien souvent trop rythm\u00e9 par la routine, ces films nous rappellent que l'aventure est \u00e0 la port\u00e9e de tous.","breadcrumb":{"@id":"https:\/\/www.explora-project.com\/blog\/articles\/10-films-daventures-et-docus-a-voir-et-revoir#breadcrumb"},"inLanguage":"fr-FR","potentialAction":[{"@type":"ReadAction","target":["https:\/\/www.explora-project.com\/blog\/articles\/10-films-daventures-et-docus-a-voir-et-revoir"]}]},{"@type":"BreadcrumbList","@id":"https:\/\/www.explora-project.com\/blog\/articles\/10-films-daventures-et-docus-a-voir-et-revoir#breadcrumb","itemListElement":[{"@type":"ListItem","position":1,"name":"Home","item":"https:\/\/www.explora-project.com\/blog"},{"@type":"ListItem","position":2,"name":"10 films d&rsquo;aventures et docus \u00e0 voir et revoir"}]},{"@type":"WebSite","@id":"https:\/\/www.explora-project.com\/blog\/#website","url":"https:\/\/www.explora-project.com\/blog\/","name":"Journal d&#039;Explora Project","description":"Actualit\u00e9s \u00e0 la une","potentialAction":[{"@type":"SearchAction","target":{"@type":"EntryPoint","urlTemplate":"https:\/\/www.explora-project.com\/blog\/?s={search_term_string}"},"query-input":"required name=search_term_string"}],"inLanguage":"fr-FR"},{"@type":"Person","@id":"https:\/\/www.explora-project.com\/blog\/#\/schema\/person\/a773aad3591c772047e03c17fd28d501","name":"anna@explora-project.com","image":{"@type":"ImageObject","inLanguage":"fr-FR","@id":"https:\/\/www.explora-project.com\/blog\/#\/schema\/person\/image\/","url":"https:\/\/www.explora-project.com\/blog\/wp-content\/uploads\/2023\/10\/MOI-96x96.jpg","contentUrl":"https:\/\/www.explora-project.com\/blog\/wp-content\/uploads\/2023\/10\/MOI-96x96.jpg","caption":"anna@explora-project.com"},"url":"https:\/\/www.explora-project.com\/blog\/articles\/author\/annaexplora-project-com"}]}},"_links":{"self":[{"href":"https:\/\/www.explora-project.com\/blog\/wp-json\/wp\/v2\/posts\/4570"}],"collection":[{"href":"https:\/\/www.explora-project.com\/blog\/wp-json\/wp\/v2\/posts"}],"about":[{"href":"https:\/\/www.explora-project.com\/blog\/wp-json\/wp\/v2\/types\/post"}],"author":[{"embeddable":true,"href":"https:\/\/www.explora-project.com\/blog\/wp-json\/wp\/v2\/users\/22"}],"replies":[{"embeddable":true,"href":"https:\/\/www.explora-project.com\/blog\/wp-json\/wp\/v2\/comments?post=4570"}],"version-history":[{"count":12,"href":"https:\/\/www.explora-project.com\/blog\/wp-json\/wp\/v2\/posts\/4570\/revisions"}],"predecessor-version":[{"id":4638,"href":"https:\/\/www.explora-project.com\/blog\/wp-json\/wp\/v2\/posts\/4570\/revisions\/4638"}],"wp:featuredmedia":[{"embeddable":true,"href":"https:\/\/www.explora-project.com\/blog\/wp-json\/wp\/v2\/media\/4602"}],"wp:attachment":[{"href":"https:\/\/www.explora-project.com\/blog\/wp-json\/wp\/v2\/media?parent=4570"}],"wp:term":[{"taxonomy":"category","embeddable":true,"href":"https:\/\/www.explora-project.com\/blog\/wp-json\/wp\/v2\/categories?post=4570"},{"taxonomy":"post_tag","embeddable":true,"href":"https:\/\/www.explora-project.com\/blog\/wp-json\/wp\/v2\/tags?post=4570"}],"curies":[{"name":"wp","href":"https:\/\/api.w.org\/{rel}","templated":true}]}}