{"id":4040,"date":"2024-02-14T16:23:53","date_gmt":"2024-02-14T15:23:53","guid":{"rendered":"https:\/\/www.explora-project.com\/blog\/?p=4040"},"modified":"2025-08-12T09:14:57","modified_gmt":"2025-08-12T07:14:57","slug":"vacances-parents-solo-decouvre-laventure-en-base-camp","status":"publish","type":"post","link":"https:\/\/www.explora-project.com\/blog\/articles\/vacances-parents-solo-decouvre-laventure-en-base-camp","title":{"rendered":"Vacances parents solo : d\u00e9couvre l&rsquo;Aventure en Family Base Camp\u00ae"},"content":{"rendered":"\n<p class=\"has-normal-font-size\">Dans un monde o\u00f9 le concept de famille \u00e9volue constamment, les vacances en solo parental deviennent une nouvelle norme, apportant avec elles leur lot de d\u00e9fis et d&rsquo;opportunit\u00e9s. Chez Explora Project, nous comprenons les besoins uniques des parents solos et avons con\u00e7u nos offres de Family Base Camp\u00ae pour r\u00e9pondre \u00e0 ces besoins, en offrant des vacances qui renforcent les liens familiaux, favorisent l&rsquo;aventure et encouragent les rencontres.<\/p>\n\n\n\n<figure class=\"wp-block-embed aligncenter is-type-video is-provider-youtube wp-block-embed-youtube wp-embed-aspect-16-9 wp-has-aspect-ratio\"><div class=\"wp-block-embed__wrapper\">\n<iframe loading=\"lazy\" title=\"D\u00e9couvre nos Family Base Camp pour cet \u00e9t\u00e9 !\" width=\"990\" height=\"557\" src=\"https:\/\/www.youtube.com\/embed\/CPTRonzxrPk?feature=oembed&#038;enablejsapi=1&#038;origin=https:\/\/www.explora-project.com\" frameborder=\"0\" allow=\"accelerometer; autoplay; clipboard-write; encrypted-media; gyroscope; picture-in-picture; web-share\" referrerpolicy=\"strict-origin-when-cross-origin\" allowfullscreen><\/iframe>\n<\/div><\/figure>\n\n\n\n<h2 class=\"has-gold-color has-text-color\">Pourquoi choisir nos Family Base Camp\u00ae pour des vacances parent solo ?<\/h2>\n\n\n\n<h3>Adaptabilit\u00e9 aux familles monoparentales<\/h3>\n\n\n\n<p class=\"has-normal-font-size\">Nos Family Base Camp\u00ae sont con\u00e7us pour offrir flexibilit\u00e9 et confort aux familles monoparentales. Avec un \u00e9ventail d&rsquo;activit\u00e9s soigneusement adapt\u00e9es \u00e0 tous les \u00e2ges, les parents trouvent l&rsquo;\u00e9quilibre id\u00e9al entre moments d&rsquo;aventure excitants et p\u00e9riodes de d\u00e9tente paisibles. Nos propositions vont des randonn\u00e9es con\u00e7ues pour respecter le rythme de chacun, \u00e0 des ateliers de survie qui stimulent l&rsquo;esprit d&rsquo;\u00e9quipe, en passant par des veill\u00e9es \u00e9toil\u00e9es qui \u00e9veillent la curiosit\u00e9 et l&rsquo;imaginaire. Chaque activit\u00e9, chaque moment pass\u00e9 au camp est pens\u00e9 pour \u00eatre pleinement inclusif, garantissant que chaque enfant, quel que soit son \u00e2ge, et chaque parent vivent une exp\u00e9rience engageante et enrichissante. Nous veillons \u00e0 ce que nos camps soient des espaces o\u00f9 l&rsquo;on se sent chez soi, o\u00f9 la convivialit\u00e9 et le partage sont les ma\u00eetres mots, permettant ainsi \u00e0 chaque famille de tisser des souvenirs pr\u00e9cieux dans un cadre serein et accueillant.<\/p>\n\n\n\n<h3>Renforcement du lien parent-enfant<\/h3>\n\n\n\n<div class=\"is-layout-flex wp-container-3 wp-block-columns\">\n<div class=\"is-layout-flow wp-block-column\" style=\"flex-basis:66.66%\">\n<p class=\"has-normal-font-size\">Les vacances en Family Base Camp\u00ae se transforment en v\u00e9ritables opportunit\u00e9s pour fortifier les liens parent-enfant, transformant chaque journ\u00e9e en une aventure commune riche en d\u00e9couvertes. Au-del\u00e0 des activit\u00e9s classiques, nous proposons des exp\u00e9riences con\u00e7ues pour stimuler la coop\u00e9ration et la communication, des \u00e9l\u00e9ments cl\u00e9s dans le renforcement des relations familiales. Les randonn\u00e9es au c\u0153ur des paysages \u00e9poustouflants du Beaufortain, les explorations ludiques avec des \u00e2nes dans les Vosges, ou encore les ateliers cr\u00e9atifs en pleine nature, sont autant de moments propices au partage et \u00e0 la cr\u00e9ation de souvenirs ind\u00e9l\u00e9biles. Nous croyons fermement que ces exp\u00e9riences communes, v\u00e9cues dans le cadre majestueux de la nature, contribuent \u00e0 tisser des liens plus forts et plus profonds, faisant des vacances un temps pr\u00e9cieux de reconnexion et de joie partag\u00e9e.<\/p>\n<\/div>\n\n\n\n<div class=\"is-layout-flow wp-block-column\" style=\"flex-basis:33.33%\">\n<figure class=\"wp-block-image size-large is-resized\"><img decoding=\"async\" loading=\"lazy\" src=\"https:\/\/www.explora-project.com\/blog\/wp-content\/uploads\/2024\/02\/8edca488d362080f5e7caf21184bd44b06ee1d94137713a515b6218dc5920d74-7-1024x682.png\" alt=\"\" class=\"wp-image-4054\" width=\"606\" height=\"403\" srcset=\"https:\/\/www.explora-project.com\/blog\/wp-content\/uploads\/2024\/02\/8edca488d362080f5e7caf21184bd44b06ee1d94137713a515b6218dc5920d74-7-1024x682.png 1024w, https:\/\/www.explora-project.com\/blog\/wp-content\/uploads\/2024\/02\/8edca488d362080f5e7caf21184bd44b06ee1d94137713a515b6218dc5920d74-7-300x200.png 300w, https:\/\/www.explora-project.com\/blog\/wp-content\/uploads\/2024\/02\/8edca488d362080f5e7caf21184bd44b06ee1d94137713a515b6218dc5920d74-7-768x512.png 768w, https:\/\/www.explora-project.com\/blog\/wp-content\/uploads\/2024\/02\/8edca488d362080f5e7caf21184bd44b06ee1d94137713a515b6218dc5920d74-7.png 1219w\" sizes=\"(max-width: 606px) 100vw, 606px\" \/><\/figure>\n<\/div>\n<\/div>\n\n\n\n<h3>Opportunit\u00e9s de socialisation<\/h3>\n\n\n\n<p class=\"has-normal-font-size\">Au sein de nos Family Base Camp\u00ae, nous offrons une plateforme unique pour les parents solos souhaitant \u00e9largir leur cercle social et rencontrer d&rsquo;autres familles vivant des r\u00e9alit\u00e9s similaires. Ces interactions, facilit\u00e9es dans un cadre d\u00e9tendu et naturel, deviennent des occasions pr\u00e9cieuses de tisser des liens durables, d&rsquo;\u00e9changer des exp\u00e9riences de vie et des conseils pratiques, et de partager des moments de convivialit\u00e9 authentique. Les activit\u00e9s de groupe, les repas partag\u00e9s et les veill\u00e9es autour du feu cr\u00e9ent un sentiment de communaut\u00e9, o\u00f9 chacun peut se sentir soutenu et compris. Ces rencontres enrichissent l&rsquo;exp\u00e9rience de vacances, ajoutant une dimension sociale et humaine qui va bien au-del\u00e0 de la simple aventure en plein air. Chez Explora Project, nous valorisons ces moments d&rsquo;\u00e9change et de partage, convaincus qu&rsquo;ils contribuent \u00e0 enrichir l&rsquo;exp\u00e9rience de chacun, en offrant non seulement des souvenirs inoubliables mais aussi des amiti\u00e9s qui perdurent bien apr\u00e8s la fin des vacances.<\/p>\n\n\n\n<h3>Sorties et Aventures au C\u0153ur de la Nature<\/h3>\n\n\n\n<p class=\"has-normal-font-size\"><br>Au c\u0153ur de nos Family Base Camp\u00ae, chaque sortie se transforme en une aventure incontournable, o\u00f9 le parc naturel devient votre terrain de jeu. Loin des animations standardis\u00e9es des complexes touristiques, nous privil\u00e9gions des espaces ouverts, o\u00f9 les lacs scintillants et les vastes \u00e9tendues sauvages invitent \u00e0 l&rsquo;exploration et \u00e0 la connexion profonde avec la nature. Ces sorties, soigneusement con\u00e7ues, offrent bien plus qu&rsquo;une simple distraction ; elles sont une porte ouverte sur des exp\u00e9riences enrichissantes et authentiques. Que ce soit une randonn\u00e9e au lever du soleil \u00e0 la d\u00e9couverte d&rsquo;un lac cach\u00e9 ou une soir\u00e9e d&rsquo;observation des \u00e9toiles dans un espace pr\u00e9serv\u00e9, chaque activit\u00e9 est pens\u00e9e pour \u00e9veiller vos sens et vous plonger dans la beaut\u00e9 brute de la nature environnante. Avec Explora Project, la sortie du quotidien se fait vers des lieux o\u00f9 chaque d\u00e9tail, des reflets sur le lac aux bruits discrets de la for\u00eat, contribue \u00e0 cr\u00e9er des souvenirs inoubliables.<\/p>\n\n\n\n<h3>Des h\u00e9bergements Confort et Nature  <\/h3>\n\n\n\n<div class=\"is-layout-flex wp-container-6 wp-block-columns\">\n<div class=\"is-layout-flow wp-block-column\" style=\"flex-basis:66.66%\">\n<p class=\"has-normal-font-size\">Les h\u00e9bergements propos\u00e9s dans nos Family Base Camp\u00ae d&rsquo;Explora Project sont soigneusement s\u00e9lectionn\u00e9s pour offrir aux familles monoparentales un havre de paix et de confort au c\u0153ur de la nature. Nous privil\u00e9gions des espaces d&rsquo;accueil qui se fondent harmonieusement dans l&rsquo;environnement naturel, tout en garantissant s\u00e9curit\u00e9 et intimit\u00e9. Que ce soit des tentes spacieuses et robustes, des chalets en bois nich\u00e9s au milieu des arbres ou des bivouacs \u00e9toil\u00e9s, chaque option d&rsquo;h\u00e9bergement est con\u00e7ue pour renforcer l&rsquo;immersion dans la beaut\u00e9 sauvage des paysages environnants. Ces espaces de vie sont pens\u00e9s pour favoriser les moments de partage et de d\u00e9tente en famille, apr\u00e8s une journ\u00e9e riche en aventures. Chaque d\u00e9tail, de la qualit\u00e9 des couchages \u00e0 l&rsquo;agencement des lieux de repos, est \u00e9tudi\u00e9 pour assurer le bien-\u00eatre de tous, parents comme enfants, faisant de chaque nuit une exp\u00e9rience \u00e0 part enti\u00e8re, berc\u00e9e par les sons apaisants de la nature. Chez Explora Project, nous comprenons l&rsquo;importance d&rsquo;un lieu de repos confortable et accueillant, c&rsquo;est pourquoi nous mettons un point d&rsquo;honneur \u00e0 ce que nos h\u00e9bergements contribuent \u00e0 rendre votre s\u00e9jour inoubliable et ressour\u00e7ant.<\/p>\n<\/div>\n\n\n\n<div class=\"is-layout-flow wp-block-column\" style=\"flex-basis:33.33%\">\n<figure class=\"wp-block-image size-full is-resized\"><img decoding=\"async\" loading=\"lazy\" src=\"https:\/\/www.explora-project.com\/blog\/wp-content\/uploads\/2024\/02\/4b0a9b99a99b63bfdb7bb530e2eee4611d12cda224b38413f82200cbb1fae367.png\" alt=\"\" class=\"wp-image-4049\" width=\"644\" height=\"442\" srcset=\"https:\/\/www.explora-project.com\/blog\/wp-content\/uploads\/2024\/02\/4b0a9b99a99b63bfdb7bb530e2eee4611d12cda224b38413f82200cbb1fae367.png 680w, https:\/\/www.explora-project.com\/blog\/wp-content\/uploads\/2024\/02\/4b0a9b99a99b63bfdb7bb530e2eee4611d12cda224b38413f82200cbb1fae367-300x206.png 300w\" sizes=\"(max-width: 644px) 100vw, 644px\" \/><\/figure>\n<\/div>\n<\/div>\n\n\n\n<p class=\"has-normal-font-size\">Au c\u0153ur de nos Family Base Camp\u00ae, les nuits se transforment en une toile de fond \u00e9toil\u00e9e pour des exp\u00e9riences uniques, loin des locations traditionnelles. Chaque nuit pass\u00e9e au bord de la nature sauvage invite \u00e0 des observations c\u00e9lestes captivantes, o\u00f9 les familles adorent s&rsquo;immerger dans le calme nocturne. Loin des animations bruyantes des complexes touristiques, nos soir\u00e9es sont ponctu\u00e9es de jeux et de contes autour du feu, favorisant une atmosph\u00e8re intime et conviviale. Cette proximit\u00e9 avec la nature permet des rencontres inattendues avec la faune locale, transformant chaque sortie nocturne en une v\u00e9ritable aventure animali\u00e8re. Nos camps sont judicieusement situ\u00e9s \u00e0 proximit\u00e9 de charmants villages, offrant l&rsquo;opportunit\u00e9 d&rsquo;explorer les cultures et les esp\u00e8ces r\u00e9gionales, enrichissant ainsi l&rsquo;exp\u00e9rience de chaque visiteur.<\/p>\n\n\n\n<p class=\"has-normal-font-size\">Dans nos Family Base Camp\u00ae, l&rsquo;animation prend une tout autre dimension. Loin des classiques animations de bord de plage, nous proposons des activit\u00e9s en immersion totale avec l&rsquo;environnement. Les jeux con\u00e7us pour les enfants explorent les merveilles de la biodiversit\u00e9, les sensibilisant \u00e0 la richesse des esp\u00e8ces qui peuplent nos sites. Les familles adorent ces moments partag\u00e9s, o\u00f9 l&rsquo;apprentissage se fait dans la joie et l&rsquo;\u00e9merveillement. La location d&rsquo;un s\u00e9jour chez Explora Project signifie choisir un espace o\u00f9 la nature environnante est un vaste terrain de jeu, encourageant l&rsquo;observation et le respect de l&rsquo;environnement. \u00c0 la tomb\u00e9e de la nuit, nos camps s&rsquo;animent d&rsquo;une ambiance chaleureuse, o\u00f9 les histoires et les rires se partagent sous un ciel constell\u00e9, offrant une alternative authentique aux nuits dans des \u00e9tablissements classiques, souvent isol\u00e9s de la magie de la nature.<\/p>\n\n\n\n<h3>La Pension Compl\u00e8te au Family Base Camp\u00ae<\/h3>\n\n\n\n<p class=\"has-normal-font-size\">Dans nos Family Base Camp\u00ae, nous offrons bien plus qu&rsquo;un simple s\u00e9jour : nous vous invitons \u00e0 une exp\u00e9rience de pension compl\u00e8te o\u00f9 chaque d\u00e9tail est pens\u00e9 pour vous lib\u00e9rer de toute charge mentale. Un Base Camp Lead d\u00e9di\u00e9 prend en charge toute l&rsquo;intendance, garantissant que votre s\u00e9jour se d\u00e9roule sans le moindre souci. De la pr\u00e9paration des repas \u00e0 l&rsquo;organisation des activit\u00e9s, notre \u00e9quipe veille \u00e0 ce que chaque aspect de votre aventure soit impeccablement orchestr\u00e9. Nous mettons un point d&rsquo;honneur \u00e0 servir des mets pr\u00e9par\u00e9s \u00e0 partir de produits frais et locaux, soulignant notre engagement envers la qualit\u00e9 et la durabilit\u00e9. Chaque repas devient ainsi une occasion de d\u00e9couvrir les saveurs authentiques de la r\u00e9gion, dans un esprit de convivialit\u00e9 et de partage. Cette approche de la pension compl\u00e8te assure non seulement une exp\u00e9rience culinaire enrichissante mais lib\u00e8re \u00e9galement les parents de toute pr\u00e9occupation logistique, leur permettant de se consacrer pleinement \u00e0 l&rsquo;aventure et aux moments pr\u00e9cieux pass\u00e9s en famille.<\/p>\n\n\n\n<h2 class=\"has-gold-color has-text-color\">D\u00e9couverte des destinations Family Base Camp\u00ae<\/h2>\n\n\n\n<h3>Family Base Camp\u00ae : un \u00e9t\u00e9 dans le Beaufortain<\/h3>\n\n\n\n<p class=\"has-normal-font-size\">Le Family Base Camp\u00ae du Beaufortain en \u00e9t\u00e9 repr\u00e9sente l&rsquo;escapade id\u00e9ale pour les familles en qu\u00eate d&rsquo;une immersion totale dans l&rsquo;enchantement des Alpes. Cet \u00e9t\u00e9, les activit\u00e9s se d\u00e9roulent au c\u0153ur d&rsquo;une nature majestueuse, o\u00f9 les randonn\u00e9es en montagne r\u00e9v\u00e8lent des panoramas \u00e9poustouflants et m\u00e8nent \u00e0 des lacs d&rsquo;altitude secrets. Ces lacs, nich\u00e9s comme des joyaux au bord des sentiers, deviennent des lieux privil\u00e9gi\u00e9s pour des pauses rafra\u00eechissantes que les enfants adorent et o\u00f9 les familles peuvent se retrouver pour des moments de d\u00e9tente et de jeux au bord de l&rsquo;eau. En plus des randonn\u00e9es, une multitude d&rsquo;animations sont propos\u00e9es, con\u00e7ues sp\u00e9cialement pour captiver l&rsquo;imaginaire des plus jeunes et enrichir l&rsquo;exp\u00e9rience de chaque membre de la famille. Que ce soit \u00e0 travers des ateliers de d\u00e9couverte de la faune et de la flore alpines, des veill\u00e9es sous les \u00e9toiles, ou encore des initiations \u00e0 l&rsquo;orientation, chaque journ\u00e9e est une aventure en soi. Ces activit\u00e9s, se d\u00e9roulant dans des cadres naturels \u00e0 couper le souffle, offrent non seulement un spectacle visuel in\u00e9gal\u00e9 mais aussi une opportunit\u00e9 de cr\u00e9er des souvenirs inoubliables, tissant des liens forts entre parents et enfants. Le Family Base Camp\u00ae du Beaufortain est ainsi plus qu&rsquo;une simple destination de vacances ; c&rsquo;est une invitation \u00e0 vivre des moments pr\u00e9cieux en famille, au bord des lacs alpins, sous le signe de l&rsquo;aventure et du partage.<\/p>\n\n\n\n<pre class=\"wp-block-verse has-normal-font-size\"><strong>Date :<\/strong> de Juillet \u00e0 Ao\u00fbt - <strong>H\u00e9bergement :<\/strong> chalet - <strong>Age minimum des enfants :<\/strong> 3 ans - <strong>Dur\u00e9e :<\/strong> 7 jours<\/pre>\n\n\n\n<figure class=\"wp-block-embed aligncenter is-type-video is-provider-youtube wp-block-embed-youtube wp-embed-aspect-16-9 wp-has-aspect-ratio\"><div class=\"wp-block-embed__wrapper\">\n<iframe loading=\"lazy\" title=\"Family Base Camp \u00e9t\u00e9 dans le massif du Beaufortain\" width=\"990\" height=\"557\" src=\"https:\/\/www.youtube.com\/embed\/7YSSGy1Q23Y?feature=oembed&#038;enablejsapi=1&#038;origin=https:\/\/www.explora-project.com\" frameborder=\"0\" allow=\"accelerometer; autoplay; clipboard-write; encrypted-media; gyroscope; picture-in-picture; web-share\" referrerpolicy=\"strict-origin-when-cross-origin\" allowfullscreen><\/iframe>\n<\/div><\/figure>\n\n\n\n<div class=\"is-layout-flex wp-block-buttons\">\n<div class=\"wp-block-button aligncenter has-custom-font-size has-normal-font-size\"><a class=\"wp-block-button__link has-white-color has-gold-background-color has-text-color has-background wp-element-button\" href=\"https:\/\/www.explora-project.com\/expeditions\/ete-family-basecamp-dans-le-massif-du-beaufortain\" style=\"border-radius:5px\" target=\"_blank\" rel=\"noreferrer noopener\">R\u00e9servez votre s\u00e9jour<\/a><\/div>\n<\/div>\n\n\n\n<h3>Family Base Camp\u00ae : un \u00e9t\u00e9 dans les Vosges<\/h3>\n\n\n\n<p class=\"has-normal-font-size\">C&rsquo;est la promesse une aventure estivale inoubliable pour les familles en qu\u00eate de nature et d&rsquo;authenticit\u00e9. Nich\u00e9 au c\u0153ur des montagnes verdoyantes, ce camp offre une pension compl\u00e8te, permettant aux familles de se lib\u00e9rer de toute pr\u00e9occupation logistique pour se consacrer pleinement \u00e0 l&rsquo;exploration et \u00e0 la d\u00e9tente. Les sorties quotidiennes sont une invitation \u00e0 d\u00e9couvrir les tr\u00e9sors cach\u00e9s des Vosges, des lacs paisibles aux for\u00eats denses, en passant par des panoramas \u00e0 couper le souffle. Chaque lac rencontr\u00e9 en chemin est une occasion de pause et de contemplation, offrant des moments de fra\u00eecheur et de jeux au bord de l&rsquo;eau. Les villages typiques des alentours, avec leur patrimoine riche et leurs traditions pr\u00e9serv\u00e9es, sont des escales charmantes qui enrichissent l&rsquo;exp\u00e9rience par leur authenticit\u00e9 et leur convivialit\u00e9. Ce Family Base Camp\u00ae est bien plus qu&rsquo;un simple s\u00e9jour : c&rsquo;est une plong\u00e9e au c\u0153ur de la nature, o\u00f9 chaque jour est une nouvelle d\u00e9couverte, et chaque parcours, un chemin vers de nouvelles aventures partag\u00e9es en famille.<\/p>\n\n\n\n<pre class=\"wp-block-verse has-normal-font-size\"><strong>Date :<\/strong> d'Avril \u00e0 Ao\u00fbt - <strong>H\u00e9bergement :<\/strong> gite - <strong>Age minimum des enfants :<\/strong> 3 ans - <strong>Dur\u00e9e :<\/strong> 7 jours<\/pre>\n\n\n\n<div class=\"is-layout-flex wp-block-buttons\">\n<div class=\"wp-block-button aligncenter has-custom-font-size has-normal-font-size\"><a class=\"wp-block-button__link has-white-color has-gold-background-color has-text-color has-background wp-element-button\" href=\"https:\/\/www.explora-project.com\/expeditions\/family-base-camp-un-ete-dans-les-vosges\" style=\"border-radius:5px\" target=\"_blank\" rel=\"noreferrer noopener\">R\u00e9servez votre s\u00e9jour<\/a><\/div>\n<\/div>\n\n\n\n<h3>\u00c9t\u00e9 Family Base Camp\u00ae dans les C\u00e9vennes<\/h3>\n\n\n\n<p class=\"has-normal-font-size\">L&rsquo;exp\u00e9dition d&rsquo;\u00e9t\u00e9 Family Base Camp\u00ae dans les C\u00e9vennes invite \u00e0 une immersion exceptionnelle au c\u0153ur d&rsquo;un parc national r\u00e9put\u00e9 pour sa biodiversit\u00e9 et ses paysages \u00e0 couper le souffle. Cette aventure est une occasion unique pour les familles de se reconnecter avec la nature et de d\u00e9couvrir ensemble la richesse historique et culturelle des C\u00e9vennes. Entre les randonn\u00e9es \u00e0 travers les vall\u00e9es verdoyantes, les baignades dans des eaux cristallines et les explorations de villages pittoresques, chaque jour est une aventure en soi. Ce Family Base Camp\u00ae offre une exp\u00e9rience riche en d\u00e9couvertes, o\u00f9 la proximit\u00e9 avec la nature permet d&rsquo;observer une faune et une flore exceptionnelles, offrant un cadre idyllique pour des vacances familiales inoubliables.<\/p>\n\n\n\n<pre class=\"wp-block-verse has-normal-font-size\"><strong>Date :<\/strong> de Juillet \u00e0 Ao\u00fbt - <strong>H\u00e9bergement :<\/strong> gite - <strong>Age minimum des enfants :<\/strong> 3 ans - <strong>Dur\u00e9e :<\/strong> 7 jours<\/pre>\n\n\n\n<div class=\"is-layout-flex wp-block-buttons\">\n<div class=\"wp-block-button aligncenter has-custom-font-size has-normal-font-size\"><a class=\"wp-block-button__link has-white-color has-gold-background-color has-text-color has-background wp-element-button\" href=\"\" style=\"border-radius:5px\" target=\"_blank\" rel=\"noreferrer noopener\">R\u00e9servez votre s\u00e9jour<\/a><\/div>\n<\/div>\n\n\n\n<h3>Family Base Camp\u00ae : D\u00e9couverte nature au Lac L\u00e9man<\/h3>\n\n\n\n<p class=\"has-normal-font-size\">Ce s\u00e9jour invite les familles \u00e0 plonger dans un monde d&rsquo;aventures au bord de l&rsquo;un des plus majestueux lacs d&rsquo;Europe. Ce s\u00e9jour unique est con\u00e7u pour les familles d\u00e9sireuses de combiner la tranquillit\u00e9 lacustre et l&rsquo;excitation des d\u00e9couvertes en pleine nature. Entour\u00e9s par les eaux scintillantes du Lac L\u00e9man et les sommets alpins, les participants vivent des moments inoubliables, explorant les richesses naturelles et culturelles de cette r\u00e9gion embl\u00e9matique. Les activit\u00e9s, vari\u00e9es et adapt\u00e9es \u00e0 tous les \u00e2ges, permettent de plonger au c\u0153ur de la biodiversit\u00e9 locale, explorant les richesses \u00e9cologiques et culturelles de la r\u00e9gion. De la randonn\u00e9e le long des sentiers verdoyants offrant des vues panoramiques sur le lac, \u00e0 des ateliers ludiques sur la faune et la flore, chaque journ\u00e9e est une invitation \u00e0 l&rsquo;aventure et \u00e0 l&rsquo;apprentissage. Une magnifique piscine permettra \u00e0 toute la famille de se d\u00e9tendre avec ces journ\u00e9es riches en \u00e9motions et en d\u00e9couvertes. <\/p>\n\n\n\n<pre class=\"wp-block-verse has-normal-font-size\"><strong>Date :<\/strong> Juillet - <strong>H\u00e9bergement :<\/strong> gite - <strong>Age minimum des enfants :<\/strong> 3 ans - <strong>Dur\u00e9e :<\/strong> 7 jours<\/pre>\n\n\n\n<div class=\"is-layout-flex wp-block-buttons\">\n<div class=\"wp-block-button aligncenter has-custom-font-size has-normal-font-size\"><a class=\"wp-block-button__link has-white-color has-gold-background-color has-text-color has-background wp-element-button\" href=\"https:\/\/www.explora-project.com\/expeditions\/family-base-camp-decouverte-nature-lac-leman\" style=\"border-radius:5px\" target=\"_blank\" rel=\"noreferrer noopener\">R\u00e9servez votre s\u00e9jour<\/a><\/div>\n<\/div>\n\n\n\n<h3>Family Base Camp\u00ae : un printemps dans le Beaufortain<\/h3>\n\n\n\n<p class=\"has-normal-font-size\">C&rsquo;est une invitation \u00e0 c\u00e9l\u00e9brer le renouveau de la nature au sein d&rsquo;un cadre montagneux spectaculaire. Cette exp\u00e9dition de printemps est con\u00e7ue pour les familles d\u00e9sireuses de s&rsquo;immerger dans la beaut\u00e9 \u00e9veill\u00e9e du Beaufortain, o\u00f9 les prairies reprennent des couleurs et les sommets encore enneig\u00e9s se dressent majestueusement \u00e0 l&rsquo;horizon. Avec une formule en pension compl\u00e8te, les familles peuvent se d\u00e9tendre pleinement, savourant chaque sortie sans se pr\u00e9occuper des d\u00e9tails pratiques. Les randonn\u00e9es \u00e0 travers le parc sont jalonn\u00e9es de moments d&rsquo;\u00e9merveillement, o\u00f9 la flore de montagne renaissante offre un spectacle vari\u00e9 et color\u00e9. Les lacs, encore paisibles en cette saison, refl\u00e8tent la beaut\u00e9 tranquille des paysages alpins, offrant des pauses rafra\u00eechissantes et des points de vue magnifiques. Les villages du Beaufortain, avec leur architecture traditionnelle et leur accueil chaleureux, ponctuent les itin\u00e9raires, offrant des escales enrichissantes o\u00f9 la culture et les traditions locales se partagent. Ce Family Base Camp\u00ae de printemps est l&rsquo;occasion parfaite pour les familles de se reconnecter avec la nature, de respirer l&rsquo;air pur des montagnes et de vivre des aventures m\u00e9morables dans le cadre enchanteur du Beaufortain.<\/p>\n\n\n\n<pre class=\"wp-block-verse has-normal-font-size\"><strong>Date :<\/strong> Avril - <strong>H\u00e9bergement :<\/strong> chalet - <strong>Age minimum des enfants :<\/strong> 3 ans - <strong>Dur\u00e9e :<\/strong> 7 jours<\/pre>\n\n\n\n<div class=\"is-layout-flex wp-block-buttons\">\n<div class=\"wp-block-button aligncenter has-custom-font-size has-normal-font-size\"><a class=\"wp-block-button__link has-white-color has-gold-background-color has-text-color has-background wp-element-button\" href=\"https:\/\/www.explora-project.com\/expeditions\/basecamp-famille-printemps-beaufortain\" style=\"border-radius:5px\" target=\"_blank\" rel=\"noreferrer noopener\">R\u00e9servez votre s\u00e9jour<\/a><\/div>\n<\/div>\n\n\n\n<h3>Family Base Camp\u00ae : \u00e0 la d\u00e9couverte des Vosges<\/h3>\n\n\n\n<p class=\"has-normal-font-size\">Pour transformer les vacances en famille en une aventure exceptionnelle, o\u00f9 nature et complicit\u00e9 se rencontrent. Cette exp\u00e9rience unique propose une immersion totale dans la splendeur des Vosges, avec un twist enchanteur : la pr\u00e9sence d&rsquo;\u00e2nes comme compagnons de route. Ces doux animaux, parfaits pour les sorties en famille, ajoutent une dimension ludique et p\u00e9dagogique aux randonn\u00e9es, portant les bagages et offrant aux enfants une interaction fascinante avec le monde animalier. La pension compl\u00e8te assure une s\u00e9r\u00e9nit\u00e9 totale aux parents, leur permettant de profiter pleinement de chaque moment pass\u00e9 en nature, sans se soucier de l&rsquo;intendance. Les parcours soigneusement choisis m\u00e8nent \u00e0 des lacs cristallins o\u00f9 se refl\u00e8tent les sommets verdoyants, \u00e0 des villages pittoresques empreints d&rsquo;histoire, et \u00e0 travers des paysages de cartes postales qui font le charme des Vosges. Chaque \u00e9tape est une d\u00e9couverte, chaque lac une oasis de tranquillit\u00e9, et chaque village une fen\u00eatre sur la culture locale. Ce Family Base Camp\u00ae avec des \u00e2nes est une invitation \u00e0 ralentir, \u00e0 observer et \u00e0 savourer les joies simples de la vie en plein air, en cr\u00e9ant des souvenirs inoubliables au c\u0153ur d&rsquo;un parc naturel d&rsquo;exception.<\/p>\n\n\n\n<pre class=\"wp-block-verse has-normal-font-size\"><strong>Date :<\/strong> Juillet - <strong>H\u00e9bergement :<\/strong> gite - <strong>Age minimum des enfants :<\/strong> 3 ans - <strong>Dur\u00e9e :<\/strong> 7 jours<\/pre>\n\n\n<div class=\"wp-block-image\">\n<figure class=\"aligncenter size-full\"><img decoding=\"async\" loading=\"lazy\" width=\"624\" height=\"416\" src=\"https:\/\/www.explora-project.com\/blog\/wp-content\/uploads\/2024\/02\/8edca488d362080f5e7caf21184bd44b06ee1d94137713a515b6218dc5920d74-3.png\" alt=\"\" class=\"wp-image-4046\" srcset=\"https:\/\/www.explora-project.com\/blog\/wp-content\/uploads\/2024\/02\/8edca488d362080f5e7caf21184bd44b06ee1d94137713a515b6218dc5920d74-3.png 624w, https:\/\/www.explora-project.com\/blog\/wp-content\/uploads\/2024\/02\/8edca488d362080f5e7caf21184bd44b06ee1d94137713a515b6218dc5920d74-3-300x200.png 300w\" sizes=\"(max-width: 624px) 100vw, 624px\" \/><\/figure><\/div>\n\n\n<div class=\"is-layout-flex wp-block-buttons\">\n<div class=\"wp-block-button aligncenter has-custom-font-size has-normal-font-size\"><a class=\"wp-block-button__link has-white-color has-gold-background-color has-text-color has-background wp-element-button\" href=\"https:\/\/www.explora-project.com\/expeditions\/family-base-camp-un-ete-dans-les-vosges-anes\" style=\"border-radius:5px\" target=\"_blank\" rel=\"noreferrer noopener\">R\u00e9servez votre s\u00e9jour<\/a><\/div>\n<\/div>\n\n\n\n<h3>Family Base Camp\u00ae : un hiver dans le Beaufortain<\/h3>\n\n\n\n<p class=\"has-normal-font-size\">Le Family Base Camp\u00ae dans le Beaufortain est une v\u00e9ritable immersion dans l&rsquo;univers alpin, offrant aux familles une exp\u00e9rience de montagne authentique et m\u00e9morable. Nich\u00e9 dans un d\u00e9cor de cartes postales, o\u00f9 les sommets enneig\u00e9s c\u00f4toient des alpages verdoyants, ce camp est le point de d\u00e9part id\u00e9al pour des aventures en pleine nature. Les randonn\u00e9es adapt\u00e9es \u00e0 tous les niveaux m\u00e8nent \u00e0 des panoramas \u00e9poustouflants, offrant des vues imprenables sur les massifs environnants. L&rsquo;accent est mis sur la d\u00e9couverte de l&rsquo;\u00e9cosyst\u00e8me alpin, enrichissant les sorties d&rsquo;observations passionnantes sur la faune et la flore locales. Les soir\u00e9es au camp sont l&rsquo;occasion de partager des exp\u00e9riences v\u00e9cues, autour d&rsquo;un repas pr\u00e9par\u00e9 \u00e0 partir de produits locaux, dans une ambiance conviviale et chaleureuse. Ce Family Base Camp\u00ae est l&rsquo;assurance d&rsquo;une aventure familiale enrichissante, o\u00f9 chaque membre trouve sa place, entre d\u00e9tente et \u00e9merveillement.<\/p>\n\n\n\n<figure class=\"wp-block-embed is-type-video is-provider-youtube wp-block-embed-youtube wp-embed-aspect-16-9 wp-has-aspect-ratio\"><div class=\"wp-block-embed__wrapper\">\n<iframe loading=\"lazy\" title=\"Family Base Camp - Explora Project\" width=\"990\" height=\"557\" src=\"https:\/\/www.youtube.com\/embed\/Og0WypfV4lA?feature=oembed&#038;enablejsapi=1&#038;origin=https:\/\/www.explora-project.com\" frameborder=\"0\" allow=\"accelerometer; autoplay; clipboard-write; encrypted-media; gyroscope; picture-in-picture; web-share\" referrerpolicy=\"strict-origin-when-cross-origin\" allowfullscreen><\/iframe>\n<\/div><\/figure>\n\n\n\n<pre class=\"wp-block-verse has-normal-font-size\"><strong>Date :<\/strong> de D\u00e9cembre \u00e0 Mars - <strong>H\u00e9bergement :<\/strong> chalet - <strong>Age minimum des enfants :<\/strong> 3 ans - <strong>Dur\u00e9e :<\/strong> 7 jours<\/pre>\n\n\n\n<div class=\"is-layout-flex wp-block-buttons\">\n<div class=\"wp-block-button aligncenter has-custom-font-size has-normal-font-size\"><a class=\"wp-block-button__link has-white-color has-gold-background-color has-text-color has-background wp-element-button\" href=\"https:\/\/www.explora-project.com\/expeditions\/family-base-camp-beaufortain\" style=\"border-radius:5px\" target=\"_blank\" rel=\"noreferrer noopener\">R\u00e9servez votre s\u00e9jour<\/a><\/div>\n<\/div>\n\n\n\n<blockquote class=\"wp-block-quote\">\n<p>Tu veux plus d&rsquo;id\u00e9es pour des vacances avec des enfants dans la nature ? Retrouve notre article <a href=\"https:\/\/www.explora-project.com\/blog\/articles\/ou-partir-en-randonnee-en-famille-nos-idees-de-treks\" target=\"_blank\" rel=\"noreferrer noopener\">O\u00f9 partir en randonn\u00e9e en famille ? Nos id\u00e9es de treks !<\/a><\/p>\n<\/blockquote>\n\n\n\n<p class=\"has-normal-font-size\">Dans un monde o\u00f9 les vacances sont souvent synonymes de parcs \u00e0 th\u00e8me bond\u00e9s, d&rsquo;attractions artificielles, et de clubs tout inclus, nos Family Base Camp\u00ae offrent une \u00e9chappatoire rafra\u00eechissante \u00e0 cette routine. Loin de l&rsquo;agitation des clubs de plage et de la superficialit\u00e9 des zoos exotiques, nos s\u00e9jours invitent \u00e0 une immersion totale dans la splendeur de la nature. Contrairement aux s\u00e9jours classiques o\u00f9 le wifi et les distractions num\u00e9riques dominent, nos camps favorisent une v\u00e9ritable d\u00e9connexion, permettant aux familles de se recentrer sur l&rsquo;essentiel. Les pieds ancr\u00e9s dans la terre plut\u00f4t que dans le sable des plages surpeupl\u00e9es, nos visiteurs trouvent un sens renouvel\u00e9 \u00e0 l&rsquo;aventure, loin des files d&rsquo;attente des attractions et de l&rsquo;isolement des clubs ferm\u00e9s. Chez Explora Project, nous croyons en une exp\u00e9rience de vacances authentique, o\u00f9 les liens se tissent au rythme des randonn\u00e9es partag\u00e9es et des veill\u00e9es sous les \u00e9toiles, et non au gr\u00e9 des notifications et des r\u00e9seaux wifi. Rejoignez-nous pour un s\u00e9jour o\u00f9 la nature est la v\u00e9ritable attraction, offrant des exp\u00e9riences bien plus enrichissantes que tout ce qu&rsquo;un club ou un parc conventionnel pourrait proposer.<\/p>\n\n\n\n<p class=\"has-normal-font-size\">Les vacances en solo parental ne doivent pas \u00eatre une contrainte mais une opportunit\u00e9 de vivre des aventures inoubliables avec vos enfants. Les offres de Family Base Camp\u00ae d&rsquo;Explora Project sont con\u00e7ues pour r\u00e9pondre \u00e0 ces besoins, offrant s\u00e9curit\u00e9, aventure et moments de partage. Nous vous invitons \u00e0 d\u00e9couvrir nos destinations et \u00e0 vivre des vacances qui resteront grav\u00e9es dans votre m\u00e9moire et celle de vos enfants.<\/p>\n\n\n","protected":false},"excerpt":{"rendered":"<p>Dans un monde o\u00f9 le concept de famille \u00e9volue constamment, les vacances en solo parental deviennent une nouvelle norme, apportant avec elles leur lot de d\u00e9fis et d&rsquo;opportunit\u00e9s. Chez Explora<a href=\"https:\/\/www.explora-project.com\/blog\/articles\/vacances-parents-solo-decouvre-laventure-en-base-camp\" class=\"more-link\"><span class=\"readmore\">Continuer \u00e0 lire&#8230;<span class=\"screen-reader-text\">Vacances parents solo : d\u00e9couvre l&rsquo;Aventure en Family Base Camp\u00ae<\/span><\/span><\/a><\/p>\n","protected":false},"author":22,"featured_media":4061,"comment_status":"closed","ping_status":"closed","sticky":false,"template":"","format":"standard","meta":[],"categories":[4,1],"tags":[],"yoast_head":"<!-- This site is optimized with the Yoast SEO plugin v19.10 - https:\/\/yoast.com\/wordpress\/plugins\/seo\/ -->\n<title>Vacances parents solo : d\u00e9couvre l&#039;Aventure en Family Base Camp\u00ae - Journal d&#039;Explora Project<\/title>\n<meta name=\"description\" content=\"Vacances parents solo : \u00e9vasion et aventure en famille dans nos Base Camps. Moments uniques et partage au c\u0153ur de la nature.\" \/>\n<meta name=\"robots\" content=\"index, follow, max-snippet:-1, max-image-preview:large, max-video-preview:-1\" \/>\n<link rel=\"canonical\" href=\"https:\/\/www.explora-project.com\/blog\/articles\/vacances-parents-solo-decouvre-laventure-en-base-camp\" \/>\n<meta property=\"og:locale\" content=\"fr_FR\" \/>\n<meta property=\"og:type\" content=\"article\" \/>\n<meta property=\"og:title\" content=\"Vacances parents solo : d\u00e9couvre l&#039;Aventure en Family Base Camp\u00ae - Journal d&#039;Explora Project\" \/>\n<meta property=\"og:description\" content=\"Vacances parents solo : \u00e9vasion et aventure en famille dans nos Base Camps. Moments uniques et partage au c\u0153ur de la nature.\" \/>\n<meta property=\"og:url\" content=\"https:\/\/www.explora-project.com\/blog\/articles\/vacances-parents-solo-decouvre-laventure-en-base-camp\" \/>\n<meta property=\"og:site_name\" content=\"Journal d&#039;Explora Project\" \/>\n<meta property=\"article:published_time\" content=\"2024-02-14T15:23:53+00:00\" \/>\n<meta property=\"article:modified_time\" content=\"2025-08-12T07:14:57+00:00\" \/>\n<meta property=\"og:image\" content=\"https:\/\/www.explora-project.com\/blog\/wp-content\/uploads\/2024\/02\/8edca488d362080f5e7caf21184bd44b06ee1d94137713a515b6218dc5920d74-5-1-1024x631.png\" \/>\n\t<meta property=\"og:image:width\" content=\"1024\" \/>\n\t<meta property=\"og:image:height\" content=\"631\" \/>\n\t<meta property=\"og:image:type\" content=\"image\/png\" \/>\n<meta name=\"author\" content=\"anna@explora-project.com\" \/>\n<meta name=\"twitter:card\" content=\"summary_large_image\" \/>\n<meta name=\"twitter:label1\" content=\"Written by\" \/>\n\t<meta name=\"twitter:data1\" content=\"anna@explora-project.com\" \/>\n\t<meta name=\"twitter:label2\" content=\"Est. reading time\" \/>\n\t<meta name=\"twitter:data2\" content=\"16 minutes\" \/>\n<script type=\"application\/ld+json\" class=\"yoast-schema-graph\">{\"@context\":\"https:\/\/schema.org\",\"@graph\":[{\"@type\":\"WebPage\",\"@id\":\"https:\/\/www.explora-project.com\/blog\/articles\/vacances-parents-solo-decouvre-laventure-en-base-camp\",\"url\":\"https:\/\/www.explora-project.com\/blog\/articles\/vacances-parents-solo-decouvre-laventure-en-base-camp\",\"name\":\"Vacances parents solo : d\u00e9couvre l'Aventure en Family Base Camp\u00ae - Journal d&#039;Explora Project\",\"isPartOf\":{\"@id\":\"https:\/\/www.explora-project.com\/blog\/#website\"},\"datePublished\":\"2024-02-14T15:23:53+00:00\",\"dateModified\":\"2025-08-12T07:14:57+00:00\",\"author\":{\"@id\":\"https:\/\/www.explora-project.com\/blog\/#\/schema\/person\/a773aad3591c772047e03c17fd28d501\"},\"description\":\"Vacances parents solo : \u00e9vasion et aventure en famille dans nos Base Camps. Moments uniques et partage au c\u0153ur de la nature.\",\"breadcrumb\":{\"@id\":\"https:\/\/www.explora-project.com\/blog\/articles\/vacances-parents-solo-decouvre-laventure-en-base-camp#breadcrumb\"},\"inLanguage\":\"fr-FR\",\"potentialAction\":[{\"@type\":\"ReadAction\",\"target\":[\"https:\/\/www.explora-project.com\/blog\/articles\/vacances-parents-solo-decouvre-laventure-en-base-camp\"]}]},{\"@type\":\"BreadcrumbList\",\"@id\":\"https:\/\/www.explora-project.com\/blog\/articles\/vacances-parents-solo-decouvre-laventure-en-base-camp#breadcrumb\",\"itemListElement\":[{\"@type\":\"ListItem\",\"position\":1,\"name\":\"Home\",\"item\":\"https:\/\/www.explora-project.com\/blog\"},{\"@type\":\"ListItem\",\"position\":2,\"name\":\"Vacances parents solo : d\u00e9couvre l&rsquo;Aventure en Family Base Camp\u00ae\"}]},{\"@type\":\"WebSite\",\"@id\":\"https:\/\/www.explora-project.com\/blog\/#website\",\"url\":\"https:\/\/www.explora-project.com\/blog\/\",\"name\":\"Journal d&#039;Explora Project\",\"description\":\"Actualit\u00e9s \u00e0 la une\",\"potentialAction\":[{\"@type\":\"SearchAction\",\"target\":{\"@type\":\"EntryPoint\",\"urlTemplate\":\"https:\/\/www.explora-project.com\/blog\/?s={search_term_string}\"},\"query-input\":\"required name=search_term_string\"}],\"inLanguage\":\"fr-FR\"},{\"@type\":\"Person\",\"@id\":\"https:\/\/www.explora-project.com\/blog\/#\/schema\/person\/a773aad3591c772047e03c17fd28d501\",\"name\":\"anna@explora-project.com\",\"image\":{\"@type\":\"ImageObject\",\"inLanguage\":\"fr-FR\",\"@id\":\"https:\/\/www.explora-project.com\/blog\/#\/schema\/person\/image\/\",\"url\":\"https:\/\/www.explora-project.com\/blog\/wp-content\/uploads\/2023\/10\/MOI-96x96.jpg\",\"contentUrl\":\"https:\/\/www.explora-project.com\/blog\/wp-content\/uploads\/2023\/10\/MOI-96x96.jpg\",\"caption\":\"anna@explora-project.com\"},\"url\":\"https:\/\/www.explora-project.com\/blog\/articles\/author\/annaexplora-project-com\"}]}<\/script>\n<!-- \/ Yoast SEO plugin. -->","yoast_head_json":{"title":"Vacances parents solo : d\u00e9couvre l'Aventure en Family Base Camp\u00ae - Journal d&#039;Explora Project","description":"Vacances parents solo : \u00e9vasion et aventure en famille dans nos Base Camps. Moments uniques et partage au c\u0153ur de la nature.","robots":{"index":"index","follow":"follow","max-snippet":"max-snippet:-1","max-image-preview":"max-image-preview:large","max-video-preview":"max-video-preview:-1"},"canonical":"https:\/\/www.explora-project.com\/blog\/articles\/vacances-parents-solo-decouvre-laventure-en-base-camp","og_locale":"fr_FR","og_type":"article","og_title":"Vacances parents solo : d\u00e9couvre l'Aventure en Family Base Camp\u00ae - Journal d&#039;Explora Project","og_description":"Vacances parents solo : \u00e9vasion et aventure en famille dans nos Base Camps. Moments uniques et partage au c\u0153ur de la nature.","og_url":"https:\/\/www.explora-project.com\/blog\/articles\/vacances-parents-solo-decouvre-laventure-en-base-camp","og_site_name":"Journal d&#039;Explora Project","article_published_time":"2024-02-14T15:23:53+00:00","article_modified_time":"2025-08-12T07:14:57+00:00","og_image":[{"width":1024,"height":631,"url":"https:\/\/www.explora-project.com\/blog\/wp-content\/uploads\/2024\/02\/8edca488d362080f5e7caf21184bd44b06ee1d94137713a515b6218dc5920d74-5-1-1024x631.png","type":"image\/png"}],"author":"anna@explora-project.com","twitter_card":"summary_large_image","twitter_misc":{"Written by":"anna@explora-project.com","Est. reading time":"16 minutes"},"schema":{"@context":"https:\/\/schema.org","@graph":[{"@type":"WebPage","@id":"https:\/\/www.explora-project.com\/blog\/articles\/vacances-parents-solo-decouvre-laventure-en-base-camp","url":"https:\/\/www.explora-project.com\/blog\/articles\/vacances-parents-solo-decouvre-laventure-en-base-camp","name":"Vacances parents solo : d\u00e9couvre l'Aventure en Family Base Camp\u00ae - Journal d&#039;Explora Project","isPartOf":{"@id":"https:\/\/www.explora-project.com\/blog\/#website"},"datePublished":"2024-02-14T15:23:53+00:00","dateModified":"2025-08-12T07:14:57+00:00","author":{"@id":"https:\/\/www.explora-project.com\/blog\/#\/schema\/person\/a773aad3591c772047e03c17fd28d501"},"description":"Vacances parents solo : \u00e9vasion et aventure en famille dans nos Base Camps. Moments uniques et partage au c\u0153ur de la nature.","breadcrumb":{"@id":"https:\/\/www.explora-project.com\/blog\/articles\/vacances-parents-solo-decouvre-laventure-en-base-camp#breadcrumb"},"inLanguage":"fr-FR","potentialAction":[{"@type":"ReadAction","target":["https:\/\/www.explora-project.com\/blog\/articles\/vacances-parents-solo-decouvre-laventure-en-base-camp"]}]},{"@type":"BreadcrumbList","@id":"https:\/\/www.explora-project.com\/blog\/articles\/vacances-parents-solo-decouvre-laventure-en-base-camp#breadcrumb","itemListElement":[{"@type":"ListItem","position":1,"name":"Home","item":"https:\/\/www.explora-project.com\/blog"},{"@type":"ListItem","position":2,"name":"Vacances parents solo : d\u00e9couvre l&rsquo;Aventure en Family Base Camp\u00ae"}]},{"@type":"WebSite","@id":"https:\/\/www.explora-project.com\/blog\/#website","url":"https:\/\/www.explora-project.com\/blog\/","name":"Journal d&#039;Explora Project","description":"Actualit\u00e9s \u00e0 la une","potentialAction":[{"@type":"SearchAction","target":{"@type":"EntryPoint","urlTemplate":"https:\/\/www.explora-project.com\/blog\/?s={search_term_string}"},"query-input":"required name=search_term_string"}],"inLanguage":"fr-FR"},{"@type":"Person","@id":"https:\/\/www.explora-project.com\/blog\/#\/schema\/person\/a773aad3591c772047e03c17fd28d501","name":"anna@explora-project.com","image":{"@type":"ImageObject","inLanguage":"fr-FR","@id":"https:\/\/www.explora-project.com\/blog\/#\/schema\/person\/image\/","url":"https:\/\/www.explora-project.com\/blog\/wp-content\/uploads\/2023\/10\/MOI-96x96.jpg","contentUrl":"https:\/\/www.explora-project.com\/blog\/wp-content\/uploads\/2023\/10\/MOI-96x96.jpg","caption":"anna@explora-project.com"},"url":"https:\/\/www.explora-project.com\/blog\/articles\/author\/annaexplora-project-com"}]}},"_links":{"self":[{"href":"https:\/\/www.explora-project.com\/blog\/wp-json\/wp\/v2\/posts\/4040"}],"collection":[{"href":"https:\/\/www.explora-project.com\/blog\/wp-json\/wp\/v2\/posts"}],"about":[{"href":"https:\/\/www.explora-project.com\/blog\/wp-json\/wp\/v2\/types\/post"}],"author":[{"embeddable":true,"href":"https:\/\/www.explora-project.com\/blog\/wp-json\/wp\/v2\/users\/22"}],"replies":[{"embeddable":true,"href":"https:\/\/www.explora-project.com\/blog\/wp-json\/wp\/v2\/comments?post=4040"}],"version-history":[{"count":22,"href":"https:\/\/www.explora-project.com\/blog\/wp-json\/wp\/v2\/posts\/4040\/revisions"}],"predecessor-version":[{"id":6311,"href":"https:\/\/www.explora-project.com\/blog\/wp-json\/wp\/v2\/posts\/4040\/revisions\/6311"}],"wp:featuredmedia":[{"embeddable":true,"href":"https:\/\/www.explora-project.com\/blog\/wp-json\/wp\/v2\/media\/4061"}],"wp:attachment":[{"href":"https:\/\/www.explora-project.com\/blog\/wp-json\/wp\/v2\/media?parent=4040"}],"wp:term":[{"taxonomy":"category","embeddable":true,"href":"https:\/\/www.explora-project.com\/blog\/wp-json\/wp\/v2\/categories?post=4040"},{"taxonomy":"post_tag","embeddable":true,"href":"https:\/\/www.explora-project.com\/blog\/wp-json\/wp\/v2\/tags?post=4040"}],"curies":[{"name":"wp","href":"https:\/\/api.w.org\/{rel}","templated":true}]}}