{"id":3556,"date":"2023-12-05T10:28:02","date_gmt":"2023-12-05T09:28:02","guid":{"rendered":"https:\/\/www.explora-project.com\/blog\/?p=3556"},"modified":"2023-12-05T10:47:13","modified_gmt":"2023-12-05T09:47:13","slug":"24-films-daventures-et-docus-a-voir-et-revoir","status":"publish","type":"post","link":"https:\/\/www.explora-project.com\/blog\/articles\/24-films-daventures-et-docus-a-voir-et-revoir","title":{"rendered":"24 films d&rsquo;aventures et docus \u00e0 voir et revoir"},"content":{"rendered":"\n<p class=\"has-normal-font-size\">Team feuilletons de No\u00ebl ou team \u00ab\u00a0scroller ind\u00e9finiment pour trouver un film \u00e0 regarder\u00a0\u00bb ? Que nenni ! On a la <strong>liste parfaite<\/strong> pour combler les aventurier\u00b7es en <strong>qu\u00eate d&rsquo;inspiration<\/strong> et d&rsquo;adr\u00e9naline. Cette liste \u00ab\u00a0made with love\u00a0\u00bb par la team <a href=\"http:\/\/www.explora-project.com\/\" target=\"_blank\" rel=\"noreferrer noopener\"><strong>Explora Project<\/strong> <\/a>retrace nos films et documentaires d\u2019aventure pr\u00e9f\u00e9r\u00e9s, entre grands classiques et p\u00e9pites m\u00e9connues. Plonge dans les histoires palpitantes d&rsquo;athl\u00e8tes haut niveau, d&rsquo;aventuri\u00e8res et d&rsquo;explorateurs ayant tous le m\u00eame point commun : la passion pour l&rsquo;aventure. <\/p>\n\n\n\n<p class=\"has-normal-font-size\">Alors que les temp\u00e9ratures baissent et que les premiers flocons commencent \u00e0 danser dans l&rsquo;air, c\u2019est le moment id\u00e9al pour <strong>s&#8217;emmitoufler<\/strong> dans un plaid, boire un chocolat chaud gourmand et te laisser emporter par des <strong>histoires<\/strong> qui transcendent l&rsquo;ordinaire, touchent le c\u0153ur et stimulent l&rsquo;imagination. Il y en a pour <strong>tous les go\u00fbts<\/strong> et <strong>toutes les dur\u00e9es<\/strong> ! Les <strong>mini-explorateurs<\/strong> ne seront pas en reste puisqu&rsquo;ils ont aussi leur section de films d&rsquo;aventures pour enfant.<\/p>\n\n\n\n<p class=\"has-normal-font-size\">Bienvenue dans notre <strong>guide cin\u00e9matographique<\/strong> sp\u00e9cial No\u00ebl, pour le plus grand plaisir des <strong>petits<\/strong> et des <strong>grands<\/strong>.<\/p>\n\n\n\n<h2 class=\"has-black-color has-text-color\">Films &amp; docus d&rsquo;aventures <\/h2>\n\n\n\n<h4 class=\"has-gold-color has-text-color\">1- Zabardast (54 min)<\/h4>\n\n\n<div class=\"wp-block-image\">\n<figure class=\"aligncenter size-large is-resized\"><img decoding=\"async\" loading=\"lazy\" src=\"https:\/\/www.explora-project.com\/blog\/wp-content\/uploads\/2023\/12\/zabardast-1024x768.jpg\" alt=\"\" class=\"wp-image-3615\" width=\"512\" height=\"384\" srcset=\"https:\/\/www.explora-project.com\/blog\/wp-content\/uploads\/2023\/12\/zabardast-1024x768.jpg 1024w, https:\/\/www.explora-project.com\/blog\/wp-content\/uploads\/2023\/12\/zabardast-300x225.jpg 300w, https:\/\/www.explora-project.com\/blog\/wp-content\/uploads\/2023\/12\/zabardast-768x576.jpg 768w, https:\/\/www.explora-project.com\/blog\/wp-content\/uploads\/2023\/12\/zabardast-960x720.jpg 960w, https:\/\/www.explora-project.com\/blog\/wp-content\/uploads\/2023\/12\/zabardast-640x480.jpg 640w, https:\/\/www.explora-project.com\/blog\/wp-content\/uploads\/2023\/12\/zabardast.jpg 1280w\" sizes=\"(max-width: 512px) 100vw, 512px\" \/><figcaption class=\"wp-element-caption\"><strong>Zabardast<\/strong> &#8211; A high altitude travel diary<\/figcaption><\/figure><\/div>\n\n\n<p class=\"has-normal-font-size\">Une fine \u00e9quipe de freeriders fran\u00e7ais &#8211; J\u00e9r\u00f4me Tanon, Thomas Delfino, H\u00e9lias Millerioux, L\u00e9o Taillefer, Pierre Frechou, Julien Nadiras, Yannick Graziani et Zak Mills. Leur exp\u00e9dition captivante de 5 semaines les m\u00e8ne au c\u0153ur du Pakistan, dans des r\u00e9gions recul\u00e9es et \u00e9lev\u00e9es o\u00f9 aucune erreur n&rsquo;est permise. Parcourant 150 km en totale autonomie \u00e0 travers d&rsquo;immenses glaciers, tirant des tra\u00eeneaux remplis de nourriture, de tentes et de panneaux solaires, ils partent \u00e0 l&rsquo;assaut de la Biacherahi Tower qui culmine \u00e0 5880m d&rsquo;altitude ! Une v\u00e9ritable aventure qui combine le freeride et alpinisme et qui te fera voyager depuis ton canap\u00e9. \u00c0 regarder gratuitement sur <a href=\"https:\/\/www.youtube.com\/watch?v=AkigzUFr3ys\" target=\"_blank\" rel=\"noreferrer noopener\"><strong>YouTube<\/strong><\/a>. <\/p>\n\n\n\n<h4 class=\"has-gold-color has-text-color\">2- Wild Waters (1h26)<\/h4>\n\n\n<div class=\"wp-block-image\">\n<figure class=\"aligncenter size-large is-resized\"><img decoding=\"async\" loading=\"lazy\" src=\"https:\/\/www.explora-project.com\/blog\/wp-content\/uploads\/2023\/12\/Wild-Waters-Nouria-Newman-1024x576.jpeg\" alt=\"\" class=\"wp-image-3618\" width=\"533\" height=\"295\"\/><figcaption class=\"wp-element-caption\"><strong>Wild Waters<\/strong><\/figcaption><\/figure><\/div>\n\n\n<p class=\"has-normal-font-size\">Wild Waters est un documentaire fascinant qui met en vedette Nouria Newman, une l\u00e9gende fran\u00e7aise du kayak extr\u00eame. Dans ce film captivant, Nouria t&#8217;emm\u00e8ne dans ses aventures palpitantes \u00e0 travers les eaux sauvages du monde entier. Elle te transportera dans des paysages \u00e0 couper le souffle, des rapides tumultueux aux rivi\u00e8res isol\u00e9es. Elle te fera d\u00e9couvrir son amour pour le kayak et sa passion pour la nature. D\u00e9passement de soi, records, destin&#8230; Wild Waters est un voyage \u00e9pique qui te fera ressentir l&rsquo;excitation, l&rsquo;adr\u00e9naline et la joie pure de la navigation en eaux vives. Pr\u00e9pare-toi \u00e0 \u00eatre inspir\u00e9\u00b7e et \u00e0 te laisser emporter par cette aventure aquatique inoubliable. \u00c0 visionner <a href=\"https:\/\/www.redbull.com\/fr-fr\/films\/wild-waters\" target=\"_blank\" rel=\"noreferrer noopener\">gratuitement ici<\/a>.<\/p>\n\n\n\n<h4 class=\"has-gold-color has-text-color\">3- The dawn wall<\/h4>\n\n\n<div class=\"wp-block-image\">\n<figure class=\"aligncenter size-large is-resized\"><img decoding=\"async\" loading=\"lazy\" src=\"https:\/\/www.explora-project.com\/blog\/wp-content\/uploads\/2023\/12\/dawnwall-1024x536.png\" alt=\"\" class=\"wp-image-3621\" width=\"544\" height=\"285\" srcset=\"https:\/\/www.explora-project.com\/blog\/wp-content\/uploads\/2023\/12\/dawnwall-1024x536.png 1024w, https:\/\/www.explora-project.com\/blog\/wp-content\/uploads\/2023\/12\/dawnwall-300x157.png 300w, https:\/\/www.explora-project.com\/blog\/wp-content\/uploads\/2023\/12\/dawnwall-768x402.png 768w, https:\/\/www.explora-project.com\/blog\/wp-content\/uploads\/2023\/12\/dawnwall.png 1200w\" sizes=\"(max-width: 544px) 100vw, 544px\" \/><\/figure><\/div>\n\n\n<p class=\"has-normal-font-size\">Le film \u00ab\u00a0The Dawn Wall\u00a0\u00bb est un incontournable pour tous les amateurs d&rsquo;escalade. Plonge dans l&rsquo;incroyable histoire de Tommy Caldwell et Kevin Jorgeson alors qu&rsquo;ils se lancent dans la conqu\u00eate de l&rsquo;une des parois les plus redoutables du monde, El Capitan. Avec des images \u00e0 couper le souffle, ce documentaire tutoie les sommets de l&rsquo;\u00e9motion et de l&rsquo;inspiration. Pr\u00e9pare-toi \u00e0 \u00eatre \u00e9merveill\u00e9\u00b7e par les prouesses techniques, la d\u00e9termination sans faille et l&rsquo;amiti\u00e9 ind\u00e9fectible de ces deux grimpeurs extraordinaires. <\/p>\n\n\n\n<h4 class=\"has-gold-color has-text-color\">4- Ultra Gros-Blanc &#8211; De la flaque \u00e0 la bosse (30mn)<\/h4>\n\n\n<div class=\"wp-block-image\">\n<figure class=\"aligncenter size-full is-resized\"><img decoding=\"async\" loading=\"lazy\" src=\"https:\/\/www.explora-project.com\/blog\/wp-content\/uploads\/2023\/12\/Ultra-Gros-Blanc-edited-1.jpeg\" alt=\"\" class=\"wp-image-3628\" width=\"410\" height=\"309\" srcset=\"https:\/\/www.explora-project.com\/blog\/wp-content\/uploads\/2023\/12\/Ultra-Gros-Blanc-edited-1.jpeg 468w, https:\/\/www.explora-project.com\/blog\/wp-content\/uploads\/2023\/12\/Ultra-Gros-Blanc-edited-1-300x225.jpeg 300w\" sizes=\"(max-width: 410px) 100vw, 410px\" \/><figcaption class=\"wp-element-caption\"><strong>Ultra Gros-Blanc (2023)<\/strong><\/figcaption><\/figure><\/div>\n\n\n<p class=\"has-normal-font-size\">Synopsis : \u00ab\u00a0Sur le papier le concept est simple : Partir en courant du lac d&rsquo;Annecy pour aller jusqu&rsquo;au sommet du Mont-Blanc ! Dans la r\u00e9alit\u00e9 c&rsquo;est un poil plus compliqu\u00e9.\u00a0\u00bb Un pari fou du fran\u00e7ais Michel Lanne, guide, secouriste, et traileur chevronn\u00e9, qui a parcouru plus de 110 kilom\u00e8tres \u00e0 pied et 11000 m\u00e8tres de d\u00e9nivel\u00e9 pour une aventure folle de 26 heures avant ses 40 ans. \u00c0 visionner grauitement sur <a href=\"https:\/\/www.youtube.com\/watch?app=desktop&amp;v=PjZLbAoCHuo\" target=\"_blank\" rel=\"noreferrer noopener\">YouTube<\/a>.<\/p>\n\n\n\n<h4 class=\"has-gold-color has-text-color\">5- Au plus profond \/ The deepest breath (1h46)<\/h4>\n\n\n<div class=\"wp-block-image\">\n<figure class=\"aligncenter size-large is-resized\"><img decoding=\"async\" loading=\"lazy\" src=\"https:\/\/www.explora-project.com\/blog\/wp-content\/uploads\/2023\/12\/The-Deepest-breath-691x1024.jpg\" alt=\"\" class=\"wp-image-3631\" width=\"346\" height=\"512\" srcset=\"https:\/\/www.explora-project.com\/blog\/wp-content\/uploads\/2023\/12\/The-Deepest-breath-691x1024.jpg 691w, https:\/\/www.explora-project.com\/blog\/wp-content\/uploads\/2023\/12\/The-Deepest-breath-203x300.jpg 203w, https:\/\/www.explora-project.com\/blog\/wp-content\/uploads\/2023\/12\/The-Deepest-breath-768x1137.jpg 768w, https:\/\/www.explora-project.com\/blog\/wp-content\/uploads\/2023\/12\/The-Deepest-breath.jpg 1000w\" sizes=\"(max-width: 346px) 100vw, 346px\" \/><figcaption class=\"wp-element-caption\"><strong>The deepest breath &#8211; Au plus profond (2023)<\/strong><\/figcaption><\/figure><\/div>\n\n\n<p class=\"has-normal-font-size\">Le documentaire Au plus profond (titre original : The Deepest Breath) t&#8217;emm\u00e8ne dans les profondeurs myst\u00e9rieuses de l&rsquo;apn\u00e9e, une discipline fascinante qui repousse les limites de l&rsquo;exploration sous-marine. Plonge avec Alessia Zecchini et Stephen Keenan, deux apn\u00e9istes intr\u00e9pides aux destins crois\u00e9s. \u00c9merveille-toi devant leur incroyable capacit\u00e9 \u00e0 retenir leur souffle et \u00e0 se fondre dans l&rsquo;oc\u00e9an. Ce documentaire m\u00ealant d\u00e9passement de soi, frissons et \u00e9motions est une plong\u00e9e envo\u00fbtante o\u00f9 l&rsquo;on d\u00e9couvre la puissance de l&rsquo;esprit humain et l&rsquo;harmonie entre l&rsquo;homme et la nature. <\/p>\n\n\n\n<h4 class=\"has-gold-color has-text-color\">6- Ce qui compte &#8211; Anne-Lise Rousset (42 min)<\/h4>\n\n\n<div class=\"wp-block-image\">\n<figure class=\"aligncenter size-large is-resized\"><img decoding=\"async\" src=\"https:\/\/www.explora-project.com\/blog\/wp-content\/uploads\/2023\/12\/Ce-qui-compte-Anne-Lise-Rousset-edited.jpeg\" alt=\"\" class=\"wp-image-3633\" width=\"512\" srcset=\"https:\/\/www.explora-project.com\/blog\/wp-content\/uploads\/2023\/12\/Ce-qui-compte-Anne-Lise-Rousset-edited.jpeg 1154w, https:\/\/www.explora-project.com\/blog\/wp-content\/uploads\/2023\/12\/Ce-qui-compte-Anne-Lise-Rousset-edited-300x169.jpeg 300w, https:\/\/www.explora-project.com\/blog\/wp-content\/uploads\/2023\/12\/Ce-qui-compte-Anne-Lise-Rousset-edited-1024x576.jpeg 1024w, https:\/\/www.explora-project.com\/blog\/wp-content\/uploads\/2023\/12\/Ce-qui-compte-Anne-Lise-Rousset-edited-768x432.jpeg 768w, https:\/\/www.explora-project.com\/blog\/wp-content\/uploads\/2023\/12\/Ce-qui-compte-Anne-Lise-Rousset-edited-990x556.jpeg 990w\" sizes=\"(max-width: 1154px) 100vw, 1154px\" \/><figcaption class=\"wp-element-caption\"><strong>Ce qui compte &#8211; Anne-Lise Rousset<\/strong><\/figcaption><\/figure><\/div>\n\n\n<p class=\"has-normal-font-size\">Le film du record f\u00e9minin du GR20. 35 heures, 50 minutes et 40 secondes, c\u2019est tout ce qu&rsquo;il a fallu \u00e0 Anne-Lise pour conqu\u00e9rir les 170 km et les 12 000 m\u00e8tres de d\u00e9nivel\u00e9 du mythique GR20. Anne-Lise Rousset, partage sa vie en Haute-Savoie entre son travail de v\u00e9t\u00e9rinaire de campagne, sa passion pour la course et sa famille. Avec le soutien de son mari Adrien, qui planifie ses entra\u00eenements et organise sa pr\u00e9paration, Anne-Lise se pr\u00e9pare \u00e0 relever son prochain d\u00e9fi : battre le record f\u00e9minin du GR20, un sentier embl\u00e9matique situ\u00e9 sur l&rsquo;\u00eele fran\u00e7aise de Corse. Cette performance sportive exceptionnelle est le r\u00e9sultat d&rsquo;une d\u00e9termination incroyable et d&rsquo;une aventure humaine inoubliable. On d\u00e9couvre cette exp\u00e9rience mythique qui a repouss\u00e9 les limites de l&rsquo;endurance et qui restera grav\u00e9e dans les m\u00e9moires.<\/p>\n\n\n\n<h4 class=\"has-gold-color has-text-color\">7- 127 heures (1h34)<\/h4>\n\n\n<div class=\"wp-block-image\">\n<figure class=\"aligncenter size-full is-resized\"><img decoding=\"async\" loading=\"lazy\" src=\"https:\/\/www.explora-project.com\/blog\/wp-content\/uploads\/2023\/12\/19633720-edited.webp\" alt=\"\" class=\"wp-image-3561\" width=\"376\" height=\"376\" srcset=\"https:\/\/www.explora-project.com\/blog\/wp-content\/uploads\/2023\/12\/19633720-edited.webp 600w, https:\/\/www.explora-project.com\/blog\/wp-content\/uploads\/2023\/12\/19633720-edited-300x300.webp 300w, https:\/\/www.explora-project.com\/blog\/wp-content\/uploads\/2023\/12\/19633720-edited-150x150.webp 150w, https:\/\/www.explora-project.com\/blog\/wp-content\/uploads\/2023\/12\/19633720-edited-180x180.webp 180w\" sizes=\"(max-width: 376px) 100vw, 376px\" \/><figcaption class=\"wp-element-caption\">127 Heures<\/figcaption><\/figure><\/div>\n\n\n<p class=\"has-normal-font-size\">Bas\u00e9 sur une histoire vraie, le film suit l&rsquo;incroyable p\u00e9riple de l&rsquo;alpiniste Aron Ralston, pi\u00e9g\u00e9 dans un canyon isol\u00e9 du d\u00e9sert de l&rsquo;Utah. Dans une lutte \u00e9pique pour la survie, Aron doit puiser dans ses ressources int\u00e9rieures et repousser ses propres limites pour \u00e9chapper \u00e0 l&#8217;emprise implacable du rocher. \u00ab\u00a0127 Heures\u00a0\u00bb offre un voyage palpitant au c\u0153ur de la d\u00e9termination humaine, o\u00f9 chaque instant compte et chaque choix peut \u00eatre une question de vie ou de mort.<\/p>\n\n\n\n<h4 class=\"has-gold-color has-text-color\">8- Wild (1h55)<\/h4>\n\n\n<div class=\"wp-block-image\">\n<figure class=\"aligncenter size-large is-resized\"><img decoding=\"async\" loading=\"lazy\" src=\"https:\/\/www.explora-project.com\/blog\/wp-content\/uploads\/2023\/12\/007283-edited.jpg\" alt=\"\" class=\"wp-image-3559\" width=\"376\" height=\"376\" srcset=\"https:\/\/www.explora-project.com\/blog\/wp-content\/uploads\/2023\/12\/007283-edited.jpg 960w, https:\/\/www.explora-project.com\/blog\/wp-content\/uploads\/2023\/12\/007283-edited-300x300.jpg 300w, https:\/\/www.explora-project.com\/blog\/wp-content\/uploads\/2023\/12\/007283-edited-150x150.jpg 150w, https:\/\/www.explora-project.com\/blog\/wp-content\/uploads\/2023\/12\/007283-edited-768x768.jpg 768w, https:\/\/www.explora-project.com\/blog\/wp-content\/uploads\/2023\/12\/007283-edited-640x640.jpg 640w, https:\/\/www.explora-project.com\/blog\/wp-content\/uploads\/2023\/12\/007283-edited-180x180.jpg 180w\" sizes=\"(max-width: 376px) 100vw, 376px\" \/><figcaption class=\"wp-element-caption\"><strong>WILD<\/strong><\/figcaption><\/figure><\/div>\n\n\n<p class=\"has-text-align-center has-normal-font-size\">Suivez l&rsquo;histoire vraie de Cheryl Strayed, une femme d\u00e9termin\u00e9e \u00e0 red\u00e9finir sa vie en parcourant plus de mille kilom\u00e8tres \u00e0 travers le Pacific Crest Trail. Au c\u0153ur de la nature sauvage, entre montagnes majestueuses et d\u00e9serts arides, \u00ab\u00a0Wild\u00a0\u00bb tisse une toile d&rsquo;aventures \u00e9piques, de rencontres inspirantes et d&rsquo;auto-d\u00e9couverte. Pr\u00e9parez-vous \u00e0 \u00eatre entra\u00een\u00e9 dans un p\u00e9riple qui transcende les limites, o\u00f9 chaque pas sur le sentier raconte une histoire de courage, de r\u00e9silience et de r\u00e9demption.<\/p>\n\n\n\n<h4 class=\"has-gold-color has-text-color\">8- STRoNG. Aussi forts que fragiles (1h20)<\/h4>\n\n\n<div class=\"wp-block-image\">\n<figure class=\"aligncenter size-large is-resized\"><img decoding=\"async\" loading=\"lazy\" src=\"https:\/\/www.explora-project.com\/blog\/wp-content\/uploads\/2023\/12\/Strong-1024x576.jpeg\" alt=\"\" class=\"wp-image-3647\" width=\"486\" height=\"271\"\/><figcaption class=\"wp-element-caption\">STRoNG, aussi forts que fragiles<\/figcaption><\/figure><\/div>\n\n\n<p class=\"has-normal-font-size\">Camille Lacourt, J\u00e9r\u00e9my Flor\u00e8s, Perrine Laffont, Valentin Porte et Ysaora Thibus&#8230; Ces 5 athl\u00e8tes mythiques, ic\u00f4nes de leur discipline, nous livrent avec pudeur les probl\u00e8mes li\u00e9s \u00e0 la sant\u00e9 mentale qu\u2019ils ont pu rencontrer au cours de leur carri\u00e8re. De quoi d\u00e9poussi\u00e9rer un sujet jusqu&rsquo;alors tabou dans le milieu du sport de haut niveau.<\/p>\n\n\n\n<h2 class=\"has-black-color has-text-color\">Films et documentaires sur l&rsquo;\u00e9cologie<\/h2>\n\n\n\n<h4 class=\"has-gold-color has-text-color\">10- \u00c0 l&rsquo;ombre des glaciers alpins (1h00)<\/h4>\n\n\n<div class=\"wp-block-image\">\n<figure class=\"aligncenter size-large is-resized\"><img decoding=\"async\" loading=\"lazy\" src=\"https:\/\/www.explora-project.com\/blog\/wp-content\/uploads\/2023\/12\/a-lombre-des-glaciers-alpins-1024x576.jpeg\" alt=\"\" class=\"wp-image-3646\" width=\"512\" height=\"288\" srcset=\"https:\/\/www.explora-project.com\/blog\/wp-content\/uploads\/2023\/12\/a-lombre-des-glaciers-alpins-1024x576.jpeg 1024w, https:\/\/www.explora-project.com\/blog\/wp-content\/uploads\/2023\/12\/a-lombre-des-glaciers-alpins-300x169.jpeg 300w, https:\/\/www.explora-project.com\/blog\/wp-content\/uploads\/2023\/12\/a-lombre-des-glaciers-alpins-768x432.jpeg 768w, https:\/\/www.explora-project.com\/blog\/wp-content\/uploads\/2023\/12\/a-lombre-des-glaciers-alpins-990x556.jpeg 990w, https:\/\/www.explora-project.com\/blog\/wp-content\/uploads\/2023\/12\/a-lombre-des-glaciers-alpins.jpeg 1280w\" sizes=\"(max-width: 512px) 100vw, 512px\" \/><figcaption class=\"wp-element-caption\">\u00c0 l&rsquo;ombre des glaciers alpins (2022)<\/figcaption><\/figure><\/div>\n\n\n<p class=\"has-normal-font-size\">Inaccessibles, accroch\u00e9s au sommet des montagnes loin du fourmillement des activit\u00e9s humaines, on les croyait \u00e9ternels. Pourtant les glaciers sont les premi\u00e8res victimes d\u2019un d\u00e9r\u00e8glement climatique galopant. Pendant leur c\u00e9sure, 3 copains traversent les Alpes de la France \u00e0 l\u2019Autriche en arpentant les pentes des glaciers alpins pour \u00e9pauler les glaciologues dans leurs travaux et rencontrer les acteurs locaux concern\u00e9s par le recul des glaciers. Une aventure sans voiture, du massif des \u00c9crins au Tyrol autrichien pour mieux comprendre la cascade de cons\u00e9quences engendr\u00e9e par le retrait glaciaire et imaginer les voies \u00e0 emprunter pour construire un futur d\u00e9sirable. \u00c0 visionner gratuitement sur <a href=\"https:\/\/www.youtube.com\/watch?v=yl6BAMEnGp4\" target=\"_blank\" rel=\"noreferrer noopener\">YouTube<\/a>.<\/p>\n\n\n\n<h4 class=\"has-gold-color has-text-color\">11- Don\u2019t look up (2h25)<\/h4>\n\n\n<div class=\"wp-block-image\">\n<figure class=\"aligncenter size-large is-resized\"><img decoding=\"async\" loading=\"lazy\" src=\"https:\/\/www.explora-project.com\/blog\/wp-content\/uploads\/2023\/12\/5656957-edited.webp\" alt=\"\" class=\"wp-image-3563\" width=\"376\" height=\"376\" srcset=\"https:\/\/www.explora-project.com\/blog\/wp-content\/uploads\/2023\/12\/5656957-edited.webp 1200w, https:\/\/www.explora-project.com\/blog\/wp-content\/uploads\/2023\/12\/5656957-edited-300x300.webp 300w, https:\/\/www.explora-project.com\/blog\/wp-content\/uploads\/2023\/12\/5656957-edited-1024x1024.webp 1024w, https:\/\/www.explora-project.com\/blog\/wp-content\/uploads\/2023\/12\/5656957-edited-150x150.webp 150w, https:\/\/www.explora-project.com\/blog\/wp-content\/uploads\/2023\/12\/5656957-edited-768x768.webp 768w, https:\/\/www.explora-project.com\/blog\/wp-content\/uploads\/2023\/12\/5656957-edited-640x640.webp 640w, https:\/\/www.explora-project.com\/blog\/wp-content\/uploads\/2023\/12\/5656957-edited-180x180.webp 180w\" sizes=\"(max-width: 376px) 100vw, 376px\" \/><figcaption class=\"wp-element-caption\">Don&rsquo;t look up<\/figcaption><\/figure><\/div>\n\n\n<p class=\"has-normal-font-size\">Ce film d&rsquo;aventure, parsem\u00e9 d&rsquo;une pointe d&rsquo;humour noir, suit deux astronomes qui font une d\u00e9couverte astronomique majeure : une com\u00e8te se dirige droit vers la Terre. Cependant, avertir le monde de cette menace imminente devient une mission pleine d&rsquo;obstacles, alors que l&rsquo;humanit\u00e9 est absorb\u00e9e par des distractions et des questionnements existentiels. \u00ab\u00a0Don&rsquo;t Look Up\u00a0\u00bb offre une aventure cosmique, mettant en lumi\u00e8re les absurdit\u00e9s de notre soci\u00e9t\u00e9 tout en questionnant notre capacit\u00e9 \u00e0 faire face \u00e0 des d\u00e9fis globaux. Pr\u00e9parez-vous \u00e0 \u00eatre entra\u00een\u00e9 dans une com\u00e9die audacieuse qui vous fera rire, r\u00e9fl\u00e9chir et peut-\u00eatre m\u00eame jeter un coup d&rsquo;\u0153il en l&rsquo;air.<\/p>\n\n\n\n<h4 class=\"has-gold-color has-text-color\">12- Bigger than us (1h36)<\/h4>\n\n\n<div class=\"wp-block-image\">\n<figure class=\"aligncenter size-large is-resized\"><img decoding=\"async\" loading=\"lazy\" src=\"https:\/\/www.explora-project.com\/blog\/wp-content\/uploads\/2023\/12\/5580765-edited.webp\" alt=\"\" class=\"wp-image-3565\" width=\"376\" height=\"376\" srcset=\"https:\/\/www.explora-project.com\/blog\/wp-content\/uploads\/2023\/12\/5580765-edited.webp 1085w, https:\/\/www.explora-project.com\/blog\/wp-content\/uploads\/2023\/12\/5580765-edited-300x300.webp 300w, https:\/\/www.explora-project.com\/blog\/wp-content\/uploads\/2023\/12\/5580765-edited-1024x1024.webp 1024w, https:\/\/www.explora-project.com\/blog\/wp-content\/uploads\/2023\/12\/5580765-edited-150x150.webp 150w, https:\/\/www.explora-project.com\/blog\/wp-content\/uploads\/2023\/12\/5580765-edited-768x767.webp 768w, https:\/\/www.explora-project.com\/blog\/wp-content\/uploads\/2023\/12\/5580765-edited-640x640.webp 640w, https:\/\/www.explora-project.com\/blog\/wp-content\/uploads\/2023\/12\/5580765-edited-180x180.webp 180w\" sizes=\"(max-width: 376px) 100vw, 376px\" \/><figcaption class=\"wp-element-caption\">Bigger than us (2021)<\/figcaption><\/figure><\/div>\n\n\n<p class=\"has-normal-font-size\">Ce documentaire suit le parcours de jeunes activistes du monde entier, d\u00e9termin\u00e9s \u00e0 faire une diff\u00e9rence significative pour notre plan\u00e8te. Des histoires \u00e9mouvantes de r\u00e9silience, de passion et de d\u00e9termination se d\u00e9voilent alors que ces jeunes leaders luttent pour un avenir plus durable. \u00ab\u00a0Bigger Than Us\u00a0\u00bb vous emm\u00e8ne dans un voyage motivant, o\u00f9 la jeunesse mondiale devient la force motrice du changement.<\/p>\n\n\n\n<h4 class=\"has-gold-color has-text-color\">13- Animal (1h45)<\/h4>\n\n\n<div class=\"wp-block-image\">\n<figure class=\"aligncenter size-large is-resized\"><img decoding=\"async\" loading=\"lazy\" src=\"https:\/\/www.explora-project.com\/blog\/wp-content\/uploads\/2023\/12\/2959355-edited.jpg\" alt=\"\" class=\"wp-image-3567\" width=\"376\" height=\"376\" srcset=\"https:\/\/www.explora-project.com\/blog\/wp-content\/uploads\/2023\/12\/2959355-edited.jpg 1175w, https:\/\/www.explora-project.com\/blog\/wp-content\/uploads\/2023\/12\/2959355-edited-300x300.jpg 300w, https:\/\/www.explora-project.com\/blog\/wp-content\/uploads\/2023\/12\/2959355-edited-1024x1024.jpg 1024w, https:\/\/www.explora-project.com\/blog\/wp-content\/uploads\/2023\/12\/2959355-edited-150x150.jpg 150w, https:\/\/www.explora-project.com\/blog\/wp-content\/uploads\/2023\/12\/2959355-edited-768x768.jpg 768w, https:\/\/www.explora-project.com\/blog\/wp-content\/uploads\/2023\/12\/2959355-edited-640x640.jpg 640w, https:\/\/www.explora-project.com\/blog\/wp-content\/uploads\/2023\/12\/2959355-edited-180x180.jpg 180w\" sizes=\"(max-width: 376px) 100vw, 376px\" \/><figcaption class=\"wp-element-caption\">Animal<\/figcaption><\/figure><\/div>\n\n\n<p class=\"has-normal-font-size\">Apr\u00e8s le succ\u00e8s de Demain, Cyril Dion revient avec son film Animal. Lorsqu&rsquo;une s\u00e9rie d&rsquo;\u00e9v\u00e9nements \u00e9tranges commence \u00e0 bouleverser l&rsquo;\u00e9quilibre entre les esp\u00e8ces, une exp\u00e9dition audacieuse est lanc\u00e9e pour percer les myst\u00e8res de cette interconnexion extraordinaire. \u00ab\u00a0Animal\u00a0\u00bb est un voyage captivant o\u00f9 la survie de l&rsquo;humanit\u00e9 d\u00e9pend de notre capacit\u00e9 \u00e0 comprendre et \u00e0 coexister avec les forces sauvages qui nous entourent. <a href=\"https:\/\/www.francetelevisions.fr\/et-vous\/notre-tele\/on-sengage\/animal-un-film-de-cyril-dion-22041\" target=\"_blank\" rel=\"noreferrer noopener\"><strong>\u00c0 voir en replay sur France TV<\/strong><\/a>.<\/p>\n\n\n\n<h4 class=\"has-gold-color has-text-color\">14- Artifishal (1h23)<\/h4>\n\n\n<div class=\"wp-block-image\">\n<figure class=\"aligncenter size-large is-resized\"><img decoding=\"async\" loading=\"lazy\" src=\"https:\/\/www.explora-project.com\/blog\/wp-content\/uploads\/2023\/12\/Artifishal-683x1024.jpg\" alt=\"\" class=\"wp-image-3651\" width=\"300\" height=\"448\"\/><figcaption class=\"wp-element-caption\">Artifishal (2019)<\/figcaption><\/figure><\/div>\n\n\n<p class=\"has-normal-font-size\">Le film choc sur la salmoniculture, produit par Yvon Chouinard, le fondateur de la marque Patagonia. Un film indispensable et souvent \u00e9c\u0153urant, qui explique comment l\u2019homme est en train de mener une esp\u00e8ce enti\u00e8re au bord de l\u2019extinction. De quoi nous ouvrir les yeux sur des pratiques de l&rsquo;ombre auxquelles on participe souvent sans le savoir. \u00c0 voir gratuitement sur <a href=\"https:\/\/www.youtube.com\/watch?v=XdNJ0JAwT7I\" target=\"_blank\" rel=\"noreferrer noopener\">YouTube<\/a>.<\/p>\n\n\n\n<h2 class=\"has-black-color has-text-color\">Films d&rsquo;aventures pour enfants : sp\u00e9cial mini-aventuriers<\/h2>\n\n\n\n<h4 class=\"has-gold-color has-text-color\">15- L&rsquo;appel de la for\u00eat (1h45)<\/h4>\n\n\n<div class=\"wp-block-image\">\n<figure class=\"aligncenter size-large is-resized\"><img decoding=\"async\" loading=\"lazy\" src=\"https:\/\/www.explora-project.com\/blog\/wp-content\/uploads\/2023\/12\/5333556-752x1024.jpg\" alt=\"\" class=\"wp-image-3579\" width=\"341\" height=\"445\"\/><figcaption class=\"wp-element-caption\">L&rsquo;appel de la for\u00eat<\/figcaption><\/figure><\/div>\n\n\n<p class=\"has-normal-font-size\">Suis les traces de Buck, un chien au grand c\u0153ur, qui d\u00e9couvre le courage et l&rsquo;amiti\u00e9 au milieu des arbres majestueux et des \u00e9tendues sauvages. Entre rencontres magiques et \u00e9preuves courageuses, Buck apprend que l&rsquo;amour et l&rsquo;aventure sont parfois cach\u00e9s l\u00e0 o\u00f9 on s&rsquo;y attend le moins. Pr\u00e9pare-toi \u00e0 \u00eatre \u00e9bloui par la beaut\u00e9 de la nature et \u00e0 vivre une histoire qui te fera entendre l&rsquo;appel de l&rsquo;aventure !<\/p>\n\n\n\n<h4 class=\"has-gold-color has-text-color\">16- Togo (1h54)<\/h4>\n\n\n<div class=\"wp-block-image\">\n<figure class=\"aligncenter size-full is-resized\"><img decoding=\"async\" loading=\"lazy\" src=\"https:\/\/www.explora-project.com\/blog\/wp-content\/uploads\/2023\/12\/4165951.webp\" alt=\"\" class=\"wp-image-3582\" width=\"341\" height=\"446\"\/><figcaption class=\"wp-element-caption\">Croc-blanc<\/figcaption><\/figure><\/div>\n\n\n<p class=\"has-normal-font-size\">Ce film t&#8217;emm\u00e8ne \u00e0 la d\u00e9couverte d&rsquo;un lien sp\u00e9cial entre un explorateur intr\u00e9pide et son fid\u00e8le compagnon, Togo, un chien de tra\u00eeneau pas comme les autres. Entre glissades folles sur la neige, moments d&rsquo;humour canin, et une mission sauvetage h\u00e9ro\u00efque, Togo va te montrer que les plus petites pattes peuvent accomplir de grandes choses. Accroche-toi bien, car cette histoire te fera ressentir toute la magie de l&rsquo;amiti\u00e9 entre un homme et son meilleur ami \u00e0 quatre pattes !<\/p>\n\n\n\n<h4 class=\"has-gold-color has-text-color\">17- Croc-blanc (1h47)<\/h4>\n\n\n<div class=\"wp-block-image\">\n<figure class=\"aligncenter size-full is-resized\"><img decoding=\"async\" loading=\"lazy\" src=\"https:\/\/www.explora-project.com\/blog\/wp-content\/uploads\/2023\/12\/18412314_20130702173805505-1.jpg\" alt=\"\" class=\"wp-image-3580\" width=\"341\" height=\"446\" srcset=\"https:\/\/www.explora-project.com\/blog\/wp-content\/uploads\/2023\/12\/18412314_20130702173805505-1.jpg 454w, https:\/\/www.explora-project.com\/blog\/wp-content\/uploads\/2023\/12\/18412314_20130702173805505-1-229x300.jpg 229w\" sizes=\"(max-width: 341px) 100vw, 341px\" \/><figcaption class=\"wp-element-caption\">Croc-blanc<\/figcaption><\/figure><\/div>\n\n\n<p class=\"has-normal-font-size\">Dans les vastes \u00e9tendues enneig\u00e9es du Klondike, d\u00e9couvre l&rsquo;histoire extraordinaire de Croc-Blanc, un jeune loup au c\u0153ur courageux. Captur\u00e9 par des hommes, il va vivre des aventures palpitantes, entre amiti\u00e9s inattendues et d\u00e9fis courageux. Avec ses yeux brillants et sa fourrure blanche \u00e9clatante, Croc-Blanc t&rsquo;entra\u00eenera dans un monde f\u00e9\u00e9rique o\u00f9 la nature et l&rsquo;amiti\u00e9 r\u00e8gnent en ma\u00eetres. Pr\u00e9pare-toi \u00e0 un voyage \u00e9pique o\u00f9 chaque pas dans la neige r\u00e9v\u00e8le un secret merveilleux !<\/p>\n\n\n\n<h4 class=\"has-gold-color has-text-color\">18- L&rsquo;ours (1h34)<\/h4>\n\n\n<div class=\"wp-block-image\">\n<figure class=\"aligncenter size-large is-resized\"><img decoding=\"async\" loading=\"lazy\" src=\"https:\/\/www.explora-project.com\/blog\/wp-content\/uploads\/2023\/12\/4673488-edited-1.webp\" alt=\"\" class=\"wp-image-3576\" width=\"376\" height=\"376\" srcset=\"https:\/\/www.explora-project.com\/blog\/wp-content\/uploads\/2023\/12\/4673488-edited-1.webp 1205w, https:\/\/www.explora-project.com\/blog\/wp-content\/uploads\/2023\/12\/4673488-edited-1-300x300.webp 300w, https:\/\/www.explora-project.com\/blog\/wp-content\/uploads\/2023\/12\/4673488-edited-1-1024x1024.webp 1024w, https:\/\/www.explora-project.com\/blog\/wp-content\/uploads\/2023\/12\/4673488-edited-1-150x150.webp 150w, https:\/\/www.explora-project.com\/blog\/wp-content\/uploads\/2023\/12\/4673488-edited-1-768x768.webp 768w, https:\/\/www.explora-project.com\/blog\/wp-content\/uploads\/2023\/12\/4673488-edited-1-640x640.webp 640w, https:\/\/www.explora-project.com\/blog\/wp-content\/uploads\/2023\/12\/4673488-edited-1-180x180.webp 180w\" sizes=\"(max-width: 376px) 100vw, 376px\" \/><figcaption class=\"wp-element-caption\">L&rsquo;ours<\/figcaption><\/figure><\/div>\n\n\n<p class=\"has-normal-font-size\">Partage le voyage incroyable d&rsquo;un petit ourson curieux et de son compagnon, un grand ours sauvage. Ensemble, ils vont explorer des terres \u00e9blouissantes, affronter des d\u00e9fis et d\u00e9couvrir que l&rsquo;amiti\u00e9 peut surmonter toutes les diff\u00e9rences. Pr\u00e9pare-toi \u00e0 rire, \u00e0 t&rsquo;\u00e9merveiller et \u00e0 plonger dans une aventure qui r\u00e9chauffera ton c\u0153ur comme un c\u00e2lin d&rsquo;ours !<\/p>\n\n\n\n<h4 class=\"has-gold-color has-text-color\">19- WALL-E (1h37)<\/h4>\n\n\n<div class=\"wp-block-image\">\n<figure class=\"aligncenter size-full is-resized\"><img decoding=\"async\" loading=\"lazy\" src=\"https:\/\/www.explora-project.com\/blog\/wp-content\/uploads\/2023\/12\/wall-e-a-333x500-1-edited.jpg\" alt=\"\" class=\"wp-image-3573\" width=\"377\" height=\"377\" srcset=\"https:\/\/www.explora-project.com\/blog\/wp-content\/uploads\/2023\/12\/wall-e-a-333x500-1-edited.jpg 333w, https:\/\/www.explora-project.com\/blog\/wp-content\/uploads\/2023\/12\/wall-e-a-333x500-1-edited-300x300.jpg 300w, https:\/\/www.explora-project.com\/blog\/wp-content\/uploads\/2023\/12\/wall-e-a-333x500-1-edited-150x150.jpg 150w, https:\/\/www.explora-project.com\/blog\/wp-content\/uploads\/2023\/12\/wall-e-a-333x500-1-edited-180x180.jpg 180w\" sizes=\"(max-width: 377px) 100vw, 377px\" \/><figcaption class=\"wp-element-caption\">Wall-e<\/figcaption><\/figure><\/div>\n\n\n<p class=\"has-normal-font-size\">Dans un futur lointain, d\u00e9couvre \u00ab\u00a0Wall-E\u00a0\u00bb, un petit robot aux grands r\u00eaves ! Ce film t&rsquo;entra\u00eene dans un voyage intergalactique plein de surprises, o\u00f9 Wall-E, avec son c\u0153ur en acier, part \u00e0 la d\u00e9couverte d&rsquo;un monde \u00e9tonnant et color\u00e9. Entre rires, rencontres cosmiques et une pointe d&rsquo;amour, Wall-E te montrera que m\u00eame dans l&rsquo;espace infini, l&rsquo;amiti\u00e9 et la pr\u00e9servation de notre plan\u00e8te sont les aventures les plus pr\u00e9cieuses.<\/p>\n\n\n\n<h2 class=\"has-black-color has-text-color\">Documentaires animaliers<\/h2>\n\n\n\n<h4 class=\"has-gold-color has-text-color\">20- Marche avec les loups (1h26)<\/h4>\n\n\n<div class=\"wp-block-image\">\n<figure class=\"aligncenter size-large is-resized\"><img decoding=\"async\" loading=\"lazy\" src=\"https:\/\/www.explora-project.com\/blog\/wp-content\/uploads\/2023\/12\/Marche-avec-les-loups-1024x576.webp\" alt=\"\" class=\"wp-image-3650\" width=\"512\" height=\"288\" srcset=\"https:\/\/www.explora-project.com\/blog\/wp-content\/uploads\/2023\/12\/Marche-avec-les-loups-1024x576.webp 1024w, https:\/\/www.explora-project.com\/blog\/wp-content\/uploads\/2023\/12\/Marche-avec-les-loups-300x169.webp 300w, https:\/\/www.explora-project.com\/blog\/wp-content\/uploads\/2023\/12\/Marche-avec-les-loups-768x432.webp 768w, https:\/\/www.explora-project.com\/blog\/wp-content\/uploads\/2023\/12\/Marche-avec-les-loups-1536x864.webp 1536w, https:\/\/www.explora-project.com\/blog\/wp-content\/uploads\/2023\/12\/Marche-avec-les-loups-990x556.webp 990w, https:\/\/www.explora-project.com\/blog\/wp-content\/uploads\/2023\/12\/Marche-avec-les-loups.webp 1920w\" sizes=\"(max-width: 512px) 100vw, 512px\" \/><figcaption class=\"wp-element-caption\">Marche avec les loups <\/figcaption><\/figure><\/div>\n\n\n<p class=\"has-normal-font-size\">Plonge dans une qu\u00eate aventureuse \u00e0 travers les cols enneig\u00e9s des Alpes et les massifs forestiers du Jura. Pendant pr\u00e8s de 3 ans, Jean-Michel Bertrand a suivi la piste d&rsquo;un jeune loup en qu\u00eate d&rsquo;ind\u00e9pendance, capturant des moments incroyables de la nature sauvage. Entre bivouacs, cr\u00eates enneig\u00e9es et \u00e9pais brouillards, il a traqu\u00e9 cet individu solitaire, d\u00e9voilant les d\u00e9fis auxquels les louveteaux font face lors de leurs aventures. Dans des paysages \u00e0 couper le souffle, balay\u00e9s par le vent glacial ou baign\u00e9s de lumi\u00e8re estivale, ce voyage \u00e0 la recherche du loup perdu prend l&rsquo;allure d&rsquo;une \u00e9pop\u00e9e. Ce documentaire captivant c\u00e9l\u00e8bre la nature et interroge la cohabitation entre l&rsquo;homme et l&rsquo;animal sauvage dans un environnement fragile. Laissez-vous emporter par cette exploration fascinante et d\u00e9couvrez les secrets de la vie sauvage. \u00c0 visionner gratuitement sur <a href=\"https:\/\/www.arte.tv\/fr\/videos\/112260-000-A\/marche-avec-les-loups\/\" target=\"_blank\" rel=\"noreferrer noopener\">Arte<\/a>.<\/p>\n\n\n\n<h4 class=\"has-gold-color has-text-color\">21- La sagesse de la pieuvre \/ My octopus teacher (1h30)<\/h4>\n\n\n<div class=\"wp-block-image\">\n<figure class=\"aligncenter size-full is-resized\"><img decoding=\"async\" loading=\"lazy\" src=\"https:\/\/www.explora-project.com\/blog\/wp-content\/uploads\/2023\/12\/la-sagesse-de-la-pieuvre.jpg\" alt=\"\" class=\"wp-image-3604\" width=\"517\" height=\"290\" srcset=\"https:\/\/www.explora-project.com\/blog\/wp-content\/uploads\/2023\/12\/la-sagesse-de-la-pieuvre.jpg 665w, https:\/\/www.explora-project.com\/blog\/wp-content\/uploads\/2023\/12\/la-sagesse-de-la-pieuvre-300x169.jpg 300w\" sizes=\"(max-width: 517px) 100vw, 517px\" \/><figcaption class=\"wp-element-caption\">La sagesse de la pieuvre (2020) &#8211; Pippa Ehrlich, James Reed<\/figcaption><\/figure><\/div>\n\n\n<p class=\"has-normal-font-size\">Un documentaire \u00e0 couper le souffle, r\u00e9compens\u00e9 par l&rsquo;Oscar du meilleur documentaire en 2021. La Sagesse de la Pieuvre (titre original : My Octopus Teacher) retrace l&rsquo;histoire d&rsquo;amiti\u00e9 qui lie un homme \u00e0 une pieuvre. Une plong\u00e9e dans les fascinantes for\u00eats de kelp au large de l&rsquo;Afrique du Sud o\u00f9 la biodiversit\u00e9 marine p\u00e9tille encore de vie. Une histoire vraie bouleversante qui nous fait nous questionner sur le rapport de l&rsquo;Humain et du monde sous-marin. Un chef d&rsquo;oeuvre visuel \u00e0 ne surtout pas louper pour une immersion totale. <\/p>\n\n\n\n<h4 class=\"has-gold-color has-text-color\">22- Le peuple des oc\u00e9ans (3h28)<\/h4>\n\n\n<div class=\"wp-block-image\">\n<figure class=\"aligncenter size-large is-resized\"><img decoding=\"async\" loading=\"lazy\" src=\"https:\/\/www.explora-project.com\/blog\/wp-content\/uploads\/2023\/12\/1516797-edited.jpg\" alt=\"\" class=\"wp-image-3571\" width=\"376\" height=\"376\" srcset=\"https:\/\/www.explora-project.com\/blog\/wp-content\/uploads\/2023\/12\/1516797-edited.jpg 759w, https:\/\/www.explora-project.com\/blog\/wp-content\/uploads\/2023\/12\/1516797-edited-300x300.jpg 300w, https:\/\/www.explora-project.com\/blog\/wp-content\/uploads\/2023\/12\/1516797-edited-150x150.jpg 150w, https:\/\/www.explora-project.com\/blog\/wp-content\/uploads\/2023\/12\/1516797-edited-640x640.jpg 640w, https:\/\/www.explora-project.com\/blog\/wp-content\/uploads\/2023\/12\/1516797-edited-180x180.jpg 180w\" sizes=\"(max-width: 376px) 100vw, 376px\" \/><figcaption class=\"wp-element-caption\">Le peuple des oc\u00e9ans &#8211; Jacques Perrin<\/figcaption><\/figure><\/div>\n\n\n<p class=\"has-normal-font-size\">Ce film te transporte au c\u0153ur des profondeurs marines, o\u00f9 des cr\u00e9atures \u00e9blouissantes t&rsquo;invitent \u00e0 une f\u00eate aquatique inoubliable. Entre danses enchant\u00e9es, aventures sous-marines et rencontres extraordinaires, tu d\u00e9couvriras que l&rsquo;oc\u00e9an regorge de merveilles incroyables. Une aventure aquatique qui te fera r\u00eaver, rire et t&rsquo;immerger dans la beaut\u00e9 infinie des oc\u00e9ans.<\/p>\n\n\n\n<h4 class=\"has-gold-color has-text-color\">23- Notre plan\u00e8te (50 min)<\/h4>\n\n\n<div class=\"wp-block-image\">\n<figure class=\"aligncenter size-large is-resized\"><img decoding=\"async\" loading=\"lazy\" src=\"https:\/\/www.explora-project.com\/blog\/wp-content\/uploads\/2023\/12\/2071034-edited.webp\" alt=\"\" class=\"wp-image-3569\" width=\"376\" height=\"376\" srcset=\"https:\/\/www.explora-project.com\/blog\/wp-content\/uploads\/2023\/12\/2071034-edited.webp 1080w, https:\/\/www.explora-project.com\/blog\/wp-content\/uploads\/2023\/12\/2071034-edited-300x300.webp 300w, https:\/\/www.explora-project.com\/blog\/wp-content\/uploads\/2023\/12\/2071034-edited-1024x1024.webp 1024w, https:\/\/www.explora-project.com\/blog\/wp-content\/uploads\/2023\/12\/2071034-edited-150x150.webp 150w, https:\/\/www.explora-project.com\/blog\/wp-content\/uploads\/2023\/12\/2071034-edited-768x768.webp 768w, https:\/\/www.explora-project.com\/blog\/wp-content\/uploads\/2023\/12\/2071034-edited-640x640.webp 640w, https:\/\/www.explora-project.com\/blog\/wp-content\/uploads\/2023\/12\/2071034-edited-180x180.webp 180w\" sizes=\"(max-width: 376px) 100vw, 376px\" \/><figcaption class=\"wp-element-caption\">Notre plan\u00e8te<\/figcaption><\/figure><\/div>\n\n\n<p class=\"has-normal-font-size\">Des vastes \u00e9tendues sauvages aux profondeurs myst\u00e9rieuses des oc\u00e9ans, plonge dans une exp\u00e9rience visuelle immersive, capturant la beaut\u00e9 \u00e9poustouflante de la nature. Entre des paysages spectaculaires et des rencontres extraordinaires avec la faune, \u00ab\u00a0Notre Plan\u00e8te\u00a0\u00bb c\u00e9l\u00e8bre la diversit\u00e9 de la vie sur Terre tout en nous rappelant notre responsabilit\u00e9 collective de pr\u00e9server ce joyau pr\u00e9cieux.<\/p>\n\n\n\n<h4 class=\"has-gold-color has-text-color\">24- Microcosmos, le peuple de l&rsquo;herbe (1h15)<\/h4>\n\n\n<div class=\"wp-block-image\">\n<figure class=\"aligncenter size-full\"><img decoding=\"async\" loading=\"lazy\" width=\"351\" height=\"500\" src=\"https:\/\/www.explora-project.com\/blog\/wp-content\/uploads\/2023\/12\/microcosmos-a-351x500-1.jpg\" alt=\"\" class=\"wp-image-3658\" srcset=\"https:\/\/www.explora-project.com\/blog\/wp-content\/uploads\/2023\/12\/microcosmos-a-351x500-1.jpg 351w, https:\/\/www.explora-project.com\/blog\/wp-content\/uploads\/2023\/12\/microcosmos-a-351x500-1-211x300.jpg 211w\" sizes=\"(max-width: 351px) 100vw, 351px\" \/><figcaption class=\"wp-element-caption\">Microcosmos<\/figcaption><\/figure><\/div>\n\n\n<p class=\"has-normal-font-size\">Une heure quinze sur une plan\u00e8te inconnue : la Terre red\u00e9couverte \u00e0 l&rsquo;\u00e9chelle du centim\u00e8tre. Ses habitants : des cr\u00e9atures fantastiques, les insectes et autres animaux de l&rsquo;herbe et de l&rsquo;eau. Ses paysages : for\u00eats imp\u00e9n\u00e9trables des touffes d&rsquo;herbe, gouttes de ros\u00e9e grosses comme des ballons&#8230; Un pays o\u00f9 les animaux savent marcher sur l&rsquo;eau, d\u00e9ambuler t\u00eate en bas ou tomber sans dommage de cent fois leur hauteur, frein\u00e9s par la seule r\u00e9sistance de l&rsquo;air&#8230; Dans ce monde, le sablier du temps s&rsquo;acc\u00e9l\u00e8re : une heure pour un jour, un jour pour une saison, une saison pour une vie&#8230; Voyage men\u00e9 de l&rsquo;int\u00e9rieur, le spectateur est projet\u00e9 au c\u0153ur de l&rsquo;action, comme s&rsquo;il avait lui-m\u00eame la taille d&rsquo;un insecte.<\/p>\n\n\n\n<p><\/p>\n\n\n\n<p style=\"font-size:20px\">Cet article t&rsquo;a plu ? Abonne-toi \u00e0 la <a href=\"https:\/\/www.explora-project.com\/notre-newsletter\" target=\"_blank\" rel=\"noreferrer noopener\">Newsletter Explora Project<\/a> pour recevoir ta dose hebdomadaire d&rsquo;inspiration et d&rsquo;aventures outdoor.<\/p>\n","protected":false},"excerpt":{"rendered":"<p>Team feuilletons de No\u00ebl ou team \u00ab\u00a0scroller ind\u00e9finiment pour trouver un film \u00e0 regarder\u00a0\u00bb ? Que nenni ! On a la liste parfaite pour combler les aventurier\u00b7es en qu\u00eate d&rsquo;inspiration<a href=\"https:\/\/www.explora-project.com\/blog\/articles\/24-films-daventures-et-docus-a-voir-et-revoir\" class=\"more-link\"><span class=\"readmore\">Continuer \u00e0 lire&#8230;<span class=\"screen-reader-text\">24 films d&rsquo;aventures et docus \u00e0 voir et revoir<\/span><\/span><\/a><\/p>\n","protected":false},"author":22,"featured_media":3664,"comment_status":"closed","ping_status":"closed","sticky":false,"template":"","format":"standard","meta":[],"categories":[5,279,1],"tags":[37,329,330,328,327,317,141,113,331],"yoast_head":"<!-- This site is optimized with the Yoast SEO plugin v19.10 - https:\/\/yoast.com\/wordpress\/plugins\/seo\/ -->\n<title>24 films d&#039;aventures et docus \u00e0 voir et revoir - Journal d&#039;Explora Project<\/title>\n<meta name=\"robots\" content=\"index, follow, max-snippet:-1, max-image-preview:large, max-video-preview:-1\" \/>\n<link rel=\"canonical\" href=\"https:\/\/www.explora-project.com\/blog\/articles\/24-films-daventures-et-docus-a-voir-et-revoir\" \/>\n<meta property=\"og:locale\" content=\"fr_FR\" \/>\n<meta property=\"og:type\" content=\"article\" \/>\n<meta property=\"og:title\" content=\"24 films d&#039;aventures et docus \u00e0 voir et revoir - Journal d&#039;Explora Project\" \/>\n<meta property=\"og:description\" content=\"Team feuilletons de No\u00ebl ou team \u00ab\u00a0scroller ind\u00e9finiment pour trouver un film \u00e0 regarder\u00a0\u00bb ? Que nenni ! On a la liste parfaite pour combler les aventurier\u00b7es en qu\u00eate d&rsquo;inspirationContinuer \u00e0 lire...24 films d&rsquo;aventures et docus \u00e0 voir et revoir\" \/>\n<meta property=\"og:url\" content=\"https:\/\/www.explora-project.com\/blog\/articles\/24-films-daventures-et-docus-a-voir-et-revoir\" \/>\n<meta property=\"og:site_name\" content=\"Journal d&#039;Explora Project\" \/>\n<meta property=\"article:published_time\" content=\"2023-12-05T09:28:02+00:00\" \/>\n<meta property=\"article:modified_time\" content=\"2023-12-05T09:47:13+00:00\" \/>\n<meta property=\"og:image\" content=\"https:\/\/www.explora-project.com\/blog\/wp-content\/uploads\/2023\/12\/samuel-ferrara-IEHPDNk2-8w-unsplash-scaled.jpg\" \/>\n\t<meta property=\"og:image:width\" content=\"2560\" \/>\n\t<meta property=\"og:image:height\" content=\"1707\" \/>\n\t<meta property=\"og:image:type\" content=\"image\/jpeg\" \/>\n<meta name=\"author\" content=\"anna@explora-project.com\" \/>\n<meta name=\"twitter:card\" content=\"summary_large_image\" \/>\n<meta name=\"twitter:label1\" content=\"Written by\" \/>\n\t<meta name=\"twitter:data1\" content=\"anna@explora-project.com\" \/>\n\t<meta name=\"twitter:label2\" content=\"Est. reading time\" \/>\n\t<meta name=\"twitter:data2\" content=\"17 minutes\" \/>\n<script type=\"application\/ld+json\" class=\"yoast-schema-graph\">{\"@context\":\"https:\/\/schema.org\",\"@graph\":[{\"@type\":\"WebPage\",\"@id\":\"https:\/\/www.explora-project.com\/blog\/articles\/24-films-daventures-et-docus-a-voir-et-revoir\",\"url\":\"https:\/\/www.explora-project.com\/blog\/articles\/24-films-daventures-et-docus-a-voir-et-revoir\",\"name\":\"24 films d'aventures et docus \u00e0 voir et revoir - Journal d&#039;Explora Project\",\"isPartOf\":{\"@id\":\"https:\/\/www.explora-project.com\/blog\/#website\"},\"datePublished\":\"2023-12-05T09:28:02+00:00\",\"dateModified\":\"2023-12-05T09:47:13+00:00\",\"author\":{\"@id\":\"https:\/\/www.explora-project.com\/blog\/#\/schema\/person\/a773aad3591c772047e03c17fd28d501\"},\"breadcrumb\":{\"@id\":\"https:\/\/www.explora-project.com\/blog\/articles\/24-films-daventures-et-docus-a-voir-et-revoir#breadcrumb\"},\"inLanguage\":\"fr-FR\",\"potentialAction\":[{\"@type\":\"ReadAction\",\"target\":[\"https:\/\/www.explora-project.com\/blog\/articles\/24-films-daventures-et-docus-a-voir-et-revoir\"]}]},{\"@type\":\"BreadcrumbList\",\"@id\":\"https:\/\/www.explora-project.com\/blog\/articles\/24-films-daventures-et-docus-a-voir-et-revoir#breadcrumb\",\"itemListElement\":[{\"@type\":\"ListItem\",\"position\":1,\"name\":\"Home\",\"item\":\"https:\/\/www.explora-project.com\/blog\"},{\"@type\":\"ListItem\",\"position\":2,\"name\":\"24 films d&rsquo;aventures et docus \u00e0 voir et revoir\"}]},{\"@type\":\"WebSite\",\"@id\":\"https:\/\/www.explora-project.com\/blog\/#website\",\"url\":\"https:\/\/www.explora-project.com\/blog\/\",\"name\":\"Journal d&#039;Explora Project\",\"description\":\"Actualit\u00e9s \u00e0 la une\",\"potentialAction\":[{\"@type\":\"SearchAction\",\"target\":{\"@type\":\"EntryPoint\",\"urlTemplate\":\"https:\/\/www.explora-project.com\/blog\/?s={search_term_string}\"},\"query-input\":\"required name=search_term_string\"}],\"inLanguage\":\"fr-FR\"},{\"@type\":\"Person\",\"@id\":\"https:\/\/www.explora-project.com\/blog\/#\/schema\/person\/a773aad3591c772047e03c17fd28d501\",\"name\":\"anna@explora-project.com\",\"image\":{\"@type\":\"ImageObject\",\"inLanguage\":\"fr-FR\",\"@id\":\"https:\/\/www.explora-project.com\/blog\/#\/schema\/person\/image\/\",\"url\":\"https:\/\/www.explora-project.com\/blog\/wp-content\/uploads\/2023\/10\/MOI-96x96.jpg\",\"contentUrl\":\"https:\/\/www.explora-project.com\/blog\/wp-content\/uploads\/2023\/10\/MOI-96x96.jpg\",\"caption\":\"anna@explora-project.com\"},\"url\":\"https:\/\/www.explora-project.com\/blog\/articles\/author\/annaexplora-project-com\"}]}<\/script>\n<!-- \/ Yoast SEO plugin. -->","yoast_head_json":{"title":"24 films d'aventures et docus \u00e0 voir et revoir - Journal d&#039;Explora Project","robots":{"index":"index","follow":"follow","max-snippet":"max-snippet:-1","max-image-preview":"max-image-preview:large","max-video-preview":"max-video-preview:-1"},"canonical":"https:\/\/www.explora-project.com\/blog\/articles\/24-films-daventures-et-docus-a-voir-et-revoir","og_locale":"fr_FR","og_type":"article","og_title":"24 films d'aventures et docus \u00e0 voir et revoir - Journal d&#039;Explora Project","og_description":"Team feuilletons de No\u00ebl ou team \u00ab\u00a0scroller ind\u00e9finiment pour trouver un film \u00e0 regarder\u00a0\u00bb ? Que nenni ! On a la liste parfaite pour combler les aventurier\u00b7es en qu\u00eate d&rsquo;inspirationContinuer \u00e0 lire...24 films d&rsquo;aventures et docus \u00e0 voir et revoir","og_url":"https:\/\/www.explora-project.com\/blog\/articles\/24-films-daventures-et-docus-a-voir-et-revoir","og_site_name":"Journal d&#039;Explora Project","article_published_time":"2023-12-05T09:28:02+00:00","article_modified_time":"2023-12-05T09:47:13+00:00","og_image":[{"width":2560,"height":1707,"url":"https:\/\/www.explora-project.com\/blog\/wp-content\/uploads\/2023\/12\/samuel-ferrara-IEHPDNk2-8w-unsplash-scaled.jpg","type":"image\/jpeg"}],"author":"anna@explora-project.com","twitter_card":"summary_large_image","twitter_misc":{"Written by":"anna@explora-project.com","Est. reading time":"17 minutes"},"schema":{"@context":"https:\/\/schema.org","@graph":[{"@type":"WebPage","@id":"https:\/\/www.explora-project.com\/blog\/articles\/24-films-daventures-et-docus-a-voir-et-revoir","url":"https:\/\/www.explora-project.com\/blog\/articles\/24-films-daventures-et-docus-a-voir-et-revoir","name":"24 films d'aventures et docus \u00e0 voir et revoir - Journal d&#039;Explora Project","isPartOf":{"@id":"https:\/\/www.explora-project.com\/blog\/#website"},"datePublished":"2023-12-05T09:28:02+00:00","dateModified":"2023-12-05T09:47:13+00:00","author":{"@id":"https:\/\/www.explora-project.com\/blog\/#\/schema\/person\/a773aad3591c772047e03c17fd28d501"},"breadcrumb":{"@id":"https:\/\/www.explora-project.com\/blog\/articles\/24-films-daventures-et-docus-a-voir-et-revoir#breadcrumb"},"inLanguage":"fr-FR","potentialAction":[{"@type":"ReadAction","target":["https:\/\/www.explora-project.com\/blog\/articles\/24-films-daventures-et-docus-a-voir-et-revoir"]}]},{"@type":"BreadcrumbList","@id":"https:\/\/www.explora-project.com\/blog\/articles\/24-films-daventures-et-docus-a-voir-et-revoir#breadcrumb","itemListElement":[{"@type":"ListItem","position":1,"name":"Home","item":"https:\/\/www.explora-project.com\/blog"},{"@type":"ListItem","position":2,"name":"24 films d&rsquo;aventures et docus \u00e0 voir et revoir"}]},{"@type":"WebSite","@id":"https:\/\/www.explora-project.com\/blog\/#website","url":"https:\/\/www.explora-project.com\/blog\/","name":"Journal d&#039;Explora Project","description":"Actualit\u00e9s \u00e0 la une","potentialAction":[{"@type":"SearchAction","target":{"@type":"EntryPoint","urlTemplate":"https:\/\/www.explora-project.com\/blog\/?s={search_term_string}"},"query-input":"required name=search_term_string"}],"inLanguage":"fr-FR"},{"@type":"Person","@id":"https:\/\/www.explora-project.com\/blog\/#\/schema\/person\/a773aad3591c772047e03c17fd28d501","name":"anna@explora-project.com","image":{"@type":"ImageObject","inLanguage":"fr-FR","@id":"https:\/\/www.explora-project.com\/blog\/#\/schema\/person\/image\/","url":"https:\/\/www.explora-project.com\/blog\/wp-content\/uploads\/2023\/10\/MOI-96x96.jpg","contentUrl":"https:\/\/www.explora-project.com\/blog\/wp-content\/uploads\/2023\/10\/MOI-96x96.jpg","caption":"anna@explora-project.com"},"url":"https:\/\/www.explora-project.com\/blog\/articles\/author\/annaexplora-project-com"}]}},"_links":{"self":[{"href":"https:\/\/www.explora-project.com\/blog\/wp-json\/wp\/v2\/posts\/3556"}],"collection":[{"href":"https:\/\/www.explora-project.com\/blog\/wp-json\/wp\/v2\/posts"}],"about":[{"href":"https:\/\/www.explora-project.com\/blog\/wp-json\/wp\/v2\/types\/post"}],"author":[{"embeddable":true,"href":"https:\/\/www.explora-project.com\/blog\/wp-json\/wp\/v2\/users\/22"}],"replies":[{"embeddable":true,"href":"https:\/\/www.explora-project.com\/blog\/wp-json\/wp\/v2\/comments?post=3556"}],"version-history":[{"count":45,"href":"https:\/\/www.explora-project.com\/blog\/wp-json\/wp\/v2\/posts\/3556\/revisions"}],"predecessor-version":[{"id":3674,"href":"https:\/\/www.explora-project.com\/blog\/wp-json\/wp\/v2\/posts\/3556\/revisions\/3674"}],"wp:featuredmedia":[{"embeddable":true,"href":"https:\/\/www.explora-project.com\/blog\/wp-json\/wp\/v2\/media\/3664"}],"wp:attachment":[{"href":"https:\/\/www.explora-project.com\/blog\/wp-json\/wp\/v2\/media?parent=3556"}],"wp:term":[{"taxonomy":"category","embeddable":true,"href":"https:\/\/www.explora-project.com\/blog\/wp-json\/wp\/v2\/categories?post=3556"},{"taxonomy":"post_tag","embeddable":true,"href":"https:\/\/www.explora-project.com\/blog\/wp-json\/wp\/v2\/tags?post=3556"}],"curies":[{"name":"wp","href":"https:\/\/api.w.org\/{rel}","templated":true}]}}