{"id":3508,"date":"2025-09-23T14:03:20","date_gmt":"2025-09-23T12:03:20","guid":{"rendered":"https:\/\/www.explora-project.com\/blog\/?p=3508"},"modified":"2025-09-29T16:41:34","modified_gmt":"2025-09-29T14:41:34","slug":"les-10-plus-belles-randonnees-en-france","status":"publish","type":"post","link":"https:\/\/www.explora-project.com\/blog\/articles\/les-10-plus-belles-randonnees-en-france","title":{"rendered":"<strong>Les 10 plus belles randonn\u00e9es en France<\/strong>"},"content":{"rendered":"\n<p>Bonjour \u00e0 toi, passionn\u00e9 de nature et d&rsquo;aventure ! La France est un v\u00e9ritable paradis pour les randonneurs, offrant une diversit\u00e9 de paysages allant des majestueux sommets alpins aux c\u00f4tes sereines de la M\u00e9diterran\u00e9e. Cet article va te faire d\u00e9couvrir les 10 randonn\u00e9es les plus \u00e9poustouflantes de France, s\u00e9lectionn\u00e9es pour leur beaut\u00e9 unique, leur importance culturelle et historique, et leur accessibilit\u00e9 vari\u00e9e. Que tu cherches l&rsquo;excitation d&rsquo;une ascension difficile, la tranquillit\u00e9 d&rsquo;un sentier c\u00f4tier, ou une immersion dans l&rsquo;histoire et la culture, ces randonn\u00e9es promettent des exp\u00e9riences inoubliables et des paysages \u00e0 couper le souffle.<\/p>\n\n\n\n<h2 class=\"has-gold-color has-text-color\"><strong>1. Le Sentier des Douaniers (GR34)<\/strong><\/h2>\n\n\n\n<pre class=\"wp-block-verse\"><strong>Lieu<\/strong>: Bretagne - <strong>Difficult\u00e9<\/strong> : Mod\u00e9r\u00e9e - <strong>Meilleure p\u00e9riode<\/strong> : Avril \u00e0 octobre- <strong>Id\u00e9e de d\u00e9part<\/strong> : Vitr\u00e9, Bretagne- <strong>D\u00e9nivel\u00e9 max<\/strong> : Faible, sentier c\u00f4tier - <strong>Longueur<\/strong> : Environ 2000 km- <strong>Dur\u00e9e<\/strong> : Variable, jusqu'\u00e0 plusieurs semaines pour l'ensemble<\/pre>\n\n\n\n<p><br>Le Sentier des Douaniers, s&rsquo;\u00e9tendant sur plus de 2000 km le long de la c\u00f4te bretonne, est un v\u00e9ritable tr\u00e9sor pour les randonneurs. En parcourant ce chemin, tu d\u00e9couvriras des plages isol\u00e9es, des falaises imposantes et des villages de p\u00eacheurs traditionnels. Cette randonn\u00e9e te fera vivre la richesse de la culture maritime bretonne, te permettant de d\u00e9guster des sp\u00e9cialit\u00e9s locales et d&rsquo;explorer l&rsquo;histoire fascinante de cette r\u00e9gion. Parfait pour ceux qui cherchent une randonn\u00e9e moins intense mais tout aussi enrichissante. Si tu veux d\u00e9couvrir rejoindre une de nos exp\u00e9ditions en Bretagne d\u00e9couvre notre <a href=\"https:\/\/www.explora-project.com\/expeditions\/trek-bivouac-bretagne#null\" target=\"_blank\" rel=\"noreferrer noopener\">Trek sur les c\u00f4tes bretonnes de granit rose. <\/a><\/p>\n\n\n\n<h2 class=\"has-gold-color has-text-color\"><strong>2. La Travers\u00e9e des Pyr\u00e9n\u00e9es (GR10)<\/strong><\/h2>\n\n\n\n<pre class=\"wp-block-verse\"><strong>Lieu<\/strong>: Pyr\u00e9n\u00e9es - <strong>Difficult\u00e9<\/strong> : Difficile - <strong>Meilleure p\u00e9riode<\/strong> : Juin \u00e0 septembre - <strong>Id\u00e9e de d\u00e9part<\/strong> : Hendaye, sur la c\u00f4te atlantique - <strong>D\u00e9nivel\u00e9 max<\/strong> : Vari\u00e9, plusieurs passages \u00e0 plus de 2 500 m - <strong>Longueur<\/strong> : Environ 866 km - <strong>Dur\u00e9e<\/strong> : Environ 50 jours<\/pre>\n\n\n\n<div class=\"wp-block-media-text alignwide is-stacked-on-mobile\" style=\"grid-template-columns:44% auto\"><figure class=\"wp-block-media-text__media\"><img decoding=\"async\" loading=\"lazy\" width=\"768\" height=\"506\" src=\"https:\/\/www.explora-project.com\/blog\/wp-content\/uploads\/2023\/11\/Capture-decran-2023-01-25-a-13.01.28-768x506-1.png\" alt=\"\" class=\"wp-image-3514 size-full\" srcset=\"https:\/\/www.explora-project.com\/blog\/wp-content\/uploads\/2023\/11\/Capture-decran-2023-01-25-a-13.01.28-768x506-1.png 768w, https:\/\/www.explora-project.com\/blog\/wp-content\/uploads\/2023\/11\/Capture-decran-2023-01-25-a-13.01.28-768x506-1-300x198.png 300w\" sizes=\"(max-width: 768px) 100vw, 768px\" \/><\/figure><div class=\"wp-block-media-text__content\">\n<p>Le GR10 est une aventure \u00e9pique qui s&rsquo;\u00e9tend sur 866 km \u00e0 travers les Pyr\u00e9n\u00e9es, reliant l&rsquo;oc\u00e9an Atlantique \u00e0 la mer M\u00e9diterran\u00e9e. En chemin, tu rencontreras des paysages diversifi\u00e9s, allant des sommets enneig\u00e9s aux for\u00eats luxuriantes et aux lacs de montagne cristallins. Cette randonn\u00e9e, qui teste \u00e0 la fois l&rsquo;endurance physique et mentale, offre une occasion unique de s&rsquo;immerger dans la splendeur sauvage et pr\u00e9serv\u00e9e des montagnes pyr\u00e9n\u00e9ennes. Si tu veux en savoir plus, retrouve notre article sur les plus belles <a href=\"https:\/\/www.explora-project.com\/blog\/articles\/randonnees-et-treks-dans-les-pyrenees-notre-top-7\" target=\"_blank\" rel=\"noreferrer noopener\">randonn\u00e9es dans les Pyr\u00e9n\u00e9es<\/a>.<\/p>\n<\/div><\/div>\n\n\n\n<p><br><\/p>\n\n\n\n<h2 class=\"has-gold-color has-text-color\"><strong>3. Le Tour du Mont Blanc<\/strong><\/h2>\n\n\n\n<pre class=\"wp-block-verse\"><strong>Lieu<\/strong> : Alpes - <strong>Difficult\u00e9<\/strong> : Difficile - <strong>Meilleure p\u00e9riode<\/strong> : Juin \u00e0 septembre - <strong>Id\u00e9e de d\u00e9part<\/strong> : Les Houches, France - <strong>D\u00e9nivel\u00e9 max<\/strong> : Varie, plusieurs passages au-dessus de 2 500 m - <strong>Longueur<\/strong> : Environ 170 km - <strong>Dur\u00e9e<\/strong> : 10 \u00e0 12 jours<\/pre>\n\n\n\n<p>Consid\u00e9r\u00e9 comme un des circuits de randonn\u00e9e les plus renomm\u00e9s d&rsquo;Europe, le Tour du Mont Blanc est une aventure de 170 km qui traverse la France, l&rsquo;Italie et la Suisse. Tu seras \u00e9merveill\u00e9 par les paysages alpins, les glaciers \u00e9tincelants et les prairies alpines luxuriantes. Cette randonn\u00e9e dure g\u00e9n\u00e9ralement de 10 \u00e0 12 jours et offre des h\u00e9bergements en refuges o\u00f9 la convivialit\u00e9 et les \u00e9changes culturels sont au rendez-vous. Bien que physiquement exigeante, cette randonn\u00e9e est une exp\u00e9rience enrichissante, m\u00ealant aventure, beaut\u00e9 naturelle et d\u00e9couvertes culturelles.<\/p>\n\n\n\n<h2 class=\"has-gold-color has-text-color\"><strong>4. Les Calanques de Marseille \u00e0 Cassis<\/strong><\/h2>\n\n\n\n<pre class=\"wp-block-verse\"><strong>Lieu<\/strong>: Provence - <strong>Difficult\u00e9<\/strong> : Mod\u00e9r\u00e9e - <strong>Meilleure p\u00e9riode<\/strong> : Printemps et automne - <strong>Id\u00e9e de d\u00e9part<\/strong> : Marseille - <strong>D\u00e9nivel\u00e9 max<\/strong> : Faible \u00e0 mod\u00e9r\u00e9 - <strong>Longueur<\/strong> : Environ 20 km - <strong>Dur\u00e9e<\/strong> : 1 jour<\/pre>\n\n\n\n<p><br><\/p>\n\n\n\n<div class=\"wp-block-media-text alignwide is-stacked-on-mobile\" style=\"grid-template-columns:15% auto\"><figure class=\"wp-block-media-text__media\"><a href=\"https:\/\/explora-project.my.join-stories.com\/camera-embarquee27\"><img decoding=\"async\" loading=\"lazy\" width=\"196\" height=\"179\" src=\"https:\/\/www.explora-project.com\/blog\/wp-content\/uploads\/2023\/11\/Capture-decran-2023-11-16-a-15.36.00.png\" alt=\"\" class=\"wp-image-3513 size-full\"\/><\/a><\/figure><div class=\"wp-block-media-text__content\">\n<p>La randonn\u00e9e des Calanques entre Marseille et Cassis est une exp\u00e9dition magnifique sur une distance de 20 km. Les paysages y sont spectaculaires, avec des falaises calcaires plongeant dans des eaux turquoise. C&rsquo;est une randonn\u00e9e paradisiaque pour les amoureux de la mer, offrant des opportunit\u00e9s pour des baignades rafra\u00eechissantes dans des criques cach\u00e9es et des panoramas m\u00e9diterran\u00e9ens inoubliables. SI tu veux allier Rando et Yoga d\u00e9couvre notre exp\u00e9dition dans les <a href=\"https:\/\/www.explora-project.com\/expeditions\/yoga-et-randonnee-au-coeur-des-calanques\" target=\"_blank\" rel=\"noreferrer noopener\">calanques de Cassis<\/a>.<\/p>\n<\/div><\/div>\n\n\n\n<h2 class=\"has-gold-color has-text-color\"><strong>5. Le Chemin de Stevenson (GR70)<\/strong><\/h2>\n\n\n\n<pre class=\"wp-block-verse\"><strong>Lieu<\/strong> : Massif Central - <strong>Difficult\u00e9<\/strong> : Mod\u00e9r\u00e9e - <strong>Meilleure p\u00e9riode<\/strong> : Avril \u00e0 octobre - <strong><strong>Id\u00e9e de d\u00e9part<\/strong><\/strong> : Le Monastier-sur-Gazeille - D<strong>\u00e9nivel\u00e9 max<\/strong> : Vari\u00e9- <strong>Longueur<\/strong> : Environ 272 km - <strong>Dur\u00e9e<\/strong> : Environ 12 jours<\/pre>\n\n\n\n<p><br>Le Chemin de Stevenson est un parcours historique de 272 km qui t&#8217;emm\u00e8nera sur les traces de l&rsquo;\u00e9crivain Robert Louis Stevenson \u00e0 travers le Massif Central. En chemin, tu seras enchant\u00e9 par la diversit\u00e9 des paysages, allant des for\u00eats de pins aux plateaux ouverts. C&rsquo;est une randonn\u00e9e qui allie l&rsquo;aventure physique \u00e0 la richesse culturelle, offrant des vues \u00e9poustouflantes et des rencontres m\u00e9morables dans des villages pleins de charme.<\/p>\n\n\n\n<h2 class=\"has-gold-color has-text-color\"><strong>6. Le Sentier Cathare<\/strong><\/h2>\n\n\n\n<pre class=\"wp-block-verse\"><strong>Lieu<\/strong>: Pyr\u00e9n\u00e9es et Languedoc - <strong>Difficult\u00e9<\/strong> : Mod\u00e9r\u00e9e \u00e0 difficile - <strong>Meilleure p\u00e9riode<\/strong> : Avril \u00e0 octobre - <strong>Id\u00e9e de d\u00e9part<\/strong> : Port-la-Nouvelle- <strong>D\u00e9nivel\u00e9 max<\/strong> : Vari\u00e9 - <strong>Longueur<\/strong> : Environ 250 km- <strong>Dur\u00e9e<\/strong> : Environ 12 jours<\/pre>\n\n\n\n<p>Ce chemin historique de 250 km offre une immersion fascinante dans l&rsquo;histoire m\u00e9di\u00e9vale de la France. En parcourant le Sentier Cathare, tu d\u00e9couvriras les vestiges des ch\u00e2teaux forts perch\u00e9s sur des \u00e9perons rocheux, t\u00e9moins silencieux des batailles et des intrigues des Cathares. Cette randonn\u00e9e, qui serpente entre la mer M\u00e9diterran\u00e9e et les sommets des Pyr\u00e9n\u00e9es, offre non seulement une le\u00e7on d&rsquo;histoire vivante, mais aussi une vari\u00e9t\u00e9 de paysages \u00e9poustouflants, des vignobles verdoyants aux plateaux calcaires escarp\u00e9s. Chaque \u00e9tape est une d\u00e9couverte, offrant des vues panoramiques et des rencontres avec la faune et la flore locales, ainsi que l&rsquo;opportunit\u00e9 de go\u00fbter aux sp\u00e9cialit\u00e9s culinaires r\u00e9gionales.<\/p>\n\n\n<div class=\"wp-block-image\">\n<figure class=\"aligncenter size-large is-resized\"><img decoding=\"async\" loading=\"lazy\" src=\"https:\/\/www.explora-project.com\/blog\/wp-content\/uploads\/2023\/11\/shutterstock_2202978713-1024x683.jpg\" alt=\"\" class=\"wp-image-3515\" width=\"595\" height=\"397\" srcset=\"https:\/\/www.explora-project.com\/blog\/wp-content\/uploads\/2023\/11\/shutterstock_2202978713-1024x683.jpg 1024w, https:\/\/www.explora-project.com\/blog\/wp-content\/uploads\/2023\/11\/shutterstock_2202978713-300x200.jpg 300w, https:\/\/www.explora-project.com\/blog\/wp-content\/uploads\/2023\/11\/shutterstock_2202978713-768x512.jpg 768w, https:\/\/www.explora-project.com\/blog\/wp-content\/uploads\/2023\/11\/shutterstock_2202978713.jpg 1417w\" sizes=\"(max-width: 595px) 100vw, 595px\" \/><\/figure><\/div>\n\n\n<h2 class=\"has-gold-color has-text-color\"><strong>7. La Grande Travers\u00e9e du Jura (GTJ)<\/strong><\/h2>\n\n\n\n<pre class=\"wp-block-verse\"><strong>Lieu<\/strong>: Jura - <strong>Difficult\u00e9<\/strong> : Mod\u00e9r\u00e9e - <strong>Meilleure p\u00e9riode<\/strong> : Mai \u00e0 octobre pour la randonn\u00e9e, d\u00e9cembre \u00e0 mars pour le ski de fond - <strong>Id\u00e9e de d\u00e9part<\/strong> : Mandeure - <strong>D\u00e9nivel\u00e9<\/strong> <strong>max<\/strong> : Faible \u00e0 mod\u00e9r\u00e9 - <strong>Longueur<\/strong> : Environ 400 km - <strong>Dur\u00e9e<\/strong> : Environ 15 \u00e0 20 jours<\/pre>\n\n\n\n<p>La Grande Travers\u00e9e du Jura est un sentier de randonn\u00e9e de 400 km qui serpente \u00e0 travers les paysages sereins et pr\u00e9serv\u00e9s du massif du Jura. Cette randonn\u00e9e te fera d\u00e9couvrir des for\u00eats denses de sapins et de h\u00eatres, des lacs tranquilles et des prairies parsem\u00e9es de fleurs sauvages. C&rsquo;est un parcours id\u00e9al pour ceux qui cherchent \u00e0 s&rsquo;\u00e9loigner de l&rsquo;agitation urbaine et \u00e0 se ressourcer dans la nature. En chemin, tu auras l&rsquo;occasion de rencontrer une faune riche, dont des cerfs, des lynx, et une multitude d&rsquo;oiseaux. Les villages du Jura, avec leur architecture traditionnelle et leur hospitalit\u00e9 chaleureuse, ajoutent une touche culturelle \u00e0 cette exp\u00e9rience de randonn\u00e9e. Si tu veux d\u00e9couvrir le Jura en hiver ou en \u00e9t\u00e9 avec un de nos guides, <a href=\"https:\/\/www.explora-project.com\/expeditions?query=jura\" target=\"_blank\" rel=\"noreferrer noopener\">d\u00e9couvre nos exp\u00e9ditions<\/a>.<\/p>\n\n\n\n<h2 class=\"has-gold-color has-text-color\"><strong>8. Le GR20 en Corse<\/strong><\/h2>\n\n\n\n<pre class=\"wp-block-verse\"><strong>Lieu<\/strong>: Corse - <strong>Difficult\u00e9<\/strong> : Tr\u00e8s difficile - <strong>Meilleure p\u00e9riode<\/strong> : Juin \u00e0 septembre - <strong>Id\u00e9e de d\u00e9part<\/strong> : Calenzana - <strong>D\u00e9nivel\u00e9 max<\/strong> : Vari\u00e9, plusieurs passages difficiles - <strong>Longueur<\/strong> : Environ 180 km - <strong>Dur\u00e9e<\/strong> : Environ 15 jours<\/pre>\n\n\n\n<div class=\"wp-block-media-text alignwide is-stacked-on-mobile\"><figure class=\"wp-block-media-text__media\"><img decoding=\"async\" loading=\"lazy\" width=\"1000\" height=\"563\" src=\"https:\/\/www.explora-project.com\/blog\/wp-content\/uploads\/2023\/11\/shutterstock_1356888842-1.jpg\" alt=\"\" class=\"wp-image-3520 size-full\" srcset=\"https:\/\/www.explora-project.com\/blog\/wp-content\/uploads\/2023\/11\/shutterstock_1356888842-1.jpg 1000w, https:\/\/www.explora-project.com\/blog\/wp-content\/uploads\/2023\/11\/shutterstock_1356888842-1-300x169.jpg 300w, https:\/\/www.explora-project.com\/blog\/wp-content\/uploads\/2023\/11\/shutterstock_1356888842-1-768x432.jpg 768w, https:\/\/www.explora-project.com\/blog\/wp-content\/uploads\/2023\/11\/shutterstock_1356888842-1-990x556.jpg 990w\" sizes=\"(max-width: 1000px) 100vw, 1000px\" \/><\/figure><div class=\"wp-block-media-text__content\">\n<p>Le GR20 est une v\u00e9ritable \u00e9preuve de force pour tout randonneur aguerri. Ce sentier de 180 km, traversant la Corse du nord au sud, est connu pour ses paysages montagneux spectaculaires et ses d\u00e9fis techniques. Le parcours est jalonn\u00e9 de cr\u00eates a\u00e9riennes, de vall\u00e9es profondes, de for\u00eats anciennes et de lacs de montagne. Cette randonn\u00e9e est un d\u00e9fi de taille, avec des d\u00e9nivel\u00e9s importants et des terrains parfois difficiles, mais elle offre en retour des panoramas parmi les plus spectaculaires d&rsquo;Europe. En chemin, tu auras l&rsquo;occasion de d\u00e9couvrir la culture corse, avec sa gastronomie unique et son patrimoine historique.<\/p>\n<\/div><\/div>\n\n\n\n<h2 class=\"has-gold-color has-text-color\"><strong>9. Le Tour des \u00c9crins (GR54)<\/strong><\/h2>\n\n\n\n<pre class=\"wp-block-verse\"><strong>Lieu<\/strong>: Alpes  - <strong>Difficult\u00e9<\/strong> : Difficile - <strong>Meilleure p\u00e9riode<\/strong> : Juin \u00e0 septembre - <strong>Id\u00e9e de d\u00e9part<\/strong> : Bourg d'Oisans - <strong>D\u00e9nivel\u00e9 max<\/strong> : Vari\u00e9, plusieurs passages en haute montagne - <strong>Longueur<\/strong> : Environ 176 km - <strong>Dur\u00e9e<\/strong> : Environ 10 \u00e0 12 jours<\/pre>\n\n\n\n<p>Le Tour des \u00c9crins est un circuit exceptionnel de 176 km qui t&#8217;emm\u00e8ne autour du massif des \u00c9crins, l&rsquo;un des joyaux des Alpes fran\u00e7aises. Ce parcours vari\u00e9 offre des vues sur des sommets enneig\u00e9s, des glaciers \u00e9tincelants, des lacs d&rsquo;altitude et des alpages fleuris. C&rsquo;est une randonn\u00e9e qui ravira les amateurs de haute montagne, offrant des paysages alpins dans toute leur splendeur. Le sentier passe par plusieurs parcs nationaux, offrant des opportunit\u00e9s pour observer la faune sauvage, notamment des marmottes, des chamois et des aigles. Les nuits en refuge permettent des \u00e9changes enrichissants avec d&rsquo;autres randonneurs et des d\u00e9couvertes culinaires locales.<\/p>\n\n\n\n<h2 class=\"has-gold-color has-text-color\"><strong>10. Le Sentier du Littoral sur la C\u00f4te d&rsquo;Azur<\/strong><\/h2>\n\n\n\n<pre class=\"wp-block-verse\"><strong>Lieu<\/strong>: C\u00f4te d'Azur - <strong>Difficult\u00e9<\/strong> : Facile \u00e0 mod\u00e9r\u00e9e -  <strong>Meilleure p\u00e9riode<\/strong> : Printemps, \u00e9t\u00e9 et automne - <strong>Id\u00e9e de d\u00e9part<\/strong> : Menton - <strong>D\u00e9nivel\u00e9 max<\/strong> : Faible - <strong>Longueur<\/strong> : Variable, plusieurs sections - <strong>Dur\u00e9e<\/strong> : Variable, de quelques heures \u00e0 plusieurs jours selon la section<\/pre>\n\n\n\n<p>Le Sentier du Littoral sur la C\u00f4te d&rsquo;Azur est une exp\u00e9rience unique qui combine les plaisirs de la mer et les d\u00e9couvertes culturelles. Ce chemin c\u00f4tier te m\u00e8nera \u00e0 travers des paysages de carte postale, avec des plages dor\u00e9es, des falaises escarp\u00e9es et des eaux cristallines. En chemin, tu d\u00e9couvriras des villes \u00e9l\u00e9gantes telles que Saint-Tropez, Cannes et Nice, chacune avec son propre charme et son histoire. Cette randonn\u00e9e est l&rsquo;occasion id\u00e9ale de se plonger dans le glamour de la Riviera fran\u00e7aise, tout en profitant de la nature m\u00e9diterran\u00e9enne.<\/p>\n\n\n\n<h2 class=\"has-gold-color has-text-color\"><strong>Conseils de randonn\u00e9e en France<\/strong><\/h2>\n\n\n\n<p><br>La randonn\u00e9e en France est une exp\u00e9rience enrichissante, mais il est essentiel de bien se pr\u00e9parer pour profiter au maximum de ces aventures. Tout d&rsquo;abord, une bonne condition physique est n\u00e9cessaire, surtout pour les sentiers plus exigeants comme le GR20 en Corse. Avant de partir, entra\u00eene-toi avec des randonn\u00e9es plus courtes et augmente progressivement la distance et le d\u00e9nivel\u00e9. Pense \u00e0 v\u00e9rifier la <a href=\"https:\/\/meteofrance.com\/\" target=\"_blank\" rel=\"noreferrer noopener\">m\u00e9t\u00e9o<\/a> avant chaque sortie, car le temps peut changer rapidement en montagne. Porte des v\u00eatements adapt\u00e9s aux conditions m\u00e9t\u00e9orologiques : des couches superposables, un chapeau pour le soleil, une veste imperm\u00e9able, et des chaussures de randonn\u00e9e confortables et bien rod\u00e9es. N&rsquo;oublie pas de prendre une carte d\u00e9taill\u00e9e de la r\u00e9gion, une boussole ou un GPS, surtout si tu t&rsquo;aventures sur des sentiers moins fr\u00e9quent\u00e9s.<\/p>\n\n\n\n<blockquote class=\"wp-block-quote\">\n<p>Si tu veux en savoir plus sur le mat\u00e9rie, tu peux aller plus loin avec notre article <a href=\"https:\/\/www.explora-project.com\/blog\/articles\/quel-materiel-emporter-randonnee\" target=\"_blank\" rel=\"noreferrer noopener\">Randonn\u00e9e : quel mat\u00e9riel emporter pour \u00eatre bien \u00e9quip\u00e9 ?<\/a><\/p>\n<\/blockquote>\n\n\n\n<p>Emporte suffisamment d&rsquo;eau &#8211; au moins deux litres par jour &#8211; et des en-cas \u00e9nerg\u00e9tiques comme des fruits secs, des barres de c\u00e9r\u00e9ales ou des noix. Si tu pars pour plusieurs jours, planifie tes repas et envisage de prendre un r\u00e9chaud portable. Pour les randonn\u00e9es de plusieurs jours, renseigne-toi sur les options d&rsquo;h\u00e9bergement en chemin, qu&rsquo;il s&rsquo;agisse de refuges de montagne, de g\u00eetes ou de campings. Enfin, informe toujours quelqu&rsquo;un de ton itin\u00e9raire et de tes horaires pr\u00e9vus, surtout si tu randonnes seul. La s\u00e9curit\u00e9 est primordiale : emporte une trousse de premiers secours, une lampe de poche, un sifflet, et un t\u00e9l\u00e9phone portable charg\u00e9.<\/p>\n\n\n\n<h2 class=\"has-gold-color has-text-color\"><strong>Impact du tourisme de randonn\u00e9e sur l&rsquo;environnement local<\/strong><\/h2>\n\n\n\n<p>Le tourisme de randonn\u00e9e a un impact significatif sur l&rsquo;environnement, et il est crucial d&rsquo;adopter une approche responsable. Les sentiers et les sites naturels sont sous pression \u00e0 cause de l&rsquo;afflux de visiteurs, ce qui peut entra\u00eener une \u00e9rosion des sentiers, une perturbation de la faune et une pollution par les d\u00e9chets. En tant que randonneur, tu peux minimiser ton impact en restant toujours sur les sentiers balis\u00e9s pour \u00e9viter d&rsquo;endommager la v\u00e9g\u00e9tation et les habitats naturels. Sois conscient de la faune locale : observe les animaux \u00e0 distance, ne les nourris pas et ne perturbe pas leur environnement naturel.<\/p>\n\n\n\n<p>Emporte toujours tes d\u00e9chets avec toi, y compris les restes de nourriture, les emballages et les mouchoirs en papier, et utilise des installations sanitaires appropri\u00e9es. Dans les zones o\u00f9 les toilettes ne sont pas disponibles, \u00e9loigne-toi des cours d&rsquo;eau et enterre les d\u00e9chets humains. Pense \u00e9galement \u00e0 utiliser des produits biod\u00e9gradables pour le nettoyage et \u00e9vite les savons et shampoings dans les cours d&rsquo;eau naturels. Si tu campes, choisis des sites de camping \u00e9tablis pour r\u00e9duire l&rsquo;impact sur l&rsquo;environnement. Enfin, soutiens les communaut\u00e9s locales en achetant des produits locaux et en utilisant les services locaux, contribuant ainsi \u00e0 l&rsquo;\u00e9conomie de la r\u00e9gion tout en r\u00e9duisant ton empreinte \u00e9cologique.<\/p>\n\n\n\n<p>En adoptant ces pratiques, les randonneurs peuvent aider \u00e0 pr\u00e9server la beaut\u00e9 naturelle et la biodiversit\u00e9 des r\u00e9gions de randonn\u00e9e en France pour les g\u00e9n\u00e9rations futures.<\/p>\n\n\n\n<blockquote class=\"wp-block-quote\">\n<p>D\u00e9couvre <a href=\"https:\/\/www.explora-project.com\/blog\/articles\/comment-voyager-sans-laisser-de-traces-7-principes-a-connaitre-absolument\" target=\"_blank\" rel=\"noreferrer noopener\">Les \u00ab&nbsp;7 principes du sans traces&nbsp;\u00bb pour une aventure responsable<\/a><\/p>\n<\/blockquote>\n\n\n\n<p>Ces 10 randonn\u00e9es sont un \u00e9chantillon de la richesse et de la diversit\u00e9 des paysages fran\u00e7ais. Chaque itin\u00e9raire offre une exp\u00e9rience unique, te promettant des souvenirs m\u00e9morables. Alors, pr\u00e9pare-toi \u00e0 l&rsquo;aventure et \u00e0 la d\u00e9couverte des merveilles de la randonn\u00e9e en France. Et d\u00e9couvre <a href=\"https:\/\/www.explora-project.com\/aventures\/themes\/adultes\/a-pied\/randonnee\" target=\"_blank\" rel=\"noreferrer noopener\">ici nos randonn\u00e9es en France &amp; en Europe : <\/a><\/p>\n\n\n<p><iframe loading=\"lazy\" frameborder=\"0\" width=\"100%\" height=\"595px\" src=\"https:\/\/www.explora-project.com\/iframes\/expedition_recommendations?activity_type=Randonn\u00e9e\"><\/iframe><\/p>\n","protected":false},"excerpt":{"rendered":"<p>Bonjour \u00e0 toi, passionn\u00e9 de nature et d&rsquo;aventure ! La France est un v\u00e9ritable paradis pour les randonneurs, offrant une diversit\u00e9 de paysages allant des majestueux sommets alpins aux c\u00f4tes<a href=\"https:\/\/www.explora-project.com\/blog\/articles\/les-10-plus-belles-randonnees-en-france\" class=\"more-link\"><span class=\"readmore\">Continuer \u00e0 lire&#8230;<span class=\"screen-reader-text\"><strong>Les 10 plus belles randonn\u00e9es en France<\/strong><\/span><\/span><\/a><\/p>\n","protected":false},"author":22,"featured_media":3519,"comment_status":"closed","ping_status":"closed","sticky":false,"template":"","format":"standard","meta":[],"categories":[4],"tags":[],"yoast_head":"<!-- This site is optimized with the Yoast SEO plugin v19.10 - https:\/\/yoast.com\/wordpress\/plugins\/seo\/ -->\n<title>Les 10 plus belles randonn\u00e9es en France - Journal d&#039;Explora Project<\/title>\n<meta name=\"description\" content=\"D\u00e9couvre les 10 meilleures randonn\u00e9es en France. Infos sur la difficult\u00e9, la p\u00e9riode id\u00e9ale et les itin\u00e9raires pour planifier ton aventure !\" \/>\n<meta name=\"robots\" content=\"index, follow, max-snippet:-1, max-image-preview:large, max-video-preview:-1\" \/>\n<link rel=\"canonical\" href=\"https:\/\/www.explora-project.com\/blog\/articles\/les-10-plus-belles-randonnees-en-france\" \/>\n<meta property=\"og:locale\" content=\"fr_FR\" \/>\n<meta property=\"og:type\" content=\"article\" \/>\n<meta property=\"og:title\" content=\"Les 10 plus belles randonn\u00e9es en France - Journal d&#039;Explora Project\" \/>\n<meta property=\"og:description\" content=\"D\u00e9couvre les 10 meilleures randonn\u00e9es en France. Infos sur la difficult\u00e9, la p\u00e9riode id\u00e9ale et les itin\u00e9raires pour planifier ton aventure !\" \/>\n<meta property=\"og:url\" content=\"https:\/\/www.explora-project.com\/blog\/articles\/les-10-plus-belles-randonnees-en-france\" \/>\n<meta property=\"og:site_name\" content=\"Journal d&#039;Explora Project\" \/>\n<meta property=\"article:published_time\" content=\"2025-09-23T12:03:20+00:00\" \/>\n<meta property=\"article:modified_time\" content=\"2025-09-29T14:41:34+00:00\" \/>\n<meta property=\"og:image\" content=\"https:\/\/www.explora-project.com\/blog\/wp-content\/uploads\/2023\/11\/shutterstock_1922407226-1024x688.jpg\" \/>\n\t<meta property=\"og:image:width\" content=\"1024\" \/>\n\t<meta property=\"og:image:height\" content=\"688\" \/>\n\t<meta property=\"og:image:type\" content=\"image\/jpeg\" \/>\n<meta name=\"author\" content=\"anna@explora-project.com\" \/>\n<meta name=\"twitter:card\" content=\"summary_large_image\" \/>\n<meta name=\"twitter:label1\" content=\"Written by\" \/>\n\t<meta name=\"twitter:data1\" content=\"anna@explora-project.com\" \/>\n\t<meta name=\"twitter:label2\" content=\"Est. reading time\" \/>\n\t<meta name=\"twitter:data2\" content=\"11 minutes\" \/>\n<script type=\"application\/ld+json\" class=\"yoast-schema-graph\">{\"@context\":\"https:\/\/schema.org\",\"@graph\":[{\"@type\":\"WebPage\",\"@id\":\"https:\/\/www.explora-project.com\/blog\/articles\/les-10-plus-belles-randonnees-en-france\",\"url\":\"https:\/\/www.explora-project.com\/blog\/articles\/les-10-plus-belles-randonnees-en-france\",\"name\":\"Les 10 plus belles randonn\u00e9es en France - Journal d&#039;Explora Project\",\"isPartOf\":{\"@id\":\"https:\/\/www.explora-project.com\/blog\/#website\"},\"datePublished\":\"2025-09-23T12:03:20+00:00\",\"dateModified\":\"2025-09-29T14:41:34+00:00\",\"author\":{\"@id\":\"https:\/\/www.explora-project.com\/blog\/#\/schema\/person\/a773aad3591c772047e03c17fd28d501\"},\"description\":\"D\u00e9couvre les 10 meilleures randonn\u00e9es en France. Infos sur la difficult\u00e9, la p\u00e9riode id\u00e9ale et les itin\u00e9raires pour planifier ton aventure !\",\"breadcrumb\":{\"@id\":\"https:\/\/www.explora-project.com\/blog\/articles\/les-10-plus-belles-randonnees-en-france#breadcrumb\"},\"inLanguage\":\"fr-FR\",\"potentialAction\":[{\"@type\":\"ReadAction\",\"target\":[\"https:\/\/www.explora-project.com\/blog\/articles\/les-10-plus-belles-randonnees-en-france\"]}]},{\"@type\":\"BreadcrumbList\",\"@id\":\"https:\/\/www.explora-project.com\/blog\/articles\/les-10-plus-belles-randonnees-en-france#breadcrumb\",\"itemListElement\":[{\"@type\":\"ListItem\",\"position\":1,\"name\":\"Home\",\"item\":\"https:\/\/www.explora-project.com\/blog\"},{\"@type\":\"ListItem\",\"position\":2,\"name\":\"Les 10 plus belles randonn\u00e9es en France\"}]},{\"@type\":\"WebSite\",\"@id\":\"https:\/\/www.explora-project.com\/blog\/#website\",\"url\":\"https:\/\/www.explora-project.com\/blog\/\",\"name\":\"Journal d&#039;Explora Project\",\"description\":\"Actualit\u00e9s \u00e0 la une\",\"potentialAction\":[{\"@type\":\"SearchAction\",\"target\":{\"@type\":\"EntryPoint\",\"urlTemplate\":\"https:\/\/www.explora-project.com\/blog\/?s={search_term_string}\"},\"query-input\":\"required name=search_term_string\"}],\"inLanguage\":\"fr-FR\"},{\"@type\":\"Person\",\"@id\":\"https:\/\/www.explora-project.com\/blog\/#\/schema\/person\/a773aad3591c772047e03c17fd28d501\",\"name\":\"anna@explora-project.com\",\"image\":{\"@type\":\"ImageObject\",\"inLanguage\":\"fr-FR\",\"@id\":\"https:\/\/www.explora-project.com\/blog\/#\/schema\/person\/image\/\",\"url\":\"https:\/\/www.explora-project.com\/blog\/wp-content\/uploads\/2023\/10\/MOI-96x96.jpg\",\"contentUrl\":\"https:\/\/www.explora-project.com\/blog\/wp-content\/uploads\/2023\/10\/MOI-96x96.jpg\",\"caption\":\"anna@explora-project.com\"},\"url\":\"https:\/\/www.explora-project.com\/blog\/articles\/author\/annaexplora-project-com\"}]}<\/script>\n<!-- \/ Yoast SEO plugin. -->","yoast_head_json":{"title":"Les 10 plus belles randonn\u00e9es en France - Journal d&#039;Explora Project","description":"D\u00e9couvre les 10 meilleures randonn\u00e9es en France. Infos sur la difficult\u00e9, la p\u00e9riode id\u00e9ale et les itin\u00e9raires pour planifier ton aventure !","robots":{"index":"index","follow":"follow","max-snippet":"max-snippet:-1","max-image-preview":"max-image-preview:large","max-video-preview":"max-video-preview:-1"},"canonical":"https:\/\/www.explora-project.com\/blog\/articles\/les-10-plus-belles-randonnees-en-france","og_locale":"fr_FR","og_type":"article","og_title":"Les 10 plus belles randonn\u00e9es en France - Journal d&#039;Explora Project","og_description":"D\u00e9couvre les 10 meilleures randonn\u00e9es en France. Infos sur la difficult\u00e9, la p\u00e9riode id\u00e9ale et les itin\u00e9raires pour planifier ton aventure !","og_url":"https:\/\/www.explora-project.com\/blog\/articles\/les-10-plus-belles-randonnees-en-france","og_site_name":"Journal d&#039;Explora Project","article_published_time":"2025-09-23T12:03:20+00:00","article_modified_time":"2025-09-29T14:41:34+00:00","og_image":[{"width":1024,"height":688,"url":"https:\/\/www.explora-project.com\/blog\/wp-content\/uploads\/2023\/11\/shutterstock_1922407226-1024x688.jpg","type":"image\/jpeg"}],"author":"anna@explora-project.com","twitter_card":"summary_large_image","twitter_misc":{"Written by":"anna@explora-project.com","Est. reading time":"11 minutes"},"schema":{"@context":"https:\/\/schema.org","@graph":[{"@type":"WebPage","@id":"https:\/\/www.explora-project.com\/blog\/articles\/les-10-plus-belles-randonnees-en-france","url":"https:\/\/www.explora-project.com\/blog\/articles\/les-10-plus-belles-randonnees-en-france","name":"Les 10 plus belles randonn\u00e9es en France - Journal d&#039;Explora Project","isPartOf":{"@id":"https:\/\/www.explora-project.com\/blog\/#website"},"datePublished":"2025-09-23T12:03:20+00:00","dateModified":"2025-09-29T14:41:34+00:00","author":{"@id":"https:\/\/www.explora-project.com\/blog\/#\/schema\/person\/a773aad3591c772047e03c17fd28d501"},"description":"D\u00e9couvre les 10 meilleures randonn\u00e9es en France. Infos sur la difficult\u00e9, la p\u00e9riode id\u00e9ale et les itin\u00e9raires pour planifier ton aventure !","breadcrumb":{"@id":"https:\/\/www.explora-project.com\/blog\/articles\/les-10-plus-belles-randonnees-en-france#breadcrumb"},"inLanguage":"fr-FR","potentialAction":[{"@type":"ReadAction","target":["https:\/\/www.explora-project.com\/blog\/articles\/les-10-plus-belles-randonnees-en-france"]}]},{"@type":"BreadcrumbList","@id":"https:\/\/www.explora-project.com\/blog\/articles\/les-10-plus-belles-randonnees-en-france#breadcrumb","itemListElement":[{"@type":"ListItem","position":1,"name":"Home","item":"https:\/\/www.explora-project.com\/blog"},{"@type":"ListItem","position":2,"name":"Les 10 plus belles randonn\u00e9es en France"}]},{"@type":"WebSite","@id":"https:\/\/www.explora-project.com\/blog\/#website","url":"https:\/\/www.explora-project.com\/blog\/","name":"Journal d&#039;Explora Project","description":"Actualit\u00e9s \u00e0 la une","potentialAction":[{"@type":"SearchAction","target":{"@type":"EntryPoint","urlTemplate":"https:\/\/www.explora-project.com\/blog\/?s={search_term_string}"},"query-input":"required name=search_term_string"}],"inLanguage":"fr-FR"},{"@type":"Person","@id":"https:\/\/www.explora-project.com\/blog\/#\/schema\/person\/a773aad3591c772047e03c17fd28d501","name":"anna@explora-project.com","image":{"@type":"ImageObject","inLanguage":"fr-FR","@id":"https:\/\/www.explora-project.com\/blog\/#\/schema\/person\/image\/","url":"https:\/\/www.explora-project.com\/blog\/wp-content\/uploads\/2023\/10\/MOI-96x96.jpg","contentUrl":"https:\/\/www.explora-project.com\/blog\/wp-content\/uploads\/2023\/10\/MOI-96x96.jpg","caption":"anna@explora-project.com"},"url":"https:\/\/www.explora-project.com\/blog\/articles\/author\/annaexplora-project-com"}]}},"_links":{"self":[{"href":"https:\/\/www.explora-project.com\/blog\/wp-json\/wp\/v2\/posts\/3508"}],"collection":[{"href":"https:\/\/www.explora-project.com\/blog\/wp-json\/wp\/v2\/posts"}],"about":[{"href":"https:\/\/www.explora-project.com\/blog\/wp-json\/wp\/v2\/types\/post"}],"author":[{"embeddable":true,"href":"https:\/\/www.explora-project.com\/blog\/wp-json\/wp\/v2\/users\/22"}],"replies":[{"embeddable":true,"href":"https:\/\/www.explora-project.com\/blog\/wp-json\/wp\/v2\/comments?post=3508"}],"version-history":[{"count":10,"href":"https:\/\/www.explora-project.com\/blog\/wp-json\/wp\/v2\/posts\/3508\/revisions"}],"predecessor-version":[{"id":6379,"href":"https:\/\/www.explora-project.com\/blog\/wp-json\/wp\/v2\/posts\/3508\/revisions\/6379"}],"wp:featuredmedia":[{"embeddable":true,"href":"https:\/\/www.explora-project.com\/blog\/wp-json\/wp\/v2\/media\/3519"}],"wp:attachment":[{"href":"https:\/\/www.explora-project.com\/blog\/wp-json\/wp\/v2\/media?parent=3508"}],"wp:term":[{"taxonomy":"category","embeddable":true,"href":"https:\/\/www.explora-project.com\/blog\/wp-json\/wp\/v2\/categories?post=3508"},{"taxonomy":"post_tag","embeddable":true,"href":"https:\/\/www.explora-project.com\/blog\/wp-json\/wp\/v2\/tags?post=3508"}],"curies":[{"name":"wp","href":"https:\/\/api.w.org\/{rel}","templated":true}]}}