{"id":3342,"date":"2023-10-05T10:59:09","date_gmt":"2023-10-05T08:59:09","guid":{"rendered":"https:\/\/www.explora-project.com\/blog\/?p=3342"},"modified":"2025-05-07T16:14:13","modified_gmt":"2025-05-07T14:14:13","slug":"vision-no-plane-2025-notre-ambition-ecologique","status":"publish","type":"post","link":"https:\/\/www.explora-project.com\/blog\/articles\/vision-no-plane-2025-notre-ambition-ecologique","title":{"rendered":"Vision No Plane 2025 : notre ambition \u00e9cologique"},"content":{"rendered":"\n<p>\u00c0 l\u2019occasion du mois du d\u00e9veloppement durable, <strong>Explora Project<\/strong> r\u00e9v\u00e8le officiellement son <strong>plan strat\u00e9gique<\/strong> et sa <strong>vision \u201cNo Plane\u201d<\/strong> d\u2019ici \u00e0 <strong>2025<\/strong>. Pose ton sac de rando, on t\u2019explique tout.<\/p>\n\n\n\n<div class=\"is-layout-flex wp-container-3 wp-block-columns\">\n<div class=\"is-layout-flow wp-block-column\" style=\"flex-basis:33.33%\"><div class=\"wp-block-image\">\n<figure class=\"aligncenter size-large is-resized\"><a href=\"https:\/\/explora-project.my.join-stories.com\/la-vision-no-plane-dexplora-project\/?t=502\" target=\"_blank\" rel=\"noreferrer noopener\"><img decoding=\"async\" loading=\"lazy\" src=\"https:\/\/www.explora-project.com\/blog\/wp-content\/uploads\/2023\/10\/cover-stan-alix-1024x1024.png\" alt=\"\" class=\"wp-image-3383\" width=\"264\" height=\"264\" srcset=\"https:\/\/www.explora-project.com\/blog\/wp-content\/uploads\/2023\/10\/cover-stan-alix-1024x1024.png 1024w, https:\/\/www.explora-project.com\/blog\/wp-content\/uploads\/2023\/10\/cover-stan-alix-300x300.png 300w, https:\/\/www.explora-project.com\/blog\/wp-content\/uploads\/2023\/10\/cover-stan-alix-150x150.png 150w, https:\/\/www.explora-project.com\/blog\/wp-content\/uploads\/2023\/10\/cover-stan-alix-768x768.png 768w, https:\/\/www.explora-project.com\/blog\/wp-content\/uploads\/2023\/10\/cover-stan-alix-640x640.png 640w, https:\/\/www.explora-project.com\/blog\/wp-content\/uploads\/2023\/10\/cover-stan-alix-180x180.png 180w, https:\/\/www.explora-project.com\/blog\/wp-content\/uploads\/2023\/10\/cover-stan-alix.png 1500w\" sizes=\"(max-width: 264px) 100vw, 264px\" \/><\/a><\/figure><\/div><\/div>\n\n\n\n<div class=\"is-layout-flow wp-block-column\" style=\"flex-basis:66.66%\">\n<p>La lutte contre le r\u00e9chauffement climatique est une affaire collective, cela ne fait aucun doute. Le secteur du tourisme n\u2019est pas \u00e9pargn\u00e9 puisqu\u2019il est responsable de 8% des \u00e9missions mondiales de gaz \u00e0 effet de serre (Organisation Mondiale du Tourisme) et est l\u2019un des secteurs les plus expos\u00e9s au changement climatique. Jusque l\u00e0, rien de surprenant<\/p>\n\n\n\n<p>Proposer des <strong>voyages bas carbone<\/strong>, des itin\u00e9raires moins connus et <strong>loin du tourisme de masse<\/strong>, sensibiliser nos participants aux principes du <strong>sans trace<\/strong>\u2026 Si tu nous suis depuis nos d\u00e9buts, tu sais que c\u2019est notre <strong>combat quotidien<\/strong>. Aujourd\u2019hui, on vise un<strong> cap encore plus ambitieux<\/strong>, avec une vision \u201c<strong><mark style=\"background-color:#ffffff\" class=\"has-inline-color has-gold-color\">No plane<\/mark><\/strong>\u201d align\u00e9e avec nos <strong>valeurs \u00e9cologiques<\/strong>. Cela signifie retirer toutes les destinations accessibles uniquement en avion de notre catalogue d\u2019ici \u00e0 2025. Pourquoi, quelles destinations et comment ? On te d\u00e9taille tout notre cheminement. <\/p>\n<\/div>\n<\/div>\n\n\n\n<h2>No plane : ce que c\u2019est, pourquoi et comment ?<\/h2>\n\n\n\n<p><mark style=\"background-color:#ffffff\" class=\"has-inline-color has-gold-color\"><strong>No plane<\/strong> <\/mark>: <strong>exit l\u2019avion<\/strong> et les ferries polluants, bonjour le <strong>train<\/strong> et la <strong>mobilit\u00e9 douce<\/strong>.<\/p>\n\n\n\n<p><strong>Qu\u2019est-ce qu\u2019une destination No Plane chez Explora Project ?<\/strong><\/p>\n\n\n\n<p>Il s\u2019agit d\u2019une destination enti\u00e8rement accessible, depuis la France, sans avoir recours \u00e0 des moyens de transport polluants tels que l\u2019avion ou le ferry longue-distance.<\/p>\n\n\n\n<p>Un catalogue d\u2019<strong>exp\u00e9ditions 100% bas carbone<\/strong> d\u2019ici \u00e0 2025 ? C\u2019est l\u2019objectif que nous nous sommes fix\u00e9s chez Explora Project en tant que <strong>premi\u00e8re agence de voyage \u00e0 mission<\/strong>.<\/p>\n\n\n\n<p>Pour comprendre d&rsquo;o\u00f9 on part, et o\u00f9 on va, voici un bref r\u00e9capitulatif de notre histoire :<\/p>\n\n\n\n<div class=\"is-layout-flex wp-container-5 wp-block-columns\">\n<div class=\"is-layout-flow wp-block-column\" style=\"flex-basis:100%\">\n<ul>\n<li><strong><mark style=\"background-color:#ffffff\" class=\"has-inline-color has-gold-color\">2018 <\/mark>:<\/strong> <strong>cr\u00e9ation d\u2019Explora Project<\/strong>, les premi\u00e8res exp\u00e9ditions pleine nature sont imagin\u00e9es, test\u00e9es et mont\u00e9es. <br><br><\/li>\n\n\n\n<li><strong><mark style=\"background-color:#ffffff\" class=\"has-inline-color has-gold-color\">2019<\/mark> :<\/strong> <strong>lancement commercial<\/strong>. Les premiers participants ouvrent la voie. C\u2019est le d\u00e9but d\u2019une aventure palpitante.<br><br><\/li>\n\n\n\n<li><strong><mark style=\"background-color:#ffffff\" class=\"has-inline-color has-gold-color\">2020<\/mark> :<\/strong> Explora Project devient la<strong> premi\u00e8re agence de voyage fran\u00e7aise \u00e0 mission<\/strong>. En devenant soci\u00e9t\u00e9 \u00e0 mission, notre&nbsp;<strong>Raison d\u2019\u00catre<\/strong> est inscrite dans nos statuts et nous engage \u00e0 \u201cDevenir l\u2019acteur engag\u00e9 du tourisme d\u2019aventure en proposant, au plus grand nombre, un mod\u00e8le de voyage \u00e0 impacts positifs pour l\u2019Homme et l\u2019environnement\u201d.  <br><br><\/li>\n\n\n\n<li><strong><mark style=\"background-color:#ffffff\" class=\"has-inline-color has-gold-color\">2021<\/mark> :<\/strong> Le passage TV sur M6 dans \u201cQui veut \u00eatre mon associ\u00e9\u201d cr\u00e9\u00e9e un&nbsp;<strong>engouement sans pr\u00e9c\u00e9dent&nbsp;<\/strong>autour du&nbsp;<strong>voyage plus responsable<\/strong>. Vous \u00eates alors des milliers \u00e0 rentrer dans l\u2019aventure.<br><br><\/li>\n\n\n\n<li><strong><mark style=\"background-color:#ffffff\" class=\"has-inline-color has-gold-color\">2022<\/mark> :<\/strong> Explora Project l\u00e8ve 4m\u20ac&nbsp;pour <strong>acc\u00e9l\u00e9rer son d\u00e9veloppement<\/strong> et <strong>renforcer ses engagements \u00e9cologiques<\/strong>. On compte alors plus de <strong>200 exp\u00e9ditions en ligne<\/strong>, dont la majorit\u00e9 accessibles en train. <br><br><\/li>\n\n\n\n<li><strong><mark style=\"background-color:#ffffff\" class=\"has-inline-color has-gold-color\">2023<\/mark> :<\/strong> La <strong>vision No Plane<\/strong> se pr\u00e9cise. Une <strong>d\u00e9cision forte<\/strong>, engag\u00e9e et align\u00e9e avec nos convictions. 2 destinations historiques accessibles uniquement en avion sortent du catalogue : l\u2019Islande et le Groenland. <strong>Le changement est lanc\u00e9. <\/strong><\/li>\n<\/ul>\n<\/div>\n<\/div>\n\n\n\n<p>La <strong>feuille de route<\/strong> pour atteindre cet objectif d\u2019ici 2025 est remplie de <strong>challenges<\/strong>. Mais elle en vaut la peine. On t\u2019en parle plus bas.<\/p>\n\n\n\n<p>Nous sommes en effet convaincus qu\u2019en tant qu\u2019agence de voyage, nous avons notre&nbsp;r\u00f4le \u00e0 jouer dans la lutte contre le&nbsp;r\u00e9chauffement&nbsp;climatique. Non seulement en&nbsp;inventant un nouveau mod\u00e8le de voyage qui soit respectueux de l\u2019environnement, mais \u00e9galement en encourageant aupr\u00e8s de nos participants et de notre communaut\u00e9 l\u2019adoption de modes de d\u00e9placement et de consommation durables&nbsp;gr\u00e2ce aux exp\u00e9riences uniques que nous leur faisons vivre.&nbsp;<\/p>\n\n\n\n<h2>Comment se construit un voyage bas carbone ?<\/h2>\n\n\n\n<p>Pour <strong>honorer notre Raison d\u2019\u00catre<\/strong> et devenir l\u2019acteur engag\u00e9 du tourisme d\u2019aventure, Explora Project red\u00e9finit le&nbsp;<strong>voyage bas carbone.<\/strong>&nbsp;Mais comment ? Et bien en te proposant uniquement des exp\u00e9ditions qui te permettent de respecter l\u2019Accord de Paris sur le Climat (COP21 \u2013 CCNUCC), tout en&nbsp;<strong>faisant bouger les lignes du secteur du tourisme<\/strong>&nbsp;\u00e0 notre \u00e9chelle, et surtout avec toi !<\/p>\n\n\n\n<p>L\u2019Accord de Paris sur le climat est un trait\u00e9 international sur le r\u00e9chauffement climatique qui a \u00e9t\u00e9 adopt\u00e9 en 2015. Pour limiter l\u2019augmentation des temp\u00e9ratures \u00e0 +2\u00b0C par rapport \u00e0 l\u2019\u00e8re pr\u00e9industrielle d\u2019ici \u00e0 2100, il propose de&nbsp;<strong>r\u00e9duire les \u00e9missions de gaz \u00e0 effet de serre (GES) g\u00e9n\u00e9r\u00e9es par nos activit\u00e9s et modes de vie<\/strong>.<\/p>\n\n\n\n<p>Pour parvenir \u00e0 cet objectif, les sp\u00e9cialistes ont \u00e9tabli un \u00ab&nbsp; budget carbone restant \u00e0 \u00e9mettre \u00bb pour chaque individu. Et pour te donner une id\u00e9e plus pr\u00e9cise en termes de chiffres, cela veut dire que nous devons&nbsp;<strong>abaisser nos \u00e9missions de GES qui sont actuellement d\u2019environ 10 tonnes \u00e9quivalent CO\u2082 par an et par fran\u00e7ais, \u00e0 2 tonnes<\/strong>&nbsp;!<\/p>\n\n\n\n<p>Partant de l\u00e0, nous avons d\u00e9cid\u00e9 de conserver dans notre catalogue d\u2019exp\u00e9ditions uniquement les&nbsp;<strong>destinations Europ\u00e9ennes accessibles sans avion<\/strong>&nbsp;et en&nbsp;<strong>\u00e9mettant moins de 200 kg \u00e9quivalent CO\u2082 aller-retour<\/strong>. Le transport est en effet la source d\u2019\u00e9mission de GES principale de nos exp\u00e9ditions. Hors de question donc de conserver des destinations qui consommeraient la moiti\u00e9 de ton budget carbone de 2 tonnes !<\/p>\n\n\n\n<p>Nous avons donc tranch\u00e9 :&nbsp;<strong>200 kg<\/strong>&nbsp;<strong>\u00e9quivalent CO\u2082 aller-retour<\/strong>, soit&nbsp;<strong>1\/10\u00e8me du budget carbone restant \u00e0 \u00e9mettre<\/strong>. Une limite raisonnable, tout en \u00e9tant r\u00e9aliste, pour&nbsp;<strong>encourager le voyager moins mais mieux, et changer les choses ensemble<\/strong>.<\/p>\n\n\n\n<h2><strong>Un nouveau chapitre s\u2019ouvre. <\/strong><\/h2>\n\n\n\n<h4 class=\"has-gold-color has-text-color\">La&nbsp;m\u00e9thode Explora Project en 3 \u00e9tapes<\/h4>\n\n\n\n<p><strong><em>Pour parvenir \u00e0 notre objectif de voyage bas carbone, on a mis en place une m\u00e9thode en 3 \u00e9tapes :<\/em><\/strong><\/p>\n\n\n\n<div class=\"is-layout-flex wp-container-7 wp-block-columns\">\n<div class=\"is-layout-flow wp-block-column\" style=\"flex-basis:100%\">\n<ul>\n<li><strong>s\u00e9lectionner<\/strong>&nbsp;des destinations dites bas carbone pour notre catalogue<\/li>\n\n\n\n<li><strong>proposer<\/strong>&nbsp;des itin\u00e9raires d\u00e9taill\u00e9s et sans avion<\/li>\n\n\n\n<li><strong>encourager<\/strong>&nbsp;l\u2019utilisation du train aupr\u00e8s de nos participants<\/li>\n<\/ul>\n<\/div>\n<\/div>\n\n\n\n<h3>1. S\u00e9lectionner &#8211; c\u2019est aussi savoir renoncer.<\/h3>\n\n\n\n<p><strong>Accessible sans avoir recours \u00e0 l\u2019avion<\/strong>&nbsp;et en \u00e9mettant&nbsp;<strong>moins de 200 kg \u00e9quivalent CO\u2082 aller-retour<\/strong>, ce sont les conditions que nous nous sommes fix\u00e9es pour s\u00e9lectionner les destinations que nous te proposons dans notre catalogue. Nous avons donc pass\u00e9 l\u2019Europe en revue.<\/p>\n\n\n\n<div class=\"wp-block-media-text alignwide is-stacked-on-mobile\"><figure class=\"wp-block-media-text__media\"><img decoding=\"async\" loading=\"lazy\" width=\"1000\" height=\"1000\" src=\"https:\/\/www.explora-project.com\/blog\/wp-content\/uploads\/2023\/10\/Map-Train-Explora-1x1-1-1.jpg\" alt=\"\" class=\"wp-image-3345 size-full\" srcset=\"https:\/\/www.explora-project.com\/blog\/wp-content\/uploads\/2023\/10\/Map-Train-Explora-1x1-1-1.jpg 1000w, https:\/\/www.explora-project.com\/blog\/wp-content\/uploads\/2023\/10\/Map-Train-Explora-1x1-1-1-300x300.jpg 300w, https:\/\/www.explora-project.com\/blog\/wp-content\/uploads\/2023\/10\/Map-Train-Explora-1x1-1-1-150x150.jpg 150w, https:\/\/www.explora-project.com\/blog\/wp-content\/uploads\/2023\/10\/Map-Train-Explora-1x1-1-1-768x768.jpg 768w, https:\/\/www.explora-project.com\/blog\/wp-content\/uploads\/2023\/10\/Map-Train-Explora-1x1-1-1-640x640.jpg 640w, https:\/\/www.explora-project.com\/blog\/wp-content\/uploads\/2023\/10\/Map-Train-Explora-1x1-1-1-180x180.jpg 180w\" sizes=\"(max-width: 1000px) 100vw, 1000px\" \/><\/figure><div class=\"wp-block-media-text__content\">\n<p><br><br><strong>Bonne nouvelle<\/strong>&nbsp;! Comme tu peux le voir, l\u2019utilisation du train et des autocars, et plus ponctuellement du ferry sur de courts trajets, te permet de te rendre&nbsp;<em>plus ou moins rapidement<\/em>&nbsp;dans de tr\u00e8s nombreux pays d\u2019Europe. Nous pouvons donc continuer \u00e0 te proposer des exp\u00e9ditions en Irlande, en \u00c9cosse, en Slov\u00e9nie et m\u00eame en Laponie qui sont des destinations accessibles en train (avec un peu de ferry pour l\u2019Irlande) et en \u00e9mettant moins de 200 kg \u00e9quivalent CO\u2082 aller-retour par personne.<\/p>\n<\/div><\/div>\n\n\n\n<p>Mettre en avant des destinations accessibles en train, c\u2019est aussi <strong>dire au revoir \u00e0 certaines destinations<\/strong>. S\u00e9lectionner est aussi synonyme de renoncer. Et c\u2019est le choix que nous avons fait :&nbsp;<strong>retirer toutes les destinations ne respectant pas cette limite de 200 kg \u00e9quivalent CO\u2082 aller-retour<\/strong>&nbsp;de notre offre pour avoir un&nbsp;<strong>catalogue d\u2019exp\u00e9ditions 100% bas carbone et 100% align\u00e9 avec nos valeurs environnementales<\/strong>.<\/p>\n\n\n\n<p>Comme dit plus haut, un nouveau chapitre s\u2019ouvre chez Explora Project. L\u2019Islande et le Groenland tirent leur r\u00e9v\u00e9rence d\u00e8s aujourd\u2019hui. Ce n\u2019est pas sans \u00e9motion qu\u2019on les retire du catalogue, apr\u00e8s avoir v\u00e9cu d\u2019incroyables aventures dans ces territoires naturels et sauvages encore pr\u00e9serv\u00e9s. Et si tu as bien suivi le raisonnement, c\u2019est bien parce qu\u2019on souhaite qu\u2019elles aussi, restent pr\u00e9serv\u00e9es du r\u00e9chauffement climatique qu\u2019on ne proposera d\u00e9sormais plus d\u2019exp\u00e9ditions l\u00e0-bas. Avec ce plan d\u2019action sur 18 mois, le retrait progressif d\u2019autres destinations telles que Mad\u00e8re et les \u00eeles Canaries suivra.<\/p>\n\n\n\n<p><strong>Pourquoi un plan d&rsquo;action sur 18 mois et pas d\u00e8s maintenant ?<\/strong><\/p>\n\n\n\n<p>Conscients de <strong>l&rsquo;urgence de la situation climatique<\/strong>, la r\u00e9alit\u00e9 \u00e9conomique et nos engagements avec nos partenaires historiques (guides, prestataires, h\u00e9bergements) nous contraignent \u00e0 entamer cette <strong>transition<\/strong> de mani\u00e8re intelligente. Ainsi, nous ne clamons pas \u00eatre parfaits ni irr\u00e9prochables. Mais nous nous engageons \u00e0 <strong>toujours faire mieux<\/strong>, \u00e0 notre fa\u00e7on, pour <strong>faire bouger les lignes<\/strong> du secteur du tourisme, <strong>pas apr\u00e8s pas<\/strong>.<\/p>\n\n\n\n<h3>2. Proposer &#8211; le train, nouvelle star du voyage<\/h3>\n\n\n\n<p>S\u00e9lectionner les destinations qui composent notre catalogue est une premi\u00e8re \u00e9tape, mais ce n\u2019est pas suffisant. Chez Explora Project, nous nous engageons pour&nbsp;<strong>rendre le voyage en train attractif<\/strong>, non pas seulement d\u2019un point de vue environnemental, mais aussi d\u2019un point de vue exp\u00e9rientiel, et ainsi&nbsp;<strong>faire du voyage bas carbone LE mode de voyage \u00e0 privil\u00e9gier<\/strong>&nbsp;!<\/p>\n\n\n\n<p>Nous travaillons donc \u00e0 la cr\u00e9ation d\u2019exp\u00e9ditions pour lesquelles le train fait partie int\u00e9grante de l\u2019exp\u00e9rience. Nous avons conscience que trouver le meilleur itin\u00e9raire pour parcourir l\u2019Europe en train n\u2019est pas toujours facile. C\u2019est pour cela que nous te proposons des itin\u00e9raires cl\u00e9s en main sur la page de chaque exp\u00e9dition, avec des liens directs sur les sites de r\u00e9servation concern\u00e9s. Enfin, nous quantifions l\u2019empreinte carbone de l\u2019option \u201cbas carbone\u201d vs. l\u2019option \u201cla plus rapide\u201d pour que tu aies acc\u00e8s \u00e0 une information objective et chiffr\u00e9e.<\/p>\n\n\n\n<h3>3. Encourager &#8211; montrer l\u2019exemple, c\u2019est contagieux.<\/h3>\n\n\n\n<p>Actuellement, <strong>60%<\/strong> de nos participants se rendent sur le lieu de nos exp\u00e9ditions en <strong>mobilit\u00e9 douce<\/strong> (28% en train, 31% en co-voiturage et 1% en bus ou bateau). 21% de nos participants utilisent leur v\u00e9hicule et 19% d\u00e9clarent avoir pris l\u2019avion.<\/p>\n\n\n\n<p>Chez Explora Project, nous avons mis en place un <strong>espace personnel<\/strong> ultra complet o\u00f9 l\u2019on sensibilise chacun de nos participants \u00e0 <strong>l\u2019impact environnemental des diff\u00e9rents moyens de transport<\/strong>. Nous facilitons \u00e9galement la <strong>mise en place de co-voiturage <\/strong>entre les participants gr\u00e2ce \u00e0 une plateforme int\u00e9gr\u00e9e. Notre objectif d\u2019ici \u00e0 2025 est naturellement de voir le pourcentage de participants utilisant l\u2019avion <strong>drastiquement baisser.<\/strong> Par exemple, gr\u00e2ce \u00e0 cette sensibilisation, des tutos sur les trains de nuit et l\u2019exp\u00e9rience du voyage bas carbone,&nbsp;plusieurs participants ont d\u00e9j\u00e0 saut\u00e9 le pas et ont <strong>rejoint la Laponie en train<\/strong> l\u2019ann\u00e9e derni\u00e8re. La machine est bien lanc\u00e9e, et c\u2019est le<strong> futur du voyage<\/strong>.<\/p>\n\n\n\n<h2>On part o\u00f9 alors ?<\/h2>\n\n\n\n<p>Un petit aper\u00e7u des&nbsp;<strong>exp\u00e9ditions bas carbone<\/strong>&nbsp;que nous te proposons d\u2019exp\u00e9rimenter pour&nbsp;<strong>d\u00e9couvrir ou red\u00e9couvrir la France et l\u2019Europe cet hiver<\/strong>. Pour faire court : beaucoup de nature, des paysages \u00e0 couper le souffle, une d\u00e9couverte de la culture locale et des rencontres uniques tout au long du s\u00e9jour.<\/p>\n\n\n\n<p>Ensemble, rendons le <strong>voyage plus vertueux<\/strong>.<\/p>\n\n\n\n<p>Alors, on t&#8217;embarque dans une <strong>aventure bas carbone<\/strong> en France ou Europe ?<\/p>\n\n\n\n\n\n<p><\/p>\n","protected":false},"excerpt":{"rendered":"<p>\u00c0 l\u2019occasion du mois du d\u00e9veloppement durable, Explora Project r\u00e9v\u00e8le officiellement son plan strat\u00e9gique et sa vision \u201cNo Plane\u201d d\u2019ici \u00e0 2025. Pose ton sac de rando, on t\u2019explique tout.<a href=\"https:\/\/www.explora-project.com\/blog\/articles\/vision-no-plane-2025-notre-ambition-ecologique\" class=\"more-link\"><span class=\"readmore\">Continuer \u00e0 lire&#8230;<span class=\"screen-reader-text\">Vision No Plane 2025 : notre ambition \u00e9cologique<\/span><\/span><\/a><\/p>\n","protected":false},"author":22,"featured_media":3414,"comment_status":"closed","ping_status":"closed","sticky":false,"template":"","format":"standard","meta":[],"categories":[1],"tags":[37,141,208,113],"yoast_head":"<!-- This site is optimized with the Yoast SEO plugin v19.10 - https:\/\/yoast.com\/wordpress\/plugins\/seo\/ -->\n<title>Vision No Plane 2025 : notre ambition \u00e9cologique - Journal d&#039;Explora Project<\/title>\n<meta name=\"robots\" content=\"index, follow, max-snippet:-1, max-image-preview:large, max-video-preview:-1\" \/>\n<link rel=\"canonical\" href=\"https:\/\/www.explora-project.com\/blog\/articles\/vision-no-plane-2025-notre-ambition-ecologique\" \/>\n<meta property=\"og:locale\" content=\"fr_FR\" \/>\n<meta property=\"og:type\" content=\"article\" \/>\n<meta property=\"og:title\" content=\"Vision No Plane 2025 : notre ambition \u00e9cologique - Journal d&#039;Explora Project\" \/>\n<meta property=\"og:description\" content=\"\u00c0 l\u2019occasion du mois du d\u00e9veloppement durable, Explora Project r\u00e9v\u00e8le officiellement son plan strat\u00e9gique et sa vision \u201cNo Plane\u201d d\u2019ici \u00e0 2025. Pose ton sac de rando, on t\u2019explique tout.Continuer \u00e0 lire...Vision No Plane 2025 : notre ambition \u00e9cologique\" \/>\n<meta property=\"og:url\" content=\"https:\/\/www.explora-project.com\/blog\/articles\/vision-no-plane-2025-notre-ambition-ecologique\" \/>\n<meta property=\"og:site_name\" content=\"Journal d&#039;Explora Project\" \/>\n<meta property=\"article:published_time\" content=\"2023-10-05T08:59:09+00:00\" \/>\n<meta property=\"article:modified_time\" content=\"2025-05-07T14:14:13+00:00\" \/>\n<meta property=\"og:image\" content=\"https:\/\/www.explora-project.com\/blog\/wp-content\/uploads\/2023\/10\/shutterstock_2036952320-1024x655.jpg\" \/>\n\t<meta property=\"og:image:width\" content=\"1024\" \/>\n\t<meta property=\"og:image:height\" content=\"655\" \/>\n\t<meta property=\"og:image:type\" content=\"image\/jpeg\" \/>\n<meta name=\"author\" content=\"anna@explora-project.com\" \/>\n<meta name=\"twitter:card\" content=\"summary_large_image\" \/>\n<meta name=\"twitter:label1\" content=\"Written by\" \/>\n\t<meta name=\"twitter:data1\" content=\"anna@explora-project.com\" \/>\n\t<meta name=\"twitter:label2\" content=\"Est. reading time\" \/>\n\t<meta name=\"twitter:data2\" content=\"9 minutes\" \/>\n<script type=\"application\/ld+json\" class=\"yoast-schema-graph\">{\"@context\":\"https:\/\/schema.org\",\"@graph\":[{\"@type\":\"WebPage\",\"@id\":\"https:\/\/www.explora-project.com\/blog\/articles\/vision-no-plane-2025-notre-ambition-ecologique\",\"url\":\"https:\/\/www.explora-project.com\/blog\/articles\/vision-no-plane-2025-notre-ambition-ecologique\",\"name\":\"Vision No Plane 2025 : notre ambition \u00e9cologique - Journal d&#039;Explora Project\",\"isPartOf\":{\"@id\":\"https:\/\/www.explora-project.com\/blog\/#website\"},\"datePublished\":\"2023-10-05T08:59:09+00:00\",\"dateModified\":\"2025-05-07T14:14:13+00:00\",\"author\":{\"@id\":\"https:\/\/www.explora-project.com\/blog\/#\/schema\/person\/a773aad3591c772047e03c17fd28d501\"},\"breadcrumb\":{\"@id\":\"https:\/\/www.explora-project.com\/blog\/articles\/vision-no-plane-2025-notre-ambition-ecologique#breadcrumb\"},\"inLanguage\":\"fr-FR\",\"potentialAction\":[{\"@type\":\"ReadAction\",\"target\":[\"https:\/\/www.explora-project.com\/blog\/articles\/vision-no-plane-2025-notre-ambition-ecologique\"]}]},{\"@type\":\"BreadcrumbList\",\"@id\":\"https:\/\/www.explora-project.com\/blog\/articles\/vision-no-plane-2025-notre-ambition-ecologique#breadcrumb\",\"itemListElement\":[{\"@type\":\"ListItem\",\"position\":1,\"name\":\"Home\",\"item\":\"https:\/\/www.explora-project.com\/blog\"},{\"@type\":\"ListItem\",\"position\":2,\"name\":\"Vision No Plane 2025 : notre ambition \u00e9cologique\"}]},{\"@type\":\"WebSite\",\"@id\":\"https:\/\/www.explora-project.com\/blog\/#website\",\"url\":\"https:\/\/www.explora-project.com\/blog\/\",\"name\":\"Journal d&#039;Explora Project\",\"description\":\"Actualit\u00e9s \u00e0 la une\",\"potentialAction\":[{\"@type\":\"SearchAction\",\"target\":{\"@type\":\"EntryPoint\",\"urlTemplate\":\"https:\/\/www.explora-project.com\/blog\/?s={search_term_string}\"},\"query-input\":\"required name=search_term_string\"}],\"inLanguage\":\"fr-FR\"},{\"@type\":\"Person\",\"@id\":\"https:\/\/www.explora-project.com\/blog\/#\/schema\/person\/a773aad3591c772047e03c17fd28d501\",\"name\":\"anna@explora-project.com\",\"image\":{\"@type\":\"ImageObject\",\"inLanguage\":\"fr-FR\",\"@id\":\"https:\/\/www.explora-project.com\/blog\/#\/schema\/person\/image\/\",\"url\":\"https:\/\/www.explora-project.com\/blog\/wp-content\/uploads\/2023\/10\/MOI-96x96.jpg\",\"contentUrl\":\"https:\/\/www.explora-project.com\/blog\/wp-content\/uploads\/2023\/10\/MOI-96x96.jpg\",\"caption\":\"anna@explora-project.com\"},\"url\":\"https:\/\/www.explora-project.com\/blog\/articles\/author\/annaexplora-project-com\"}]}<\/script>\n<!-- \/ Yoast SEO plugin. -->","yoast_head_json":{"title":"Vision No Plane 2025 : notre ambition \u00e9cologique - Journal d&#039;Explora Project","robots":{"index":"index","follow":"follow","max-snippet":"max-snippet:-1","max-image-preview":"max-image-preview:large","max-video-preview":"max-video-preview:-1"},"canonical":"https:\/\/www.explora-project.com\/blog\/articles\/vision-no-plane-2025-notre-ambition-ecologique","og_locale":"fr_FR","og_type":"article","og_title":"Vision No Plane 2025 : notre ambition \u00e9cologique - Journal d&#039;Explora Project","og_description":"\u00c0 l\u2019occasion du mois du d\u00e9veloppement durable, Explora Project r\u00e9v\u00e8le officiellement son plan strat\u00e9gique et sa vision \u201cNo Plane\u201d d\u2019ici \u00e0 2025. Pose ton sac de rando, on t\u2019explique tout.Continuer \u00e0 lire...Vision No Plane 2025 : notre ambition \u00e9cologique","og_url":"https:\/\/www.explora-project.com\/blog\/articles\/vision-no-plane-2025-notre-ambition-ecologique","og_site_name":"Journal d&#039;Explora Project","article_published_time":"2023-10-05T08:59:09+00:00","article_modified_time":"2025-05-07T14:14:13+00:00","og_image":[{"width":1024,"height":655,"url":"https:\/\/www.explora-project.com\/blog\/wp-content\/uploads\/2023\/10\/shutterstock_2036952320-1024x655.jpg","type":"image\/jpeg"}],"author":"anna@explora-project.com","twitter_card":"summary_large_image","twitter_misc":{"Written by":"anna@explora-project.com","Est. reading time":"9 minutes"},"schema":{"@context":"https:\/\/schema.org","@graph":[{"@type":"WebPage","@id":"https:\/\/www.explora-project.com\/blog\/articles\/vision-no-plane-2025-notre-ambition-ecologique","url":"https:\/\/www.explora-project.com\/blog\/articles\/vision-no-plane-2025-notre-ambition-ecologique","name":"Vision No Plane 2025 : notre ambition \u00e9cologique - Journal d&#039;Explora Project","isPartOf":{"@id":"https:\/\/www.explora-project.com\/blog\/#website"},"datePublished":"2023-10-05T08:59:09+00:00","dateModified":"2025-05-07T14:14:13+00:00","author":{"@id":"https:\/\/www.explora-project.com\/blog\/#\/schema\/person\/a773aad3591c772047e03c17fd28d501"},"breadcrumb":{"@id":"https:\/\/www.explora-project.com\/blog\/articles\/vision-no-plane-2025-notre-ambition-ecologique#breadcrumb"},"inLanguage":"fr-FR","potentialAction":[{"@type":"ReadAction","target":["https:\/\/www.explora-project.com\/blog\/articles\/vision-no-plane-2025-notre-ambition-ecologique"]}]},{"@type":"BreadcrumbList","@id":"https:\/\/www.explora-project.com\/blog\/articles\/vision-no-plane-2025-notre-ambition-ecologique#breadcrumb","itemListElement":[{"@type":"ListItem","position":1,"name":"Home","item":"https:\/\/www.explora-project.com\/blog"},{"@type":"ListItem","position":2,"name":"Vision No Plane 2025 : notre ambition \u00e9cologique"}]},{"@type":"WebSite","@id":"https:\/\/www.explora-project.com\/blog\/#website","url":"https:\/\/www.explora-project.com\/blog\/","name":"Journal d&#039;Explora Project","description":"Actualit\u00e9s \u00e0 la une","potentialAction":[{"@type":"SearchAction","target":{"@type":"EntryPoint","urlTemplate":"https:\/\/www.explora-project.com\/blog\/?s={search_term_string}"},"query-input":"required name=search_term_string"}],"inLanguage":"fr-FR"},{"@type":"Person","@id":"https:\/\/www.explora-project.com\/blog\/#\/schema\/person\/a773aad3591c772047e03c17fd28d501","name":"anna@explora-project.com","image":{"@type":"ImageObject","inLanguage":"fr-FR","@id":"https:\/\/www.explora-project.com\/blog\/#\/schema\/person\/image\/","url":"https:\/\/www.explora-project.com\/blog\/wp-content\/uploads\/2023\/10\/MOI-96x96.jpg","contentUrl":"https:\/\/www.explora-project.com\/blog\/wp-content\/uploads\/2023\/10\/MOI-96x96.jpg","caption":"anna@explora-project.com"},"url":"https:\/\/www.explora-project.com\/blog\/articles\/author\/annaexplora-project-com"}]}},"_links":{"self":[{"href":"https:\/\/www.explora-project.com\/blog\/wp-json\/wp\/v2\/posts\/3342"}],"collection":[{"href":"https:\/\/www.explora-project.com\/blog\/wp-json\/wp\/v2\/posts"}],"about":[{"href":"https:\/\/www.explora-project.com\/blog\/wp-json\/wp\/v2\/types\/post"}],"author":[{"embeddable":true,"href":"https:\/\/www.explora-project.com\/blog\/wp-json\/wp\/v2\/users\/22"}],"replies":[{"embeddable":true,"href":"https:\/\/www.explora-project.com\/blog\/wp-json\/wp\/v2\/comments?post=3342"}],"version-history":[{"count":56,"href":"https:\/\/www.explora-project.com\/blog\/wp-json\/wp\/v2\/posts\/3342\/revisions"}],"predecessor-version":[{"id":6040,"href":"https:\/\/www.explora-project.com\/blog\/wp-json\/wp\/v2\/posts\/3342\/revisions\/6040"}],"wp:featuredmedia":[{"embeddable":true,"href":"https:\/\/www.explora-project.com\/blog\/wp-json\/wp\/v2\/media\/3414"}],"wp:attachment":[{"href":"https:\/\/www.explora-project.com\/blog\/wp-json\/wp\/v2\/media?parent=3342"}],"wp:term":[{"taxonomy":"category","embeddable":true,"href":"https:\/\/www.explora-project.com\/blog\/wp-json\/wp\/v2\/categories?post=3342"},{"taxonomy":"post_tag","embeddable":true,"href":"https:\/\/www.explora-project.com\/blog\/wp-json\/wp\/v2\/tags?post=3342"}],"curies":[{"name":"wp","href":"https:\/\/api.w.org\/{rel}","templated":true}]}}