{"id":3154,"date":"2023-09-05T15:26:54","date_gmt":"2023-09-05T13:26:54","guid":{"rendered":"https:\/\/www.explora-project.com\/blog\/?p=3154"},"modified":"2025-10-16T16:47:02","modified_gmt":"2025-10-16T14:47:02","slug":"les-alpes-en-raquette-10-itineraires-phares","status":"publish","type":"post","link":"https:\/\/www.explora-project.com\/blog\/articles\/les-alpes-en-raquette-10-itineraires-phares","title":{"rendered":"Les Alpes en raquette : 10 itin\u00e9raires phares"},"content":{"rendered":"\n<p>Ah, les Alpes! Une cha\u00eene de montagnes qui fait r\u00eaver, tant par sa majest\u00e9 que par les aventures qu&rsquo;elle offre. Si tu as d\u00e9j\u00e0 song\u00e9 \u00e0 explorer ces g\u00e9ants enneig\u00e9s, la raquette est sans doute l&rsquo;une des meilleures fa\u00e7ons de le faire. Voici pour toi 10 itin\u00e9raires phares \u00e0 ne pas manquer. Chausse tes raquettes, c&rsquo;est parti !<\/p>\n\n\n\n<h2 class=\"has-gold-color has-text-color\"><strong>La Belledonne : Une immersion naturelle<\/strong><\/h2>\n\n\n\n<p>La Belledonne, entre la Savoie et l&rsquo;Is\u00e8re, est un v\u00e9ritable \u00e9crin de nature. En te baladant ici, tu plongeras au c\u0153ur d&rsquo;une faune et d&rsquo;une flore exceptionnelles, le tout encadr\u00e9 par des sommets imposants. Les for\u00eats de pins c\u00f4toient des lacs gel\u00e9s, offrant un tableau hivernal \u00e0 couper le souffle. En hiver, la Belledonne devient un paradis blanc, offrant des circuits de raquettes traversant des cols enneig\u00e9s. La distance des parcours varie, mais la plupart sont accessibles et m\u00eame en famille. N&rsquo;oublie pas de faire une halte pr\u00e8s d&rsquo;un lac gel\u00e9 pour admirer la splendeur hivernale. Tu pourras d\u00e9couvrir cette r\u00e9gion lors de notre exp\u00e9dition <a href=\"https:\/\/www.explora-project.com\/expeditions\/raquettes-et-chiens-de-traineaux-en-belledonne\">Raquettes et chiens de traineaux en Belledonne.<\/a><\/p>\n\n\n\n<p><em>Conseil<\/em> : Commence t\u00f4t le matin, cela te permettra de profiter du calme et des premi\u00e8res lueurs sur les sommets.<\/p>\n\n\n\n<pre class=\"wp-block-verse\"><strong>D\u00e9nivel\u00e9<\/strong> : 650m - <strong>Niveau<\/strong> : Interm\u00e9diaire - <strong>Dur\u00e9e moyenne<\/strong> : 4-5 heures - <strong>D\u00e9part<\/strong> : Chamrousse<\/pre>\n\n\n\n<hr class=\"wp-block-separator has-alpha-channel-opacity\"\/>\n\n\n<div class=\"wp-block-image\">\n<figure class=\"aligncenter size-large is-resized\"><img decoding=\"async\" loading=\"lazy\" src=\"https:\/\/www.explora-project.com\/blog\/wp-content\/uploads\/2023\/09\/282331ccc8da9366508bf23163d88c108bd6cb2af0d38a4f132b1952bd5b798e-32-1024x705.webp\" alt=\"\" class=\"wp-image-3155\" width=\"780\" height=\"537\" srcset=\"https:\/\/www.explora-project.com\/blog\/wp-content\/uploads\/2023\/09\/282331ccc8da9366508bf23163d88c108bd6cb2af0d38a4f132b1952bd5b798e-32-1024x705.webp 1024w, https:\/\/www.explora-project.com\/blog\/wp-content\/uploads\/2023\/09\/282331ccc8da9366508bf23163d88c108bd6cb2af0d38a4f132b1952bd5b798e-32-300x206.webp 300w, https:\/\/www.explora-project.com\/blog\/wp-content\/uploads\/2023\/09\/282331ccc8da9366508bf23163d88c108bd6cb2af0d38a4f132b1952bd5b798e-32-768x528.webp 768w, https:\/\/www.explora-project.com\/blog\/wp-content\/uploads\/2023\/09\/282331ccc8da9366508bf23163d88c108bd6cb2af0d38a4f132b1952bd5b798e-32-1536x1057.webp 1536w, https:\/\/www.explora-project.com\/blog\/wp-content\/uploads\/2023\/09\/282331ccc8da9366508bf23163d88c108bd6cb2af0d38a4f132b1952bd5b798e-32.webp 2000w\" sizes=\"(max-width: 780px) 100vw, 780px\" \/><figcaption class=\"wp-element-caption\">Raquette en Belledone par Florine Tournier<\/figcaption><\/figure><\/div>\n\n\n<h2 class=\"has-gold-color has-text-color\"><strong>Le Beaufortain : Entre traditions et paysages enneig\u00e9s<\/strong><\/h2>\n\n\n\n<p>Le Beaufortain, ce n&rsquo;est pas seulement un fromage d\u00e9licieux, c&rsquo;est aussi une r\u00e9gion montagneuse magnifique de Savoie. En parcourant ses sentiers, tu d\u00e9couvriras des hameaux pittoresques et des paysages \u00e0 perte de vue. Les vall\u00e9es profondes et les alpages enneig\u00e9s te promettent une exp\u00e9rience authentique. Le Beaufortain, sous son manteau blanc hivernal, offre une vari\u00e9t\u00e9 de parcours pour tous les niveaux. Du circuit familial au col escarp\u00e9, chacun y trouvera son compte. Les amateurs de ski de fond appr\u00e9cieront \u00e9galement les pistes adjacentes. Pense \u00e0 prendre de la distance pour admirer les sommets imposants de Savoie et, si tu as de la chance, un lac gel\u00e9 cach\u00e9 en son c\u0153ur. Si tu veux partir en famille dans le Beaufortain et dormir dans un refuge \u00e0 2000m d\u00e9couvre notre exp\u00e9dition <a href=\"https:\/\/www.explora-project.com\/expeditions\/raquettes-en-famille-dans-le-beaufortain\" target=\"_blank\" rel=\"noreferrer noopener\">Raquettes en famille dans le Beaufortain<\/a>.<\/p>\n\n\n\n<p><em>Conseil<\/em> : N&rsquo;h\u00e9site pas \u00e0 faire une halte dans l&rsquo;un des chalets d&rsquo;alpage pour d\u00e9guster le fameux Beaufort directement sur place.<\/p>\n\n\n\n<figure class=\"wp-block-image size-large\"><img decoding=\"async\" loading=\"lazy\" width=\"1024\" height=\"555\" src=\"https:\/\/www.explora-project.com\/blog\/wp-content\/uploads\/2025\/10\/roc_du_vent_beaufortain_dd9b3100df-1024x555.jpg\" alt=\"\" class=\"wp-image-6407\" srcset=\"https:\/\/www.explora-project.com\/blog\/wp-content\/uploads\/2025\/10\/roc_du_vent_beaufortain_dd9b3100df-1024x555.jpg 1024w, https:\/\/www.explora-project.com\/blog\/wp-content\/uploads\/2025\/10\/roc_du_vent_beaufortain_dd9b3100df-300x163.jpg 300w, https:\/\/www.explora-project.com\/blog\/wp-content\/uploads\/2025\/10\/roc_du_vent_beaufortain_dd9b3100df-768x416.jpg 768w, https:\/\/www.explora-project.com\/blog\/wp-content\/uploads\/2025\/10\/roc_du_vent_beaufortain_dd9b3100df.jpg 1200w\" sizes=\"(max-width: 1024px) 100vw, 1024px\" \/><\/figure>\n\n\n\n<pre class=\"wp-block-verse\"><strong>D\u00e9nivel\u00e9<\/strong> : 700m - <strong>Niveau<\/strong> : Interm\u00e9diaire - <strong>Dur\u00e9e moyenne<\/strong> : 5-6 heures - <strong>D\u00e9part<\/strong> : Les Saisies<\/pre>\n\n\n\n<hr class=\"wp-block-separator has-alpha-channel-opacity\"\/>\n\n\n\n<h2 class=\"has-gold-color has-text-color\"><strong>Glacier d&rsquo;Argenti\u00e8res : Sur les traces des g\u00e9ants de glace<\/strong><\/h2>\n\n\n\n<p>Le glacier d&rsquo;Argenti\u00e8res, c&rsquo;est une plong\u00e9e dans le temps. En marchant \u00e0 ses c\u00f4t\u00e9s, tu te rendras compte de la puissance et de la beaut\u00e9 de la nature. Les teintes bleut\u00e9es du glacier, associ\u00e9es \u00e0 la blancheur de la neige, offrent un spectacle grandiose. Le parcours menant au glacier d&rsquo;Argenti\u00e8res est l&rsquo;un des plus impressionnants des Alpes. Malgr\u00e9 les difficult\u00e9s dues \u00e0 l&rsquo;altitude et \u00e0 la distance, la vue sur le col blanc et les pistes de ski lointaines en valent la peine. Les sommets environnants semblent veiller sur le circuit, ajoutant \u00e0 l&rsquo;immensit\u00e9 du paysage. Une exp\u00e9rience unique pour les aventuriers confirm\u00e9s. Tu pourras d\u00e9couvrir ce glacier lors de notre exp\u00e9dition <a href=\"https:\/\/www.explora-project.com\/expeditions\/alpinisme-d%C3%A9couverte-du-glacier-argenti%C3%A8re-en-raquettes\" target=\"_blank\" rel=\"noreferrer noopener\">D\u00e9couverte du glacier d&rsquo;Argenti\u00e8re en raquettes<\/a>.<\/p>\n\n\n\n<p><em>Conseil<\/em> : Porte des lunettes de soleil et de la cr\u00e8me solaire. La r\u00e9verb\u00e9ration du soleil sur le glacier est intense !<\/p>\n\n\n\n<pre class=\"wp-block-verse\"><strong>D\u00e9nivel\u00e9<\/strong> : 800m - <strong>Niveau<\/strong> : Avanc\u00e9 - <strong>Dur\u00e9e moyenne<\/strong> : 6-7 heures - <strong>D\u00e9part<\/strong> : Argenti\u00e8re<\/pre>\n\n\n\n<hr class=\"wp-block-separator has-alpha-channel-opacity\"\/>\n\n\n<div class=\"wp-block-image\">\n<figure class=\"aligncenter size-large is-resized\"><img decoding=\"async\" loading=\"lazy\" src=\"https:\/\/www.explora-project.com\/blog\/wp-content\/uploads\/2023\/09\/282331ccc8da9366508bf23163d88c108bd6cb2af0d38a4f132b1952bd5b798e-33-1-1024x685.webp\" alt=\"\" class=\"wp-image-3159\" width=\"794\" height=\"531\" srcset=\"https:\/\/www.explora-project.com\/blog\/wp-content\/uploads\/2023\/09\/282331ccc8da9366508bf23163d88c108bd6cb2af0d38a4f132b1952bd5b798e-33-1-1024x685.webp 1024w, https:\/\/www.explora-project.com\/blog\/wp-content\/uploads\/2023\/09\/282331ccc8da9366508bf23163d88c108bd6cb2af0d38a4f132b1952bd5b798e-33-1-300x201.webp 300w, https:\/\/www.explora-project.com\/blog\/wp-content\/uploads\/2023\/09\/282331ccc8da9366508bf23163d88c108bd6cb2af0d38a4f132b1952bd5b798e-33-1-768x513.webp 768w, https:\/\/www.explora-project.com\/blog\/wp-content\/uploads\/2023\/09\/282331ccc8da9366508bf23163d88c108bd6cb2af0d38a4f132b1952bd5b798e-33-1-1536x1027.webp 1536w, https:\/\/www.explora-project.com\/blog\/wp-content\/uploads\/2023\/09\/282331ccc8da9366508bf23163d88c108bd6cb2af0d38a4f132b1952bd5b798e-33-1.webp 2000w\" sizes=\"(max-width: 794px) 100vw, 794px\" \/><\/figure><\/div>\n\n\n<h2 class=\"has-gold-color has-text-color\"><strong>Mont Brequin : Panoramas \u00e0 couper le souffle<\/strong><\/h2>\n\n\n\n<p>Du haut de ses 3130 m\u00e8tres, le Mont Brequin te r\u00e9serve des panoramas \u00e9poustouflants. La vue sur la vall\u00e9e des Belleville d&rsquo;un c\u00f4t\u00e9 et sur la Maurienne de l&rsquo;autre est un v\u00e9ritable cadeau pour les yeux. L&rsquo;ascension est certes exigeante, mais le spectacle en vaut la chandelle. En hiver, le Mont Brequin se drape de son manteau blanc le plus pur, offrant un parcours de raquette \u00e0 la fois difficile et gratifiant.<\/p>\n\n\n\n<p><em>Conseil<\/em> : Assure-toi d&rsquo;avoir de bonnes chaussures et des b\u00e2tons pour t&rsquo;aider dans les mont\u00e9es.<\/p>\n\n\n\n<pre class=\"wp-block-verse\"><strong>D\u00e9nivel\u00e9<\/strong> : 1100m - <strong>Niveau<\/strong> : Difficile - <strong>Dur\u00e9e moyenne<\/strong> : 6-8 heures - <strong>D\u00e9part<\/strong> : Val Thorens<\/pre>\n\n\n\n<hr class=\"wp-block-separator has-alpha-channel-opacity\"\/>\n\n\n\n<figure class=\"wp-block-image size-large\"><img decoding=\"async\" loading=\"lazy\" width=\"1024\" height=\"768\" src=\"https:\/\/www.explora-project.com\/blog\/wp-content\/uploads\/2025\/10\/mont-brequin-1024x768.jpg\" alt=\"\" class=\"wp-image-6409\" srcset=\"https:\/\/www.explora-project.com\/blog\/wp-content\/uploads\/2025\/10\/mont-brequin-1024x768.jpg 1024w, https:\/\/www.explora-project.com\/blog\/wp-content\/uploads\/2025\/10\/mont-brequin-300x225.jpg 300w, https:\/\/www.explora-project.com\/blog\/wp-content\/uploads\/2025\/10\/mont-brequin-768x576.jpg 768w, https:\/\/www.explora-project.com\/blog\/wp-content\/uploads\/2025\/10\/mont-brequin-960x720.jpg 960w, https:\/\/www.explora-project.com\/blog\/wp-content\/uploads\/2025\/10\/mont-brequin-640x480.jpg 640w, https:\/\/www.explora-project.com\/blog\/wp-content\/uploads\/2025\/10\/mont-brequin.jpg 1200w\" sizes=\"(max-width: 1024px) 100vw, 1024px\" \/><\/figure>\n\n\n\n<h2 class=\"has-gold-color has-text-color\"><strong>Les Ecrins : La diversit\u00e9 \u00e0 l&rsquo;\u00e9tat pur<\/strong><\/h2>\n\n\n\n<p>Ce parc national est un incontournable. Des vall\u00e9es verdoyantes aux sommets enneig\u00e9s, les Ecrins offrent une vari\u00e9t\u00e9 de paysages impressionnante. Les marmottes, chamois et aigles royaux sont au rendez-vous. Les Ecrins, avec leurs sommets majestueux, offrent des circuits adapt\u00e9s \u00e0 tous, du randonneur familial au sportif en qu\u00eate de difficult\u00e9s. L&rsquo;hiver transforme le paysage en un monde f\u00e9erique o\u00f9 les cols se couvrent de blanc et o\u00f9 les parcours traversent parfois \u00e0 proximit\u00e9 de pistes de ski anim\u00e9es. Les lacs gel\u00e9s ponctuent le paysage, ajoutant une touche magique \u00e0 l&rsquo;aventure.<\/p>\n\n\n\n<p><em>Conseil<\/em> : Emporte avec toi une paire de jumelles pour observer la faune sans la d\u00e9ranger.<\/p>\n\n\n\n<pre class=\"wp-block-verse\"><strong>D\u00e9nivel\u00e9<\/strong> : 900m - <strong>Niveau<\/strong> : Avanc\u00e9 - <strong>Dur\u00e9e moyenne<\/strong> : 6-7 heures - <strong>D\u00e9part<\/strong> : La B\u00e9rarde<\/pre>\n\n\n\n<hr class=\"wp-block-separator has-alpha-channel-opacity\"\/>\n\n\n\n<figure class=\"wp-block-image size-large\"><img decoding=\"async\" loading=\"lazy\" width=\"1024\" height=\"576\" src=\"https:\/\/www.explora-project.com\/blog\/wp-content\/uploads\/2025\/10\/randonnee-muzelle-03-1920x1080-f50_50-1024x576.webp\" alt=\"\" class=\"wp-image-6410\" srcset=\"https:\/\/www.explora-project.com\/blog\/wp-content\/uploads\/2025\/10\/randonnee-muzelle-03-1920x1080-f50_50-1024x576.webp 1024w, https:\/\/www.explora-project.com\/blog\/wp-content\/uploads\/2025\/10\/randonnee-muzelle-03-1920x1080-f50_50-300x169.webp 300w, https:\/\/www.explora-project.com\/blog\/wp-content\/uploads\/2025\/10\/randonnee-muzelle-03-1920x1080-f50_50-768x432.webp 768w, https:\/\/www.explora-project.com\/blog\/wp-content\/uploads\/2025\/10\/randonnee-muzelle-03-1920x1080-f50_50-1536x864.webp 1536w, https:\/\/www.explora-project.com\/blog\/wp-content\/uploads\/2025\/10\/randonnee-muzelle-03-1920x1080-f50_50-990x556.webp 990w, https:\/\/www.explora-project.com\/blog\/wp-content\/uploads\/2025\/10\/randonnee-muzelle-03-1920x1080-f50_50.webp 1920w\" sizes=\"(max-width: 1024px) 100vw, 1024px\" \/><\/figure>\n\n\n\n<h2 class=\"has-gold-color has-text-color\"><strong>Le Queyras : Le charme de l&rsquo;authenticit\u00e9<\/strong><\/h2>\n\n\n\n<p>Le parc naturel r\u00e9gional du Queyras est une p\u00e9pite. Moins fr\u00e9quent\u00e9 que d&rsquo;autres zones des Alpes, il te promet une exp\u00e9rience plus authentique, au c\u0153ur de villages pr\u00e9serv\u00e9s et de montagnes sauvages. . Id\u00e9al pour la famille, certaines distances peuvent n\u00e9anmoins pr\u00e9senter des difficult\u00e9s pour les novices. Les sommets se dessinent \u00e0 l&rsquo;horizon, rappelant la majest\u00e9 du circuit. Et, comme un joyau cach\u00e9, tu pourrais avoir la chance de tomber sur un lac gel\u00e9, \u00e9tincelant sous le soleil d&rsquo;hiver.<\/p>\n\n\n\n<p><em>Conseil<\/em> : Rends-toi \u00e0 Saint-V\u00e9ran, l&rsquo;un des plus hauts villages d&rsquo;Europe, pour une pause bien m\u00e9rit\u00e9e.<\/p>\n\n\n\n<pre class=\"wp-block-verse\"><strong>D\u00e9nivel\u00e9<\/strong> : 600m - <strong>Niveau<\/strong> : Interm\u00e9diaire - <strong>Dur\u00e9e moyenne<\/strong> : 5-6 heures- <strong>D\u00e9part<\/strong> : Saint-V\u00e9ran<\/pre>\n\n\n\n<hr class=\"wp-block-separator has-alpha-channel-opacity\"\/>\n\n\n\n<figure class=\"wp-block-image size-large\"><img decoding=\"async\" loading=\"lazy\" width=\"1024\" height=\"667\" src=\"https:\/\/www.explora-project.com\/blog\/wp-content\/uploads\/2025\/10\/le-village-de-saint-veran-sous-la-neige-1024x667.jpg\" alt=\"\" class=\"wp-image-6413\" srcset=\"https:\/\/www.explora-project.com\/blog\/wp-content\/uploads\/2025\/10\/le-village-de-saint-veran-sous-la-neige-1024x667.jpg 1024w, https:\/\/www.explora-project.com\/blog\/wp-content\/uploads\/2025\/10\/le-village-de-saint-veran-sous-la-neige-300x196.jpg 300w, https:\/\/www.explora-project.com\/blog\/wp-content\/uploads\/2025\/10\/le-village-de-saint-veran-sous-la-neige-768x501.jpg 768w, https:\/\/www.explora-project.com\/blog\/wp-content\/uploads\/2025\/10\/le-village-de-saint-veran-sous-la-neige.jpg 1269w\" sizes=\"(max-width: 1024px) 100vw, 1024px\" \/><figcaption class=\"wp-element-caption\">Village de Saint-V\u00e9ran<\/figcaption><\/figure>\n\n\n\n<h2 class=\"has-gold-color has-text-color\"><strong>La Vanoise : L&rsquo;alliance entre nature et aventure<\/strong><\/h2>\n\n\n\n<p>La Vanoise en Savoie est le premier parc national cr\u00e9\u00e9 en France. Ses sentiers t&#8217;emm\u00e8neront \u00e0 la d\u00e9couverte de glaciers, de cascades et de for\u00eats denses. C&rsquo;est une invitation \u00e0 l&rsquo;aventure dans un cadre naturel exceptionnel. Que tu cherches un parcours familial ou un d\u00e9fi avec des cols abrupts, tu trouveras ton bonheur ici.<\/p>\n\n\n\n<p><em>Conseil<\/em> : Si tu es l\u00e0 en avril ou mai, tu pourras assister \u00e0 la migration des bouquetins.<\/p>\n\n\n\n<pre class=\"wp-block-verse\"><strong>D\u00e9nivel\u00e9<\/strong> : 750m - <strong>Niveau<\/strong> : Interm\u00e9diaire \u00e0 Avanc\u00e9 - <strong>Dur\u00e9e moyenne<\/strong> : 5-7 heures- <strong>D\u00e9part<\/strong> : Pralognan-la-Vanoise<\/pre>\n\n\n\n<figure class=\"wp-block-image size-large\"><img decoding=\"async\" loading=\"lazy\" width=\"1024\" height=\"513\" src=\"https:\/\/www.explora-project.com\/blog\/wp-content\/uploads\/2025\/10\/vanoise-1-1024x513.jpg\" alt=\"\" class=\"wp-image-6415\" srcset=\"https:\/\/www.explora-project.com\/blog\/wp-content\/uploads\/2025\/10\/vanoise-1-1024x513.jpg 1024w, https:\/\/www.explora-project.com\/blog\/wp-content\/uploads\/2025\/10\/vanoise-1-300x150.jpg 300w, https:\/\/www.explora-project.com\/blog\/wp-content\/uploads\/2025\/10\/vanoise-1-768x385.jpg 768w, https:\/\/www.explora-project.com\/blog\/wp-content\/uploads\/2025\/10\/vanoise-1-1536x770.jpg 1536w, https:\/\/www.explora-project.com\/blog\/wp-content\/uploads\/2025\/10\/vanoise-1.jpg 1600w\" sizes=\"(max-width: 1024px) 100vw, 1024px\" \/><\/figure>\n\n\n\n<hr class=\"wp-block-separator has-alpha-channel-opacity\"\/>\n\n\n\n<h2 class=\"has-gold-color has-text-color\"><strong>Le Massif des Bauges : La qui\u00e9tude \u00e0 port\u00e9e de main<\/strong><\/h2>\n\n\n\n<p>Situ\u00e9 entre Annecy et Chamb\u00e9ry, ce massif te promet une immersion dans une nature pr\u00e9serv\u00e9e. Les vastes plateaux se m\u00ealent aux for\u00eats denses pour offrir un terrain de jeu id\u00e9al pour la raquette. L&rsquo;hiver dans le Massif des Bauges est une invitation \u00e0 la s\u00e9r\u00e9nit\u00e9. Les circuits sont adapt\u00e9s \u00e0 tous, des familles aux randonneurs chevronn\u00e9s. Bien que moins exigeant que d&rsquo;autres r\u00e9gions, ne sous-estime pas certaines distances ou difficult\u00e9s cach\u00e9es. Si tu veux alier bien-\u00eatre et raquette, retrouve notre exp\u00e9dition <a href=\"https:\/\/www.explora-project.com\/expeditions\/rando-yoga-debutant-hiver\" target=\"_blank\" rel=\"noreferrer noopener\">Rando yoga d\u00e9butant hiver<\/a>.<\/p>\n\n\n\n<p><em>Conseil<\/em> : Essaye de planifier ta randonn\u00e9e lors d&rsquo;une journ\u00e9e ensoleill\u00e9e pour profiter au mieux des panoramas.<\/p>\n\n\n\n<pre class=\"wp-block-verse\"><strong>D\u00e9nivel\u00e9<\/strong> : 500m - <strong>Niveau<\/strong> : D\u00e9butant \u00e0 Interm\u00e9diaire - <strong>Dur\u00e9e moyenne<\/strong> : 4-5 heures- <strong>D\u00e9part<\/strong> : Aillon-le-Jeune<\/pre>\n\n\n\n<hr class=\"wp-block-separator has-alpha-channel-opacity\"\/>\n\n\n\n<figure class=\"wp-block-embed is-type-video is-provider-youtube wp-block-embed-youtube wp-embed-aspect-16-9 wp-has-aspect-ratio\"><div class=\"wp-block-embed__wrapper\">\n<iframe loading=\"lazy\" title=\"Massif des BAUGES : RANDO &amp; YOGA d\u00e9butant hiver.\" width=\"990\" height=\"557\" src=\"https:\/\/www.youtube.com\/embed\/stM9aVhfmXE?feature=oembed\" frameborder=\"0\" allow=\"accelerometer; autoplay; clipboard-write; encrypted-media; gyroscope; picture-in-picture; web-share\" referrerpolicy=\"strict-origin-when-cross-origin\" allowfullscreen><\/iframe>\n<\/div><\/figure>\n\n\n\n<h2 class=\"has-gold-color has-text-color\"><strong>Le Mercantour : Aux portes de l&rsquo;Italie<\/strong><\/h2>\n\n\n\n<p>Proche de la fronti\u00e8re italienne, le Mercantour est un mix de cultures et de paysages. Les lacs d&rsquo;altitude et les vall\u00e9es profondes te garantissent une exp\u00e9rience m\u00e9morable. Chaque circuit est une aventure, et si tu es attentif, un lac gel\u00e9 peut appara\u00eetre, tel un miroir du ciel. Pour une nuit insolite dans un igloo, tu peux regarder notre exp\u00e9dition <a href=\"https:\/\/www.explora-project.com\/expeditions\/raquettes-igloo-mercantour\" target=\"_blank\" rel=\"noreferrer noopener\">Nuit insolite en igloo et raquettes dans le Mercantour.<\/a><\/p>\n\n\n\n<p><em>Conseil<\/em> : Emporte une carte d\u00e9taill\u00e9e de la r\u00e9gion. Certains sentiers sont moins bien balis\u00e9s que d&rsquo;autres.<\/p>\n\n\n\n<pre class=\"wp-block-verse\"><strong>D\u00e9nivel\u00e9<\/strong> : 850m - <strong>Niveau<\/strong> : Avanc\u00e9 - <strong>Dur\u00e9e moyenne<\/strong> : 6-7 heures- <strong>D\u00e9part<\/strong> : Saint-Martin-V\u00e9subie<\/pre>\n\n\n\n<hr class=\"wp-block-separator has-alpha-channel-opacity\"\/>\n\n\n\n<figure class=\"wp-block-image size-full\"><img decoding=\"async\" loading=\"lazy\" width=\"1007\" height=\"596\" src=\"https:\/\/www.explora-project.com\/blog\/wp-content\/uploads\/2025\/10\/PA1_mercantour.jpeg\" alt=\"\" class=\"wp-image-6416\" srcset=\"https:\/\/www.explora-project.com\/blog\/wp-content\/uploads\/2025\/10\/PA1_mercantour.jpeg 1007w, https:\/\/www.explora-project.com\/blog\/wp-content\/uploads\/2025\/10\/PA1_mercantour-300x178.jpeg 300w, https:\/\/www.explora-project.com\/blog\/wp-content\/uploads\/2025\/10\/PA1_mercantour-768x455.jpeg 768w\" sizes=\"(max-width: 1007px) 100vw, 1007px\" \/><\/figure>\n\n\n\n<h2 class=\"has-gold-color has-text-color\"><strong>La Chartreuse : La douceur des pr\u00e9-Alpes<\/strong><\/h2>\n\n\n\n<p>Juste au nord de Grenoble, la Chartreuse est une destination id\u00e9ale pour ceux qui cherchent une exp\u00e9rience moins extr\u00eame, mais tout aussi enrichissante. Ses for\u00eats d&rsquo;\u00e9pic\u00e9as et ses alpages sont parfaits pour des randonn\u00e9es en raquette douces. Lorsque l&rsquo;hiver s&rsquo;installe dans la Chartreuse, les collines et les vall\u00e9es se parent de leur plus beau manteau blanc. Plus doux que d&rsquo;autres massifs alpins, c&rsquo;est le lieu id\u00e9al pour une sortie en famille. Les parcours te m\u00e8nent \u00e0 travers for\u00eats et prairies, avec toujours, en toile de fond, les sommets embl\u00e9matiques. Et, pour couronner le tout, un lac paisible, fig\u00e9 par le froid, te rappelle la magie de l&rsquo;hiver.<\/p>\n\n\n\n<p><em>Conseil<\/em> : Visite la Grande Chartreuse, berceau des moines chartreux, pour ajouter une touche culturelle \u00e0 ton p\u00e9riple.<\/p>\n\n\n\n<figure class=\"wp-block-image size-full\"><img decoding=\"async\" loading=\"lazy\" width=\"1007\" height=\"596\" src=\"https:\/\/www.explora-project.com\/blog\/wp-content\/uploads\/2025\/10\/PA1_tour-de-la-chartreuse.jpg\" alt=\"\" class=\"wp-image-6417\" srcset=\"https:\/\/www.explora-project.com\/blog\/wp-content\/uploads\/2025\/10\/PA1_tour-de-la-chartreuse.jpg 1007w, https:\/\/www.explora-project.com\/blog\/wp-content\/uploads\/2025\/10\/PA1_tour-de-la-chartreuse-300x178.jpg 300w, https:\/\/www.explora-project.com\/blog\/wp-content\/uploads\/2025\/10\/PA1_tour-de-la-chartreuse-768x455.jpg 768w\" sizes=\"(max-width: 1007px) 100vw, 1007px\" \/><\/figure>\n\n\n\n<pre class=\"wp-block-verse\"><strong>D\u00e9nivel\u00e9<\/strong> : 550m - <strong>Niveau<\/strong> : D\u00e9butant - <strong>Dur\u00e9e moyenne<\/strong> : 3-4 heures- <strong>D\u00e9part<\/strong> : Saint-Pierre-de-Chartreuse<\/pre>\n\n\n\n<h2 class=\"has-gold-color has-text-color\"><strong>Conseils pratiques pour la randonn\u00e9e en raquette dans les Alpes<\/strong><\/h2>\n\n\n\n<p>La randonn\u00e9e en raquette dans les Alpes est une aventure \u00e0 la fois excitante et exigeante.  Avant de te lancer, voici quelques conseils essentiels pour que ton exp\u00e9rience soit la plus agr\u00e9able et s\u00e9curis\u00e9e possible :<\/p>\n\n\n\n<ol>\n<li><strong>\u00c9quipement adapt\u00e9<\/strong> : Porte des v\u00eatements chauds et imperm\u00e9ables en plusieurs couches pour te prot\u00e9ger du froid et de l&rsquo;humidit\u00e9. N&rsquo;oublie pas une bonne paire de gants, un bonnet, et des lunettes de soleil pour te prot\u00e9ger de la r\u00e9verb\u00e9ration du soleil sur la neige.<\/li>\n\n\n\n<li><strong>Reste hydrat\u00e9<\/strong> : L&rsquo;effort en altitude, combin\u00e9 au froid, peut te d\u00e9shydrater plus vite que tu ne le penses. Emporte toujours avec toi une gourde ou une thermos d&rsquo;eau chaude.<\/li>\n\n\n\n<li><strong>Orientation<\/strong> : M\u00eame si de nombreux sentiers sont balis\u00e9s, avoir une carte d\u00e9taill\u00e9e et une boussole (ou un GPS de randonn\u00e9e) est essentiel. La m\u00e9t\u00e9o peut changer rapidement, rendant l&rsquo;orientation difficile.<\/li>\n\n\n\n<li><strong>S\u00e9curit\u00e9 avant tout<\/strong> : Si tu n&rsquo;es pas familier avec les itin\u00e9raires, envisage de prendre un guide local ou de t&rsquo;informer aupr\u00e8s des offices de tourisme. Les conditions de montagne peuvent \u00eatre impr\u00e9visibles.<\/li>\n\n\n\n<li><strong>Respecte la nature<\/strong> : La faune alpine est fragile. Garde tes distances avec les animaux et \u00e9vite de les d\u00e9ranger. Emporte tes d\u00e9chets et respecte les sentiers et les zones prot\u00e9g\u00e9es.<\/li>\n\n\n\n<li><strong>Altitude<\/strong> : Les effets de l&rsquo;altitude peuvent surprendre, surtout si tu n&rsquo;y es pas habitu\u00e9. Prends le temps de t&rsquo;acclimater et \u00e9coute ton corps. Si tu ressens des maux de t\u00eate ou d&rsquo;autres sympt\u00f4mes, fais une pause et, si n\u00e9cessaire, redescends \u00e0 une altitude plus basse.<\/li>\n\n\n\n<li><strong>Informations m\u00e9t\u00e9orologiques<\/strong> : Consulte toujours les <a href=\"https:\/\/meteofrance.com\/\" target=\"_blank\" rel=\"noreferrer noopener\">pr\u00e9visions m\u00e9t\u00e9orologiques<\/a> avant de te lancer. Les montagnes sont notoirement impr\u00e9visibles, et une belle journ\u00e9e peut rapidement se transformer en temp\u00eate.<\/li>\n\n\n\n<li><strong>Pr\u00e9paration physique<\/strong> : Les randonn\u00e9es en raquette peuvent \u00eatre physiquement exigeantes. Assure-toi d&rsquo;\u00eatre en bonne condition physique et, si c&rsquo;est ta premi\u00e8re fois, commence par des itin\u00e9raires plus courts pour te familiariser.<\/li>\n\n\n\n<li><strong>Communique ton itin\u00e9raire<\/strong> : Avant de partir, informe toujours quelqu&rsquo;un de ton itin\u00e9raire pr\u00e9vu et de l&rsquo;heure \u00e0 laquelle tu pr\u00e9vois de revenir. Cela peut \u00eatre essentiel en cas d&rsquo;urgence.<\/li>\n<\/ol>\n\n\n\n<p>Si c&rsquo;est ta premi\u00e8re sortie, tu peux retrouver tous nos conseils dans notre article : <a href=\"https:\/\/www.explora-project.com\/blog\/articles\/comment-bien-se-preparer-pour-sa-premiere-rando-en-raquettes\" target=\"_blank\" rel=\"noreferrer noopener\">Comment bien se pr\u00e9parer pour sa premi\u00e8re rando en raquettes ?<\/a><\/p>\n\n\n\n<hr class=\"wp-block-separator has-alpha-channel-opacity\"\/>\n\n\n\n<p>Voil\u00e0, tu as d\u00e9sormais un aper\u00e7u des 10 itin\u00e9raires phares pour vivre les Alpes en raquette. Chacune de ces destinations a quelque chose d&rsquo;unique \u00e0 offrir, que ce soit en termes de paysages, de faune ou d&rsquo;exp\u00e9riences. Alors, pr\u00e9pare ton sac \u00e0 dos, tes raquettes et lance-toi \u00e0 la d\u00e9couverte de ces merveilles. Les Alpes t&rsquo;attendent avec impatience !<br>Tu trouveras ci-dessous toutes nos exp\u00e9ditions en raquette :<\/p>\n\n\n<p><iframe loading=\"lazy\" frameborder=\"0\" width=\"100%\" height=\"595px\" src=\"https:\/\/www.explora-project.com\/iframes\/expedition_recommendations?activity_type=Raquettes \u00e0 neige\"><\/iframe><\/p>\n","protected":false},"excerpt":{"rendered":"<p>Ah, les Alpes! Une cha\u00eene de montagnes qui fait r\u00eaver, tant par sa majest\u00e9 que par les aventures qu&rsquo;elle offre. Si tu as d\u00e9j\u00e0 song\u00e9 \u00e0 explorer ces g\u00e9ants enneig\u00e9s,<a href=\"https:\/\/www.explora-project.com\/blog\/articles\/les-alpes-en-raquette-10-itineraires-phares\" class=\"more-link\"><span class=\"readmore\">Continuer \u00e0 lire&#8230;<span class=\"screen-reader-text\">Les Alpes en raquette : 10 itin\u00e9raires phares<\/span><\/span><\/a><\/p>\n","protected":false},"author":19,"featured_media":3156,"comment_status":"closed","ping_status":"closed","sticky":false,"template":"","format":"standard","meta":[],"categories":[4,1],"tags":[],"yoast_head":"<!-- This site is optimized with the Yoast SEO plugin v19.10 - https:\/\/yoast.com\/wordpress\/plugins\/seo\/ -->\n<title>Les Alpes en raquette : 10 itin\u00e9raires phares - Journal d&#039;Explora Project<\/title>\n<meta name=\"description\" content=\"D\u00e9couvre les meilleurs parcours en raquettes des Alpes. De la Belledonne au Mont Brequin. Astuces et conseils \u00e0 l&#039;int\u00e9rieur!\" \/>\n<meta name=\"robots\" content=\"index, follow, max-snippet:-1, max-image-preview:large, max-video-preview:-1\" \/>\n<link rel=\"canonical\" href=\"https:\/\/www.explora-project.com\/blog\/articles\/les-alpes-en-raquette-10-itineraires-phares\" \/>\n<meta property=\"og:locale\" content=\"fr_FR\" \/>\n<meta property=\"og:type\" content=\"article\" \/>\n<meta property=\"og:title\" content=\"Les Alpes en raquette : 10 itin\u00e9raires phares - Journal d&#039;Explora Project\" \/>\n<meta property=\"og:description\" content=\"D\u00e9couvre les meilleurs parcours en raquettes des Alpes. De la Belledonne au Mont Brequin. Astuces et conseils \u00e0 l&#039;int\u00e9rieur!\" \/>\n<meta property=\"og:url\" content=\"https:\/\/www.explora-project.com\/blog\/articles\/les-alpes-en-raquette-10-itineraires-phares\" \/>\n<meta property=\"og:site_name\" content=\"Journal d&#039;Explora Project\" \/>\n<meta property=\"article:published_time\" content=\"2023-09-05T13:26:54+00:00\" \/>\n<meta property=\"article:modified_time\" content=\"2025-10-16T14:47:02+00:00\" \/>\n<meta property=\"og:image\" content=\"https:\/\/www.explora-project.com\/blog\/wp-content\/uploads\/2023\/09\/282331ccc8da9366508bf23163d88c108bd6cb2af0d38a4f132b1952bd5b798e-33.webp\" \/>\n\t<meta property=\"og:image:width\" content=\"2000\" \/>\n\t<meta property=\"og:image:height\" content=\"1337\" \/>\n\t<meta property=\"og:image:type\" content=\"image\/webp\" \/>\n<meta name=\"author\" content=\"Amelia Boucher\" \/>\n<meta name=\"twitter:card\" content=\"summary_large_image\" \/>\n<meta name=\"twitter:label1\" content=\"Written by\" \/>\n\t<meta name=\"twitter:data1\" content=\"Amelia Boucher\" \/>\n\t<meta name=\"twitter:label2\" content=\"Est. reading time\" \/>\n\t<meta name=\"twitter:data2\" content=\"11 minutes\" \/>\n<script type=\"application\/ld+json\" class=\"yoast-schema-graph\">{\"@context\":\"https:\/\/schema.org\",\"@graph\":[{\"@type\":\"WebPage\",\"@id\":\"https:\/\/www.explora-project.com\/blog\/articles\/les-alpes-en-raquette-10-itineraires-phares\",\"url\":\"https:\/\/www.explora-project.com\/blog\/articles\/les-alpes-en-raquette-10-itineraires-phares\",\"name\":\"Les Alpes en raquette : 10 itin\u00e9raires phares - Journal d&#039;Explora Project\",\"isPartOf\":{\"@id\":\"https:\/\/www.explora-project.com\/blog\/#website\"},\"datePublished\":\"2023-09-05T13:26:54+00:00\",\"dateModified\":\"2025-10-16T14:47:02+00:00\",\"author\":{\"@id\":\"https:\/\/www.explora-project.com\/blog\/#\/schema\/person\/918ede186d3d5c9eb1adb89f7e8e3f32\"},\"description\":\"D\u00e9couvre les meilleurs parcours en raquettes des Alpes. De la Belledonne au Mont Brequin. Astuces et conseils \u00e0 l'int\u00e9rieur!\",\"breadcrumb\":{\"@id\":\"https:\/\/www.explora-project.com\/blog\/articles\/les-alpes-en-raquette-10-itineraires-phares#breadcrumb\"},\"inLanguage\":\"fr-FR\",\"potentialAction\":[{\"@type\":\"ReadAction\",\"target\":[\"https:\/\/www.explora-project.com\/blog\/articles\/les-alpes-en-raquette-10-itineraires-phares\"]}]},{\"@type\":\"BreadcrumbList\",\"@id\":\"https:\/\/www.explora-project.com\/blog\/articles\/les-alpes-en-raquette-10-itineraires-phares#breadcrumb\",\"itemListElement\":[{\"@type\":\"ListItem\",\"position\":1,\"name\":\"Home\",\"item\":\"https:\/\/www.explora-project.com\/blog\"},{\"@type\":\"ListItem\",\"position\":2,\"name\":\"Les Alpes en raquette : 10 itin\u00e9raires phares\"}]},{\"@type\":\"WebSite\",\"@id\":\"https:\/\/www.explora-project.com\/blog\/#website\",\"url\":\"https:\/\/www.explora-project.com\/blog\/\",\"name\":\"Journal d&#039;Explora Project\",\"description\":\"Actualit\u00e9s \u00e0 la une\",\"potentialAction\":[{\"@type\":\"SearchAction\",\"target\":{\"@type\":\"EntryPoint\",\"urlTemplate\":\"https:\/\/www.explora-project.com\/blog\/?s={search_term_string}\"},\"query-input\":\"required name=search_term_string\"}],\"inLanguage\":\"fr-FR\"},{\"@type\":\"Person\",\"@id\":\"https:\/\/www.explora-project.com\/blog\/#\/schema\/person\/918ede186d3d5c9eb1adb89f7e8e3f32\",\"name\":\"Amelia Boucher\",\"image\":{\"@type\":\"ImageObject\",\"inLanguage\":\"fr-FR\",\"@id\":\"https:\/\/www.explora-project.com\/blog\/#\/schema\/person\/image\/\",\"url\":\"https:\/\/www.explora-project.com\/blog\/wp-content\/uploads\/2023\/07\/099B6D31-A9A3-41CE-846F-ECC1A6BB4FAE-96x96.jpeg\",\"contentUrl\":\"https:\/\/www.explora-project.com\/blog\/wp-content\/uploads\/2023\/07\/099B6D31-A9A3-41CE-846F-ECC1A6BB4FAE-96x96.jpeg\",\"caption\":\"Amelia Boucher\"},\"url\":\"https:\/\/www.explora-project.com\/blog\/articles\/author\/ameliaexplora-project-com\"}]}<\/script>\n<!-- \/ Yoast SEO plugin. -->","yoast_head_json":{"title":"Les Alpes en raquette : 10 itin\u00e9raires phares - Journal d&#039;Explora Project","description":"D\u00e9couvre les meilleurs parcours en raquettes des Alpes. De la Belledonne au Mont Brequin. Astuces et conseils \u00e0 l'int\u00e9rieur!","robots":{"index":"index","follow":"follow","max-snippet":"max-snippet:-1","max-image-preview":"max-image-preview:large","max-video-preview":"max-video-preview:-1"},"canonical":"https:\/\/www.explora-project.com\/blog\/articles\/les-alpes-en-raquette-10-itineraires-phares","og_locale":"fr_FR","og_type":"article","og_title":"Les Alpes en raquette : 10 itin\u00e9raires phares - Journal d&#039;Explora Project","og_description":"D\u00e9couvre les meilleurs parcours en raquettes des Alpes. De la Belledonne au Mont Brequin. Astuces et conseils \u00e0 l'int\u00e9rieur!","og_url":"https:\/\/www.explora-project.com\/blog\/articles\/les-alpes-en-raquette-10-itineraires-phares","og_site_name":"Journal d&#039;Explora Project","article_published_time":"2023-09-05T13:26:54+00:00","article_modified_time":"2025-10-16T14:47:02+00:00","og_image":[{"width":2000,"height":1337,"url":"https:\/\/www.explora-project.com\/blog\/wp-content\/uploads\/2023\/09\/282331ccc8da9366508bf23163d88c108bd6cb2af0d38a4f132b1952bd5b798e-33.webp","type":"image\/webp"}],"author":"Amelia Boucher","twitter_card":"summary_large_image","twitter_misc":{"Written by":"Amelia Boucher","Est. reading time":"11 minutes"},"schema":{"@context":"https:\/\/schema.org","@graph":[{"@type":"WebPage","@id":"https:\/\/www.explora-project.com\/blog\/articles\/les-alpes-en-raquette-10-itineraires-phares","url":"https:\/\/www.explora-project.com\/blog\/articles\/les-alpes-en-raquette-10-itineraires-phares","name":"Les Alpes en raquette : 10 itin\u00e9raires phares - Journal d&#039;Explora Project","isPartOf":{"@id":"https:\/\/www.explora-project.com\/blog\/#website"},"datePublished":"2023-09-05T13:26:54+00:00","dateModified":"2025-10-16T14:47:02+00:00","author":{"@id":"https:\/\/www.explora-project.com\/blog\/#\/schema\/person\/918ede186d3d5c9eb1adb89f7e8e3f32"},"description":"D\u00e9couvre les meilleurs parcours en raquettes des Alpes. De la Belledonne au Mont Brequin. Astuces et conseils \u00e0 l'int\u00e9rieur!","breadcrumb":{"@id":"https:\/\/www.explora-project.com\/blog\/articles\/les-alpes-en-raquette-10-itineraires-phares#breadcrumb"},"inLanguage":"fr-FR","potentialAction":[{"@type":"ReadAction","target":["https:\/\/www.explora-project.com\/blog\/articles\/les-alpes-en-raquette-10-itineraires-phares"]}]},{"@type":"BreadcrumbList","@id":"https:\/\/www.explora-project.com\/blog\/articles\/les-alpes-en-raquette-10-itineraires-phares#breadcrumb","itemListElement":[{"@type":"ListItem","position":1,"name":"Home","item":"https:\/\/www.explora-project.com\/blog"},{"@type":"ListItem","position":2,"name":"Les Alpes en raquette : 10 itin\u00e9raires phares"}]},{"@type":"WebSite","@id":"https:\/\/www.explora-project.com\/blog\/#website","url":"https:\/\/www.explora-project.com\/blog\/","name":"Journal d&#039;Explora Project","description":"Actualit\u00e9s \u00e0 la une","potentialAction":[{"@type":"SearchAction","target":{"@type":"EntryPoint","urlTemplate":"https:\/\/www.explora-project.com\/blog\/?s={search_term_string}"},"query-input":"required name=search_term_string"}],"inLanguage":"fr-FR"},{"@type":"Person","@id":"https:\/\/www.explora-project.com\/blog\/#\/schema\/person\/918ede186d3d5c9eb1adb89f7e8e3f32","name":"Amelia Boucher","image":{"@type":"ImageObject","inLanguage":"fr-FR","@id":"https:\/\/www.explora-project.com\/blog\/#\/schema\/person\/image\/","url":"https:\/\/www.explora-project.com\/blog\/wp-content\/uploads\/2023\/07\/099B6D31-A9A3-41CE-846F-ECC1A6BB4FAE-96x96.jpeg","contentUrl":"https:\/\/www.explora-project.com\/blog\/wp-content\/uploads\/2023\/07\/099B6D31-A9A3-41CE-846F-ECC1A6BB4FAE-96x96.jpeg","caption":"Amelia Boucher"},"url":"https:\/\/www.explora-project.com\/blog\/articles\/author\/ameliaexplora-project-com"}]}},"_links":{"self":[{"href":"https:\/\/www.explora-project.com\/blog\/wp-json\/wp\/v2\/posts\/3154"}],"collection":[{"href":"https:\/\/www.explora-project.com\/blog\/wp-json\/wp\/v2\/posts"}],"about":[{"href":"https:\/\/www.explora-project.com\/blog\/wp-json\/wp\/v2\/types\/post"}],"author":[{"embeddable":true,"href":"https:\/\/www.explora-project.com\/blog\/wp-json\/wp\/v2\/users\/19"}],"replies":[{"embeddable":true,"href":"https:\/\/www.explora-project.com\/blog\/wp-json\/wp\/v2\/comments?post=3154"}],"version-history":[{"count":11,"href":"https:\/\/www.explora-project.com\/blog\/wp-json\/wp\/v2\/posts\/3154\/revisions"}],"predecessor-version":[{"id":6419,"href":"https:\/\/www.explora-project.com\/blog\/wp-json\/wp\/v2\/posts\/3154\/revisions\/6419"}],"wp:featuredmedia":[{"embeddable":true,"href":"https:\/\/www.explora-project.com\/blog\/wp-json\/wp\/v2\/media\/3156"}],"wp:attachment":[{"href":"https:\/\/www.explora-project.com\/blog\/wp-json\/wp\/v2\/media?parent=3154"}],"wp:term":[{"taxonomy":"category","embeddable":true,"href":"https:\/\/www.explora-project.com\/blog\/wp-json\/wp\/v2\/categories?post=3154"},{"taxonomy":"post_tag","embeddable":true,"href":"https:\/\/www.explora-project.com\/blog\/wp-json\/wp\/v2\/tags?post=3154"}],"curies":[{"name":"wp","href":"https:\/\/api.w.org\/{rel}","templated":true}]}}