{"id":2657,"date":"2026-02-05T14:27:15","date_gmt":"2026-02-05T13:27:15","guid":{"rendered":"https:\/\/www.explora-project.com\/blog\/?p=2657"},"modified":"2026-02-06T12:05:17","modified_gmt":"2026-02-06T11:05:17","slug":"parcourir-les-balkans-a-pied-les-randonnees-incontournables-et-conseils","status":"publish","type":"post","link":"https:\/\/www.explora-project.com\/blog\/articles\/parcourir-les-balkans-a-pied-les-randonnees-incontournables-et-conseils","title":{"rendered":"Parcourir les Balkans \u00e0 pied : les randonn\u00e9es incontournables et conseils"},"content":{"rendered":"\n<p>Tu as envie de d\u00e9couvrir les Balkans d&rsquo;une mani\u00e8re unique ? Alors pr\u00e9pare tes chaussures de randonn\u00e9e, car parcourir cette r\u00e9gion \u00e0 pied te r\u00e9serve de belles surprises ! Les Balkans regorgent de tr\u00e9sors naturels et culturels, et la meilleure fa\u00e7on de les explorer en profondeur est \u00e0 travers la marche. Dans cet article, nous allons te pr\u00e9senter les meilleurs randonn\u00e9es dans les Balkans, en te fournissant des informations pratiques et des conseils pour que ton aventure soit inoubliable.<\/p>\n\n\n\n<h2 class=\"has-black-color has-text-color\">Les randonn\u00e9es embl\u00e9matiques<\/h2>\n\n\n\n<h3 class=\"has-gold-color has-text-color\">La randonn\u00e9e du Pass de Valbona<\/h3>\n\n\n\n<p>Cette randonn\u00e9e traverse le magnifique parc national de Valbona, offrant des panoramas \u00e0 couper le souffle sur les montagnes albanaises. Le parcours commence dans la vall\u00e9e de Valbona, o\u00f9 tu seras entour\u00e9 de paysages verdoyants, de rivi\u00e8res cristallines et de villages traditionnels albanais. En progressant \u00e0 travers les sentiers escarp\u00e9s, tu atteindras le Pass de Valbona, un col montagneux offrant des vues spectaculaires sur les sommets enneig\u00e9s et les vall\u00e9es luxuriantes. Ce passage pittoresque est un point culminant de la randonn\u00e9e, offrant une r\u00e9compense bien m\u00e9rit\u00e9e pour tes efforts. La randonn\u00e9e du Pass de Valbona est une aventure de plusieurs jours qui n\u00e9cessite une bonne condition physique, mais elle te permettra de d\u00e9couvrir la beaut\u00e9 pr\u00e9serv\u00e9e de la nature albanaise et de t&rsquo;immerger dans la culture locale hospitali\u00e8re. Tu pourras d\u00e9couvir cette randonn\u00e9e lors de notre exp\u00e9dition <a href=\"https:\/\/www.explora-project.com\/expeditions\/trek-aux-sommets-des-balkans#null\" target=\"_blank\" rel=\"noreferrer noopener\">De l&rsquo;Albanie au Mont\u00e9n\u00e9gro, trek au sommet<\/a><\/p>\n\n\n\n<ul>\n<li><strong>Dur\u00e9e<\/strong> : La dur\u00e9e de la randonn\u00e9e du Pass de Valbona peut varier en fonction de l&rsquo;itin\u00e9raire choisi et du rythme de marche. En g\u00e9n\u00e9ral, cela peut prendre entre 5 et 8 heures pour compl\u00e9ter la randonn\u00e9e, en fonction de votre condition physique et de votre vitesse.<\/li>\n\n\n\n<li><strong>D\u00e9nivel\u00e9<\/strong> : Environ 1 000 \u00e0 1 200 m\u00e8tres, en fonction de l&rsquo;itin\u00e9raire.<\/li>\n\n\n\n<li><strong>Pays<\/strong> : Albanie.<\/li>\n\n\n\n<li><strong>R\u00e9gion<\/strong> : Le Pass de Valbona se trouve dans le parc national des Alpes albanaises, dans le nord de l&rsquo;Albanie. <\/li>\n\n\n\n<li><strong>En boucle<\/strong> : oui c&rsquo;est possible.<\/li>\n<\/ul>\n\n\n\n<figure class=\"wp-block-embed aligncenter is-type-video is-provider-youtube wp-block-embed-youtube wp-embed-aspect-16-9 wp-has-aspect-ratio\"><div class=\"wp-block-embed__wrapper\">\n<iframe loading=\"lazy\" title=\"Trek dans les Balkans : de l&#039;Albanie au Mont\u00e9n\u00e9gro\" width=\"990\" height=\"557\" src=\"https:\/\/www.youtube.com\/embed\/lmhRIscIqRc?feature=oembed&#038;enablejsapi=1&#038;origin=https:\/\/www.explora-project.com\" frameborder=\"0\" allow=\"accelerometer; autoplay; clipboard-write; encrypted-media; gyroscope; picture-in-picture; web-share\" referrerpolicy=\"strict-origin-when-cross-origin\" allowfullscreen><\/iframe>\n<\/div><figcaption class=\"wp-element-caption\">Notre exp\u00e9dition \u00ab\u00a0<a href=\"https:\/\/www.explora-project.com\/expeditions\/trek-aux-sommets-des-balkans#null\" target=\"_blank\" rel=\"noreferrer noopener\">De l&rsquo;Albanie au Mont\u00e9n\u00e9gro, trek au sommet<\/a>\u00ab\u00a0<\/figcaption><\/figure>\n\n\n\n<h3 class=\"has-gold-color has-text-color\">La randonn\u00e9e vers les sommets du Lovcen<\/h3>\n\n\n\n<div class=\"is-layout-flex wp-container-3 wp-block-columns\">\n<div class=\"is-layout-flow wp-block-column\" style=\"flex-basis:66.66%\">\n<p>Si tu recherches une exp\u00e9rience de randonn\u00e9e unique, les sommets du Lovcen, au Mont\u00e9n\u00e9gro, offrent une aventure passionnante. Le parc national du Lovcen abrite une cha\u00eene de montagnes majestueuses qui offrent des paysages \u00e0 couper le souffle. L&rsquo;ascension vers les sommets du Lovcen te m\u00e8nera \u00e0 travers des chemins pittoresques, des for\u00eats denses et des prairies alpines verdoyantes. Le point culminant du massif est le mont Jezerski vrh, qui offre une vue panoramique spectaculaire sur la c\u00f4te adriatique, les montagnes environnantes et la baie de Kotor. La randonn\u00e9e vers les sommets du Lovcen est une exp\u00e9rience exaltante, mais n\u00e9cessite une bonne condition physique en raison du d\u00e9nivel\u00e9. Cependant, les efforts en valent la peine, car tu seras r\u00e9compens\u00e9 par des panoramas \u00e0 couper le souffle et une connexion profonde avec la nature mont\u00e9n\u00e9grine. <\/p>\n<\/div>\n\n\n\n<div class=\"is-layout-flow wp-block-column is-vertically-aligned-center\" style=\"flex-basis:33.33%\"><div class=\"wp-block-image\">\n<figure class=\"aligncenter size-large is-resized\"><img decoding=\"async\" loading=\"lazy\" src=\"https:\/\/www.explora-project.com\/blog\/wp-content\/uploads\/2023\/07\/shutterstock_2050740836-1024x628.jpg\" alt=\"\" class=\"wp-image-2666\" width=\"545\" height=\"334\" srcset=\"https:\/\/www.explora-project.com\/blog\/wp-content\/uploads\/2023\/07\/shutterstock_2050740836-1024x628.jpg 1024w, https:\/\/www.explora-project.com\/blog\/wp-content\/uploads\/2023\/07\/shutterstock_2050740836-300x184.jpg 300w, https:\/\/www.explora-project.com\/blog\/wp-content\/uploads\/2023\/07\/shutterstock_2050740836-768x471.jpg 768w, https:\/\/www.explora-project.com\/blog\/wp-content\/uploads\/2023\/07\/shutterstock_2050740836-1536x942.jpg 1536w, https:\/\/www.explora-project.com\/blog\/wp-content\/uploads\/2023\/07\/shutterstock_2050740836-2048x1256.jpg 2048w\" sizes=\"(max-width: 545px) 100vw, 545px\" \/><figcaption class=\"wp-element-caption\">Coucher du soleil au mausol\u00e9e de Njegos sur la montagne Lovcen<\/figcaption><\/figure><\/div><\/div>\n<\/div>\n\n\n\n<ul>\n<li><strong>Dur\u00e9e<\/strong> :  En g\u00e9n\u00e9ral, cela peut prendre entre 4 et 6 heures pour atteindre les sommets, selon ta condition physique et votre vitesse.<\/li>\n\n\n\n<li><strong>D\u00e9nivel\u00e9<\/strong> : Environ 800 \u00e0 1 000 m\u00e8tres, en fonction de l&rsquo;itin\u00e9raire choisi.<\/li>\n\n\n\n<li><strong>Pays<\/strong> : Mont\u00e9n\u00e9gro.<\/li>\n\n\n\n<li><strong>R\u00e9gion<\/strong> : Les sommets du Lovcen se trouvent dans le parc national du Lovcen, dans le sud-ouest du Mont\u00e9n\u00e9gro.<\/li>\n\n\n\n<li><strong>En boucle<\/strong> : Oui<\/li>\n<\/ul>\n\n\n\n<h3 class=\"has-gold-color has-text-color\">Le Sentier de l&rsquo;Aigle (GR 20) au Mont\u00e9n\u00e9gro <\/h3>\n\n\n\n<p>Le Sentier de l&rsquo;Aigle est l&rsquo;un des treks les plus spectaculaires des Balkans. Il te permettra de traverser les montagnes du nord du Mont\u00e9n\u00e9gro, offrant des vues \u00e0 couper le souffle sur les sommets enneig\u00e9s, les vall\u00e9es verdoyantes et la mer Adriatique scintillante. Ce trek te fera d\u00e9couvrir des paysages sauvages et pr\u00e9serv\u00e9s, ainsi que des villages traditionnels pittoresques o\u00f9 tu pourras t&rsquo;immerger dans la culture locale.<\/p>\n\n\n\n<ul>\n<li><strong>Dur\u00e9e<\/strong> : La dur\u00e9e moyenne est d&rsquo;environ 10 \u00e0 12 jours.<\/li>\n\n\n\n<li><strong>D\u00e9nivel\u00e9<\/strong> : Environ 2 000 \u00e0 2 500 m\u00e8tres.<\/li>\n\n\n\n<li><strong>Pays<\/strong> : Mont\u00e9n\u00e9gro.<\/li>\n\n\n\n<li><strong>R\u00e9gion<\/strong> : Les montagnes du Mont\u00e9n\u00e9gro, offrant des vues panoramiques sur les lacs, les for\u00eats et les sommets.<\/li>\n\n\n\n<li><strong>En boucle<\/strong> : Oui, c&rsquo;est possible.<\/li>\n<\/ul>\n\n\n\n<h3 class=\"has-gold-color has-text-color\">Les lacs de Plitvice en Croatie <\/h3>\n\n\n\n<div class=\"is-layout-flex wp-container-6 wp-block-columns\">\n<div class=\"is-layout-flow wp-block-column\" style=\"flex-basis:66.66%\">\n<p>Les lacs de Plitvice sont l&rsquo;une des merveilles naturelles les plus c\u00e9l\u00e8bres des Balkans. Ce parc national est r\u00e9put\u00e9 pour ses cascades spectaculaires, ses eaux cristallines et ses lacs interconnect\u00e9s d&rsquo;un bleu \u00e9meraude. En empruntant les sentiers bien entretenus du parc, tu pourras explorer les diff\u00e9rentes cascades et traverser les ponts en bois qui te permettront de t&rsquo;approcher au plus pr\u00e8s de cette beaut\u00e9 naturelle \u00e9poustouflante. Tu pourras retrouver toutes les informations sur le site officiel des <a href=\"https:\/\/np-plitvicka-jezera.hr\/fr\/\" target=\"_blank\" rel=\"noreferrer noopener\">lacs de Plitvice<\/a>.<\/p>\n\n\n\n<ul>\n<li><strong>Dur\u00e9e<\/strong> : La dur\u00e9e moyenne de la visite des lacs de Plitvice est d&rsquo;une journ\u00e9e.<\/li>\n\n\n\n<li><strong>D\u00e9nivel\u00e9<\/strong> : Le parc national des lacs de Plitvice est caract\u00e9ris\u00e9 par des lacs interconnect\u00e9s avec des chutes d&rsquo;eau, il n&rsquo;y a pas de d\u00e9nivel\u00e9 important \u00e0 parcourir.<\/li>\n\n\n\n<li><strong>Pays<\/strong> : Croatie.<\/li>\n\n\n\n<li><strong>R\u00e9gion<\/strong> : Les lacs de Plitvice se situent dans la r\u00e9gion de Lika-Senj en Croatie centrale.<\/li>\n\n\n\n<li><strong>En boucle <\/strong>: Oui <\/li>\n<\/ul>\n<\/div>\n\n\n\n<div class=\"is-layout-flow wp-block-column\" style=\"flex-basis:33.33%\"><div class=\"wp-block-image\">\n<figure class=\"aligncenter size-large is-resized\"><img decoding=\"async\" loading=\"lazy\" src=\"https:\/\/www.explora-project.com\/blog\/wp-content\/uploads\/2023\/07\/shutterstock_369169898-1024x601.jpg\" alt=\"\" class=\"wp-image-2667\" width=\"543\" height=\"318\" srcset=\"https:\/\/www.explora-project.com\/blog\/wp-content\/uploads\/2023\/07\/shutterstock_369169898-1024x601.jpg 1024w, https:\/\/www.explora-project.com\/blog\/wp-content\/uploads\/2023\/07\/shutterstock_369169898-300x176.jpg 300w, https:\/\/www.explora-project.com\/blog\/wp-content\/uploads\/2023\/07\/shutterstock_369169898-768x451.jpg 768w, https:\/\/www.explora-project.com\/blog\/wp-content\/uploads\/2023\/07\/shutterstock_369169898-1536x902.jpg 1536w, https:\/\/www.explora-project.com\/blog\/wp-content\/uploads\/2023\/07\/shutterstock_369169898-2048x1203.jpg 2048w\" sizes=\"(max-width: 543px) 100vw, 543px\" \/><figcaption class=\"wp-element-caption\">Parc national de Plitvice en Croatie<\/figcaption><\/figure><\/div><\/div>\n<\/div>\n\n\n\n<h3 class=\"has-gold-color has-text-color\">Le parc national de Durmitor par le Bobotov Kuk <\/h3>\n\n\n<div class=\"wp-block-image\">\n<figure class=\"alignleft size-large is-resized\"><img decoding=\"async\" loading=\"lazy\" src=\"https:\/\/www.explora-project.com\/blog\/wp-content\/uploads\/2026\/02\/bobotov-1024x683.webp\" alt=\"\" class=\"wp-image-6588\" width=\"512\" height=\"341\" srcset=\"https:\/\/www.explora-project.com\/blog\/wp-content\/uploads\/2026\/02\/bobotov-1024x683.webp 1024w, https:\/\/www.explora-project.com\/blog\/wp-content\/uploads\/2026\/02\/bobotov-300x200.webp 300w, https:\/\/www.explora-project.com\/blog\/wp-content\/uploads\/2026\/02\/bobotov-768x512.webp 768w, https:\/\/www.explora-project.com\/blog\/wp-content\/uploads\/2026\/02\/bobotov.webp 1350w\" sizes=\"(max-width: 512px) 100vw, 512px\" \/><figcaption class=\"wp-element-caption\">Pic du Bobotov Kuk au Mont\u00e9n\u00e9gro<\/figcaption><\/figure><\/div>\n\n\n<p>Encore relativement pr\u00e9serv\u00e9 du tourisme de masse, le parc national de Durmitor est l\u2019un des territoires de randonn\u00e9e les plus spectaculaires et authentiques des Balkans. Class\u00e9 au patrimoine mondial de l\u2019UNESCO, ce massif du nord du Mont\u00e9n\u00e9gro d\u00e9ploie un paysage brut fa\u00e7onn\u00e9 par le calcaire, la glace et le temps : sommets ac\u00e9r\u00e9s, vastes plateaux d\u2019altitude, lacs glaciaires et canyons profonds, dont l\u2019impressionnant canyon de la Tara, le plus profond d\u2019Europe.<\/p>\n\n\n\n<p>Point culminant du Durmitor avec ses 2 523 m\u00e8tres, le Bobotov Kuk offre une randonn\u00e9e \u00e0 la fois physique, vari\u00e9e et spectaculaire. D\u00e8s les premiers kilom\u00e8tres, le sentier traverse des alpages ouverts et silencieux, avant de gagner progressivement en min\u00e9ralit\u00e9. Les paysages deviennent plus alpins : pierriers, formations karstiques sculpt\u00e9es par l\u2019\u00e9rosion et passages sur cr\u00eates d\u00e9gag\u00e9es.<\/p>\n\n\n\n<ul>\n<li><strong>Dur\u00e9e<\/strong> : De quelques heures \u00e0 plusieurs jours, selon les pr\u00e9f\u00e9rences et le niveau de difficult\u00e9.<\/li>\n\n\n\n<li><strong>D\u00e9nivel\u00e9<\/strong> : Environ 2 200. Le d\u00e9nivel\u00e9 total d\u00e9pendra du parcours sp\u00e9cifique que tu choisiras.<\/li>\n\n\n\n<li><strong>Pays<\/strong> : Mont\u00e9n\u00e9gro.<\/li>\n\n\n\n<li><strong>R\u00e9gion<\/strong> : col de Sedlo ou secteur du Crno Jezero (lac Noir) <\/li>\n\n\n\n<li><strong>En boucle<\/strong> : Cela d\u00e9pend de l&rsquo;itin\u00e9raire choisi.<\/li>\n<\/ul>\n\n\n\n<h3 class=\"has-gold-color has-text-color\">Le Chemin des Dieux en Croatie <\/h3>\n\n\n\n<p>Le Chemin des Dieux, \u00e9galement connu sous le nom de \u00ab\u00a0Staza Vila Bila\u00a0\u00bb, est un sentier c\u00f4tier spectaculaire situ\u00e9 dans le parc naturel de Biokovo, en Croatie. Ce chemin offre des vues panoramiques imprenables sur la mer Adriatique, les \u00eeles environnantes et les falaises escarp\u00e9es de Biokovo. En parcourant cet itin\u00e9raire, tu seras \u00e9merveill\u00e9 par la beaut\u00e9 sauvage et pr\u00e9serv\u00e9e de la c\u00f4te croate.<\/p>\n\n\n\n<ul>\n<li><strong>Dur\u00e9e<\/strong> : Le Chemin des Dieux peut \u00eatre parcouru en une journ\u00e9e.<\/li>\n\n\n\n<li><strong>D\u00e9nivel\u00e9<\/strong> : Environ 700 \u00e0 800 m\u00e8tres.<\/li>\n\n\n\n<li><strong>Pays<\/strong> : Croatie.<\/li>\n\n\n\n<li><strong>R\u00e9gion<\/strong> : Le Chemin des Dieux (Puta Bogova) se trouve dans la Dalmatie, pr\u00e8s de la ville de Zadar.<\/li>\n\n\n\n<li><strong>En boucle<\/strong> : Oui<\/li>\n<\/ul>\n\n\n\n<p><\/p>\n\n\n\n<h3 class=\"has-gold-color has-text-color\">Le massif de Rila<\/h3>\n\n\n\n<p>Situ\u00e9 en Bulgarie, le massif de Rila est un v\u00e9ritable joyau pour les randonneurs. Le parc national de Rila abrite des paysages spectaculaires, des lacs glaciaires \u00e9tincelants et des sommets majestueux. La boucle des sept lacs de Rila est une randonn\u00e9e embl\u00e9matique, offrant des vues magnifiques et une atmosph\u00e8re paisible. L&rsquo;ascension du mont Musala, le plus haut sommet des Balkans, offre des panoramas spectaculaires. Le massif de Rila abrite \u00e9galement le monast\u00e8re de Rila, un site class\u00e9 au patrimoine mondial de l&rsquo;UNESCO, \u00e0 ne pas manquer pour son architecture remarquable et son importance historique.<\/p>\n\n\n\n<ul>\n<li><strong>Dur\u00e9e<\/strong> : De quelques jours \u00e0 plusieurs semaines.<\/li>\n\n\n\n<li><strong>D\u00e9nivel\u00e9<\/strong> : Environ 2 900 m\u00e8tres de d\u00e9nivel\u00e9.<\/li>\n\n\n\n<li><strong>Pays<\/strong> : Bulgarie.<\/li>\n\n\n\n<li><strong>R\u00e9gion<\/strong> : Le massif de Rila se trouve dans le sud-ouest de la Bulgarie, abritant le plus haut sommet des Balkans, le mont Musala.<\/li>\n\n\n\n<li><strong>En boucle<\/strong> : Oui c&rsquo;est possible.<\/li>\n<\/ul>\n\n\n\n<h3 class=\"has-gold-color has-text-color\">Peaks of the Balkans<\/h3>\n\n\n\n<p>Pour les randonneurs avides de d\u00e9fis et d&rsquo;aventure, le parcours \u00ab\u00a0Peaks of the Balkans\u00a0\u00bb est une exp\u00e9rience incontournable. Il s&rsquo;agit d&rsquo;un chemin de randonn\u00e9e transfrontalier qui traverse l&rsquo;Albanie, le Mont\u00e9n\u00e9gro et le Kosovo, offrant une immersion compl\u00e8te dans la nature et la culture des Balkans. Ce parcours \u00e9pique te fera d\u00e9couvrir des paysages montagneux \u00e0 couper le souffle, des vall\u00e9es verdoyantes, des lacs alpins et des villages traditionnels pr\u00e9serv\u00e9s. Tu auras \u00e9galement l&rsquo;occasion de rencontrer les communaut\u00e9s locales accueillantes et de d\u00e9couvrir leur mode de vie authentique. Le parcours \u00ab\u00a0Peaks of the Balkans\u00a0\u00bb est une aventure de plusieurs jours, n\u00e9cessitant une bonne condition physique et une pr\u00e9paration ad\u00e9quate, mais les r\u00e9compenses en valent la peine.<\/p>\n\n\n\n<ul>\n<li><strong>Dur\u00e9e<\/strong> : La dur\u00e9e moyenne de la randonn\u00e9e sur les sommets des Balkans est d&rsquo;environ 10 \u00e0 15 jours.<\/li>\n\n\n\n<li><strong>D\u00e9nivel\u00e9<\/strong> : Environ 5 000 \u00e0 6 000 m\u00e8tres.<\/li>\n\n\n\n<li><strong>Pays<\/strong> : Albanie, Mont\u00e9n\u00e9gro et Kosovo.<\/li>\n\n\n\n<li><strong>R\u00e9gion<\/strong> : Les Peaks of the Balkans traversent les montagnes des Balkans, couvrant l&rsquo;Albanie, du Mont\u00e9n\u00e9gro et du Kosovo.<\/li>\n\n\n\n<li><strong>En boucle<\/strong> : Oui<\/li>\n<\/ul>\n\n\n\n<h2><strong>Conseils pratiques pour les randonneurs<\/strong><\/h2>\n\n\n\n<h3 class=\"has-gold-color has-text-color\">Meilleure p\u00e9riode pour faire de la randonn\u00e9e dans les Balkans  <\/h3>\n\n\n\n<p>Il est important de choisir la bonne p\u00e9riode pour ta randonn\u00e9e en fonction des conditions m\u00e9t\u00e9orologiques et des saisons touristiques de chaque r\u00e9gion des Balkans. Renseigne-toi sur les saisons id\u00e9ales pour chaque destination que tu pr\u00e9vois de visiter.<\/p>\n\n\n\n<figure class=\"wp-block-table\" style=\"font-size:9px\"><table><tbody><tr><td class=\"has-text-align-center\" data-align=\"center\"><strong>M<\/strong><em><strong>ois<\/strong><\/em><\/td><td class=\"has-text-align-center\" data-align=\"center\"><strong>Janvier<\/strong><\/td><td class=\"has-text-align-center\" data-align=\"center\"><strong>F\u00e9vrier<\/strong><\/td><td class=\"has-text-align-center\" data-align=\"center\"><strong>Mars<\/strong><\/td><td class=\"has-text-align-center\" data-align=\"center\"><strong>Avril<\/strong><\/td><td class=\"has-text-align-center\" data-align=\"center\"><strong>Mai<\/strong><\/td><td class=\"has-text-align-center\" data-align=\"center\"><strong>Juin<\/strong><\/td><td class=\"has-text-align-center\" data-align=\"center\"><strong>Juillet<\/strong><\/td><td class=\"has-text-align-center\" data-align=\"center\"><strong>Ao\u00fbt<\/strong><\/td><td class=\"has-text-align-center\" data-align=\"center\"><strong>Septembre<\/strong><\/td><td class=\"has-text-align-center\" data-align=\"center\"><strong>Octobre<\/strong><\/td><td class=\"has-text-align-center\" data-align=\"center\"><strong>Novembre<\/strong><\/td><td class=\"has-text-align-center\" data-align=\"center\"><strong>D\u00e9cembre<\/strong><\/td><\/tr><tr><td class=\"has-text-align-center\" data-align=\"center\"><strong>Randonn\u00e9es<\/strong><\/td><td class=\"has-text-align-center\" data-align=\"center\">\ud83d\udc4e<\/td><td class=\"has-text-align-center\" data-align=\"center\">\ud83d\udc4e<\/td><td class=\"has-text-align-center\" data-align=\"center\">\ud83d\udc4e<\/td><td class=\"has-text-align-center\" data-align=\"center\">\ud83d\udc4d<\/td><td class=\"has-text-align-center\" data-align=\"center\">\ud83d\udc4d<\/td><td class=\"has-text-align-center\" data-align=\"center\">\ud83d\udc4d<\/td><td class=\"has-text-align-center\" data-align=\"center\">\ud83d\udc4d<\/td><td class=\"has-text-align-center\" data-align=\"center\">\ud83d\udc4d<\/td><td class=\"has-text-align-center\" data-align=\"center\">\ud83d\udc4d<\/td><td class=\"has-text-align-center\" data-align=\"center\">\ud83d\udc4d<\/td><td class=\"has-text-align-center\" data-align=\"center\">\ud83d\udc4e<\/td><td class=\"has-text-align-center\" data-align=\"center\">\ud83d\udc4e<\/td><\/tr><tr><td class=\"has-text-align-center\" data-align=\"center\"><strong>Raisons<\/strong><br><\/td><td class=\"has-text-align-center\" data-align=\"center\">Les temp\u00e9ratures sont g\u00e9n\u00e9ralement trop froides et les sentiers peuvent \u00eatre enneig\u00e9s.<\/td><td class=\"has-text-align-center\" data-align=\"center\">Les temp\u00e9ratures restent froides et certaines r\u00e9gions peuvent \u00eatre enneig\u00e9es.<\/td><td class=\"has-text-align-center\" data-align=\"center\">Les temp\u00e9ratures commencent \u00e0 augmenter, mais certaines r\u00e9gions peuvent encore \u00eatre fra\u00eeches.<\/td><td class=\"has-text-align-center\" data-align=\"center\">Les temp\u00e9ratures sont agr\u00e9ables pour la randonn\u00e9e et la nature commence \u00e0 se r\u00e9veiller apr\u00e8s l&rsquo;hiver.<\/td><td class=\"has-text-align-center\" data-align=\"center\">Les temp\u00e9ratures sont douces et la nature est florissante, c&rsquo;est une p\u00e9riode id\u00e9ale pour la randonn\u00e9e.<\/td><td class=\"has-text-align-center\" data-align=\"center\">Les temp\u00e9ratures commencent \u00e0 devenir chaudes, mais la randonn\u00e9e reste agr\u00e9able, surtout en d\u00e9but de mois.<\/td><td class=\"has-text-align-center\" data-align=\"center\">Les temp\u00e9ratures sont chaudes, mais la randonn\u00e9e est toujours possible en privil\u00e9giant les d\u00e9parts matinaux.<br><\/td><td class=\"has-text-align-center\" data-align=\"center\">Les temp\u00e9ratures restent \u00e9lev\u00e9es, mais certaines r\u00e9gions peuvent \u00eatre tr\u00e8s chaudes, mieux vaut pr\u00e9voir des randonn\u00e9es en altitude.<\/td><td class=\"has-text-align-center\" data-align=\"center\">Les temp\u00e9ratures commencent \u00e0 baisser, mais c&rsquo;est toujours une bonne p\u00e9riode pour la randonn\u00e9e.<\/td><td class=\"has-text-align-center\" data-align=\"center\">Les temp\u00e9ratures sont agr\u00e9ables, mais en fin de mois, les pluies peuvent augmenter.<\/td><td class=\"has-text-align-center\" data-align=\"center\">Les temp\u00e9ratures baissent et certaines r\u00e9gions peuvent \u00eatre fra\u00eeches pour la randonn\u00e9e.<\/td><td class=\"has-text-align-center\" data-align=\"center\">Les temp\u00e9ratures sont g\u00e9n\u00e9ralement froides, avec des possibilit\u00e9s de neige en montagne.<\/td><\/tr><\/tbody><\/table><\/figure>\n\n\n\n<h3 class=\"has-gold-color has-text-color\">H\u00e9bergement <\/h3>\n\n\n\n<p>Lorsque tu pars en randonn\u00e9e dans les Balkans, il est essentiel de trouver un h\u00e9bergement confortable et adapt\u00e9 \u00e0 tes besoins. Les Balkans offrent une grande vari\u00e9t\u00e9 d&rsquo;options d&rsquo;h\u00e9bergement, allant des refuges de montagne pittoresques aux chambres d&rsquo;h\u00f4tes charmantes et aux h\u00f4tels modernes. Si tu souhaites une exp\u00e9rience plus proche de la nature, les refuges de montagne sont parfaits. Ces h\u00e9bergements rustiques te permettent de passer la nuit au c\u0153ur des paysages spectaculaires des Balkans. Les chambres d&rsquo;h\u00f4tes locales sont une autre option populaire, offrant un accueil chaleureux et une immersion dans la culture locale. Tu y trouveras souvent des repas traditionnels faits maison, pr\u00e9par\u00e9s avec des ingr\u00e9dients locaux. Si tu pr\u00e9f\u00e8res un confort plus moderne, les villes et les zones touristiques regorgent d&rsquo;h\u00f4tels offrant des services de qualit\u00e9 et des installations bien \u00e9quip\u00e9es. Que tu choisisses un refuge de montagne, une chambre d&rsquo;h\u00f4tes ou un h\u00f4tel, n&rsquo;oublie pas de r\u00e9server \u00e0 l&rsquo;avance, surtout pendant les p\u00e9riodes de haute saison, afin de garantir ton h\u00e9bergement id\u00e9al. Les Balkans regorgent de joyaux cach\u00e9s et d&rsquo;endroits uniques o\u00f9 s\u00e9journer, ce qui rendra ton exp\u00e9rience de randonn\u00e9e encore plus m\u00e9morable.<\/p>\n\n\n\n<h3 class=\"has-gold-color has-text-color\">Ressources utiles<\/h3>\n\n\n\n<p><strong>Itin\u00e9raires<\/strong> : tu pourras trouver des itin\u00e9raires de randonn\u00e9es et de treks sur le site <a href=\"http:\/\/www.viadinarica.com\" target=\"_blank\" rel=\"noreferrer noopener\">Via Dinarica<\/a> &#8211; Un projet transbalkanique de chemins de randonn\u00e9e qui traverse les montagnes des Balkans. Le site propose des indications sur les diff\u00e9rentes sections du sentier, les h\u00e9bergements, les conseils pratiques, etc.<\/p>\n\n\n\n<p><strong>Parc nationaux du Mont\u00e9n\u00e9gro <\/strong>: <a href=\"https:\/\/nparks.gov.me\/en\/\" target=\"_blank\" rel=\"noreferrer noopener\"> National Parks of Montenegro <\/a>&#8211; Le site officiel des parcs nationaux du Mont\u00e9n\u00e9gro propose des informations d\u00e9taill\u00e9es sur les parcs nationaux de ce pays des Balkans. Vous pouvez y trouver des renseignements sur les itin\u00e9raires de randonn\u00e9e, la faune et la flore locales, ainsi que des conseils pratiques.<\/p>\n\n\n\n<h3 class=\"has-gold-color has-text-color\">Langues parl\u00e9es <\/h3>\n\n\n\n<ul>\n<li><strong>Albanais<\/strong> : L&rsquo;albanais est la langue principale de l&rsquo;Albanie, du Kosovo et de certaines endrois de Mac\u00e9doine du Nord.<\/li>\n\n\n\n<li><strong>Bosnien, croate, serbe<\/strong> : Ces langues sont mutuellement intelligibles et sont parl\u00e9es en Bosnie-Herz\u00e9govine, en Croatie, au Mont\u00e9n\u00e9gro et en Serbie.<\/li>\n\n\n\n<li><strong>Grec<\/strong> : Le grec est parl\u00e9 en Gr\u00e8ce et dans certaines parties de la Mac\u00e9doine du Nord.<\/li>\n\n\n\n<li><strong>Autres langues minoritaires <\/strong>: Il existe \u00e9galement d&rsquo;autres langues minoritaires dans la r\u00e9gion, telles que le mac\u00e9donien, le bulgare, le roumain et le hongrois<\/li>\n<\/ul>\n\n\n\n<h3 class=\"has-gold-color has-text-color\">Traditions <\/h3>\n\n\n\n<p>Les Balkans sont connus pour leur riche patrimoine culturel et leurs traditions uniques. Voici quelques exemples :<\/p>\n\n\n\n<ul>\n<li><strong>Musique et danse :<\/strong> La musique traditionnelle des Balkans est c\u00e9l\u00e8bre pour ses rythmes entra\u00eenants et ses danses festives, comme le kolo en Serbie et le kalamatianos en Gr\u00e8ce.<\/li>\n\n\n\n<li><strong>Festivals<\/strong> : Les Balkans abritent de nombreux festivals traditionnels tout au long de l&rsquo;ann\u00e9e, o\u00f9 tu pourras d\u00e9couvrir des coutumes locales, des costumes traditionnels et des danses folkloriques.<\/li>\n\n\n\n<li><strong>Artisanat<\/strong> : Les artisans des Balkans sont r\u00e9put\u00e9s pour leur travail dans des domaines tels que la poterie, la broderie, la sculpture sur bois et la fabrication de tapis.<\/li>\n<\/ul>\n\n\n\n<p>Maintenant, tu es pr\u00eat \u00e0 partir \u00e0 l&rsquo;aventure et \u00e0 parcourir les Balkans \u00e0 pied. Ces treks et randonn\u00e9es incontournables te permettront de d\u00e9couvrir la beaut\u00e9 unique de cette r\u00e9gion fascinante. D\u00e9couvre ici nos exp\u00e9ditions dans les Balkans :<\/p>\n\n\n<p><iframe loading=\"lazy\" frameborder=\"0\" width=\"100%\" height=\"595px\" src=\"https:\/\/www.explora-project.com\/iframes\/expedition_recommendations?theme=Balkans\"><\/iframe><\/p>\n\n\n\n<p><\/p>\n","protected":false},"excerpt":{"rendered":"<p>Tu as envie de d\u00e9couvrir les Balkans d&rsquo;une mani\u00e8re unique ? Alors pr\u00e9pare tes chaussures de randonn\u00e9e, car parcourir cette r\u00e9gion \u00e0 pied te r\u00e9serve de belles surprises ! Les<a href=\"https:\/\/www.explora-project.com\/blog\/articles\/parcourir-les-balkans-a-pied-les-randonnees-incontournables-et-conseils\" class=\"more-link\"><span class=\"readmore\">Continuer \u00e0 lire&#8230;<span class=\"screen-reader-text\">Parcourir les Balkans \u00e0 pied : les randonn\u00e9es incontournables et conseils<\/span><\/span><\/a><\/p>\n","protected":false},"author":22,"featured_media":2660,"comment_status":"closed","ping_status":"closed","sticky":false,"template":"","format":"standard","meta":[],"categories":[4,1],"tags":[12,346,260,151,141,347,85,152],"yoast_head":"<!-- This site is optimized with the Yoast SEO plugin v19.10 - https:\/\/yoast.com\/wordpress\/plugins\/seo\/ -->\n<title>Parcourir les Balkans \u00e0 pied : les randonn\u00e9es incontournables et conseils - Journal d&#039;Explora Project<\/title>\n<meta name=\"description\" content=\"D\u00e9couvre dans cet article les meilleurs randonn\u00e9es \u00e0 faire des les Balkans. Des sommets majestueux aux lacs \u00e9meraude !\" \/>\n<meta name=\"robots\" content=\"index, follow, max-snippet:-1, max-image-preview:large, max-video-preview:-1\" \/>\n<link rel=\"canonical\" href=\"https:\/\/www.explora-project.com\/blog\/articles\/parcourir-les-balkans-a-pied-les-randonnees-incontournables-et-conseils\" \/>\n<meta property=\"og:locale\" content=\"fr_FR\" \/>\n<meta property=\"og:type\" content=\"article\" \/>\n<meta property=\"og:title\" content=\"Parcourir les Balkans \u00e0 pied : les randonn\u00e9es incontournables et conseils - Journal d&#039;Explora Project\" \/>\n<meta property=\"og:description\" content=\"D\u00e9couvre dans cet article les meilleurs randonn\u00e9es \u00e0 faire des les Balkans. Des sommets majestueux aux lacs \u00e9meraude !\" \/>\n<meta property=\"og:url\" content=\"https:\/\/www.explora-project.com\/blog\/articles\/parcourir-les-balkans-a-pied-les-randonnees-incontournables-et-conseils\" \/>\n<meta property=\"og:site_name\" content=\"Journal d&#039;Explora Project\" \/>\n<meta property=\"article:published_time\" content=\"2026-02-05T13:27:15+00:00\" \/>\n<meta property=\"article:modified_time\" content=\"2026-02-06T11:05:17+00:00\" \/>\n<meta property=\"og:image\" content=\"https:\/\/www.explora-project.com\/blog\/wp-content\/uploads\/2023\/07\/282331ccc8da9366508bf23163d88c108bd6cb2af0d38a4f132b1952bd5b798e-18.webp\" \/>\n\t<meta property=\"og:image:width\" content=\"2000\" \/>\n\t<meta property=\"og:image:height\" content=\"1249\" \/>\n\t<meta property=\"og:image:type\" content=\"image\/webp\" \/>\n<meta name=\"author\" content=\"anna@explora-project.com\" \/>\n<meta name=\"twitter:card\" content=\"summary_large_image\" \/>\n<meta name=\"twitter:label1\" content=\"Written by\" \/>\n\t<meta name=\"twitter:data1\" content=\"anna@explora-project.com\" \/>\n\t<meta name=\"twitter:label2\" content=\"Est. reading time\" \/>\n\t<meta name=\"twitter:data2\" content=\"12 minutes\" \/>\n<script type=\"application\/ld+json\" class=\"yoast-schema-graph\">{\"@context\":\"https:\/\/schema.org\",\"@graph\":[{\"@type\":\"WebPage\",\"@id\":\"https:\/\/www.explora-project.com\/blog\/articles\/parcourir-les-balkans-a-pied-les-randonnees-incontournables-et-conseils\",\"url\":\"https:\/\/www.explora-project.com\/blog\/articles\/parcourir-les-balkans-a-pied-les-randonnees-incontournables-et-conseils\",\"name\":\"Parcourir les Balkans \u00e0 pied : les randonn\u00e9es incontournables et conseils - Journal d&#039;Explora Project\",\"isPartOf\":{\"@id\":\"https:\/\/www.explora-project.com\/blog\/#website\"},\"datePublished\":\"2026-02-05T13:27:15+00:00\",\"dateModified\":\"2026-02-06T11:05:17+00:00\",\"author\":{\"@id\":\"https:\/\/www.explora-project.com\/blog\/#\/schema\/person\/a773aad3591c772047e03c17fd28d501\"},\"description\":\"D\u00e9couvre dans cet article les meilleurs randonn\u00e9es \u00e0 faire des les Balkans. Des sommets majestueux aux lacs \u00e9meraude !\",\"breadcrumb\":{\"@id\":\"https:\/\/www.explora-project.com\/blog\/articles\/parcourir-les-balkans-a-pied-les-randonnees-incontournables-et-conseils#breadcrumb\"},\"inLanguage\":\"fr-FR\",\"potentialAction\":[{\"@type\":\"ReadAction\",\"target\":[\"https:\/\/www.explora-project.com\/blog\/articles\/parcourir-les-balkans-a-pied-les-randonnees-incontournables-et-conseils\"]}]},{\"@type\":\"BreadcrumbList\",\"@id\":\"https:\/\/www.explora-project.com\/blog\/articles\/parcourir-les-balkans-a-pied-les-randonnees-incontournables-et-conseils#breadcrumb\",\"itemListElement\":[{\"@type\":\"ListItem\",\"position\":1,\"name\":\"Home\",\"item\":\"https:\/\/www.explora-project.com\/blog\"},{\"@type\":\"ListItem\",\"position\":2,\"name\":\"Parcourir les Balkans \u00e0 pied : les randonn\u00e9es incontournables et conseils\"}]},{\"@type\":\"WebSite\",\"@id\":\"https:\/\/www.explora-project.com\/blog\/#website\",\"url\":\"https:\/\/www.explora-project.com\/blog\/\",\"name\":\"Journal d&#039;Explora Project\",\"description\":\"Actualit\u00e9s \u00e0 la une\",\"potentialAction\":[{\"@type\":\"SearchAction\",\"target\":{\"@type\":\"EntryPoint\",\"urlTemplate\":\"https:\/\/www.explora-project.com\/blog\/?s={search_term_string}\"},\"query-input\":\"required name=search_term_string\"}],\"inLanguage\":\"fr-FR\"},{\"@type\":\"Person\",\"@id\":\"https:\/\/www.explora-project.com\/blog\/#\/schema\/person\/a773aad3591c772047e03c17fd28d501\",\"name\":\"anna@explora-project.com\",\"image\":{\"@type\":\"ImageObject\",\"inLanguage\":\"fr-FR\",\"@id\":\"https:\/\/www.explora-project.com\/blog\/#\/schema\/person\/image\/\",\"url\":\"https:\/\/www.explora-project.com\/blog\/wp-content\/uploads\/2023\/10\/MOI-96x96.jpg\",\"contentUrl\":\"https:\/\/www.explora-project.com\/blog\/wp-content\/uploads\/2023\/10\/MOI-96x96.jpg\",\"caption\":\"anna@explora-project.com\"},\"url\":\"https:\/\/www.explora-project.com\/blog\/articles\/author\/annaexplora-project-com\"}]}<\/script>\n<!-- \/ Yoast SEO plugin. -->","yoast_head_json":{"title":"Parcourir les Balkans \u00e0 pied : les randonn\u00e9es incontournables et conseils - Journal d&#039;Explora Project","description":"D\u00e9couvre dans cet article les meilleurs randonn\u00e9es \u00e0 faire des les Balkans. Des sommets majestueux aux lacs \u00e9meraude !","robots":{"index":"index","follow":"follow","max-snippet":"max-snippet:-1","max-image-preview":"max-image-preview:large","max-video-preview":"max-video-preview:-1"},"canonical":"https:\/\/www.explora-project.com\/blog\/articles\/parcourir-les-balkans-a-pied-les-randonnees-incontournables-et-conseils","og_locale":"fr_FR","og_type":"article","og_title":"Parcourir les Balkans \u00e0 pied : les randonn\u00e9es incontournables et conseils - Journal d&#039;Explora Project","og_description":"D\u00e9couvre dans cet article les meilleurs randonn\u00e9es \u00e0 faire des les Balkans. Des sommets majestueux aux lacs \u00e9meraude !","og_url":"https:\/\/www.explora-project.com\/blog\/articles\/parcourir-les-balkans-a-pied-les-randonnees-incontournables-et-conseils","og_site_name":"Journal d&#039;Explora Project","article_published_time":"2026-02-05T13:27:15+00:00","article_modified_time":"2026-02-06T11:05:17+00:00","og_image":[{"width":2000,"height":1249,"url":"https:\/\/www.explora-project.com\/blog\/wp-content\/uploads\/2023\/07\/282331ccc8da9366508bf23163d88c108bd6cb2af0d38a4f132b1952bd5b798e-18.webp","type":"image\/webp"}],"author":"anna@explora-project.com","twitter_card":"summary_large_image","twitter_misc":{"Written by":"anna@explora-project.com","Est. reading time":"12 minutes"},"schema":{"@context":"https:\/\/schema.org","@graph":[{"@type":"WebPage","@id":"https:\/\/www.explora-project.com\/blog\/articles\/parcourir-les-balkans-a-pied-les-randonnees-incontournables-et-conseils","url":"https:\/\/www.explora-project.com\/blog\/articles\/parcourir-les-balkans-a-pied-les-randonnees-incontournables-et-conseils","name":"Parcourir les Balkans \u00e0 pied : les randonn\u00e9es incontournables et conseils - Journal d&#039;Explora Project","isPartOf":{"@id":"https:\/\/www.explora-project.com\/blog\/#website"},"datePublished":"2026-02-05T13:27:15+00:00","dateModified":"2026-02-06T11:05:17+00:00","author":{"@id":"https:\/\/www.explora-project.com\/blog\/#\/schema\/person\/a773aad3591c772047e03c17fd28d501"},"description":"D\u00e9couvre dans cet article les meilleurs randonn\u00e9es \u00e0 faire des les Balkans. Des sommets majestueux aux lacs \u00e9meraude !","breadcrumb":{"@id":"https:\/\/www.explora-project.com\/blog\/articles\/parcourir-les-balkans-a-pied-les-randonnees-incontournables-et-conseils#breadcrumb"},"inLanguage":"fr-FR","potentialAction":[{"@type":"ReadAction","target":["https:\/\/www.explora-project.com\/blog\/articles\/parcourir-les-balkans-a-pied-les-randonnees-incontournables-et-conseils"]}]},{"@type":"BreadcrumbList","@id":"https:\/\/www.explora-project.com\/blog\/articles\/parcourir-les-balkans-a-pied-les-randonnees-incontournables-et-conseils#breadcrumb","itemListElement":[{"@type":"ListItem","position":1,"name":"Home","item":"https:\/\/www.explora-project.com\/blog"},{"@type":"ListItem","position":2,"name":"Parcourir les Balkans \u00e0 pied : les randonn\u00e9es incontournables et conseils"}]},{"@type":"WebSite","@id":"https:\/\/www.explora-project.com\/blog\/#website","url":"https:\/\/www.explora-project.com\/blog\/","name":"Journal d&#039;Explora Project","description":"Actualit\u00e9s \u00e0 la une","potentialAction":[{"@type":"SearchAction","target":{"@type":"EntryPoint","urlTemplate":"https:\/\/www.explora-project.com\/blog\/?s={search_term_string}"},"query-input":"required name=search_term_string"}],"inLanguage":"fr-FR"},{"@type":"Person","@id":"https:\/\/www.explora-project.com\/blog\/#\/schema\/person\/a773aad3591c772047e03c17fd28d501","name":"anna@explora-project.com","image":{"@type":"ImageObject","inLanguage":"fr-FR","@id":"https:\/\/www.explora-project.com\/blog\/#\/schema\/person\/image\/","url":"https:\/\/www.explora-project.com\/blog\/wp-content\/uploads\/2023\/10\/MOI-96x96.jpg","contentUrl":"https:\/\/www.explora-project.com\/blog\/wp-content\/uploads\/2023\/10\/MOI-96x96.jpg","caption":"anna@explora-project.com"},"url":"https:\/\/www.explora-project.com\/blog\/articles\/author\/annaexplora-project-com"}]}},"_links":{"self":[{"href":"https:\/\/www.explora-project.com\/blog\/wp-json\/wp\/v2\/posts\/2657"}],"collection":[{"href":"https:\/\/www.explora-project.com\/blog\/wp-json\/wp\/v2\/posts"}],"about":[{"href":"https:\/\/www.explora-project.com\/blog\/wp-json\/wp\/v2\/types\/post"}],"author":[{"embeddable":true,"href":"https:\/\/www.explora-project.com\/blog\/wp-json\/wp\/v2\/users\/22"}],"replies":[{"embeddable":true,"href":"https:\/\/www.explora-project.com\/blog\/wp-json\/wp\/v2\/comments?post=2657"}],"version-history":[{"count":22,"href":"https:\/\/www.explora-project.com\/blog\/wp-json\/wp\/v2\/posts\/2657\/revisions"}],"predecessor-version":[{"id":6593,"href":"https:\/\/www.explora-project.com\/blog\/wp-json\/wp\/v2\/posts\/2657\/revisions\/6593"}],"wp:featuredmedia":[{"embeddable":true,"href":"https:\/\/www.explora-project.com\/blog\/wp-json\/wp\/v2\/media\/2660"}],"wp:attachment":[{"href":"https:\/\/www.explora-project.com\/blog\/wp-json\/wp\/v2\/media?parent=2657"}],"wp:term":[{"taxonomy":"category","embeddable":true,"href":"https:\/\/www.explora-project.com\/blog\/wp-json\/wp\/v2\/categories?post=2657"},{"taxonomy":"post_tag","embeddable":true,"href":"https:\/\/www.explora-project.com\/blog\/wp-json\/wp\/v2\/tags?post=2657"}],"curies":[{"name":"wp","href":"https:\/\/api.w.org\/{rel}","templated":true}]}}