{"id":241,"date":"2021-02-15T16:08:39","date_gmt":"2021-02-15T15:08:39","guid":{"rendered":"https:\/\/staging.explora-project.com\/blog\/articles\/homo-exploratus-02-matthieu-tordeur-explorateur-polaire"},"modified":"2022-02-23T12:22:20","modified_gmt":"2022-02-23T11:22:20","slug":"homo-exploratus-02-matthieu-tordeur-explorateur-polaire","status":"publish","type":"post","link":"https:\/\/www.explora-project.com\/blog\/articles\/homo-exploratus-02-matthieu-tordeur-explorateur-polaire","title":{"rendered":"HOMO EXPLORATUS #02 &#8211; Matthieu Tordeur, explorateur polaire"},"content":{"rendered":"<p><iframe loading=\"lazy\" title=\"MATTHIEU TORDEUR - EP2\" height=\"122\" width=\"100%\" style=\"border: none;\" scrolling=\"no\" data-name=\"pb-iframe-player\" src=\"https:\/\/www.podbean.com\/media\/player\/awxiu-fa81a0?from=pb6admin&amp;download=1&amp;version=1&amp;auto=0&amp;share=1&amp;download=0&amp;rtl=0&amp;fonts=Georgia&amp;skin=1&amp;pfauth=&amp;btn-skin=102\"><\/iframe><\/p>\n<blockquote><p>Homo Exploratus, le mini-podcast qui va \u00e0 la rencontre des hommes et des femmes qui explorent notre plan\u00e8te et qui, au travers de leurs aventures, nous livrent un regard sur le monde et leurs solutions pour notre plus grand combat \u00e0 tous : le r\u00e9chauffement climatique et ses cons\u00e9quences sur le vivant.&nbsp;<\/p><\/blockquote>\n<div>\n<p>Il est le plus jeune \u00e0 avoir rejoint le p\u00f4le sud en solitaire et sans assistance. Il est m\u00eame entr\u00e9 dans le <strong>Guinness World Records !&nbsp;<br \/>\n<\/strong>Apr\u00e8s 2 ans de pr\u00e9paration et de doutes mais aussi beaucoup d&rsquo;excitation, <strong>Matthieu s&rsquo;est lanc\u00e9 dans l&rsquo;exp\u00e9dition la plus ambitieuse de sa vie ! <\/strong><\/p>\n<p><strong>Sa mission :&nbsp; r\u00e9aliser des exp\u00e9ditions pour faire le lien entre la communaut\u00e9 scientifique et le grand public, et<br \/>\nd&rsquo;\u00eatre le t\u00e9moin des grands bouleversements de notre plan\u00e8te.<\/p>\n<p><\/strong><strong><\/strong>\u00a0\u00bb Le monde polaire me fascine depuis que je suis jeune. En grandissant, j&rsquo;ai eu envie d&rsquo;arr\u00eater de parler de ce continent uniquement au travers de r\u00e9cits ou de documentaires que j&rsquo;avais pu voir sur ce grand continent blanc. C&rsquo;est pour cela que j&rsquo;ai d\u00e9cid\u00e9 de monter ma propre exp\u00e9dition [&#8230;] Il faut savoir que l&rsquo;antarctique est le continent le plus froid, le plus sec, le plus venteux et \u00e0 l&rsquo;altitude moyenne la plus \u00e9lev\u00e9e de la plan\u00e8te. C&rsquo;est un environnement extr\u00eamement difficile\u00a0\u00bb <strong>&nbsp;<br \/>\n<\/strong><\/p>\n<\/div>\n<figure class=\"wp-block-image\"><img decoding=\"async\" src=\"https:\/\/staging.explora-project.com\/blog\/wp-content\/uploads\/2021\/11\/-30-30-30-30-30-30ccc-30da-30-30-30-30-1-30-30bf-30-30-30-30-30d-30-30c-1-30-30bd-30cb-30af0d-30-30a-30f-30-30-30b-30-30-30-30bd-30b-30-30-30e-30\" alt=\"\" class=\"aligncenter\" width=\"550\"><\/figure>\n<div>\n<p><strong>\u00a0\u00bb <\/strong>On est en novembre 2018 et tout autour de moi, je vois du blanc. J&rsquo;ai la taille qui est ceintur\u00e9e par un harnais et au bout de ce harnais, j&rsquo;ai un tra\u00eeneau. C&rsquo;est le 1er jour de mon exp\u00e9dition sur la c\u00f4te du continent antarctique pour rallier le p\u00f4le sud [&#8230;] Mon tra\u00eeneau p\u00e8se 115kg. \u00c0 l&rsquo;int\u00e9rieur, j&rsquo;ai de la nourriture pour 50 jours, de l&rsquo;\u00e9quipements, une tente et du combustible pour faire fondre la glace\u00a0\u00bb<\/p>\n<\/div>\n<figure class=\"wp-block-image\"><img decoding=\"async\" src=\"https:\/\/staging.explora-project.com\/blog\/wp-content\/uploads\/2021\/11\/-31-31-31-31-31-31ccc-31da-31-31-31-31-1-31-31bf-31-31-31-31-31d-31-31c-1-31-31bd-31cb-31af0d-31-31a-31f-31-31-31b-31-31-31-31bd-31b-31-31-31e-31\" alt=\"\" class=\"aligncenter\" width=\"550\"><\/figure>\n<div>\u00a0\u00bb La solitude aujourd&rsquo;hui c&rsquo;est devenu une forme de luxe. Je ne suis pas de nature solitaire, je suis hyper entour\u00e9 mais j&rsquo;avais envie de vivre cette solitude et de me confronter vraiment \u00e0 cette nature dans ce qu&rsquo;elle a de plus brute et dans ce qu&rsquo;elle a de plus vraie. Dans cette solitude, on apprend \u00e0 s&rsquo;apprivoiser soi-m\u00eame. [&#8230;] J&rsquo;ai appris au fur et \u00e0 mesure des semaines, \u00e0 l\u00e2cher prise et \u00e0 m&rsquo;inclure dans cette environnement extr\u00eame. J&rsquo;avais tout int\u00e9r\u00eat \u00e0 composer avec cette nature et ses contraintes plut\u00f4t que les contr\u00f4ler\u00a0\u00bb.&nbsp;<\/div>\n","protected":false},"excerpt":{"rendered":"<p>Homo Exploratus, le mini-podcast qui va \u00e0 la rencontre des hommes et des femmes qui explorent notre plan\u00e8te et qui, au travers de leurs aventures, nous livrent un regard sur<a href=\"https:\/\/www.explora-project.com\/blog\/articles\/homo-exploratus-02-matthieu-tordeur-explorateur-polaire\" class=\"more-link\"><span class=\"readmore\">Continuer \u00e0 lire&#8230;<span class=\"screen-reader-text\">HOMO EXPLORATUS #02 &#8211; Matthieu Tordeur, explorateur polaire<\/span><\/span><\/a><\/p>\n","protected":false},"author":3,"featured_media":244,"comment_status":"closed","ping_status":"open","sticky":false,"template":"","format":"standard","meta":[],"categories":[2],"tags":[],"yoast_head":"<!-- This site is optimized with the Yoast SEO plugin v19.10 - https:\/\/yoast.com\/wordpress\/plugins\/seo\/ -->\n<title>HOMO EXPLORATUS #02 - Matthieu Tordeur, explorateur polaire - Journal d&#039;Explora Project<\/title>\n<meta name=\"robots\" content=\"index, follow, max-snippet:-1, max-image-preview:large, max-video-preview:-1\" \/>\n<link rel=\"canonical\" href=\"https:\/\/www.explora-project.com\/blog\/articles\/homo-exploratus-02-matthieu-tordeur-explorateur-polaire\" \/>\n<meta property=\"og:locale\" content=\"fr_FR\" \/>\n<meta property=\"og:type\" content=\"article\" \/>\n<meta property=\"og:title\" content=\"HOMO EXPLORATUS #02 - Matthieu Tordeur, explorateur polaire - Journal d&#039;Explora Project\" \/>\n<meta property=\"og:description\" content=\"Homo Exploratus, le mini-podcast qui va \u00e0 la rencontre des hommes et des femmes qui explorent notre plan\u00e8te et qui, au travers de leurs aventures, nous livrent un regard surContinuer \u00e0 lire...HOMO EXPLORATUS #02 &#8211; Matthieu Tordeur, explorateur polaire\" \/>\n<meta property=\"og:url\" content=\"https:\/\/www.explora-project.com\/blog\/articles\/homo-exploratus-02-matthieu-tordeur-explorateur-polaire\" \/>\n<meta property=\"og:site_name\" content=\"Journal d&#039;Explora Project\" \/>\n<meta property=\"article:published_time\" content=\"2021-02-15T15:08:39+00:00\" \/>\n<meta property=\"article:modified_time\" content=\"2022-02-23T11:22:20+00:00\" \/>\n<meta property=\"og:image\" content=\"https:\/\/www.explora-project.com\/blog\/wp-content\/uploads\/2021\/11\/bxXwvJczZxfYB8bTiEChZync\" \/>\n\t<meta property=\"og:image:width\" content=\"1920\" \/>\n\t<meta property=\"og:image:height\" content=\"800\" \/>\n\t<meta property=\"og:image:type\" content=\"image\/png\" \/>\n<meta name=\"author\" content=\"marine@explora-project.com\" \/>\n<meta name=\"twitter:card\" content=\"summary_large_image\" \/>\n<meta name=\"twitter:label1\" content=\"Written by\" \/>\n\t<meta name=\"twitter:data1\" content=\"marine@explora-project.com\" \/>\n\t<meta name=\"twitter:label2\" content=\"Est. reading time\" \/>\n\t<meta name=\"twitter:data2\" content=\"2 minutes\" \/>\n<script type=\"application\/ld+json\" class=\"yoast-schema-graph\">{\"@context\":\"https:\/\/schema.org\",\"@graph\":[{\"@type\":\"WebPage\",\"@id\":\"https:\/\/www.explora-project.com\/blog\/articles\/homo-exploratus-02-matthieu-tordeur-explorateur-polaire\",\"url\":\"https:\/\/www.explora-project.com\/blog\/articles\/homo-exploratus-02-matthieu-tordeur-explorateur-polaire\",\"name\":\"HOMO EXPLORATUS #02 - Matthieu Tordeur, explorateur polaire - Journal d&#039;Explora Project\",\"isPartOf\":{\"@id\":\"https:\/\/www.explora-project.com\/blog\/#website\"},\"datePublished\":\"2021-02-15T15:08:39+00:00\",\"dateModified\":\"2022-02-23T11:22:20+00:00\",\"author\":{\"@id\":\"https:\/\/www.explora-project.com\/blog\/#\/schema\/person\/3acddf236eb50c06693bdacc1a4e8d6f\"},\"breadcrumb\":{\"@id\":\"https:\/\/www.explora-project.com\/blog\/articles\/homo-exploratus-02-matthieu-tordeur-explorateur-polaire#breadcrumb\"},\"inLanguage\":\"fr-FR\",\"potentialAction\":[{\"@type\":\"ReadAction\",\"target\":[\"https:\/\/www.explora-project.com\/blog\/articles\/homo-exploratus-02-matthieu-tordeur-explorateur-polaire\"]}]},{\"@type\":\"BreadcrumbList\",\"@id\":\"https:\/\/www.explora-project.com\/blog\/articles\/homo-exploratus-02-matthieu-tordeur-explorateur-polaire#breadcrumb\",\"itemListElement\":[{\"@type\":\"ListItem\",\"position\":1,\"name\":\"Home\",\"item\":\"https:\/\/www.explora-project.com\/blog\"},{\"@type\":\"ListItem\",\"position\":2,\"name\":\"HOMO EXPLORATUS #02 &#8211; Matthieu Tordeur, explorateur polaire\"}]},{\"@type\":\"WebSite\",\"@id\":\"https:\/\/www.explora-project.com\/blog\/#website\",\"url\":\"https:\/\/www.explora-project.com\/blog\/\",\"name\":\"Journal d&#039;Explora Project\",\"description\":\"Actualit\u00e9s \u00e0 la une\",\"potentialAction\":[{\"@type\":\"SearchAction\",\"target\":{\"@type\":\"EntryPoint\",\"urlTemplate\":\"https:\/\/www.explora-project.com\/blog\/?s={search_term_string}\"},\"query-input\":\"required name=search_term_string\"}],\"inLanguage\":\"fr-FR\"},{\"@type\":\"Person\",\"@id\":\"https:\/\/www.explora-project.com\/blog\/#\/schema\/person\/3acddf236eb50c06693bdacc1a4e8d6f\",\"name\":\"marine@explora-project.com\",\"image\":{\"@type\":\"ImageObject\",\"inLanguage\":\"fr-FR\",\"@id\":\"https:\/\/www.explora-project.com\/blog\/#\/schema\/person\/image\/\",\"url\":\"https:\/\/www.explora-project.com\/blog\/wp-content\/uploads\/2022\/11\/cropped-marine-96x96.jpeg\",\"contentUrl\":\"https:\/\/www.explora-project.com\/blog\/wp-content\/uploads\/2022\/11\/cropped-marine-96x96.jpeg\",\"caption\":\"marine@explora-project.com\"},\"url\":\"https:\/\/www.explora-project.com\/blog\/articles\/author\/marineexplora-project-com\"}]}<\/script>\n<!-- \/ Yoast SEO plugin. -->","yoast_head_json":{"title":"HOMO EXPLORATUS #02 - Matthieu Tordeur, explorateur polaire - Journal d&#039;Explora Project","robots":{"index":"index","follow":"follow","max-snippet":"max-snippet:-1","max-image-preview":"max-image-preview:large","max-video-preview":"max-video-preview:-1"},"canonical":"https:\/\/www.explora-project.com\/blog\/articles\/homo-exploratus-02-matthieu-tordeur-explorateur-polaire","og_locale":"fr_FR","og_type":"article","og_title":"HOMO EXPLORATUS #02 - Matthieu Tordeur, explorateur polaire - Journal d&#039;Explora Project","og_description":"Homo Exploratus, le mini-podcast qui va \u00e0 la rencontre des hommes et des femmes qui explorent notre plan\u00e8te et qui, au travers de leurs aventures, nous livrent un regard surContinuer \u00e0 lire...HOMO EXPLORATUS #02 &#8211; Matthieu Tordeur, explorateur polaire","og_url":"https:\/\/www.explora-project.com\/blog\/articles\/homo-exploratus-02-matthieu-tordeur-explorateur-polaire","og_site_name":"Journal d&#039;Explora Project","article_published_time":"2021-02-15T15:08:39+00:00","article_modified_time":"2022-02-23T11:22:20+00:00","og_image":[{"width":1920,"height":800,"url":"https:\/\/www.explora-project.com\/blog\/wp-content\/uploads\/2021\/11\/bxXwvJczZxfYB8bTiEChZync","type":"image\/png"}],"author":"marine@explora-project.com","twitter_card":"summary_large_image","twitter_misc":{"Written by":"marine@explora-project.com","Est. reading time":"2 minutes"},"schema":{"@context":"https:\/\/schema.org","@graph":[{"@type":"WebPage","@id":"https:\/\/www.explora-project.com\/blog\/articles\/homo-exploratus-02-matthieu-tordeur-explorateur-polaire","url":"https:\/\/www.explora-project.com\/blog\/articles\/homo-exploratus-02-matthieu-tordeur-explorateur-polaire","name":"HOMO EXPLORATUS #02 - Matthieu Tordeur, explorateur polaire - Journal d&#039;Explora Project","isPartOf":{"@id":"https:\/\/www.explora-project.com\/blog\/#website"},"datePublished":"2021-02-15T15:08:39+00:00","dateModified":"2022-02-23T11:22:20+00:00","author":{"@id":"https:\/\/www.explora-project.com\/blog\/#\/schema\/person\/3acddf236eb50c06693bdacc1a4e8d6f"},"breadcrumb":{"@id":"https:\/\/www.explora-project.com\/blog\/articles\/homo-exploratus-02-matthieu-tordeur-explorateur-polaire#breadcrumb"},"inLanguage":"fr-FR","potentialAction":[{"@type":"ReadAction","target":["https:\/\/www.explora-project.com\/blog\/articles\/homo-exploratus-02-matthieu-tordeur-explorateur-polaire"]}]},{"@type":"BreadcrumbList","@id":"https:\/\/www.explora-project.com\/blog\/articles\/homo-exploratus-02-matthieu-tordeur-explorateur-polaire#breadcrumb","itemListElement":[{"@type":"ListItem","position":1,"name":"Home","item":"https:\/\/www.explora-project.com\/blog"},{"@type":"ListItem","position":2,"name":"HOMO EXPLORATUS #02 &#8211; Matthieu Tordeur, explorateur polaire"}]},{"@type":"WebSite","@id":"https:\/\/www.explora-project.com\/blog\/#website","url":"https:\/\/www.explora-project.com\/blog\/","name":"Journal d&#039;Explora Project","description":"Actualit\u00e9s \u00e0 la une","potentialAction":[{"@type":"SearchAction","target":{"@type":"EntryPoint","urlTemplate":"https:\/\/www.explora-project.com\/blog\/?s={search_term_string}"},"query-input":"required name=search_term_string"}],"inLanguage":"fr-FR"},{"@type":"Person","@id":"https:\/\/www.explora-project.com\/blog\/#\/schema\/person\/3acddf236eb50c06693bdacc1a4e8d6f","name":"marine@explora-project.com","image":{"@type":"ImageObject","inLanguage":"fr-FR","@id":"https:\/\/www.explora-project.com\/blog\/#\/schema\/person\/image\/","url":"https:\/\/www.explora-project.com\/blog\/wp-content\/uploads\/2022\/11\/cropped-marine-96x96.jpeg","contentUrl":"https:\/\/www.explora-project.com\/blog\/wp-content\/uploads\/2022\/11\/cropped-marine-96x96.jpeg","caption":"marine@explora-project.com"},"url":"https:\/\/www.explora-project.com\/blog\/articles\/author\/marineexplora-project-com"}]}},"_links":{"self":[{"href":"https:\/\/www.explora-project.com\/blog\/wp-json\/wp\/v2\/posts\/241"}],"collection":[{"href":"https:\/\/www.explora-project.com\/blog\/wp-json\/wp\/v2\/posts"}],"about":[{"href":"https:\/\/www.explora-project.com\/blog\/wp-json\/wp\/v2\/types\/post"}],"author":[{"embeddable":true,"href":"https:\/\/www.explora-project.com\/blog\/wp-json\/wp\/v2\/users\/3"}],"replies":[{"embeddable":true,"href":"https:\/\/www.explora-project.com\/blog\/wp-json\/wp\/v2\/comments?post=241"}],"version-history":[{"count":2,"href":"https:\/\/www.explora-project.com\/blog\/wp-json\/wp\/v2\/posts\/241\/revisions"}],"predecessor-version":[{"id":1055,"href":"https:\/\/www.explora-project.com\/blog\/wp-json\/wp\/v2\/posts\/241\/revisions\/1055"}],"wp:featuredmedia":[{"embeddable":true,"href":"https:\/\/www.explora-project.com\/blog\/wp-json\/wp\/v2\/media\/244"}],"wp:attachment":[{"href":"https:\/\/www.explora-project.com\/blog\/wp-json\/wp\/v2\/media?parent=241"}],"wp:term":[{"taxonomy":"category","embeddable":true,"href":"https:\/\/www.explora-project.com\/blog\/wp-json\/wp\/v2\/categories?post=241"},{"taxonomy":"post_tag","embeddable":true,"href":"https:\/\/www.explora-project.com\/blog\/wp-json\/wp\/v2\/tags?post=241"}],"curies":[{"name":"wp","href":"https:\/\/api.w.org\/{rel}","templated":true}]}}