{"id":2019,"date":"2023-03-21T10:00:00","date_gmt":"2023-03-21T09:00:00","guid":{"rendered":"https:\/\/www.explora-project.com\/blog\/?p=2019"},"modified":"2023-08-18T15:07:21","modified_gmt":"2023-08-18T13:07:21","slug":"notre-rapport-dentreprise-a-mission-2021-2022","status":"publish","type":"post","link":"https:\/\/www.explora-project.com\/blog\/articles\/notre-rapport-dentreprise-a-mission-2021-2022","title":{"rendered":"Notre rapport d\u2019entreprise \u00e0 mission (2021-2022)"},"content":{"rendered":"\n<p>Explora Project est devenue en novembre 2020 la premi\u00e8re agence de voyage fran\u00e7aise \u00e0 mission. Le statut d\u2019entreprise \u00e0 mission red\u00e9finit la notion d\u2019entreprise en int\u00e9grant la r\u00e9solution des enjeux sociaux et environnementaux dans les int\u00e9r\u00eats collectifs de de cette derni\u00e8re. Il comprend \u00e9galement la publication annuelle d\u2019un rapport de mission, rapport qui doit \u00eatre rendu accessible par l\u2019entreprise \u00e0 toute personne souhaitant en prendre part.<\/p>\n\n\n\n<p><strong>Cet article constitue donc un r\u00e9sum\u00e9 des rapports de mission 2021 et 2022 d\u2019Explora Project.<\/strong><\/p>\n\n\n\n<p><em>Les rapports de mission, documents plus complets et approfondis que le r\u00e9sum\u00e9 propos\u00e9 ici, peuvent \u00eatre consult\u00e9s <a href=\"https:\/\/www.explora-project.com\/raison-d-etre\">sur cette page<\/a>.<\/em><\/p>\n\n\n\n<h2><strong>Qu\u2019est-ce qu\u2019une entreprise \u00e0 mission ?<\/strong><\/h2>\n\n\n\n<p>Vot\u00e9e en mai 2019, la <strong>Loi PACTE<\/strong> introduit la notion de soci\u00e9t\u00e9 \u00e0 mission dans le Code Civil. \u00catre soci\u00e9t\u00e9 \u00e0 mission permet aux entreprises de concilier recherche de performance \u00e9conomique et int\u00e9r\u00eat g\u00e9n\u00e9ral en int\u00e9grant pleinement les impacts sociaux et\/ou environnementaux de leurs activit\u00e9s dans leur fonctionnement et d\u00e9veloppement. Une entreprise \u00e0 mission se fixe donc des <strong>engagements sociaux, soci\u00e9taux et\/ou environnementaux<\/strong>, qui se d\u00e9clinent en objectifs quantifiables. Elle se doit ensuite d&rsquo;\u00e9valuer leur r\u00e9alisation chaque ann\u00e9e, afin d&rsquo;assurer leur progression et de permettre <em>in fine<\/em> leur am\u00e9lioration.<\/p>\n\n\n\n<p>Pour obtenir la qualit\u00e9 de soci\u00e9t\u00e9 \u00e0 mission, une entreprise se doit de :<\/p>\n\n\n\n<ul>\n<li>se doter d\u2019une <strong>Raison d\u2019\u00catre<\/strong> et l\u2019inscrire dans ses statuts,<\/li>\n\n\n\n<li>se fixer des engagements sociaux, soci\u00e9taux et\/ou environnementaux d\u00e9clinables en <strong>objectifs quantifiables<\/strong>, \u00e9galement inscrits dans ses statuts,<\/li>\n\n\n\n<li>en fonction de sa taille, se doter d\u2019un\u00b7e <strong>r\u00e9f\u00e9rent\u00b7e de mission<\/strong> ou d\u2019un <strong>comit\u00e9 de mission<\/strong>,<\/li>\n\n\n\n<li><strong>suivre et challenger<\/strong> la r\u00e9alisation des engagements d\u00e9clin\u00e9s pour chacun des objectifs \/ missions inscrits dans ses statuts,<\/li>\n\n\n\n<li>proc\u00e9der \u00e0 une <strong>\u00e9valuation r\u00e9guli\u00e8re<\/strong> des initiatives en cours,<\/li>\n\n\n\n<li>publier cette \u00e9valuation dans un <strong>rapport de mission annuel<\/strong> et rendre ce dernier disponible.<\/li>\n<\/ul>\n\n\n<div class=\"wp-block-image\">\n<figure class=\"aligncenter size-large is-resized\"><img decoding=\"async\" loading=\"lazy\" src=\"https:\/\/www.explora-project.com\/blog\/wp-content\/uploads\/2023\/03\/Capture-decran-2023-03-13-a-11.27.54-1024x594.png\" alt=\"\" class=\"wp-image-2034\" width=\"905\" height=\"524\" srcset=\"https:\/\/www.explora-project.com\/blog\/wp-content\/uploads\/2023\/03\/Capture-decran-2023-03-13-a-11.27.54-1024x594.png 1024w, https:\/\/www.explora-project.com\/blog\/wp-content\/uploads\/2023\/03\/Capture-decran-2023-03-13-a-11.27.54-300x174.png 300w, https:\/\/www.explora-project.com\/blog\/wp-content\/uploads\/2023\/03\/Capture-decran-2023-03-13-a-11.27.54-768x446.png 768w, https:\/\/www.explora-project.com\/blog\/wp-content\/uploads\/2023\/03\/Capture-decran-2023-03-13-a-11.27.54.png 2026w\" sizes=\"(max-width: 905px) 100vw, 905px\" \/><\/figure><\/div>\n\n\n<h2><strong>La mission d\u2019Explora Project : objectifs et bilan<\/strong><\/h2>\n\n\n\n<h3 class=\"has-gold-color has-text-color\">Notre raison d\u2019\u00eatre<\/h3>\n\n\n\n<p>De nouvelles habitudes de voyage port\u00e9es par des acteurs engag\u00e9s du tourisme permettent de tendre collectivement et activement vers des habitudes de vie durables. Notre mission, en tant qu\u2019agence de voyage, s\u2019\u00e9tend donc bien au del\u00e0 de notre secteur d\u2019activit\u00e9s. Pour ces raisons, Explora Project est devenue en 2020 la premi\u00e8re soci\u00e9t\u00e9 fran\u00e7aise \u00e0 mission et s\u2019efforce depuis d\u2019honorer et de porter plus loin sa raison d\u2019\u00eatre :<\/p>\n\n\n\n<p class=\"has-white-color has-gold-background-color has-text-color has-background\"><em><strong>\u201cDevenir l\u2019acteur engag\u00e9 du tourisme d\u2019aventure en proposant, au plus grand nombre, un mod\u00e8le de voyage \u00e0 impacts positifs pour l\u2019Homme et l\u2019environnement.\u201d<\/strong><\/em><\/p>\n\n\n\n<h3 class=\"has-gold-color has-text-color\">Nos missions <\/h3>\n\n\n\n<p>Chez Explora Project, 3 missions principales influences nos choix et actions au quotidien, et ainsi les activit\u00e9s de l\u2019entreprise. Chacune de ces missions ou objectifs se d\u00e9clinent en une s\u00e9rie d\u2019engagements quantifiables qui sont \u00e9valu\u00e9s annuellement. Voici un r\u00e9capitulatif de cette \u00e9valuation, mat\u00e9rialis\u00e9 gr\u00e2ce au code couleur suivant :<\/p>\n\n\n\n<figure class=\"wp-block-image size-large is-resized\"><img decoding=\"async\" loading=\"lazy\" src=\"https:\/\/www.explora-project.com\/blog\/wp-content\/uploads\/2023\/03\/Capture-decran-2023-02-08-a-12.26.42-1024x216.png\" alt=\"\" class=\"wp-image-2020\" width=\"773\" height=\"163\"\/><figcaption class=\"wp-element-caption\"><em>L\u00e9gende de la r\u00e9solution des objectifs<\/em> d\u00e9crits ci-dessous<\/figcaption><\/figure>\n\n\n\n<p><strong>1. DURABILIT\u00c9 : <\/strong><br>D\u00e9velopper et proposer un mod\u00e8le de voyage unique permettant une r\u00e9mun\u00e9ration juste de l\u2019ensemble des acteurs, une minimisation de l\u2019empreinte environnementale des exp\u00e9ditions propos\u00e9es, une exp\u00e9rience de reconnexion \u00e0 la nature et de d\u00e9passement de soi pour l\u2019ensemble des participants et un engagement durable, bien au-del\u00e0 des exp\u00e9ditions.<\/p>\n\n\n\n<figure class=\"wp-block-image size-large is-resized\"><img decoding=\"async\" loading=\"lazy\" src=\"https:\/\/www.explora-project.com\/blog\/wp-content\/uploads\/2023\/03\/Capture-decran-2023-02-09-a-16.33.25-1024x184.png\" alt=\"\" class=\"wp-image-2022\" width=\"669\" height=\"120\" srcset=\"https:\/\/www.explora-project.com\/blog\/wp-content\/uploads\/2023\/03\/Capture-decran-2023-02-09-a-16.33.25-1024x184.png 1024w, https:\/\/www.explora-project.com\/blog\/wp-content\/uploads\/2023\/03\/Capture-decran-2023-02-09-a-16.33.25-300x54.png 300w, https:\/\/www.explora-project.com\/blog\/wp-content\/uploads\/2023\/03\/Capture-decran-2023-02-09-a-16.33.25-768x138.png 768w, https:\/\/www.explora-project.com\/blog\/wp-content\/uploads\/2023\/03\/Capture-decran-2023-02-09-a-16.33.25-1536x276.png 1536w, https:\/\/www.explora-project.com\/blog\/wp-content\/uploads\/2023\/03\/Capture-decran-2023-02-09-a-16.33.25.png 1646w\" sizes=\"(max-width: 669px) 100vw, 669px\" \/><\/figure>\n\n\n\n<p><em>Par ici pour en savoir plus sur le <a href=\"https:\/\/www.explora-project.com\/blog\/articles\/protocole-de-quantification-de-l-empreinte-carbone-des-expeditions\">protocole de quantification de nos s\u00e9jours<\/a>.<\/em><\/p>\n\n\n\n<p><strong>Objectif \u00e0 court terme :<\/strong> lancer des tests d\u2019exp\u00e9ditions europ\u00e9ennes 100% accessibles en train et recueillir les retours des participants.<\/p>\n\n\n\n<p><strong>2. TRANSPARENCE &#8211; SENSIBILISATION : <\/strong><br>Accompagner non seulement nos guides explorateurs, mais aussi nos participants et l\u2019ensemble de notre communaut\u00e9, dans une d\u00e9marche active de pr\u00e9servation de notre plan\u00e8te gr\u00e2ce \u00e0 des actions de sensibilisation.<\/p>\n\n\n\n<figure class=\"wp-block-image size-large is-resized\"><img decoding=\"async\" loading=\"lazy\" src=\"https:\/\/www.explora-project.com\/blog\/wp-content\/uploads\/2023\/03\/Capture-decran-2023-02-09-a-16.33.32-1024x322.png\" alt=\"\" class=\"wp-image-2023\" width=\"525\" height=\"165\" srcset=\"https:\/\/www.explora-project.com\/blog\/wp-content\/uploads\/2023\/03\/Capture-decran-2023-02-09-a-16.33.32-1024x322.png 1024w, https:\/\/www.explora-project.com\/blog\/wp-content\/uploads\/2023\/03\/Capture-decran-2023-02-09-a-16.33.32-300x94.png 300w, https:\/\/www.explora-project.com\/blog\/wp-content\/uploads\/2023\/03\/Capture-decran-2023-02-09-a-16.33.32-768x241.png 768w, https:\/\/www.explora-project.com\/blog\/wp-content\/uploads\/2023\/03\/Capture-decran-2023-02-09-a-16.33.32.png 1242w\" sizes=\"(max-width: 525px) 100vw, 525px\" \/><\/figure>\n\n\n\n<p><strong>Objectifs \u00e0 court terme :<\/strong> Proposer un rendez-vous bi-annuel \u201cFresque du Climat\u201d pour nos guides sur la base du volontariat. D\u00e9ployer une activit\u00e9 de sensibilisation ludique et interactive pour les participants au cours des exp\u00e9ditions.<\/p>\n\n\n\n<p><strong>3. ENGAGEMENT :<\/strong> <br>\u00c9riger les membres de l\u2019\u00e9quipe Explora Project en leaders d\u2019opinion passionn\u00e9s, engag\u00e9s et porteurs d\u2019un message fort en faveur du d\u00e9veloppement durable et de la protection de la plan\u00e8te.<\/p>\n\n\n\n<figure class=\"wp-block-image size-large is-resized\"><img decoding=\"async\" loading=\"lazy\" src=\"https:\/\/www.explora-project.com\/blog\/wp-content\/uploads\/2023\/03\/Capture-decran-2023-02-09-a-16.33.43-1024x300.png\" alt=\"\" class=\"wp-image-2026\" width=\"519\" height=\"151\" srcset=\"https:\/\/www.explora-project.com\/blog\/wp-content\/uploads\/2023\/03\/Capture-decran-2023-02-09-a-16.33.43-1024x300.png 1024w, https:\/\/www.explora-project.com\/blog\/wp-content\/uploads\/2023\/03\/Capture-decran-2023-02-09-a-16.33.43-300x88.png 300w, https:\/\/www.explora-project.com\/blog\/wp-content\/uploads\/2023\/03\/Capture-decran-2023-02-09-a-16.33.43-768x225.png 768w, https:\/\/www.explora-project.com\/blog\/wp-content\/uploads\/2023\/03\/Capture-decran-2023-02-09-a-16.33.43.png 1234w\" sizes=\"(max-width: 519px) 100vw, 519px\" \/><\/figure>\n\n\n\n<p><strong>Objectif \u00e0 court terme :<\/strong> Organiser une journ\u00e9e Green pour la team, de fa\u00e7on annuelle.<\/p>\n\n\n<div class=\"wp-block-image\">\n<figure class=\"aligncenter size-large is-resized\"><img decoding=\"async\" loading=\"lazy\" src=\"https:\/\/www.explora-project.com\/blog\/wp-content\/uploads\/2023\/03\/Capture-decran-2023-03-13-a-11.21.03-1024x696.png\" alt=\"\" class=\"wp-image-2032\" width=\"758\" height=\"515\" srcset=\"https:\/\/www.explora-project.com\/blog\/wp-content\/uploads\/2023\/03\/Capture-decran-2023-03-13-a-11.21.03-1024x696.png 1024w, https:\/\/www.explora-project.com\/blog\/wp-content\/uploads\/2023\/03\/Capture-decran-2023-03-13-a-11.21.03-300x204.png 300w, https:\/\/www.explora-project.com\/blog\/wp-content\/uploads\/2023\/03\/Capture-decran-2023-03-13-a-11.21.03-768x522.png 768w, https:\/\/www.explora-project.com\/blog\/wp-content\/uploads\/2023\/03\/Capture-decran-2023-03-13-a-11.21.03-1536x1043.png 1536w, https:\/\/www.explora-project.com\/blog\/wp-content\/uploads\/2023\/03\/Capture-decran-2023-03-13-a-11.21.03-2048x1391.png 2048w\" sizes=\"(max-width: 758px) 100vw, 758px\" \/><\/figure><\/div>\n\n\n<h2><strong>Le fonctionnement d\u2019Explora Project en tant qu\u2019entreprise \u00e0 mission<\/strong><\/h2>\n\n\n\n<h3 class=\"has-gold-color has-text-color\">Comment s\u2019organise une entreprise \u00e0 mission ?<\/h3>\n\n\n\n<p>Toute entreprise \u00e0 mission doit se doter d\u2019un comit\u00e9 de mission ou d\u2019une personne r\u00e9f\u00e9rente, en fonction de sa taille (i.e., nombre de salari\u00e9s). Pour cela, chez nous c\u2019est Laura Touzot, docteure en \u00e9cologie et responsable de la strat\u00e9gie de d\u00e9veloppement durable pour Explora Project, qui assume ce r\u00f4le et accompagne Alix et Stan les deux co-fondateurs tout au long de l\u2019ann\u00e9e.<\/p>\n\n\n\n<p>Des r\u00e9unions mensuelles, ainsi qu\u2019un bilan annuel, sont mis en place pour \u00e9valuer l\u2019avanc\u00e9e des op\u00e9rations initi\u00e9es et d\u00e9finir les prochains objectifs. \u00c0 raison d\u2019un trimestre par an par d\u00e9partement, un repr\u00e9sentant de ce dernier est convi\u00e9 \u00e0  ces r\u00e9unions mensuelles afin de prendre part aux \u00e9changes et faire remonter des envies, besoins ou probl\u00e9matiques relatives \u00e0 son d\u00e9partement.<\/p>\n\n\n\n<p>Enfin, un bilan annuel permet de pr\u00e9senter le rapport de mission \u00e0 l\u2019ensemble de l\u2019\u00e9quipe Explora Project, d\u2019\u00e9tablir collectivement un plan d\u2019actions pour l\u2019ann\u00e9e \u00e0 venir, et ainsi porter plus loin les engagements sociaux, soci\u00e9taux et environnementaux de l\u2019entreprise. Les rapports de mission des ann\u00e9es 2021 et 2022 sont disponibles pour consultation <a href=\"https:\/\/www.explora-project.com\/raison-d-etre\">ici<\/a>.<\/p>\n\n\n\n<h3 class=\"has-gold-color has-text-color\">Une \u00e9quipe au service de sa mission<\/h3>\n\n\n\n<p>Toute la Team Explora Project porte les valeurs de la marque et n\u2019est pas arriv\u00e9e l\u00e0 par hasard. Individuellement et avant m\u00eame d\u2019int\u00e9grer l\u2019entreprise, chacun avait d\u00e9j\u00e0 des engagements et convictions \u00e9co-responsables. Ind\u00e9niablement, la synergie de groupe d\u00e9cuple cette envie d\u2019int\u00e9grer les enjeux sociaux, soci\u00e9taux et environnementaux aux activit\u00e9s de l\u2019entreprise.<\/p>\n\n\n\n<p>Au quotidien chez Explora Project, la Team est \u00e9galement adepte de nombreux gestes comme le tri et le compostage des d\u00e9chets, la mobilit\u00e9 douce pour ses d\u00e9placements (vive le v\u00e9lo et le train), des jours de t\u00e9l\u00e9travail pour limiter les d\u00e9placements motoris\u00e9s, et bien d\u2019autres habitudes qui font la diff\u00e9rence sur le long terme.<\/p>\n\n\n\n<p>Toute la Team a envie d\u2019aller encore plus loin dans les ann\u00e9es \u00e0 venir, et travaille sur l\u2019am\u00e9lioration constante de son offre et de ses process pour r\u00e9pondre chaque jour un peu plus aux missions et objectifs qu\u2019elle se fixe au travers du statut d\u2019entreprise \u00e0 mission.<\/p>\n\n\n\n<p><strong>Voici d\u2019ailleurs quelques perspectives pour les ann\u00e9es \u00e0 venir :<\/strong><\/p>\n\n\n\n<ul>\n<li><strong>int\u00e9grer davantage le train \u00e0 l\u2019exp\u00e9rience Explora Project<\/strong> avec notamment le d\u00e9veloppement de plusieurs offres tests mettant le train au coeur des s\u00e9jours. Le d\u00e9veloppement du r\u00e9seau ferroviaire en Europe est un point crucial pour proposer des exp\u00e9ditions qui correspondent \u00e0 la fois aux envies de nos clients et aux enjeux \u00e9cologiques d\u2019aujourd\u2019hui et de demain.<\/li>\n\n\n\n<li><strong>proposer des moments de sensibilisation, formation et actions \u00e9co-responsables<\/strong> \u00e0 l\u2019ensemble de la Team Explora Project mais aussi aux participants, avec par exemple l\u2019id\u00e9e de cr\u00e9er un jeu pour engager les discussions sur la pr\u00e9servation de l\u2019environnement et les bonnes pratiques \u00e9co-responsables dans le voyage et en outdoor.<\/li>\n<\/ul>\n\n\n\n<p>L\u2019effort pour aller plus loin dans cette direction est collectif, et nous avan\u00e7ons pas \u00e0 pas pour atteindre nos objectifs.<\/p>\n\n\n\n<p class=\"has-gold-color has-text-color\"><em><strong>\u201cSeul on va plus vite, ensemble on va plus loin\u201d<\/strong><\/em> &#8211; proverbe africain<\/p>\n","protected":false},"excerpt":{"rendered":"<p>Explora Project est devenue en novembre 2020 la premi\u00e8re agence de voyage fran\u00e7aise \u00e0 mission. Le statut d\u2019entreprise \u00e0 mission red\u00e9finit la notion d\u2019entreprise en int\u00e9grant la r\u00e9solution des enjeux<a href=\"https:\/\/www.explora-project.com\/blog\/articles\/notre-rapport-dentreprise-a-mission-2021-2022\" class=\"more-link\"><span class=\"readmore\">Continuer \u00e0 lire&#8230;<span class=\"screen-reader-text\">Notre rapport d\u2019entreprise \u00e0 mission (2021-2022)<\/span><\/span><\/a><\/p>\n","protected":false},"author":6,"featured_media":2032,"comment_status":"closed","ping_status":"closed","sticky":false,"template":"","format":"standard","meta":[],"categories":[6],"tags":[323,247,322],"yoast_head":"<!-- This site is optimized with the Yoast SEO plugin v19.10 - https:\/\/yoast.com\/wordpress\/plugins\/seo\/ -->\n<title>Notre rapport d\u2019entreprise \u00e0 mission (2021-2022) - Journal d&#039;Explora Project<\/title>\n<meta name=\"description\" content=\"Les rapports de mission 2021 et 2022 d&#039;Explora Project en tant qu&#039;entreprise \u00e0 mission dans le secteur du tourisme.\" \/>\n<meta name=\"robots\" content=\"index, follow, max-snippet:-1, max-image-preview:large, max-video-preview:-1\" \/>\n<link rel=\"canonical\" href=\"https:\/\/www.explora-project.com\/blog\/articles\/notre-rapport-dentreprise-a-mission-2021-2022\" \/>\n<meta property=\"og:locale\" content=\"fr_FR\" \/>\n<meta property=\"og:type\" content=\"article\" \/>\n<meta property=\"og:title\" content=\"Notre rapport d\u2019entreprise \u00e0 mission (2021-2022) - Journal d&#039;Explora Project\" \/>\n<meta property=\"og:description\" content=\"Les rapports de mission 2021 et 2022 d&#039;Explora Project en tant qu&#039;entreprise \u00e0 mission dans le secteur du tourisme.\" \/>\n<meta property=\"og:url\" content=\"https:\/\/www.explora-project.com\/blog\/articles\/notre-rapport-dentreprise-a-mission-2021-2022\" \/>\n<meta property=\"og:site_name\" content=\"Journal d&#039;Explora Project\" \/>\n<meta property=\"article:published_time\" content=\"2023-03-21T09:00:00+00:00\" \/>\n<meta property=\"article:modified_time\" content=\"2023-08-18T13:07:21+00:00\" \/>\n<meta property=\"og:image\" content=\"https:\/\/www.explora-project.com\/blog\/wp-content\/uploads\/2023\/03\/Capture-decran-2023-03-13-a-11.21.03-1024x696.png\" \/>\n\t<meta property=\"og:image:width\" content=\"1024\" \/>\n\t<meta property=\"og:image:height\" content=\"696\" \/>\n\t<meta property=\"og:image:type\" content=\"image\/png\" \/>\n<meta name=\"author\" content=\"meganne@explora-project.com\" \/>\n<meta name=\"twitter:card\" content=\"summary_large_image\" \/>\n<meta name=\"twitter:label1\" content=\"Written by\" \/>\n\t<meta name=\"twitter:data1\" content=\"meganne@explora-project.com\" \/>\n\t<meta name=\"twitter:label2\" content=\"Est. reading time\" \/>\n\t<meta name=\"twitter:data2\" content=\"8 minutes\" \/>\n<script type=\"application\/ld+json\" class=\"yoast-schema-graph\">{\"@context\":\"https:\/\/schema.org\",\"@graph\":[{\"@type\":\"WebPage\",\"@id\":\"https:\/\/www.explora-project.com\/blog\/articles\/notre-rapport-dentreprise-a-mission-2021-2022\",\"url\":\"https:\/\/www.explora-project.com\/blog\/articles\/notre-rapport-dentreprise-a-mission-2021-2022\",\"name\":\"Notre rapport d\u2019entreprise \u00e0 mission (2021-2022) - Journal d&#039;Explora Project\",\"isPartOf\":{\"@id\":\"https:\/\/www.explora-project.com\/blog\/#website\"},\"datePublished\":\"2023-03-21T09:00:00+00:00\",\"dateModified\":\"2023-08-18T13:07:21+00:00\",\"author\":{\"@id\":\"https:\/\/www.explora-project.com\/blog\/#\/schema\/person\/1b6284a8da4d29e7256abded9b73f072\"},\"description\":\"Les rapports de mission 2021 et 2022 d'Explora Project en tant qu'entreprise \u00e0 mission dans le secteur du tourisme.\",\"breadcrumb\":{\"@id\":\"https:\/\/www.explora-project.com\/blog\/articles\/notre-rapport-dentreprise-a-mission-2021-2022#breadcrumb\"},\"inLanguage\":\"fr-FR\",\"potentialAction\":[{\"@type\":\"ReadAction\",\"target\":[\"https:\/\/www.explora-project.com\/blog\/articles\/notre-rapport-dentreprise-a-mission-2021-2022\"]}]},{\"@type\":\"BreadcrumbList\",\"@id\":\"https:\/\/www.explora-project.com\/blog\/articles\/notre-rapport-dentreprise-a-mission-2021-2022#breadcrumb\",\"itemListElement\":[{\"@type\":\"ListItem\",\"position\":1,\"name\":\"Home\",\"item\":\"https:\/\/www.explora-project.com\/blog\"},{\"@type\":\"ListItem\",\"position\":2,\"name\":\"Notre rapport d\u2019entreprise \u00e0 mission (2021-2022)\"}]},{\"@type\":\"WebSite\",\"@id\":\"https:\/\/www.explora-project.com\/blog\/#website\",\"url\":\"https:\/\/www.explora-project.com\/blog\/\",\"name\":\"Journal d&#039;Explora Project\",\"description\":\"Actualit\u00e9s \u00e0 la une\",\"potentialAction\":[{\"@type\":\"SearchAction\",\"target\":{\"@type\":\"EntryPoint\",\"urlTemplate\":\"https:\/\/www.explora-project.com\/blog\/?s={search_term_string}\"},\"query-input\":\"required name=search_term_string\"}],\"inLanguage\":\"fr-FR\"},{\"@type\":\"Person\",\"@id\":\"https:\/\/www.explora-project.com\/blog\/#\/schema\/person\/1b6284a8da4d29e7256abded9b73f072\",\"name\":\"meganne@explora-project.com\",\"image\":{\"@type\":\"ImageObject\",\"inLanguage\":\"fr-FR\",\"@id\":\"https:\/\/www.explora-project.com\/blog\/#\/schema\/person\/image\/\",\"url\":\"https:\/\/www.explora-project.com\/blog\/wp-content\/uploads\/2022\/11\/cropped-meganne-96x96.jpeg\",\"contentUrl\":\"https:\/\/www.explora-project.com\/blog\/wp-content\/uploads\/2022\/11\/cropped-meganne-96x96.jpeg\",\"caption\":\"meganne@explora-project.com\"},\"url\":\"https:\/\/www.explora-project.com\/blog\/articles\/author\/meganneexplora-project-com\"}]}<\/script>\n<!-- \/ Yoast SEO plugin. -->","yoast_head_json":{"title":"Notre rapport d\u2019entreprise \u00e0 mission (2021-2022) - Journal d&#039;Explora Project","description":"Les rapports de mission 2021 et 2022 d'Explora Project en tant qu'entreprise \u00e0 mission dans le secteur du tourisme.","robots":{"index":"index","follow":"follow","max-snippet":"max-snippet:-1","max-image-preview":"max-image-preview:large","max-video-preview":"max-video-preview:-1"},"canonical":"https:\/\/www.explora-project.com\/blog\/articles\/notre-rapport-dentreprise-a-mission-2021-2022","og_locale":"fr_FR","og_type":"article","og_title":"Notre rapport d\u2019entreprise \u00e0 mission (2021-2022) - Journal d&#039;Explora Project","og_description":"Les rapports de mission 2021 et 2022 d'Explora Project en tant qu'entreprise \u00e0 mission dans le secteur du tourisme.","og_url":"https:\/\/www.explora-project.com\/blog\/articles\/notre-rapport-dentreprise-a-mission-2021-2022","og_site_name":"Journal d&#039;Explora Project","article_published_time":"2023-03-21T09:00:00+00:00","article_modified_time":"2023-08-18T13:07:21+00:00","og_image":[{"width":1024,"height":696,"url":"https:\/\/www.explora-project.com\/blog\/wp-content\/uploads\/2023\/03\/Capture-decran-2023-03-13-a-11.21.03-1024x696.png","type":"image\/png"}],"author":"meganne@explora-project.com","twitter_card":"summary_large_image","twitter_misc":{"Written by":"meganne@explora-project.com","Est. reading time":"8 minutes"},"schema":{"@context":"https:\/\/schema.org","@graph":[{"@type":"WebPage","@id":"https:\/\/www.explora-project.com\/blog\/articles\/notre-rapport-dentreprise-a-mission-2021-2022","url":"https:\/\/www.explora-project.com\/blog\/articles\/notre-rapport-dentreprise-a-mission-2021-2022","name":"Notre rapport d\u2019entreprise \u00e0 mission (2021-2022) - Journal d&#039;Explora Project","isPartOf":{"@id":"https:\/\/www.explora-project.com\/blog\/#website"},"datePublished":"2023-03-21T09:00:00+00:00","dateModified":"2023-08-18T13:07:21+00:00","author":{"@id":"https:\/\/www.explora-project.com\/blog\/#\/schema\/person\/1b6284a8da4d29e7256abded9b73f072"},"description":"Les rapports de mission 2021 et 2022 d'Explora Project en tant qu'entreprise \u00e0 mission dans le secteur du tourisme.","breadcrumb":{"@id":"https:\/\/www.explora-project.com\/blog\/articles\/notre-rapport-dentreprise-a-mission-2021-2022#breadcrumb"},"inLanguage":"fr-FR","potentialAction":[{"@type":"ReadAction","target":["https:\/\/www.explora-project.com\/blog\/articles\/notre-rapport-dentreprise-a-mission-2021-2022"]}]},{"@type":"BreadcrumbList","@id":"https:\/\/www.explora-project.com\/blog\/articles\/notre-rapport-dentreprise-a-mission-2021-2022#breadcrumb","itemListElement":[{"@type":"ListItem","position":1,"name":"Home","item":"https:\/\/www.explora-project.com\/blog"},{"@type":"ListItem","position":2,"name":"Notre rapport d\u2019entreprise \u00e0 mission (2021-2022)"}]},{"@type":"WebSite","@id":"https:\/\/www.explora-project.com\/blog\/#website","url":"https:\/\/www.explora-project.com\/blog\/","name":"Journal d&#039;Explora Project","description":"Actualit\u00e9s \u00e0 la une","potentialAction":[{"@type":"SearchAction","target":{"@type":"EntryPoint","urlTemplate":"https:\/\/www.explora-project.com\/blog\/?s={search_term_string}"},"query-input":"required name=search_term_string"}],"inLanguage":"fr-FR"},{"@type":"Person","@id":"https:\/\/www.explora-project.com\/blog\/#\/schema\/person\/1b6284a8da4d29e7256abded9b73f072","name":"meganne@explora-project.com","image":{"@type":"ImageObject","inLanguage":"fr-FR","@id":"https:\/\/www.explora-project.com\/blog\/#\/schema\/person\/image\/","url":"https:\/\/www.explora-project.com\/blog\/wp-content\/uploads\/2022\/11\/cropped-meganne-96x96.jpeg","contentUrl":"https:\/\/www.explora-project.com\/blog\/wp-content\/uploads\/2022\/11\/cropped-meganne-96x96.jpeg","caption":"meganne@explora-project.com"},"url":"https:\/\/www.explora-project.com\/blog\/articles\/author\/meganneexplora-project-com"}]}},"_links":{"self":[{"href":"https:\/\/www.explora-project.com\/blog\/wp-json\/wp\/v2\/posts\/2019"}],"collection":[{"href":"https:\/\/www.explora-project.com\/blog\/wp-json\/wp\/v2\/posts"}],"about":[{"href":"https:\/\/www.explora-project.com\/blog\/wp-json\/wp\/v2\/types\/post"}],"author":[{"embeddable":true,"href":"https:\/\/www.explora-project.com\/blog\/wp-json\/wp\/v2\/users\/6"}],"replies":[{"embeddable":true,"href":"https:\/\/www.explora-project.com\/blog\/wp-json\/wp\/v2\/comments?post=2019"}],"version-history":[{"count":11,"href":"https:\/\/www.explora-project.com\/blog\/wp-json\/wp\/v2\/posts\/2019\/revisions"}],"predecessor-version":[{"id":2036,"href":"https:\/\/www.explora-project.com\/blog\/wp-json\/wp\/v2\/posts\/2019\/revisions\/2036"}],"wp:featuredmedia":[{"embeddable":true,"href":"https:\/\/www.explora-project.com\/blog\/wp-json\/wp\/v2\/media\/2032"}],"wp:attachment":[{"href":"https:\/\/www.explora-project.com\/blog\/wp-json\/wp\/v2\/media?parent=2019"}],"wp:term":[{"taxonomy":"category","embeddable":true,"href":"https:\/\/www.explora-project.com\/blog\/wp-json\/wp\/v2\/categories?post=2019"},{"taxonomy":"post_tag","embeddable":true,"href":"https:\/\/www.explora-project.com\/blog\/wp-json\/wp\/v2\/tags?post=2019"}],"curies":[{"name":"wp","href":"https:\/\/api.w.org\/{rel}","templated":true}]}}