{"id":1093,"date":"2023-01-05T16:50:00","date_gmt":"2023-01-05T15:50:00","guid":{"rendered":"https:\/\/www.explora-project.com\/blog\/?p=1093"},"modified":"2023-01-11T11:15:04","modified_gmt":"2023-01-11T10:15:04","slug":"traversee-des-hautes-terres-islandaises-entre-volcans-et-glaciers","status":"publish","type":"post","link":"https:\/\/www.explora-project.com\/blog\/articles\/traversee-des-hautes-terres-islandaises-entre-volcans-et-glaciers","title":{"rendered":"Travers\u00e9e des hautes terres islandaises entre volcans et glaciers"},"content":{"rendered":"\n<blockquote class=\"wp-block-quote\"><p><em>Cet article est le r\u00e9cit d&rsquo;aventure de C\u00e9cile Carnimolla Mailhos, participante sur l&rsquo;exp\u00e9dition <a rel=\"noreferrer noopener\" href=\"https:\/\/www.explora-project.com\/expeditions\/volcans-et-glaciers-d-islande\" target=\"_blank\">Volcans &amp; glaciers d&rsquo;Islande<\/a>, en juillet 2021<\/em>.<\/p><cite>Texte et photos de C\u00e9cile Carnimolla Mailhos<\/cite><\/blockquote>\n\n\n\n<p>Cette travers\u00e9e est <strong>organis\u00e9e par Explora Project<\/strong> : elle est encadr\u00e9e par Franck Junod, guide de haute montagne, et nous sommes 6 \u00e0 prendre le d\u00e9part, de 25 \u00e0 60 ans, avec peu d\u2019exp\u00e9rience d\u2019itin\u00e9rance en autonomie. L\u2019itin\u00e9raire a \u00e9t\u00e9 trac\u00e9 lors d\u2019une travers\u00e9e int\u00e9grale de l\u2019Islande : nous sommes <strong>le premier groupe \u00e0 tester ce tron\u00e7on<\/strong>. Pour Franck, c\u2019est \u00e9galement une premi\u00e8re. L\u2019itin\u00e9raire est constitu\u00e9 d\u2019une succession de chemins secondaires, plus ou moins bien balis\u00e9s sur le terrain : carte papier, observation permanente du terrain, GPS parfois, nous nous maintiendrons en \u00e9veil. Enfin, rares seront les \u00e9tapes en refuge : <strong>les bivouacs sont privil\u00e9gi\u00e9s<\/strong>. Nous sommes tous l\u00e0 pour savourer ce <strong>petit go\u00fbt d\u2019aventure<\/strong>.<\/p>\n\n\n\n<div class=\"wp-block-image\"><figure class=\"aligncenter size-large is-resized\"><img decoding=\"async\" loading=\"lazy\" src=\"https:\/\/www.explora-project.com\/blog\/wp-content\/uploads\/2022\/03\/DSC03143-1-min-1024x576.jpg\" alt=\"\" class=\"wp-image-1105\" width=\"-218\" height=\"-122\" srcset=\"https:\/\/www.explora-project.com\/blog\/wp-content\/uploads\/2022\/03\/DSC03143-1-min-1024x576.jpg 1024w, https:\/\/www.explora-project.com\/blog\/wp-content\/uploads\/2022\/03\/DSC03143-1-min-300x169.jpg 300w, https:\/\/www.explora-project.com\/blog\/wp-content\/uploads\/2022\/03\/DSC03143-1-min-768x432.jpg 768w, https:\/\/www.explora-project.com\/blog\/wp-content\/uploads\/2022\/03\/DSC03143-1-min-1536x864.jpg 1536w, https:\/\/www.explora-project.com\/blog\/wp-content\/uploads\/2022\/03\/DSC03143-1-min-2048x1152.jpg 2048w, https:\/\/www.explora-project.com\/blog\/wp-content\/uploads\/2022\/03\/DSC03143-1-min-990x556.jpg 990w, https:\/\/www.explora-project.com\/blog\/wp-content\/uploads\/2022\/03\/DSC03143-1-min-1920x1080.jpg 1920w\" sizes=\"(max-width: 1024px) 100vw, 1024px\" \/><\/figure><\/div>\n\n\n\n<p>Nous nous retrouvons \u00e0 Reykjavik dans un appartement en plein c\u0153ur du centre historique, sur Hverfisgata, la rue commer\u00e7ante principale, tout pr\u00e8s de Culture House. Franck a voyag\u00e9 avec du <strong>mat\u00e9riel de glacier<\/strong> pour tous, les tentes, br\u00fbleurs et popotes ainsi qu\u2019avec nos repas pour 8 jours ! Tout est <strong>en vrac<\/strong>, r\u00e9parti dans des petits sacs en tissu. 2 r\u00e9approvisionnements sont pr\u00e9vus. Nous nous r\u00e9partissons le reste, pour les 3 premiers jours : nos sacs p\u00e8sent <strong>entre 15 \u00e0 20 kg<\/strong>. Avant de nous isoler dans les hautes terres, nous profitons de l\u2019ambiance estivale et musicale de Reykjavik, autour de quelques bi\u00e8res et de belles assiettes. La cuisine islandaise est fine : elle propose un m\u00e9lange d\u00e9licat de sucr\u00e9\/sal\u00e9 \u00e0 base de poisson et d\u2019agneau. Le lendemain nous partons en minibus 4*4 sur\u00e9lev\u00e9 sur de tr\u00e8s gros pneus en direction du Sud du pays. Apr\u00e8s Vik, nous remontons plein Nord sur une piste jusqu\u2019au <strong>point de d\u00e9part de notre travers\u00e9e<\/strong>.<\/p>\n\n\n\n<p>Alors que la p\u00e9ninsule de Reykjavik est tr\u00e8s souvent dans les nuages, voire m\u00eame sous la pluie, le temps dans le Sud de l\u2019\u00eele est beau : et mieux que cela, nous b\u00e9n\u00e9ficions d&rsquo;une <strong>belle fen\u00eatre m\u00e9t\u00e9o pour le d\u00e9but de notre itin\u00e9rance<\/strong>.<\/p>\n\n\n\n<h4><strong>8 jours \u00e0 pieds en autonomie pour aller du lac de Langisj\u00f3r \u00e0 Sk\u00f3gar<\/strong>.<\/h4>\n\n\n\n<p>Nous gravissons le petit sommet Sveinstindur en haut duquel nous avons une <strong>vue \u00e0 360\u00b0 \u00e9poustouflante du lac de La<\/strong>ngisj\u00f3r.<strong> <\/strong>Au Nord, nous identifions le glacier Vatnaj\u00f6kull et tout autour de nous, <strong>un d\u00e9dale de lacs, rivi\u00e8res, volcans<\/strong>, \u00e0 perte de vue. Tr\u00e8s vite, nous nous retrouvons sur un terrain vierge de tout marquage, \u00e0 devoir <strong>trouver notre route<\/strong>, en observant le terrain. Nous sommes seuls au milieu d\u2019une <strong>nature immense<\/strong>, <strong>autonomes sur plusieurs jours<\/strong> : quel bonheur de se sentir juste bien, sans aucune appr\u00e9hension, \u00e0 vivre une exp\u00e9rience <strong>hors des sentiers battus<\/strong>.<\/p>\n\n\n\n<p>Nous installons notre premier bivouac adoss\u00e9 \u00e0 une paroi, sur la partie la plus \u00e9lev\u00e9e du lit d\u2019une rivi\u00e8re : les sardines des tentes ont du mal \u00e0 se maintenir en place. Explora Project nous a fourni des tentes <strong><a rel=\"noreferrer noopener\" href=\"https:\/\/www.samaya-equipment.com\/\" target=\"_blank\">Samaya<\/a><\/strong>, connues pour leur l\u00e9g\u00e8ret\u00e9 et adapt\u00e9es \u00e0 toutes les conditions. Franck ne perd pas de temps. Il met bien vite les casseroles \u00e0 chauffer : une soupe chaude, du riz parfum\u00e9, un carr\u00e9 de chocolat&#8230; t<strong>out simplement<\/strong>.<\/p>\n\n\n\n<div class=\"wp-block-image\"><figure class=\"aligncenter size-large is-resized\"><img decoding=\"async\" loading=\"lazy\" src=\"https:\/\/www.explora-project.com\/blog\/wp-content\/uploads\/2022\/03\/DSC03112-1-min-1024x576.jpg\" alt=\"\" class=\"wp-image-1106\" width=\"981\" height=\"550\" srcset=\"https:\/\/www.explora-project.com\/blog\/wp-content\/uploads\/2022\/03\/DSC03112-1-min-300x169.jpg 300w, https:\/\/www.explora-project.com\/blog\/wp-content\/uploads\/2022\/03\/DSC03112-1-min-768x432.jpg 768w, https:\/\/www.explora-project.com\/blog\/wp-content\/uploads\/2022\/03\/DSC03112-1-min-990x556.jpg 990w\" sizes=\"(max-width: 981px) 100vw, 981px\" \/><\/figure><\/div>\n\n\n\n<h4><strong>Depuis ce promontoire d\u2019o\u00f9 nous dominons le lit de la rivi\u00e8re Skaft\u00e1, nous sommes tr\u00e8s vite confront\u00e9s \u00e0 l\u2019immensit\u00e9 et \u00e0 nos choix.<\/strong><\/h4>\n\n\n\n<p>Nous comprenons que nous allons devoir descendre <strong>sans qu\u2019aucune trace de pas ni balisage ne soit visible<\/strong>. Franck a le nez sur la carte et nous guide sur ce terrain vierge, d\u00e9couvrant lui-m\u00eame par o\u00f9 il nous faut passer. J\u2019adore cette impression d\u2019<strong>\u00eatre une fourmi<\/strong>, petite mais d\u00e9termin\u00e9e \u00e0 avancer. Pas apr\u00e8s pas, nous atteignons d\u2019autres lieux, qui nous poussent \u00e0 <strong>nous d\u00e9passer<\/strong>, comme cette partie raide et \u00e9troite surplombant en hauteur la rivi\u00e8re : une simple inattention et nos sacs pourraient facilement nous d\u00e9s\u00e9quilibrer et nous faire chuter. Chacun prend sur soi et <strong>ensemble nous progressons<\/strong>.<\/p>\n\n\n\n<p>Nous traversons des d\u00e9serts min\u00e9raux \u00e0 perte de vue : seule une mousse verte et rase recouvre parfois certains pics. Les voil\u00e0, <strong>les volcans d\u2019Islande<\/strong> qui offrent ces paysages embl\u00e9matiques, aust\u00e8res, \u00e2pres. Au sol, les quelques v\u00e9g\u00e9taux qui poussent sont des esp\u00e8ces de plantes grasses avec pour certaines quelques minuscules fleurs. Aucun animal ne semble vivre ici.&nbsp;<\/p>\n\n\n\n<div class=\"wp-block-image\"><figure class=\"aligncenter size-large is-resized\"><img decoding=\"async\" loading=\"lazy\" src=\"https:\/\/www.explora-project.com\/blog\/wp-content\/uploads\/2022\/03\/J2-006-Corniche-1024x472.jpg\" alt=\"\" class=\"wp-image-1107\" width=\"1013\" height=\"467\" srcset=\"https:\/\/www.explora-project.com\/blog\/wp-content\/uploads\/2022\/03\/J2-006-Corniche-1024x472.jpg 1024w, https:\/\/www.explora-project.com\/blog\/wp-content\/uploads\/2022\/03\/J2-006-Corniche-300x138.jpg 300w, https:\/\/www.explora-project.com\/blog\/wp-content\/uploads\/2022\/03\/J2-006-Corniche-768x354.jpg 768w, https:\/\/www.explora-project.com\/blog\/wp-content\/uploads\/2022\/03\/J2-006-Corniche-1536x707.jpg 1536w, https:\/\/www.explora-project.com\/blog\/wp-content\/uploads\/2022\/03\/J2-006-Corniche-2048x943.jpg 2048w\" sizes=\"(max-width: 1013px) 100vw, 1013px\" \/><\/figure><\/div>\n\n\n\n<p>Et quand ce n\u2019est pas d\u2019immenses zones arides, ce sont des lits de rivi\u00e8re, avec des m\u00e9andres, \u00e0 traverser : mais o\u00f9 ? o\u00f9 le courant est-il le moins fort ? o\u00f9 le fond est-il le moins profond ? o\u00f9 passer pour en traverser le moins possible ? L\u2019eau est glaciale au point o\u00f9 nos pieds peuvent tr\u00e8s vite devenir douloureux. L\u2019appr\u00e9hension de glisser et de mouiller notre sac nous rend tr\u00e8s prudents. Malgr\u00e9 tout, <strong>on y prend go\u00fbt<\/strong> : une journ\u00e9e sans gu\u00e9 \u00e0 traverser nous manquerait presque. J\u2019aime cette <strong>touche d\u2019adr\u00e9naline<\/strong> qui fait de cette travers\u00e9e <strong>une aventure excitante<\/strong>, cette pinc\u00e9e de d\u00e9passement de soi qui nous fait grandir.<\/p>\n\n\n\n<p>L\u2019itin\u00e9raire ne pr\u00e9sente pas d\u2019autre difficult\u00e9 physique : le chemin est plut\u00f4t facile, le d\u00e9nivel\u00e9 tr\u00e8s raisonnable et les paysages et terrains tr\u00e8s vari\u00e9s. Nous marchons beaucoup chaque jour mais <strong>\u00e0 aucun moment je n\u2019ai compt\u00e9 les heures<\/strong> tellement c\u2019\u00e9tait naturel. Il suffit de mettre un pas devant l\u2019autre et de se laisser porter. Je suis \u00e9blouie par tout ce que je vois : la nature est si belle, si forte, si puissante et si fragile \u00e0 la fois. <strong>Les paysages se gravent dans ma m\u00e9moire<\/strong>. La photographe que je suis est au paradis : je ne sais pas o\u00f9 donner de la t\u00eate.<\/p>\n\n\n\n<p>Nous choisissons les abords moussus d\u2019une rivi\u00e8re qui serpente dans une vall\u00e9e en contrebas d\u2019un refuge pour poser notre deuxi\u00e8me bivouac. La journ\u00e9e a \u00e9t\u00e9 magnifique : <strong>la lumi\u00e8re est chaude<\/strong> ce soir et nous en profitons longuement. L\u2019eau fra\u00eeche et limpide qui coule, bien que froide, nous donne l\u2019occasion de faire un brin de toilette et de chauffer de l\u2019eau pour des c\u00e9r\u00e9ales. Nous d\u00e9couvrons et d\u00e9gustons les g\u00e2teries qu\u2019Explora Project nous a donn\u00e9es et que Franck a amen\u00e9, comme la <strong>tomme et le saucisson<\/strong>. Nous ne manquons de rien : graines, figues, dattes, bananes s\u00e9ch\u00e9es, chocolat, biscuits, th\u00e9, caf\u00e9, lait, soupes, riz, p\u00e2tes, semoule, couscous, pain\u2026&nbsp;<\/p>\n\n\n\n<p>La nuit n\u2019existe pas en ce mois de juillet. Pour autant, je n\u2019ai absolument <strong>aucun mal \u00e0 trouver le sommeil<\/strong>. La promiscuit\u00e9 avec ma compagne de tente, le matelas gonflable sur lequel j\u2019ai tendance \u00e0 rouler quand je le gonfle trop, la toilette tr\u00e8s limit\u00e9e\u2026 qu\u2019importe !<\/p>\n\n\n\n<div class=\"wp-block-image\"><figure class=\"aligncenter size-large is-resized\"><img decoding=\"async\" loading=\"lazy\" src=\"https:\/\/www.explora-project.com\/blog\/wp-content\/uploads\/2022\/03\/DSC02997-1-1024x576.jpg\" alt=\"\" class=\"wp-image-1114\" width=\"1017\" height=\"563\"\/><\/figure><\/div>\n\n\n\n<h4><strong>La faille d&rsquo;Eldgj\u00e1, la gorge de feu\u2026 c\u2019est comme si la terre s\u2019\u00e9tait ouverte et qu\u2019une \u00e9norme cicatrice ne s\u2019\u00e9tait jamais referm\u00e9e.<\/strong><\/h4>\n\n\n\n<p><strong>La plus grande <\/strong>fissure \u00e9ruptive \u00e0 la surface de la plan\u00e8te s\u2019impose \u00e0 nous rapidement au d\u00e9but de notre troisi\u00e8me \u00e9tape : en 934 et pendant 6 ans, le volcan Katla a \u00e9t\u00e9 en \u00e9ruption, d\u00e9versant 18 km3 de lave sur pr\u00e8s de 40 km.&nbsp; Nous plongeons litt\u00e9ralement dedans par une descente amusante dans la pouzzolane. Un peu comme dans les westerns, nous voil\u00e0 traversant la faille, de face, \u00e0 perte de vue : 8 km de long sur 270 m\u00e8tres de profondeur parfois et 140 m\u00e8tres de large\u2026 absolument gigantesque \u00e0 hauteur d\u2019homme ! La surprise du jour, c\u2019est la <strong>cascade de Ofaerufoss<\/strong>. Puissante, sur-dimensionn\u00e9e, elle nous laisse sans voix jusqu\u2019\u00e0 ce que Morgane et Lo\u00efc d\u00e9cident de s\u2019y baigner. Dans l\u2019apr\u00e8s-midi, nous passons par un refuge qui nous a gard\u00e9 un sac de provisions.<\/p>\n\n\n\n<p>Il a fait chaud aujourd\u2019hui : nous avons march\u00e9 <strong>7h pour seulement 9 km et 500 m\u00e8tres de d\u00e9nivel\u00e9<\/strong> : nous sommes plut\u00f4t lents car nous avons eu de nombreux gu\u00e9s \u00e0 passer. Cette journ\u00e9e se termine par un nouveau <strong>bivouac de r\u00eave au bord d\u2019une rivi\u00e8re<\/strong> paisible sur un tapis d\u2019herbe bien sec. Nous cherchons une partie plus profonde pour nous baigner enti\u00e8rement, en serrant les dents quand m\u00eame : l\u2019eau est bien froide. Je mesure \u00e0 quel point cette belle m\u00e9t\u00e9o agr\u00e9mente notre travers\u00e9e. On ne peut pas r\u00eaver mieux.<\/p>\n\n\n\n<div class=\"wp-block-image\"><figure class=\"aligncenter size-large is-resized\"><img decoding=\"async\" loading=\"lazy\" src=\"https:\/\/www.explora-project.com\/blog\/wp-content\/uploads\/2022\/03\/IMG_2914-1024x768.jpeg\" alt=\"\" class=\"wp-image-1110\" width=\"971\" height=\"728\" srcset=\"https:\/\/www.explora-project.com\/blog\/wp-content\/uploads\/2022\/03\/IMG_2914-1024x768.jpeg 1024w, https:\/\/www.explora-project.com\/blog\/wp-content\/uploads\/2022\/03\/IMG_2914-300x225.jpeg 300w, https:\/\/www.explora-project.com\/blog\/wp-content\/uploads\/2022\/03\/IMG_2914-768x576.jpeg 768w, https:\/\/www.explora-project.com\/blog\/wp-content\/uploads\/2022\/03\/IMG_2914-1536x1152.jpeg 1536w, https:\/\/www.explora-project.com\/blog\/wp-content\/uploads\/2022\/03\/IMG_2914-2048x1536.jpeg 2048w, https:\/\/www.explora-project.com\/blog\/wp-content\/uploads\/2022\/03\/IMG_2914-960x720.jpeg 960w, https:\/\/www.explora-project.com\/blog\/wp-content\/uploads\/2022\/03\/IMG_2914-640x480.jpeg 640w\" sizes=\"(max-width: 971px) 100vw, 971px\" \/><\/figure><\/div>\n\n\n\n<h4><strong>Une remont\u00e9e face au vent glacial avec, \u00e0 la cl\u00e9, une douce r\u00e9compense<\/strong>&#8230;<\/h4>\n\n\n\n<p>Nous traversons des n\u00e9v\u00e9s et marchons sur des pousses fluorescentes de toute beaut\u00e9. Nous nous endormons au soleil \u00e0 2 reprises, abrit\u00e9s du vent derri\u00e8re de gros rochers, fatigu\u00e9s par cette remont\u00e9e face au vent glacial.<\/p>\n\n\n\n<p>Nous arrivons au <strong>lac Holmsarlon<\/strong> : sa couleur turquoise d\u00e9note dans le paysage. Mon regard est aimant\u00e9 par ses couleurs. Nous prenons la direction de la <strong>source chaude Str\u00fatslau<\/strong> : nous en avons r\u00eav\u00e9 toute la journ\u00e9e. Alors que nous sommes tout pr\u00e8s, une rivi\u00e8re fougueuse nous barre la route : le courant puissant et la profondeur \u00e9vidente, nous emp\u00eachent d\u2019y aller. Nous cherchons des passages possibles un peu plus en amont et en aval mais sans succ\u00e8s. Nous rebroussons chemin dans cette vall\u00e9e glaciaire et devons <strong>admettre la r\u00e9alit\u00e9<\/strong> : nous allons devoir traverser plus d\u2019une dizaine de gu\u00e9s, les uns apr\u00e8s les autres. Ils ne sont pas profonds : par contre ils sont glaciaux au point d\u2019avoir vraiment tr\u00e8s mal.<\/p>\n\n\n\n<p>La r\u00e9compense supr\u00eame vient juste apr\u00e8s : la <strong>source Str\u00fatslau<\/strong> nous offre un bain vraiment chaud auquel on ne r\u00e9siste pas. Le fond de vase, sans visibilit\u00e9, ne nous rebute pas. Nous nous allongeons dans tr\u00e8s peu d\u2019eau tr\u00e8s chaude, en plein soleil, au milieu de cette vall\u00e9e, avec le lac en toile de fond. D\u00e9cid\u00e9ment, les jours se succ\u00e8dent, avec leur <strong>lot de surprises<\/strong>, toutes aussi naturelles les unes que les autres !<\/p>\n\n\n\n<div class=\"wp-block-image\"><figure class=\"aligncenter size-large is-resized\"><img decoding=\"async\" loading=\"lazy\" src=\"https:\/\/www.explora-project.com\/blog\/wp-content\/uploads\/2022\/03\/20210721_161559-1-2-1024x683.jpg\" alt=\"\" class=\"wp-image-1111\" width=\"864\" height=\"576\" srcset=\"https:\/\/www.explora-project.com\/blog\/wp-content\/uploads\/2022\/03\/20210721_161559-1-2-1024x683.jpg 1024w, https:\/\/www.explora-project.com\/blog\/wp-content\/uploads\/2022\/03\/20210721_161559-1-2-300x200.jpg 300w, https:\/\/www.explora-project.com\/blog\/wp-content\/uploads\/2022\/03\/20210721_161559-1-2-768x512.jpg 768w, https:\/\/www.explora-project.com\/blog\/wp-content\/uploads\/2022\/03\/20210721_161559-1-2-1536x1024.jpg 1536w, https:\/\/www.explora-project.com\/blog\/wp-content\/uploads\/2022\/03\/20210721_161559-1-2-2048x1365.jpg 2048w\" sizes=\"(max-width: 864px) 100vw, 864px\" \/><\/figure><\/div>\n\n\n\n<p>La journ\u00e9e se termine au refuge au pied d\u2019un d\u00e9dale de cours d\u2019eau. Quelques 4*4 sur\u00e9lev\u00e9s sont l\u00e0 : je r\u00e9alise soudain que cela fait <strong>4 jours que nous n\u2019avons crois\u00e9 personne<\/strong>. Il fait froid dehors : toujours ce vent glacial qui souffle\u2026 Aussi, voil\u00e0 une \u00e9tape un peu plus confortable qui tombe bien. Nous profitons d\u2019une sommaire et <strong>bienfaitrice<\/strong> <strong>douche chaude<\/strong>. Nos places sont r\u00e9serv\u00e9es dans le dortoir en haut du chalet principal. Nos h\u00f4tes, gardiens b\u00e9n\u00e9voles du refuge, pr\u00e9parent <strong>un barbecue qui excite nos papilles<\/strong>, et nous offrent g\u00e9n\u00e9reusement ce qu\u2019ils ont en trop : les cordons bleus du groupe se d\u00e9brouillent \u00e0 pr\u00e9parer de belles assiettes chaudes constitu\u00e9es de d\u00e9licieuses c\u00f4telettes d\u2019agneau, de pommes de terre et l\u00e9gumes grill\u00e9s.<\/p>\n\n\n\n<p>Curieux de notre diff\u00e9rence, nos h\u00f4tes nous interrogent sur notre parcours et s\u2019\u00e9tonnent avec un brin d\u2019admiration de nous voir engag\u00e9s dans une <strong>aussi longue travers\u00e9e<\/strong>. Le vent soul\u00e8ve beaucoup de poussi\u00e8re dans la vall\u00e9e et les gu\u00e9s devant nous sont nombreux \u00e0 passer sur cette route. Aussi ils nous recommandent un itin\u00e9raire moins expos\u00e9 au d\u00e9part du refuge, que nous allons suivre. Nous sommes touch\u00e9s par <strong>leur pr\u00e9venance et leur gentillesse<\/strong>.<\/p>\n\n\n\n<h4><strong>Ambiance min\u00e9rale \u00e0 perte de vue \u00e0 travers le d\u00e9sert de Maelifellssandur<\/strong>.<\/h4>\n\n\n\n<p>Cette cinqui\u00e8me journ\u00e9e d\u00e9bute par <strong>une tr\u00e8s longue trace dans une zone tr\u00e8s min\u00e9rale<\/strong>. Nous observons au loin le nuage de sable que nous avons \u00e9vit\u00e9. La m\u00e9t\u00e9o est moins belle que les jours pr\u00e9c\u00e9dents : le ciel est gris et les vestes sont de sortie.<\/p>\n\n\n\n<p>En milieu de journ\u00e9e, nous rejoignons la troisi\u00e8me \u00e9tape du trek du Landmannalaugar au niveau du refuge Hvanngil : la longue <strong>travers\u00e9e du d\u00e9sert noir<\/strong> <strong>de Maelifellssandur<\/strong>, o\u00f9 tout est ton sur ton en dehors de nos vestes et protections de sacs \u00e0 dos, est sublime. Le c\u00f4ne solitaire de Maelifell se dresse comme un phare au milieu de cet oc\u00e9an min\u00e9ral : l\u2019atmosph\u00e8re est particuli\u00e8rement aust\u00e8re. J\u2019aime cette <strong>ambiance de fin du monde<\/strong> : les images du film La Route me reviennent. Un immense <strong>sentiment de libert\u00e9<\/strong> m\u2019envahit. Un pas devant l\u2019autre et la plan\u00e8te comme terrain de jeu, tout simplement.<\/p>\n\n\n\n<div class=\"wp-block-image\"><figure class=\"aligncenter size-large is-resized\"><img decoding=\"async\" loading=\"lazy\" src=\"https:\/\/www.explora-project.com\/blog\/wp-content\/uploads\/2022\/03\/J4-053-Desert-1-1024x472.jpg\" alt=\"\" class=\"wp-image-1117\" width=\"1020\" height=\"470\" srcset=\"https:\/\/www.explora-project.com\/blog\/wp-content\/uploads\/2022\/03\/J4-053-Desert-1-1024x472.jpg 1024w, https:\/\/www.explora-project.com\/blog\/wp-content\/uploads\/2022\/03\/J4-053-Desert-1-300x138.jpg 300w, https:\/\/www.explora-project.com\/blog\/wp-content\/uploads\/2022\/03\/J4-053-Desert-1-768x354.jpg 768w, https:\/\/www.explora-project.com\/blog\/wp-content\/uploads\/2022\/03\/J4-053-Desert-1-1536x707.jpg 1536w, https:\/\/www.explora-project.com\/blog\/wp-content\/uploads\/2022\/03\/J4-053-Desert-1-2048x943.jpg 2048w\" sizes=\"(max-width: 1020px) 100vw, 1020px\" \/><\/figure><\/div>\n\n\n\n<p>Notre \u00e9tape se termine sous un crachin au refuge Emstrur Hut. Nous installons nos tentes et nous mettons \u00e0 l\u2019abri sous la tente de mess : heureusement qu\u2019elle existe ! Personne ne se plaint de la m\u00e9t\u00e9o : <strong>c\u2019est \u00e7a l\u2019Islande<\/strong>\u2026<\/p>\n\n\n\n<h4><strong>Des gorges de la Markarflj\u00f3t jusqu\u2019\u00e0 Th\u00f3rsm\u00f6rk<\/strong>.<\/h4>\n\n\n\n<p>Aujourd\u2019hui, nous longeons les <strong>glaciers de M\u00fdrdalsj\u00f6kull et Eyjafjallaj\u00f6kull<\/strong>. Sur la fin, dans la vall\u00e9e, nous serpentons entre des bouleaux nains : ce sont les tout premiers arbres que nous voyons. La fin, \u00e0 l\u2019approche de Basar Hut, para\u00eet m\u00eame bucolique tellement elle est verdoyante : <strong>les fleurs sont partout au bord du chemin<\/strong>.<\/p>\n\n\n\n<p>Cette \u00e9tape est confortable : nous avons un chalet et nous sommes en demi-pension. Ambiance lodge et <strong>petits plaisirs culinaires<\/strong> autour d\u2019une bi\u00e8re. On recharge toutes les batteries d\u2019un coup ! C\u2019est notre deuxi\u00e8me point de ravitaillement : on y retrouve un gros sac plein de provisions toutes fra\u00eeches pour les 2 derni\u00e8res \u00e9tapes ainsi que les <strong>crampons et baudriers<\/strong>. Franck nous aide \u00e0 ajuster le mat\u00e9riel pour pouvoir marcher sur les glaciers demain. Chaque \u00e9tape nous r\u00e9serve son lot de nouveaut\u00e9s.<\/p>\n\n\n\n<div class=\"wp-block-image\"><figure class=\"aligncenter size-large is-resized\"><img decoding=\"async\" loading=\"lazy\" src=\"https:\/\/www.explora-project.com\/blog\/wp-content\/uploads\/2022\/03\/DSC03175-1-1-1024x576.jpg\" alt=\"\" class=\"wp-image-1119\" width=\"988\" height=\"554\" srcset=\"https:\/\/www.explora-project.com\/blog\/wp-content\/uploads\/2022\/03\/DSC03175-1-1-300x169.jpg 300w, https:\/\/www.explora-project.com\/blog\/wp-content\/uploads\/2022\/03\/DSC03175-1-1-768x432.jpg 768w, https:\/\/www.explora-project.com\/blog\/wp-content\/uploads\/2022\/03\/DSC03175-1-1-990x556.jpg 990w\" sizes=\"(max-width: 988px) 100vw, 988px\" \/><\/figure><\/div>\n\n\n\n<h4><strong>Nous avons rendez-vous avec les g\u00e9ants de glace mais pluie battante et vent sont au menu\u2026 une chute de neige est attendue en altitude !<\/strong><\/h4>\n\n\n\n<p>Au niveau du refuge Fimmv\u00f6rduhals Hut, nous h\u00e9sitons sur l\u2019itin\u00e9raire. Tandis que nous remontons le lit de la rivi\u00e8re dans les grosses pierres polies par le courant jusqu\u2019\u00e0 un pont mobile sur roues, un gros 4*4 bleu, avec ses tr\u00e8s gros pneus hauts et son pot d\u2019\u00e9chappement qui d\u00e9passe du toit, nous fait une <strong>d\u00e9monstration de passage de gu\u00e9<\/strong> : il plonge litt\u00e9ralement dans l\u2019eau et remonte le courant, la partie basse des porti\u00e8res sous l\u2019eau. Alors qu\u2019il reste un gu\u00e9 \u00e0 passer, un 4*4 se pr\u00e9sente et semble prendre le m\u00eame chemin que nous : Morgane lui fait signe et n\u00e9gocie si efficacement que nous voil\u00e0 invit\u00e9s et m\u00eame aid\u00e9s \u00e0 monter sur la plateforme arri\u00e8re. Nous traversons ce dernier gu\u00e9 bien au sec, pas peu fiers et <strong>bien amus\u00e9s par l\u2019exp\u00e9rience<\/strong>.&nbsp;<\/p>\n\n\n\n<p>Apr\u00e8s une longue descente le long de la rivi\u00e8re, <strong>nous commen\u00e7ons l&rsquo;ascension<\/strong>. Le chemin suit une cr\u00eate <strong>au pied d\u2019un volcan<\/strong> : j\u2019adore ces passages a\u00e9riens mais malheureusement la m\u00e9t\u00e9o g\u00e2che un peu le plaisir. Nous atteignons ensuite un <strong>passage un peu technique<\/strong> o\u00f9 il nous faut nous aider des mains. \u00c0 ce stade l\u00e0 nous commen\u00e7ons \u00e0 \u00eatre mouill\u00e9s et \u00e0 ressentir le froid mordant : nous ne nous sommes pas pr\u00e9par\u00e9s ce matin pour cette m\u00e9t\u00e9o. Aussi, au premier abri possible, je sors le pantalon de pluie, le bonnet et les gants.<\/p>\n\n\n\n<div class=\"wp-block-image\"><figure class=\"aligncenter size-large\"><img decoding=\"async\" loading=\"lazy\" width=\"1024\" height=\"470\" src=\"https:\/\/www.explora-project.com\/blog\/wp-content\/uploads\/2022\/03\/IMG_2908-1-1024x470.jpg\" alt=\"\" class=\"wp-image-1120\" srcset=\"https:\/\/www.explora-project.com\/blog\/wp-content\/uploads\/2022\/03\/IMG_2908-1-1024x470.jpg 1024w, https:\/\/www.explora-project.com\/blog\/wp-content\/uploads\/2022\/03\/IMG_2908-1-300x138.jpg 300w, https:\/\/www.explora-project.com\/blog\/wp-content\/uploads\/2022\/03\/IMG_2908-1-768x352.jpg 768w, https:\/\/www.explora-project.com\/blog\/wp-content\/uploads\/2022\/03\/IMG_2908-1-1536x705.jpg 1536w, https:\/\/www.explora-project.com\/blog\/wp-content\/uploads\/2022\/03\/IMG_2908-1-2048x939.jpg 2048w\" sizes=\"(max-width: 1024px) 100vw, 1024px\" \/><\/figure><\/div>\n\n\n\n<p>Un autre passage un peu technique se pr\u00e9sente \u00e0 nous tout en continuant \u00e0 monter jusqu\u2019\u00e0 atteindre une altitude o\u00f9 tout est absolument blanc sauf quelques amas et blocs de lave. Franck a du mal \u00e0 trouver le bon itin\u00e9raire dans ces <strong>conditions de faible visibilit\u00e9<\/strong> : les piquets jaunes sont difficiles \u00e0 localiser dans le brouillard. Apr\u00e8s une marche qui me para\u00eet interminable, nous atteignons le refuge : il est situ\u00e9 au milieu des 2 glaciers que nous ne discernons malheureusement pas. J\u2019ai les chaussettes et sous-v\u00eatements tremp\u00e9s : la pluie fine p\u00e9n\u00e8tre partout.&nbsp;<\/p>\n\n\n\n<p>La gardienne du refuge nous accueille et nous demande de nous d\u00e9v\u00eatir dans l\u2019entr\u00e9e : elle nous propose de nous mettre au chaud dans la pi\u00e8ce unique o\u00f9 d\u2019autres randonneurs sont d\u00e9j\u00e0 en train d\u2019attendre. Les v\u00eatements sont \u00e9tendus partout. Un petit po\u00eale a du mal \u00e0 fonctionner. Nous ne sommes vraiment pas frais mais <strong>l\u2019\u00e9quipe a le sourire<\/strong>. La gardienne nous avertit bien vite qu\u2019une chute de neige est attendue ; que dormir sous tentes dans ces conditions ne va pas \u00eatre une partie de plaisir ; qu\u2019elle n\u2019est pas certaine de pouvoir nous garder au refuge cette nuit car elle attend d\u2019autres randonneurs qui ont r\u00e9serv\u00e9. Nous prenons la d\u00e9cision de repartir, apr\u00e8s nous \u00eatre restaur\u00e9s, pour nous mettre \u00e0 l\u2019abri plus bas.<br>La fin de cette journ\u00e9e me para\u00eet interminable : nous doublons l\u2019\u00e9tape, avec <strong>27 km et +\/- 1300m de d\u00e9nivel\u00e9 en 11 heures<\/strong> de marche. Fort heureusement, ce n&rsquo;est que de la descente en pente douce : nous sortons assez rapidement des conditions m\u00e9t\u00e9o difficiles et n\u2019avons de cesse de marcher le long de la gorge profonde form\u00e9e par la rivi\u00e8re Skoga. Quand nous atteignons la spectaculaire cascade Sk\u00f3gafoss, plus personne n\u2019est motiv\u00e9 pour planter sa tente.<\/p>\n\n\n\n<h4><strong>Au total nous avons march\u00e9 137 km pendant 7 jours, entre failles, canyons, rivi\u00e8res, volcans, glaciers, d\u00e9serts&#8230; et pass\u00e9 une soixantaine de gu\u00e9s.<\/strong><\/h4>\n\n\n\n<p>Nous avons trouv\u00e9 que l\u2019itin\u00e9raire \u00e9tait bien trac\u00e9, r\u00e9servant son <strong>lot de surprises quotidiennes<\/strong>, pr\u00e9voyant des \u00e9tapes plus confortables pour recharger les batteries. Nous avons tous exp\u00e9riment\u00e9 l\u2019itin\u00e9rance \u00e0 pied, en autonomie et <strong>beaucoup appris<\/strong> pour pouvoir renouveler l\u2019exp\u00e9rience.&nbsp;Nous avons \u00e9t\u00e9 <strong>\u00e9blouis par des paysages \u00e0 couper le souffle<\/strong> aussi incroyablement divers que grandioses. Nous avons profit\u00e9 d\u2019une m\u00e9t\u00e9o sublime sur plus de la moiti\u00e9 de la travers\u00e9e et en particulier sur les \u00e9tapes de bivouac. La premi\u00e8re partie de cette travers\u00e9e est tr\u00e8s sauvage, peu parcourue : j\u2019y conserve <strong>mes plus beaux souvenirs<\/strong>.<\/p>\n\n\n\n<div class=\"wp-block-image\"><figure class=\"aligncenter size-large is-resized\"><img decoding=\"async\" loading=\"lazy\" src=\"https:\/\/www.explora-project.com\/blog\/wp-content\/uploads\/2022\/03\/DSC02995-1-1000x1024.jpg\" alt=\"\" class=\"wp-image-1121\" width=\"622\" height=\"637\" srcset=\"https:\/\/www.explora-project.com\/blog\/wp-content\/uploads\/2022\/03\/DSC02995-1-1000x1024.jpg 1000w, https:\/\/www.explora-project.com\/blog\/wp-content\/uploads\/2022\/03\/DSC02995-1-293x300.jpg 293w, https:\/\/www.explora-project.com\/blog\/wp-content\/uploads\/2022\/03\/DSC02995-1-768x787.jpg 768w, https:\/\/www.explora-project.com\/blog\/wp-content\/uploads\/2022\/03\/DSC02995-1-1500x1536.jpg 1500w, https:\/\/www.explora-project.com\/blog\/wp-content\/uploads\/2022\/03\/DSC02995-1-2000x2048.jpg 2000w\" sizes=\"(max-width: 622px) 100vw, 622px\" \/><\/figure><\/div>\n\n\n\n<h6><br>Participants : Franck Junod (guide Explora Project), Julie Alias, Morgane et G\u00e9rard Cren, Lo\u00efc Muddu, Denis Vallet, C\u00e9cile Mailhos.<br>Exp\u00e9dition : <a rel=\"noreferrer noopener\" href=\"https:\/\/www.explora-project.com\/expeditions\/volcans-et-glaciers-d-islande\" target=\"_blank\">Volcans et glaciers d&rsquo;Islande<\/a>.<br>Le blog de C\u00e9cile Mailhos : <a rel=\"noreferrer noopener\" href=\"https:\/\/www.alarencontredelhorizon.fr\/\" target=\"_blank\">Alarencontredelhorizon.fr<\/a><\/h6>\n","protected":false},"excerpt":{"rendered":"<p>Cet article est le r\u00e9cit d&rsquo;aventure de C\u00e9cile Carnimolla Mailhos, participante sur l&rsquo;exp\u00e9dition Volcans &amp; glaciers d&rsquo;Islande, en juillet 2021. Texte et photos de C\u00e9cile Carnimolla Mailhos Cette travers\u00e9e est<a href=\"https:\/\/www.explora-project.com\/blog\/articles\/traversee-des-hautes-terres-islandaises-entre-volcans-et-glaciers\" class=\"more-link\"><span class=\"readmore\">Continuer \u00e0 lire&#8230;<span class=\"screen-reader-text\">Travers\u00e9e des hautes terres islandaises entre volcans et glaciers<\/span><\/span><\/a><\/p>\n","protected":false},"author":14,"featured_media":1102,"comment_status":"closed","ping_status":"closed","sticky":false,"template":"","format":"standard","meta":[],"categories":[3],"tags":[177,37,151,67,172,171,53,166,113,173,174,175,176,158],"yoast_head":"<!-- This site is optimized with the Yoast SEO plugin v19.10 - https:\/\/yoast.com\/wordpress\/plugins\/seo\/ -->\n<title>Travers\u00e9e des hautes terres islandaises entre volcans et glaciers - Journal d&#039;Explora Project<\/title>\n<meta name=\"robots\" content=\"index, follow, max-snippet:-1, max-image-preview:large, max-video-preview:-1\" \/>\n<link rel=\"canonical\" href=\"https:\/\/www.explora-project.com\/blog\/articles\/traversee-des-hautes-terres-islandaises-entre-volcans-et-glaciers\" \/>\n<meta property=\"og:locale\" content=\"fr_FR\" \/>\n<meta property=\"og:type\" content=\"article\" \/>\n<meta property=\"og:title\" content=\"Travers\u00e9e des hautes terres islandaises entre volcans et glaciers - Journal d&#039;Explora Project\" \/>\n<meta property=\"og:description\" content=\"Cet article est le r\u00e9cit d&rsquo;aventure de C\u00e9cile Carnimolla Mailhos, participante sur l&rsquo;exp\u00e9dition Volcans &amp; glaciers d&rsquo;Islande, en juillet 2021. Texte et photos de C\u00e9cile Carnimolla Mailhos Cette travers\u00e9e estContinuer \u00e0 lire...Travers\u00e9e des hautes terres islandaises entre volcans et glaciers\" \/>\n<meta property=\"og:url\" content=\"https:\/\/www.explora-project.com\/blog\/articles\/traversee-des-hautes-terres-islandaises-entre-volcans-et-glaciers\" \/>\n<meta property=\"og:site_name\" content=\"Journal d&#039;Explora Project\" \/>\n<meta property=\"article:published_time\" content=\"2023-01-05T15:50:00+00:00\" \/>\n<meta property=\"article:modified_time\" content=\"2023-01-11T10:15:04+00:00\" \/>\n<meta property=\"og:image\" content=\"https:\/\/www.explora-project.com\/blog\/wp-content\/uploads\/2022\/03\/IMG_2908-min-scaled.jpeg\" \/>\n\t<meta property=\"og:image:width\" content=\"2560\" \/>\n\t<meta property=\"og:image:height\" content=\"1341\" \/>\n\t<meta property=\"og:image:type\" content=\"image\/jpeg\" \/>\n<meta name=\"author\" content=\"C\u00e9cile Mailhos\" \/>\n<meta name=\"twitter:card\" content=\"summary_large_image\" \/>\n<meta name=\"twitter:label1\" content=\"Written by\" \/>\n\t<meta name=\"twitter:data1\" content=\"C\u00e9cile Mailhos\" \/>\n\t<meta name=\"twitter:label2\" content=\"Est. reading time\" \/>\n\t<meta name=\"twitter:data2\" content=\"15 minutes\" \/>\n<script type=\"application\/ld+json\" class=\"yoast-schema-graph\">{\"@context\":\"https:\/\/schema.org\",\"@graph\":[{\"@type\":\"WebPage\",\"@id\":\"https:\/\/www.explora-project.com\/blog\/articles\/traversee-des-hautes-terres-islandaises-entre-volcans-et-glaciers\",\"url\":\"https:\/\/www.explora-project.com\/blog\/articles\/traversee-des-hautes-terres-islandaises-entre-volcans-et-glaciers\",\"name\":\"Travers\u00e9e des hautes terres islandaises entre volcans et glaciers - Journal d&#039;Explora Project\",\"isPartOf\":{\"@id\":\"https:\/\/www.explora-project.com\/blog\/#website\"},\"datePublished\":\"2023-01-05T15:50:00+00:00\",\"dateModified\":\"2023-01-11T10:15:04+00:00\",\"author\":{\"@id\":\"https:\/\/www.explora-project.com\/blog\/#\/schema\/person\/7cc85d9d060d180a0438fe3cbf3079d6\"},\"breadcrumb\":{\"@id\":\"https:\/\/www.explora-project.com\/blog\/articles\/traversee-des-hautes-terres-islandaises-entre-volcans-et-glaciers#breadcrumb\"},\"inLanguage\":\"fr-FR\",\"potentialAction\":[{\"@type\":\"ReadAction\",\"target\":[\"https:\/\/www.explora-project.com\/blog\/articles\/traversee-des-hautes-terres-islandaises-entre-volcans-et-glaciers\"]}]},{\"@type\":\"BreadcrumbList\",\"@id\":\"https:\/\/www.explora-project.com\/blog\/articles\/traversee-des-hautes-terres-islandaises-entre-volcans-et-glaciers#breadcrumb\",\"itemListElement\":[{\"@type\":\"ListItem\",\"position\":1,\"name\":\"Home\",\"item\":\"https:\/\/www.explora-project.com\/blog\"},{\"@type\":\"ListItem\",\"position\":2,\"name\":\"Travers\u00e9e des hautes terres islandaises entre volcans et glaciers\"}]},{\"@type\":\"WebSite\",\"@id\":\"https:\/\/www.explora-project.com\/blog\/#website\",\"url\":\"https:\/\/www.explora-project.com\/blog\/\",\"name\":\"Journal d&#039;Explora Project\",\"description\":\"Actualit\u00e9s \u00e0 la une\",\"potentialAction\":[{\"@type\":\"SearchAction\",\"target\":{\"@type\":\"EntryPoint\",\"urlTemplate\":\"https:\/\/www.explora-project.com\/blog\/?s={search_term_string}\"},\"query-input\":\"required name=search_term_string\"}],\"inLanguage\":\"fr-FR\"},{\"@type\":\"Person\",\"@id\":\"https:\/\/www.explora-project.com\/blog\/#\/schema\/person\/7cc85d9d060d180a0438fe3cbf3079d6\",\"name\":\"C\u00e9cile Mailhos\",\"image\":{\"@type\":\"ImageObject\",\"inLanguage\":\"fr-FR\",\"@id\":\"https:\/\/www.explora-project.com\/blog\/#\/schema\/person\/image\/\",\"url\":\"https:\/\/www.explora-project.com\/blog\/wp-content\/uploads\/2022\/11\/cropped-cecilemailhos-96x96.jpeg\",\"contentUrl\":\"https:\/\/www.explora-project.com\/blog\/wp-content\/uploads\/2022\/11\/cropped-cecilemailhos-96x96.jpeg\",\"caption\":\"C\u00e9cile Mailhos\"},\"url\":\"https:\/\/www.explora-project.com\/blog\/articles\/author\/cecilemailhosyahoo-fr\"}]}<\/script>\n<!-- \/ Yoast SEO plugin. -->","yoast_head_json":{"title":"Travers\u00e9e des hautes terres islandaises entre volcans et glaciers - Journal d&#039;Explora Project","robots":{"index":"index","follow":"follow","max-snippet":"max-snippet:-1","max-image-preview":"max-image-preview:large","max-video-preview":"max-video-preview:-1"},"canonical":"https:\/\/www.explora-project.com\/blog\/articles\/traversee-des-hautes-terres-islandaises-entre-volcans-et-glaciers","og_locale":"fr_FR","og_type":"article","og_title":"Travers\u00e9e des hautes terres islandaises entre volcans et glaciers - Journal d&#039;Explora Project","og_description":"Cet article est le r\u00e9cit d&rsquo;aventure de C\u00e9cile Carnimolla Mailhos, participante sur l&rsquo;exp\u00e9dition Volcans &amp; glaciers d&rsquo;Islande, en juillet 2021. Texte et photos de C\u00e9cile Carnimolla Mailhos Cette travers\u00e9e estContinuer \u00e0 lire...Travers\u00e9e des hautes terres islandaises entre volcans et glaciers","og_url":"https:\/\/www.explora-project.com\/blog\/articles\/traversee-des-hautes-terres-islandaises-entre-volcans-et-glaciers","og_site_name":"Journal d&#039;Explora Project","article_published_time":"2023-01-05T15:50:00+00:00","article_modified_time":"2023-01-11T10:15:04+00:00","og_image":[{"width":2560,"height":1341,"url":"https:\/\/www.explora-project.com\/blog\/wp-content\/uploads\/2022\/03\/IMG_2908-min-scaled.jpeg","type":"image\/jpeg"}],"author":"C\u00e9cile Mailhos","twitter_card":"summary_large_image","twitter_misc":{"Written by":"C\u00e9cile Mailhos","Est. reading time":"15 minutes"},"schema":{"@context":"https:\/\/schema.org","@graph":[{"@type":"WebPage","@id":"https:\/\/www.explora-project.com\/blog\/articles\/traversee-des-hautes-terres-islandaises-entre-volcans-et-glaciers","url":"https:\/\/www.explora-project.com\/blog\/articles\/traversee-des-hautes-terres-islandaises-entre-volcans-et-glaciers","name":"Travers\u00e9e des hautes terres islandaises entre volcans et glaciers - Journal d&#039;Explora Project","isPartOf":{"@id":"https:\/\/www.explora-project.com\/blog\/#website"},"datePublished":"2023-01-05T15:50:00+00:00","dateModified":"2023-01-11T10:15:04+00:00","author":{"@id":"https:\/\/www.explora-project.com\/blog\/#\/schema\/person\/7cc85d9d060d180a0438fe3cbf3079d6"},"breadcrumb":{"@id":"https:\/\/www.explora-project.com\/blog\/articles\/traversee-des-hautes-terres-islandaises-entre-volcans-et-glaciers#breadcrumb"},"inLanguage":"fr-FR","potentialAction":[{"@type":"ReadAction","target":["https:\/\/www.explora-project.com\/blog\/articles\/traversee-des-hautes-terres-islandaises-entre-volcans-et-glaciers"]}]},{"@type":"BreadcrumbList","@id":"https:\/\/www.explora-project.com\/blog\/articles\/traversee-des-hautes-terres-islandaises-entre-volcans-et-glaciers#breadcrumb","itemListElement":[{"@type":"ListItem","position":1,"name":"Home","item":"https:\/\/www.explora-project.com\/blog"},{"@type":"ListItem","position":2,"name":"Travers\u00e9e des hautes terres islandaises entre volcans et glaciers"}]},{"@type":"WebSite","@id":"https:\/\/www.explora-project.com\/blog\/#website","url":"https:\/\/www.explora-project.com\/blog\/","name":"Journal d&#039;Explora Project","description":"Actualit\u00e9s \u00e0 la une","potentialAction":[{"@type":"SearchAction","target":{"@type":"EntryPoint","urlTemplate":"https:\/\/www.explora-project.com\/blog\/?s={search_term_string}"},"query-input":"required name=search_term_string"}],"inLanguage":"fr-FR"},{"@type":"Person","@id":"https:\/\/www.explora-project.com\/blog\/#\/schema\/person\/7cc85d9d060d180a0438fe3cbf3079d6","name":"C\u00e9cile Mailhos","image":{"@type":"ImageObject","inLanguage":"fr-FR","@id":"https:\/\/www.explora-project.com\/blog\/#\/schema\/person\/image\/","url":"https:\/\/www.explora-project.com\/blog\/wp-content\/uploads\/2022\/11\/cropped-cecilemailhos-96x96.jpeg","contentUrl":"https:\/\/www.explora-project.com\/blog\/wp-content\/uploads\/2022\/11\/cropped-cecilemailhos-96x96.jpeg","caption":"C\u00e9cile Mailhos"},"url":"https:\/\/www.explora-project.com\/blog\/articles\/author\/cecilemailhosyahoo-fr"}]}},"_links":{"self":[{"href":"https:\/\/www.explora-project.com\/blog\/wp-json\/wp\/v2\/posts\/1093"}],"collection":[{"href":"https:\/\/www.explora-project.com\/blog\/wp-json\/wp\/v2\/posts"}],"about":[{"href":"https:\/\/www.explora-project.com\/blog\/wp-json\/wp\/v2\/types\/post"}],"author":[{"embeddable":true,"href":"https:\/\/www.explora-project.com\/blog\/wp-json\/wp\/v2\/users\/14"}],"replies":[{"embeddable":true,"href":"https:\/\/www.explora-project.com\/blog\/wp-json\/wp\/v2\/comments?post=1093"}],"version-history":[{"count":17,"href":"https:\/\/www.explora-project.com\/blog\/wp-json\/wp\/v2\/posts\/1093\/revisions"}],"predecessor-version":[{"id":1145,"href":"https:\/\/www.explora-project.com\/blog\/wp-json\/wp\/v2\/posts\/1093\/revisions\/1145"}],"wp:featuredmedia":[{"embeddable":true,"href":"https:\/\/www.explora-project.com\/blog\/wp-json\/wp\/v2\/media\/1102"}],"wp:attachment":[{"href":"https:\/\/www.explora-project.com\/blog\/wp-json\/wp\/v2\/media?parent=1093"}],"wp:term":[{"taxonomy":"category","embeddable":true,"href":"https:\/\/www.explora-project.com\/blog\/wp-json\/wp\/v2\/categories?post=1093"},{"taxonomy":"post_tag","embeddable":true,"href":"https:\/\/www.explora-project.com\/blog\/wp-json\/wp\/v2\/tags?post=1093"}],"curies":[{"name":"wp","href":"https:\/\/api.w.org\/{rel}","templated":true}]}}