{"id":105,"date":"2023-01-25T12:23:29","date_gmt":"2023-01-25T11:23:29","guid":{"rendered":"https:\/\/staging.explora-project.com\/blog\/articles\/elbrouz-le-toit-de-l-europe"},"modified":"2023-02-22T14:12:22","modified_gmt":"2023-02-22T13:12:22","slug":"elbrouz-le-toit-de-l-europe","status":"publish","type":"post","link":"https:\/\/www.explora-project.com\/blog\/articles\/elbrouz-le-toit-de-l-europe","title":{"rendered":"Mont Elbrouz, le toit de l&rsquo;Europe"},"content":{"rendered":"<div>\u201cElbrouz\u201d, un mot loin d\u2019\u00eatre familier, qui sonne presque faux, pour une bonne partie des 740 millions d\u2019habitants de notre vieux continent. Et pourtant, l\u2019Elbrouz, c\u2019est 5.642 m\u00e8tres, et c\u2019est le toit commun qu\u2019on partage, le haut de la chemin\u00e9e. J\u2019ai toujours trouv\u00e9 \u00e7a surprenant, j\u2019ai toujours voulu voir ce \u00e0 quoi \u00e7a pouvait ressembler. On est trois dans l\u2019\u00e9quipage et d\u00e9j\u00e0 presque essouffl\u00e9s apr\u00e8s une nuit compl\u00e8te d\u2019attente au poste fronti\u00e8re de Kazbegi. En effet, le meilleur moyen pour un \u00e9tranger d\u2019arriver \u00e0 Terskol, village d\u00e9part de l\u2019ascension, reste par la G\u00e9orgie (sinon, comptez 23 heures de route au d\u00e9part de Moscou). Une fois sur place, le vrai challenge commence : trouver quelqu\u2019un avec des bases d\u2019Anglais, capable de nous aider \u00e0 nous inscrire l\u00e9galement au registre du parc National, et r\u00e9server les nuits en refuge un peu plus haut (Ksenia, merci pour tout !).<\/p>\n<\/div>\n<div>Premier vrai sommet pour tous les trois, en terrain inconnu, avec une exp\u00e9rience en altitude d\u00e9risoire ou presque, une incompr\u00e9hension totale de l\u2019alphabet cyrillique, et aucune id\u00e9e de ce qui peut bien nous attendre dans les jours qui suivent. Mais heureux d\u2019y \u00eatre, press\u00e9s d\u2019en apprendre un peu plus sur le sujet, sur nous-m\u00eame, et sur tout le reste. La rando quoi !<\/p>\n<p>La petite marche le long de la rivi\u00e8re Baksan qui m\u00e8ne vers Azau (2.300m) d\u00e9limite la fin de la partie civilis\u00e9e du p\u00e9riple : derni\u00e8res habitations, derniers commerces et derni\u00e8res nuances de verdures dans une sorte de mini station de ski \u00e0 l\u2019ancienne, comme on en trouve m\u00eame plus en Auvergne. Et puis, \u00e7a commence \u00e0 grimper gentiment, dans un d\u00e9cor un peu martien, \u00e0 base de roches et de graviers, sous un soleil de plomb. Rien de tr\u00e8s sexy, mais tout ce qu\u2019on peut attendre d\u2019un volcan qui fait la sieste. \u00c7a continue comme cela jusque 3.720m avec l\u2019arriv\u00e9e au refuge de Garabashi, ses fameuses \u201cHuts\u201d cylindriques devenues presque aussi c\u00e9l\u00e8bres que ses toilettes (\u201cles plus dangereux du monde\u201d si l\u2019on en croit la l\u00e9gende), et surtout, le d\u00e9but de la neige et du cramponnage.<\/p>\n<\/div>\n<div>La Russie, en tout cas par ici, c\u2019est le syst\u00e8me D, c\u2019est une p\u00e9pite naturelle que sa population refuserait presque de voir \u00e9voluer, surtout pas gr\u00e2ce au tourisme. C\u2019est un retour dans les ann\u00e9es 80 et on ne te remercie m\u00eame pas d\u2019\u00eatre venu. Mais c\u2019est du caract\u00e8re, c\u2019est de l\u2019authenticit\u00e9, de l\u2019humilit\u00e9 et \u00e7a en fait tout son charme !<\/p>\n<p>On pose nos sacs pour 3 nuits : 2 jours d\u2019acclimatation, entre la convivialit\u00e9 des huttes et le dernier plateau, 700 m\u00e8tres plus haut. On prend donc le temps de s\u2019entraider et se mettre un peu dans le rouge en d\u00e9buts de journ\u00e9es, puis de se poignarder dans le dos avec un jeu de 54 cartes l\u2019apr\u00e8s-midi. Si nous ne finirons certainement pas Roi de la chaine du Caucase, nous aurons \u00e9t\u00e9 pr\u00e9sident chacun notre tour pendant plusieurs parties !<\/p>\n<\/div>\n<div>\n<strong>\u00ab Sur le plus haut tr\u00f4ne du monde, un roi n&rsquo;est jamais assis que sur son cul. C&rsquo;est pourquoi la royaut\u00e9, pour l&rsquo;esprit, n&rsquo;est rien. \u00bb Montaigne.<br \/>\n<\/strong><\/div>\n<div>Soleil de plomb, pas de nuages en vue, vent minimal&#8230; On tente l\u2019ascension lors de la troisi\u00e8me nuit. 1h \u00e0 la montre, frontales, b\u00e2tons, piolet pour avoir l\u2019air r\u00e9glos, et on s\u2019attaque au mur blanc qu\u2019on devine \u00e0 peine malgr\u00e9 cette pluie d\u2019\u00e9toiles ! On finira par trouver notre rythme de croisi\u00e8re apr\u00e8s quelques mises au point : marche synchronis\u00e9e \u00e0 travers une multitude de lacets enneig\u00e9s qu\u2019on se laisse la libert\u00e9 de dessiner, le serpent est en route.<\/p>\n<\/div>\n<div>12heures aller-retour ! Une st\u00e8le au sommet, toute petite, qui s\u2019excuserai presque de prendre un peu de place, et une vue imprenable sur tout le Caucase, qui vaut chacun de nos pas et m\u00eame un peu plus. Et surtout, une amiti\u00e9 bien ficel\u00e9e, comme entre trois potes qui se craqueraient une bi\u00e8re bien fraiche sur le toit d\u2019un appart\u2019 parisien un soir d\u2019\u00e9t\u00e9, mais cette fois, toute en haut de l\u2019Europe, bien au-dessus du dernier \u00e9tage et de l\u2019ancienne chambre de bonne !<\/p>\n<\/div>\n<div>Une Ode \u00e0 l\u2019amiti\u00e9, \u00e0 l\u2019incertitude, \u00e0 la d\u00e9couverte et \u00e0 l\u2019envie, comme il en existe un peu partout, mais jamais assez. On redescendra en T-shirt, avec un petit mal de crane et la discographie de Mobb Deep, Lomepal, Marvin Gaye et Oxmo, pour ne pas oublier pourquoi on s\u2019entend si bien et pourquoi on a eu envie de s\u2019\u00e9vader ensemble. Le plus dr\u00f4le dans tout \u00e7a, c\u2019est de se rendre compte que le touriste se fait rare au sommet du continent le plus visit\u00e9 au monde&#8230;<\/div>\n<div>&nbsp;<\/div>\n<div>\n<strong>Antoine Rogez<br \/>\n<\/strong><\/div>\n<div><a href=\"https:\/\/www.instagram.com\/antoinerogez\/\">@antoinerogez<\/a><\/div>\n","protected":false},"excerpt":{"rendered":"<p>\u201cElbrouz\u201d, un mot loin d\u2019\u00eatre familier, qui sonne presque faux, pour une bonne partie des 740 millions d\u2019habitants de notre vieux continent. Et pourtant, l\u2019Elbrouz, c\u2019est 5.642 m\u00e8tres, et c\u2019est<a href=\"https:\/\/www.explora-project.com\/blog\/articles\/elbrouz-le-toit-de-l-europe\" class=\"more-link\"><span class=\"readmore\">Continuer \u00e0 lire&#8230;<span class=\"screen-reader-text\">Mont Elbrouz, le toit de l&rsquo;Europe<\/span><\/span><\/a><\/p>\n","protected":false},"author":1,"featured_media":106,"comment_status":"closed","ping_status":"open","sticky":false,"template":"","format":"standard","meta":[],"categories":[3],"tags":[],"yoast_head":"<!-- This site is optimized with the Yoast SEO plugin v19.10 - https:\/\/yoast.com\/wordpress\/plugins\/seo\/ -->\n<title>Mont Elbrouz, le toit de l&#039;Europe - Journal d&#039;Explora Project<\/title>\n<meta name=\"description\" content=\"Le Mont Elbrouz, est un volcan inactif situ\u00e9 dans la partie oust des montagnes du Caucase.C&#039;est le plus haut sommet de l&#039;Europe.\" \/>\n<meta name=\"robots\" content=\"index, follow, max-snippet:-1, max-image-preview:large, max-video-preview:-1\" \/>\n<link rel=\"canonical\" href=\"https:\/\/www.explora-project.com\/blog\/articles\/elbrouz-le-toit-de-l-europe\" \/>\n<meta property=\"og:locale\" content=\"fr_FR\" \/>\n<meta property=\"og:type\" content=\"article\" \/>\n<meta property=\"og:title\" content=\"Mont Elbrouz, le toit de l&#039;Europe - Journal d&#039;Explora Project\" \/>\n<meta property=\"og:description\" content=\"Le Mont Elbrouz, est un volcan inactif situ\u00e9 dans la partie oust des montagnes du Caucase.C&#039;est le plus haut sommet de l&#039;Europe.\" \/>\n<meta property=\"og:url\" content=\"https:\/\/www.explora-project.com\/blog\/articles\/elbrouz-le-toit-de-l-europe\" \/>\n<meta property=\"og:site_name\" content=\"Journal d&#039;Explora Project\" \/>\n<meta property=\"article:published_time\" content=\"2023-01-25T11:23:29+00:00\" \/>\n<meta property=\"article:modified_time\" content=\"2023-02-22T13:12:22+00:00\" \/>\n<meta property=\"og:image\" content=\"https:\/\/www.explora-project.com\/blog\/wp-content\/uploads\/2021\/11\/epVNUtDG4URmpbyJjeiLhChn\" \/>\n\t<meta property=\"og:image:width\" content=\"596\" \/>\n\t<meta property=\"og:image:height\" content=\"470\" \/>\n\t<meta property=\"og:image:type\" content=\"image\/png\" \/>\n<meta name=\"author\" content=\"berpj\" \/>\n<meta name=\"twitter:card\" content=\"summary_large_image\" \/>\n<meta name=\"twitter:label1\" content=\"Written by\" \/>\n\t<meta name=\"twitter:data1\" content=\"berpj\" \/>\n\t<meta name=\"twitter:label2\" content=\"Est. reading time\" \/>\n\t<meta name=\"twitter:data2\" content=\"4 minutes\" \/>\n<script type=\"application\/ld+json\" class=\"yoast-schema-graph\">{\"@context\":\"https:\/\/schema.org\",\"@graph\":[{\"@type\":\"WebPage\",\"@id\":\"https:\/\/www.explora-project.com\/blog\/articles\/elbrouz-le-toit-de-l-europe\",\"url\":\"https:\/\/www.explora-project.com\/blog\/articles\/elbrouz-le-toit-de-l-europe\",\"name\":\"Mont Elbrouz, le toit de l'Europe - Journal d&#039;Explora Project\",\"isPartOf\":{\"@id\":\"https:\/\/www.explora-project.com\/blog\/#website\"},\"datePublished\":\"2023-01-25T11:23:29+00:00\",\"dateModified\":\"2023-02-22T13:12:22+00:00\",\"author\":{\"@id\":\"https:\/\/www.explora-project.com\/blog\/#\/schema\/person\/d2869e7550f6db5bba33470d64e818cb\"},\"description\":\"Le Mont Elbrouz, est un volcan inactif situ\u00e9 dans la partie oust des montagnes du Caucase.C'est le plus haut sommet de l'Europe.\",\"breadcrumb\":{\"@id\":\"https:\/\/www.explora-project.com\/blog\/articles\/elbrouz-le-toit-de-l-europe#breadcrumb\"},\"inLanguage\":\"fr-FR\",\"potentialAction\":[{\"@type\":\"ReadAction\",\"target\":[\"https:\/\/www.explora-project.com\/blog\/articles\/elbrouz-le-toit-de-l-europe\"]}]},{\"@type\":\"BreadcrumbList\",\"@id\":\"https:\/\/www.explora-project.com\/blog\/articles\/elbrouz-le-toit-de-l-europe#breadcrumb\",\"itemListElement\":[{\"@type\":\"ListItem\",\"position\":1,\"name\":\"Home\",\"item\":\"https:\/\/www.explora-project.com\/blog\"},{\"@type\":\"ListItem\",\"position\":2,\"name\":\"Mont Elbrouz, le toit de l&rsquo;Europe\"}]},{\"@type\":\"WebSite\",\"@id\":\"https:\/\/www.explora-project.com\/blog\/#website\",\"url\":\"https:\/\/www.explora-project.com\/blog\/\",\"name\":\"Journal d&#039;Explora Project\",\"description\":\"Actualit\u00e9s \u00e0 la une\",\"potentialAction\":[{\"@type\":\"SearchAction\",\"target\":{\"@type\":\"EntryPoint\",\"urlTemplate\":\"https:\/\/www.explora-project.com\/blog\/?s={search_term_string}\"},\"query-input\":\"required name=search_term_string\"}],\"inLanguage\":\"fr-FR\"},{\"@type\":\"Person\",\"@id\":\"https:\/\/www.explora-project.com\/blog\/#\/schema\/person\/d2869e7550f6db5bba33470d64e818cb\",\"name\":\"berpj\",\"image\":{\"@type\":\"ImageObject\",\"inLanguage\":\"fr-FR\",\"@id\":\"https:\/\/www.explora-project.com\/blog\/#\/schema\/person\/image\/\",\"url\":\"https:\/\/www.explora-project.com\/blog\/wp-includes\/images\/blank.gif\",\"contentUrl\":\"https:\/\/www.explora-project.com\/blog\/wp-includes\/images\/blank.gif\",\"caption\":\"berpj\"},\"sameAs\":[\"http:\/\/app-16fc7410-8606-43e0-9b62-ee8b69e70de6.cleverapps.io\"],\"url\":\"https:\/\/www.explora-project.com\/blog\/articles\/author\/berpj\"}]}<\/script>\n<!-- \/ Yoast SEO plugin. -->","yoast_head_json":{"title":"Mont Elbrouz, le toit de l'Europe - Journal d&#039;Explora Project","description":"Le Mont Elbrouz, est un volcan inactif situ\u00e9 dans la partie oust des montagnes du Caucase.C'est le plus haut sommet de l'Europe.","robots":{"index":"index","follow":"follow","max-snippet":"max-snippet:-1","max-image-preview":"max-image-preview:large","max-video-preview":"max-video-preview:-1"},"canonical":"https:\/\/www.explora-project.com\/blog\/articles\/elbrouz-le-toit-de-l-europe","og_locale":"fr_FR","og_type":"article","og_title":"Mont Elbrouz, le toit de l'Europe - Journal d&#039;Explora Project","og_description":"Le Mont Elbrouz, est un volcan inactif situ\u00e9 dans la partie oust des montagnes du Caucase.C'est le plus haut sommet de l'Europe.","og_url":"https:\/\/www.explora-project.com\/blog\/articles\/elbrouz-le-toit-de-l-europe","og_site_name":"Journal d&#039;Explora Project","article_published_time":"2023-01-25T11:23:29+00:00","article_modified_time":"2023-02-22T13:12:22+00:00","og_image":[{"width":596,"height":470,"url":"https:\/\/www.explora-project.com\/blog\/wp-content\/uploads\/2021\/11\/epVNUtDG4URmpbyJjeiLhChn","type":"image\/png"}],"author":"berpj","twitter_card":"summary_large_image","twitter_misc":{"Written by":"berpj","Est. reading time":"4 minutes"},"schema":{"@context":"https:\/\/schema.org","@graph":[{"@type":"WebPage","@id":"https:\/\/www.explora-project.com\/blog\/articles\/elbrouz-le-toit-de-l-europe","url":"https:\/\/www.explora-project.com\/blog\/articles\/elbrouz-le-toit-de-l-europe","name":"Mont Elbrouz, le toit de l'Europe - Journal d&#039;Explora Project","isPartOf":{"@id":"https:\/\/www.explora-project.com\/blog\/#website"},"datePublished":"2023-01-25T11:23:29+00:00","dateModified":"2023-02-22T13:12:22+00:00","author":{"@id":"https:\/\/www.explora-project.com\/blog\/#\/schema\/person\/d2869e7550f6db5bba33470d64e818cb"},"description":"Le Mont Elbrouz, est un volcan inactif situ\u00e9 dans la partie oust des montagnes du Caucase.C'est le plus haut sommet de l'Europe.","breadcrumb":{"@id":"https:\/\/www.explora-project.com\/blog\/articles\/elbrouz-le-toit-de-l-europe#breadcrumb"},"inLanguage":"fr-FR","potentialAction":[{"@type":"ReadAction","target":["https:\/\/www.explora-project.com\/blog\/articles\/elbrouz-le-toit-de-l-europe"]}]},{"@type":"BreadcrumbList","@id":"https:\/\/www.explora-project.com\/blog\/articles\/elbrouz-le-toit-de-l-europe#breadcrumb","itemListElement":[{"@type":"ListItem","position":1,"name":"Home","item":"https:\/\/www.explora-project.com\/blog"},{"@type":"ListItem","position":2,"name":"Mont Elbrouz, le toit de l&rsquo;Europe"}]},{"@type":"WebSite","@id":"https:\/\/www.explora-project.com\/blog\/#website","url":"https:\/\/www.explora-project.com\/blog\/","name":"Journal d&#039;Explora Project","description":"Actualit\u00e9s \u00e0 la une","potentialAction":[{"@type":"SearchAction","target":{"@type":"EntryPoint","urlTemplate":"https:\/\/www.explora-project.com\/blog\/?s={search_term_string}"},"query-input":"required name=search_term_string"}],"inLanguage":"fr-FR"},{"@type":"Person","@id":"https:\/\/www.explora-project.com\/blog\/#\/schema\/person\/d2869e7550f6db5bba33470d64e818cb","name":"berpj","image":{"@type":"ImageObject","inLanguage":"fr-FR","@id":"https:\/\/www.explora-project.com\/blog\/#\/schema\/person\/image\/","url":"https:\/\/www.explora-project.com\/blog\/wp-includes\/images\/blank.gif","contentUrl":"https:\/\/www.explora-project.com\/blog\/wp-includes\/images\/blank.gif","caption":"berpj"},"sameAs":["http:\/\/app-16fc7410-8606-43e0-9b62-ee8b69e70de6.cleverapps.io"],"url":"https:\/\/www.explora-project.com\/blog\/articles\/author\/berpj"}]}},"_links":{"self":[{"href":"https:\/\/www.explora-project.com\/blog\/wp-json\/wp\/v2\/posts\/105"}],"collection":[{"href":"https:\/\/www.explora-project.com\/blog\/wp-json\/wp\/v2\/posts"}],"about":[{"href":"https:\/\/www.explora-project.com\/blog\/wp-json\/wp\/v2\/types\/post"}],"author":[{"embeddable":true,"href":"https:\/\/www.explora-project.com\/blog\/wp-json\/wp\/v2\/users\/1"}],"replies":[{"embeddable":true,"href":"https:\/\/www.explora-project.com\/blog\/wp-json\/wp\/v2\/comments?post=105"}],"version-history":[{"count":3,"href":"https:\/\/www.explora-project.com\/blog\/wp-json\/wp\/v2\/posts\/105\/revisions"}],"predecessor-version":[{"id":1948,"href":"https:\/\/www.explora-project.com\/blog\/wp-json\/wp\/v2\/posts\/105\/revisions\/1948"}],"wp:featuredmedia":[{"embeddable":true,"href":"https:\/\/www.explora-project.com\/blog\/wp-json\/wp\/v2\/media\/106"}],"wp:attachment":[{"href":"https:\/\/www.explora-project.com\/blog\/wp-json\/wp\/v2\/media?parent=105"}],"wp:term":[{"taxonomy":"category","embeddable":true,"href":"https:\/\/www.explora-project.com\/blog\/wp-json\/wp\/v2\/categories?post=105"},{"taxonomy":"post_tag","embeddable":true,"href":"https:\/\/www.explora-project.com\/blog\/wp-json\/wp\/v2\/tags?post=105"}],"curies":[{"name":"wp","href":"https:\/\/api.w.org\/{rel}","templated":true}]}}