{"id":1020,"date":"2022-03-07T15:00:00","date_gmt":"2022-03-07T14:00:00","guid":{"rendered":"https:\/\/www.explora-project.com\/blog\/?p=1020"},"modified":"2023-03-28T12:16:49","modified_gmt":"2023-03-28T10:16:49","slug":"ces-femmes-qui-nous-inspirent","status":"publish","type":"post","link":"https:\/\/www.explora-project.com\/blog\/articles\/ces-femmes-qui-nous-inspirent","title":{"rendered":"Ces femmes qui nous inspirent&#8230;"},"content":{"rendered":"\n<blockquote class=\"wp-block-quote\">\n<p>Viens, on brise les clich\u00e9s ? Non, l&rsquo;outdoor n&rsquo;est pas un milieu exclusivement masculin. Non, les femmes ne sont pas moins sportives que les hommes ; et oui, les femmes aussi accomplissent des exploits sportifs et partent \u00e0 l&rsquo;aventure (parfois extr\u00eame) \u00e0 la recherche de sensations, de d\u00e9passement de soi, et de sens quant \u00e0 l&rsquo;avenir de notre plan\u00e8te.<br>Viens, on parle de quelques unes de ces femmes ? Quelques unes qui d\u00e9dient leurs vies \u00e0 l&rsquo;aventure, \u00e0 l&rsquo;amour de la nature et \u00e0 la pratique sportive.<\/p>\n<\/blockquote>\n\n\n\n<div style=\"height:23px\" aria-hidden=\"true\" class=\"wp-block-spacer\"><\/div>\n\n\n\n<h3 id=\"7-portraits-de-femmes-inspirantes-du-milieu-de-l-outdoor\">7 portraits de femmes inspirantes du milieu de l&rsquo;outdoor<\/h3>\n\n\n\n<h4 class=\"has-gold-color has-text-color\" id=\"isabelle-autissier\">Isabelle Autissier<\/h4>\n\n\n\n<p><strong>Navigatrice<\/strong><\/p>\n\n\n\n<p>Premi\u00e8re femme \u00e0 avoir r\u00e9alis\u00e9 un tour du monde en solitaire \u00e0 la voile, elle d\u00e9couvre la pratique en Bretagne \u00e0 l&rsquo;\u00e2ge de 6 ans et en tombe amoureuse. Egalement \u00e9crivain, professeure, scientifique, conf\u00e9renci\u00e8re, et tr\u00e8s engag\u00e9e pour l&rsquo;environnement, elle devient la pr\u00e9sidente d&rsquo;honneur de WWF France jusqu&rsquo;en 2021. Confront\u00e9e dans son quotidien de navigatrice aux d\u00e9chets qui flottent, \u00e0 la diminution de la pr\u00e9sence de poissons, et aux glaciers qui disparaissent peu \u00e0 peu, elle d\u00e9fend un retour au bon sens et \u00e0 l&rsquo;\u00e9veil des consciences, et invite \u00e0 voyager plus raisonn\u00e9, plus responsable. Prendre le temps, voici ce qu&rsquo;Isabelle Autissier propose, et on ne pourrait pas \u00eatre plus en accord avec elle.<\/p>\n\n\n<div class=\"wp-block-image\">\n<figure class=\"aligncenter size-large\"><img decoding=\"async\" loading=\"lazy\" width=\"1024\" height=\"298\" src=\"https:\/\/www.explora-project.com\/blog\/wp-content\/uploads\/2022\/02\/Plan-de-travail-19-100-1024x298.jpg\" alt=\"\" class=\"wp-image-1036\" srcset=\"https:\/\/www.explora-project.com\/blog\/wp-content\/uploads\/2022\/02\/Plan-de-travail-19-100-1024x298.jpg 1024w, https:\/\/www.explora-project.com\/blog\/wp-content\/uploads\/2022\/02\/Plan-de-travail-19-100-300x87.jpg 300w, https:\/\/www.explora-project.com\/blog\/wp-content\/uploads\/2022\/02\/Plan-de-travail-19-100-768x224.jpg 768w, https:\/\/www.explora-project.com\/blog\/wp-content\/uploads\/2022\/02\/Plan-de-travail-19-100.jpg 1501w\" sizes=\"(max-width: 1024px) 100vw, 1024px\" \/><\/figure><\/div>\n\n\n<p> <\/p>\n\n\n\n<div style=\"height:25px\" aria-hidden=\"true\" class=\"wp-block-spacer\"><\/div>\n\n\n\n<h4 class=\"has-gold-color has-text-color\" id=\"liv-sansoz\">Liv Sansoz<\/h4>\n\n\n\n<p><strong>Alpiniste<\/strong><\/p>\n\n\n\n<p>Originaire de Savoie, Liv Sansoz grandit au milieu des montagnes et se prend de passion pour ces g\u00e9ants blancs. Elle encha\u00eene les records de grimpe, de Base Jump, et multiplie les pratiques \u00e0 sensations. En 2018, elle ach\u00e8ve de gravir les 82 sommets de plus de 4000m des Alpes -ascension commenc\u00e9e 1 an et demi plus t\u00f4t- sans chercher le record mais en c\u00e9l\u00e9brant l&rsquo;alpinisme pur. Ce qu&rsquo;elle aime dans la montagne, c&rsquo;est contempler, ressentir, et pouvoir ancrer ces souvenirs visuels et ces \u00e9motions pour longtemps.<\/p>\n\n\n\n<p> <\/p>\n\n\n\n<div style=\"height:25px\" aria-hidden=\"true\" class=\"wp-block-spacer\"><\/div>\n\n\n\n<h4 class=\"has-gold-color has-text-color\" id=\"alice-modolo\">Alice Modolo<\/h4>\n\n\n\n<p><strong>Apn\u00e9iste<\/strong><\/p>\n\n\n\n<p>R\u00e9f\u00e9rence mondiale dans le milieu de l&rsquo;apn\u00e9e, Alice Modolo d\u00e9couvre l&rsquo;apn\u00e9e \u00e0 ses 22 ans, et tombe sous le charme de la pratique, bien que tr\u00e8s impressionn\u00e9e par les records compl\u00e8tement fous. Pas du tout pr\u00e9destin\u00e9e \u00e0 \u00e9voluer dans ce milieu, auvergnate d&rsquo;origine, elle change pourtant compl\u00e8tement de vie en s&rsquo;initiant \u00e0 l&rsquo;apn\u00e9e. En 2021, elle atteint la barre mythique des 100m de profondeur dans les eaux des Bahamas et devient alors la nouvelle championne mondiale en monopalme poids constant. La pratique lui permet, dit-elle, de s&rsquo;ouvrir au monde ext\u00e9rieur, et de se d\u00e9passer au niveau physique mais aussi mental.<\/p>\n\n\n<div class=\"wp-block-image\">\n<figure class=\"aligncenter size-large\"><img decoding=\"async\" loading=\"lazy\" width=\"1024\" height=\"298\" src=\"https:\/\/www.explora-project.com\/blog\/wp-content\/uploads\/2022\/02\/Plan-de-travail-19-copie-8-100-1024x298.jpg\" alt=\"\" class=\"wp-image-1039\" srcset=\"https:\/\/www.explora-project.com\/blog\/wp-content\/uploads\/2022\/02\/Plan-de-travail-19-copie-8-100-1024x298.jpg 1024w, https:\/\/www.explora-project.com\/blog\/wp-content\/uploads\/2022\/02\/Plan-de-travail-19-copie-8-100-300x87.jpg 300w, https:\/\/www.explora-project.com\/blog\/wp-content\/uploads\/2022\/02\/Plan-de-travail-19-copie-8-100-768x224.jpg 768w, https:\/\/www.explora-project.com\/blog\/wp-content\/uploads\/2022\/02\/Plan-de-travail-19-copie-8-100.jpg 1501w\" sizes=\"(max-width: 1024px) 100vw, 1024px\" \/><\/figure><\/div>\n\n\n<p> <\/p>\n\n\n\n<div style=\"height:25px\" aria-hidden=\"true\" class=\"wp-block-spacer\"><\/div>\n\n\n\n<h4 class=\"has-gold-color has-text-color\" id=\"julia-chanourdie\">Julia Chanourdie<\/h4>\n\n\n\n<p><strong>Grimpeuse<\/strong><\/p>\n\n\n\n<p>Elle est la premi\u00e8re fran\u00e7aise \u00e0 avoir r\u00e9ussi l&rsquo;escalade d&rsquo;une voie cot\u00e9e 9b en falaise, et elles ne sont que 3 au monde. Cette jeune fran\u00e7aise, qui a grandi en Haute-Savoie, d\u00e9couvre l&rsquo;escalade gr\u00e2ce \u00e0 ses parents. Passionn\u00e9e par cette discipline qui m\u00eale force, concentration, strat\u00e9gie, et endurance, Julia apprend \u00e0 se faire confiance en grimpant, et \u00e0 apprivoiser ses doutes.<\/p>\n\n\n<div class=\"wp-block-image\">\n<figure class=\"aligncenter size-large\"><img decoding=\"async\" loading=\"lazy\" width=\"1024\" height=\"298\" src=\"https:\/\/www.explora-project.com\/blog\/wp-content\/uploads\/2022\/02\/Plan-de-travail-19-copie-9-100-1024x298.jpg\" alt=\"\" class=\"wp-image-1040\" srcset=\"https:\/\/www.explora-project.com\/blog\/wp-content\/uploads\/2022\/02\/Plan-de-travail-19-copie-9-100-1024x298.jpg 1024w, https:\/\/www.explora-project.com\/blog\/wp-content\/uploads\/2022\/02\/Plan-de-travail-19-copie-9-100-300x87.jpg 300w, https:\/\/www.explora-project.com\/blog\/wp-content\/uploads\/2022\/02\/Plan-de-travail-19-copie-9-100-768x224.jpg 768w, https:\/\/www.explora-project.com\/blog\/wp-content\/uploads\/2022\/02\/Plan-de-travail-19-copie-9-100.jpg 1501w\" sizes=\"(max-width: 1024px) 100vw, 1024px\" \/><\/figure><\/div>\n\n\n<p> <\/p>\n\n\n\n<div style=\"height:25px\" aria-hidden=\"true\" class=\"wp-block-spacer\"><\/div>\n\n\n\n<h4 class=\"has-gold-color has-text-color\" id=\"heidi-sevestre\">Heidi Sevestre<\/h4>\n\n\n\n<p><strong>Glaciologue<\/strong><\/p>\n\n\n\n<p>He\u00efdi est&nbsp;glaciologue et exploratrice scientifique. Passionn\u00e9e par le Svalbard, elle concentre ses recherches sur la&nbsp;dynamique des glaciers dans les r\u00e9gions polaires&nbsp;et notamment sur cet archipel norv\u00e9gien. En allant sur le terrain, elle donne du corps aux communications sur la fonte des glaciers, et alerte sur l\u2019urgence climatique. Conf\u00e9renci\u00e8re et directrice de la sensibilisation pour l&rsquo;ICCI, elle rappelle l&rsquo;importance de la cryosph\u00e8re et le besoin urgent d&rsquo;une action climatique plus ambitieuse, pour pr\u00e9server les glacier et l&rsquo;environnement plus g\u00e9n\u00e9ralement.<\/p>\n\n\n<div class=\"wp-block-image\">\n<figure class=\"aligncenter size-large\"><img decoding=\"async\" loading=\"lazy\" width=\"1024\" height=\"298\" src=\"https:\/\/www.explora-project.com\/blog\/wp-content\/uploads\/2022\/02\/Plan-de-travail-19-copie-10-100-1024x298.jpg\" alt=\"\" class=\"wp-image-1043\" srcset=\"https:\/\/www.explora-project.com\/blog\/wp-content\/uploads\/2022\/02\/Plan-de-travail-19-copie-10-100-1024x298.jpg 1024w, https:\/\/www.explora-project.com\/blog\/wp-content\/uploads\/2022\/02\/Plan-de-travail-19-copie-10-100-300x87.jpg 300w, https:\/\/www.explora-project.com\/blog\/wp-content\/uploads\/2022\/02\/Plan-de-travail-19-copie-10-100-768x224.jpg 768w, https:\/\/www.explora-project.com\/blog\/wp-content\/uploads\/2022\/02\/Plan-de-travail-19-copie-10-100.jpg 1501w\" sizes=\"(max-width: 1024px) 100vw, 1024px\" \/><\/figure><\/div>\n\n\n<p> <\/p>\n\n\n\n<div style=\"height:25px\" aria-hidden=\"true\" class=\"wp-block-spacer\"><\/div>\n\n\n\n<h4 class=\"has-gold-color has-text-color\" id=\"caroline-cote\">Caroline C\u00f4t\u00e9<\/h4>\n\n\n\n<p><strong>Cin\u00e9aste d&rsquo;aventure<\/strong><\/p>\n\n\n\n<p>Caroline fait partie de ces femmes qui se livrent par l\u2019image et se confient par le clich\u00e9. Le Qu\u00e9bec, qui l\u2019a vue grandir, lui a tr\u00e8s vite offert les grands espaces. Elle consacre toute sa vie \u00e0 leur rendre leurs grandeurs.&nbsp;Sa douceur naturelle nous ferait presque oublier les dizaines d\u2019exp\u00e9ditions engag\u00e9es qu\u2019elle a men\u00e9es. Aventuri\u00e8re des causes urgentes, Caroline C\u00f4t\u00e9 va \u00e0 la rencontre des cultures et des modes de vies durables. Cin\u00e9aste d\u2019aventure, elle n\u2019a peur de rien, sauf de ne pas faire assez pour prot\u00e9ger la nature.&nbsp;<\/p>\n\n\n<div class=\"wp-block-image\">\n<figure class=\"aligncenter size-large\"><img decoding=\"async\" loading=\"lazy\" width=\"1024\" height=\"298\" src=\"https:\/\/www.explora-project.com\/blog\/wp-content\/uploads\/2022\/02\/Plan-de-travail-19-copie-11-100-1024x298.jpg\" alt=\"\" class=\"wp-image-1044\" srcset=\"https:\/\/www.explora-project.com\/blog\/wp-content\/uploads\/2022\/02\/Plan-de-travail-19-copie-11-100-1024x298.jpg 1024w, https:\/\/www.explora-project.com\/blog\/wp-content\/uploads\/2022\/02\/Plan-de-travail-19-copie-11-100-300x87.jpg 300w, https:\/\/www.explora-project.com\/blog\/wp-content\/uploads\/2022\/02\/Plan-de-travail-19-copie-11-100-768x224.jpg 768w, https:\/\/www.explora-project.com\/blog\/wp-content\/uploads\/2022\/02\/Plan-de-travail-19-copie-11-100.jpg 1501w\" sizes=\"(max-width: 1024px) 100vw, 1024px\" \/><\/figure><\/div>\n\n\n<p> <\/p>\n\n\n\n<div style=\"height:25px\" aria-hidden=\"true\" class=\"wp-block-spacer\"><\/div>\n\n\n\n<h4 class=\"has-gold-color has-text-color\" id=\"laurence-de-la-ferriere\">Laurence de la Ferri\u00e8re<\/h4>\n\n\n\n<p><strong>Alpiniste<\/strong><\/p>\n\n\n\n<p>Laurence d\u00e9couvre la haute montagne \u00e0 l&rsquo;\u00e2ge de 20 ans. Elle abandonne alors sa vie d&rsquo;avant pour se consacrer \u00e0 l&rsquo;alpinisme et partir \u00e0 la conqu\u00eate des plus hauts sommets du monde. Puis elle d\u00e9cide de tenter l&rsquo;exploration polaire arctique et antarctique en solitaire, o\u00f9 elle vivra au rythme des \u00e9tendues blanches et des temp\u00e9ratures extr\u00eames. Elle s&rsquo;engage aujourd&rsquo;hui pour sensibiliser les jeunes g\u00e9n\u00e9rations au fait que l&rsquo;avenir de notre plan\u00e8te d\u00e9pend de tous, et que nos actions ont des cons\u00e9quences sur l&rsquo;environnement et sur l&rsquo;avenir de l&rsquo;Homme sur Terre.<\/p>\n\n\n<div class=\"wp-block-image\">\n<figure class=\"aligncenter size-large\"><img decoding=\"async\" loading=\"lazy\" width=\"1024\" height=\"298\" src=\"https:\/\/www.explora-project.com\/blog\/wp-content\/uploads\/2022\/02\/Plan-de-travail-19-copie-12-100-1024x298.jpg\" alt=\"\" class=\"wp-image-1045\" srcset=\"https:\/\/www.explora-project.com\/blog\/wp-content\/uploads\/2022\/02\/Plan-de-travail-19-copie-12-100-1024x298.jpg 1024w, https:\/\/www.explora-project.com\/blog\/wp-content\/uploads\/2022\/02\/Plan-de-travail-19-copie-12-100-300x87.jpg 300w, https:\/\/www.explora-project.com\/blog\/wp-content\/uploads\/2022\/02\/Plan-de-travail-19-copie-12-100-768x224.jpg 768w, https:\/\/www.explora-project.com\/blog\/wp-content\/uploads\/2022\/02\/Plan-de-travail-19-copie-12-100.jpg 1501w\" sizes=\"(max-width: 1024px) 100vw, 1024px\" \/><\/figure><\/div>\n\n\n<p> <\/p>\n","protected":false},"excerpt":{"rendered":"<p>Viens, on brise les clich\u00e9s ? Non, l&rsquo;outdoor n&rsquo;est pas un milieu exclusivement masculin. Non, les femmes ne sont pas moins sportives que les hommes ; et oui, les femmes<a href=\"https:\/\/www.explora-project.com\/blog\/articles\/ces-femmes-qui-nous-inspirent\" class=\"more-link\"><span class=\"readmore\">Continuer \u00e0 lire&#8230;<span class=\"screen-reader-text\">Ces femmes qui nous inspirent&#8230;<\/span><\/span><\/a><\/p>\n","protected":false},"author":6,"featured_media":1048,"comment_status":"closed","ping_status":"closed","sticky":false,"template":"","format":"standard","meta":[],"categories":[3],"tags":[150,145,144,143,113,147,16,146,148],"yoast_head":"<!-- This site is optimized with the Yoast SEO plugin v19.10 - https:\/\/yoast.com\/wordpress\/plugins\/seo\/ -->\n<title>Ces femmes qui nous inspirent... - Journal d&#039;Explora Project<\/title>\n<meta name=\"description\" content=\"Retrouve 7 portraits de femmes inspirantes du milieu de l\u2019outdoor. Elles d\u00e9dient leurs vies \u00e0 l\u2019aventure, \u00e0 l\u2019amour de la nature et \u00e0 la pratique sportive.\" \/>\n<meta name=\"robots\" content=\"index, follow, max-snippet:-1, max-image-preview:large, max-video-preview:-1\" \/>\n<link rel=\"canonical\" href=\"https:\/\/www.explora-project.com\/blog\/articles\/ces-femmes-qui-nous-inspirent\" \/>\n<meta property=\"og:locale\" content=\"fr_FR\" \/>\n<meta property=\"og:type\" content=\"article\" \/>\n<meta property=\"og:title\" content=\"Ces femmes qui nous inspirent... - Journal d&#039;Explora Project\" \/>\n<meta property=\"og:description\" content=\"Retrouve 7 portraits de femmes inspirantes du milieu de l\u2019outdoor. Elles d\u00e9dient leurs vies \u00e0 l\u2019aventure, \u00e0 l\u2019amour de la nature et \u00e0 la pratique sportive.\" \/>\n<meta property=\"og:url\" content=\"https:\/\/www.explora-project.com\/blog\/articles\/ces-femmes-qui-nous-inspirent\" \/>\n<meta property=\"og:site_name\" content=\"Journal d&#039;Explora Project\" \/>\n<meta property=\"article:published_time\" content=\"2022-03-07T14:00:00+00:00\" \/>\n<meta property=\"article:modified_time\" content=\"2023-03-28T10:16:49+00:00\" \/>\n<meta property=\"og:image\" content=\"https:\/\/www.explora-project.com\/blog\/wp-content\/uploads\/2022\/02\/Femmes-header-blog.jpg\" \/>\n\t<meta property=\"og:image:width\" content=\"2000\" \/>\n\t<meta property=\"og:image:height\" content=\"851\" \/>\n\t<meta property=\"og:image:type\" content=\"image\/jpeg\" \/>\n<meta name=\"author\" content=\"meganne@explora-project.com\" \/>\n<meta name=\"twitter:card\" content=\"summary_large_image\" \/>\n<meta name=\"twitter:label1\" content=\"Written by\" \/>\n\t<meta name=\"twitter:data1\" content=\"meganne@explora-project.com\" \/>\n\t<meta name=\"twitter:label2\" content=\"Est. reading time\" \/>\n\t<meta name=\"twitter:data2\" content=\"5 minutes\" \/>\n<script type=\"application\/ld+json\" class=\"yoast-schema-graph\">{\"@context\":\"https:\/\/schema.org\",\"@graph\":[{\"@type\":\"WebPage\",\"@id\":\"https:\/\/www.explora-project.com\/blog\/articles\/ces-femmes-qui-nous-inspirent\",\"url\":\"https:\/\/www.explora-project.com\/blog\/articles\/ces-femmes-qui-nous-inspirent\",\"name\":\"Ces femmes qui nous inspirent... - Journal d&#039;Explora Project\",\"isPartOf\":{\"@id\":\"https:\/\/www.explora-project.com\/blog\/#website\"},\"datePublished\":\"2022-03-07T14:00:00+00:00\",\"dateModified\":\"2023-03-28T10:16:49+00:00\",\"author\":{\"@id\":\"https:\/\/www.explora-project.com\/blog\/#\/schema\/person\/1b6284a8da4d29e7256abded9b73f072\"},\"description\":\"Retrouve 7 portraits de femmes inspirantes du milieu de l\u2019outdoor. Elles d\u00e9dient leurs vies \u00e0 l\u2019aventure, \u00e0 l\u2019amour de la nature et \u00e0 la pratique sportive.\",\"breadcrumb\":{\"@id\":\"https:\/\/www.explora-project.com\/blog\/articles\/ces-femmes-qui-nous-inspirent#breadcrumb\"},\"inLanguage\":\"fr-FR\",\"potentialAction\":[{\"@type\":\"ReadAction\",\"target\":[\"https:\/\/www.explora-project.com\/blog\/articles\/ces-femmes-qui-nous-inspirent\"]}]},{\"@type\":\"BreadcrumbList\",\"@id\":\"https:\/\/www.explora-project.com\/blog\/articles\/ces-femmes-qui-nous-inspirent#breadcrumb\",\"itemListElement\":[{\"@type\":\"ListItem\",\"position\":1,\"name\":\"Home\",\"item\":\"https:\/\/www.explora-project.com\/blog\"},{\"@type\":\"ListItem\",\"position\":2,\"name\":\"Ces femmes qui nous inspirent&#8230;\"}]},{\"@type\":\"WebSite\",\"@id\":\"https:\/\/www.explora-project.com\/blog\/#website\",\"url\":\"https:\/\/www.explora-project.com\/blog\/\",\"name\":\"Journal d&#039;Explora Project\",\"description\":\"Actualit\u00e9s \u00e0 la une\",\"potentialAction\":[{\"@type\":\"SearchAction\",\"target\":{\"@type\":\"EntryPoint\",\"urlTemplate\":\"https:\/\/www.explora-project.com\/blog\/?s={search_term_string}\"},\"query-input\":\"required name=search_term_string\"}],\"inLanguage\":\"fr-FR\"},{\"@type\":\"Person\",\"@id\":\"https:\/\/www.explora-project.com\/blog\/#\/schema\/person\/1b6284a8da4d29e7256abded9b73f072\",\"name\":\"meganne@explora-project.com\",\"image\":{\"@type\":\"ImageObject\",\"inLanguage\":\"fr-FR\",\"@id\":\"https:\/\/www.explora-project.com\/blog\/#\/schema\/person\/image\/\",\"url\":\"https:\/\/www.explora-project.com\/blog\/wp-content\/uploads\/2022\/11\/cropped-meganne-96x96.jpeg\",\"contentUrl\":\"https:\/\/www.explora-project.com\/blog\/wp-content\/uploads\/2022\/11\/cropped-meganne-96x96.jpeg\",\"caption\":\"meganne@explora-project.com\"},\"url\":\"https:\/\/www.explora-project.com\/blog\/articles\/author\/meganneexplora-project-com\"}]}<\/script>\n<!-- \/ Yoast SEO plugin. -->","yoast_head_json":{"title":"Ces femmes qui nous inspirent... - Journal d&#039;Explora Project","description":"Retrouve 7 portraits de femmes inspirantes du milieu de l\u2019outdoor. Elles d\u00e9dient leurs vies \u00e0 l\u2019aventure, \u00e0 l\u2019amour de la nature et \u00e0 la pratique sportive.","robots":{"index":"index","follow":"follow","max-snippet":"max-snippet:-1","max-image-preview":"max-image-preview:large","max-video-preview":"max-video-preview:-1"},"canonical":"https:\/\/www.explora-project.com\/blog\/articles\/ces-femmes-qui-nous-inspirent","og_locale":"fr_FR","og_type":"article","og_title":"Ces femmes qui nous inspirent... - Journal d&#039;Explora Project","og_description":"Retrouve 7 portraits de femmes inspirantes du milieu de l\u2019outdoor. Elles d\u00e9dient leurs vies \u00e0 l\u2019aventure, \u00e0 l\u2019amour de la nature et \u00e0 la pratique sportive.","og_url":"https:\/\/www.explora-project.com\/blog\/articles\/ces-femmes-qui-nous-inspirent","og_site_name":"Journal d&#039;Explora Project","article_published_time":"2022-03-07T14:00:00+00:00","article_modified_time":"2023-03-28T10:16:49+00:00","og_image":[{"width":2000,"height":851,"url":"https:\/\/www.explora-project.com\/blog\/wp-content\/uploads\/2022\/02\/Femmes-header-blog.jpg","type":"image\/jpeg"}],"author":"meganne@explora-project.com","twitter_card":"summary_large_image","twitter_misc":{"Written by":"meganne@explora-project.com","Est. reading time":"5 minutes"},"schema":{"@context":"https:\/\/schema.org","@graph":[{"@type":"WebPage","@id":"https:\/\/www.explora-project.com\/blog\/articles\/ces-femmes-qui-nous-inspirent","url":"https:\/\/www.explora-project.com\/blog\/articles\/ces-femmes-qui-nous-inspirent","name":"Ces femmes qui nous inspirent... - Journal d&#039;Explora Project","isPartOf":{"@id":"https:\/\/www.explora-project.com\/blog\/#website"},"datePublished":"2022-03-07T14:00:00+00:00","dateModified":"2023-03-28T10:16:49+00:00","author":{"@id":"https:\/\/www.explora-project.com\/blog\/#\/schema\/person\/1b6284a8da4d29e7256abded9b73f072"},"description":"Retrouve 7 portraits de femmes inspirantes du milieu de l\u2019outdoor. Elles d\u00e9dient leurs vies \u00e0 l\u2019aventure, \u00e0 l\u2019amour de la nature et \u00e0 la pratique sportive.","breadcrumb":{"@id":"https:\/\/www.explora-project.com\/blog\/articles\/ces-femmes-qui-nous-inspirent#breadcrumb"},"inLanguage":"fr-FR","potentialAction":[{"@type":"ReadAction","target":["https:\/\/www.explora-project.com\/blog\/articles\/ces-femmes-qui-nous-inspirent"]}]},{"@type":"BreadcrumbList","@id":"https:\/\/www.explora-project.com\/blog\/articles\/ces-femmes-qui-nous-inspirent#breadcrumb","itemListElement":[{"@type":"ListItem","position":1,"name":"Home","item":"https:\/\/www.explora-project.com\/blog"},{"@type":"ListItem","position":2,"name":"Ces femmes qui nous inspirent&#8230;"}]},{"@type":"WebSite","@id":"https:\/\/www.explora-project.com\/blog\/#website","url":"https:\/\/www.explora-project.com\/blog\/","name":"Journal d&#039;Explora Project","description":"Actualit\u00e9s \u00e0 la une","potentialAction":[{"@type":"SearchAction","target":{"@type":"EntryPoint","urlTemplate":"https:\/\/www.explora-project.com\/blog\/?s={search_term_string}"},"query-input":"required name=search_term_string"}],"inLanguage":"fr-FR"},{"@type":"Person","@id":"https:\/\/www.explora-project.com\/blog\/#\/schema\/person\/1b6284a8da4d29e7256abded9b73f072","name":"meganne@explora-project.com","image":{"@type":"ImageObject","inLanguage":"fr-FR","@id":"https:\/\/www.explora-project.com\/blog\/#\/schema\/person\/image\/","url":"https:\/\/www.explora-project.com\/blog\/wp-content\/uploads\/2022\/11\/cropped-meganne-96x96.jpeg","contentUrl":"https:\/\/www.explora-project.com\/blog\/wp-content\/uploads\/2022\/11\/cropped-meganne-96x96.jpeg","caption":"meganne@explora-project.com"},"url":"https:\/\/www.explora-project.com\/blog\/articles\/author\/meganneexplora-project-com"}]}},"_links":{"self":[{"href":"https:\/\/www.explora-project.com\/blog\/wp-json\/wp\/v2\/posts\/1020"}],"collection":[{"href":"https:\/\/www.explora-project.com\/blog\/wp-json\/wp\/v2\/posts"}],"about":[{"href":"https:\/\/www.explora-project.com\/blog\/wp-json\/wp\/v2\/types\/post"}],"author":[{"embeddable":true,"href":"https:\/\/www.explora-project.com\/blog\/wp-json\/wp\/v2\/users\/6"}],"replies":[{"embeddable":true,"href":"https:\/\/www.explora-project.com\/blog\/wp-json\/wp\/v2\/comments?post=1020"}],"version-history":[{"count":25,"href":"https:\/\/www.explora-project.com\/blog\/wp-json\/wp\/v2\/posts\/1020\/revisions"}],"predecessor-version":[{"id":2112,"href":"https:\/\/www.explora-project.com\/blog\/wp-json\/wp\/v2\/posts\/1020\/revisions\/2112"}],"wp:featuredmedia":[{"embeddable":true,"href":"https:\/\/www.explora-project.com\/blog\/wp-json\/wp\/v2\/media\/1048"}],"wp:attachment":[{"href":"https:\/\/www.explora-project.com\/blog\/wp-json\/wp\/v2\/media?parent=1020"}],"wp:term":[{"taxonomy":"category","embeddable":true,"href":"https:\/\/www.explora-project.com\/blog\/wp-json\/wp\/v2\/categories?post=1020"},{"taxonomy":"post_tag","embeddable":true,"href":"https:\/\/www.explora-project.com\/blog\/wp-json\/wp\/v2\/tags?post=1020"}],"curies":[{"name":"wp","href":"https:\/\/api.w.org\/{rel}","templated":true}]}}